{"id":811401,"date":"2024-04-12T09:26:51","date_gmt":"2024-04-12T12:26:51","guid":{"rendered":"https:\/\/bahiaeconomica.com.br\/wp\/?p=811401"},"modified":"2024-04-12T09:26:51","modified_gmt":"2024-04-12T12:26:51","slug":"stf-decide-que-abordagem-motivada-pela-cor-da-pele-e-ilegal","status":"publish","type":"post","link":"https:\/\/bahiaeconomica.com.br\/wp\/2024\/04\/12\/stf-decide-que-abordagem-motivada-pela-cor-da-pele-e-ilegal\/","title":{"rendered":"STF DECIDE QUE ABORDAGEM MOTIVADA PELA COR DA PELE \u00c9 ILEGAL"},"content":{"rendered":"<p>Por decis\u00e3o un\u00e2nime, o Supremo Tribunal Federal (STF) decidiu, em sess\u00e3o na \u00faltima quinta-feira (11), que a abordagem policial e a revista pessoal motivadas por ra\u00e7a, sexo, orienta\u00e7\u00e3o sexual, cor da pele ou apar\u00eancia f\u00edsica s\u00e3o ilegais. Para o Plen\u00e1rio, a busca pessoal sem mandado judicial deve estar fundamentada em ind\u00edcios concretos de que o indiv\u00edduo esteja na posse de arma proibida ou de objetos ou pap\u00e9is que possam representar ind\u00edcios da ocorr\u00eancia de crime.<\/p>\n<p>Ao final do julgamento, o ministro Lu\u00eds Roberto Barroso (presidente) destacou a import\u00e2ncia do STF definir a tese de que a filtragem racial \u00e9 inaceit\u00e1vel. \u201cN\u00f3s estamos enfrentando no Brasil um racismo estrutural que exige que tomemos posi\u00e7\u00e3o em rela\u00e7\u00e3o a esse tema\u201d, afirmou.<\/p>\n<p><strong>Habeas corpus<\/strong><\/p>\n<p>A decis\u00e3o se deu no julgamento de um Habeas Corpus (HC 208240) apresentado pela Defensoria P\u00fablica do Estado de S\u00e3o Paulo (DPE-SP) em favor de um homem negro condenado a dois anos de reclus\u00e3o, por tr\u00e1fico de drogas, pelo porte de 1,53 grama de coca\u00edna. A Defensoria alegou que a prova seria il\u00edcita porque a abordagem policial teria ocorrido unicamente em raz\u00e3o da cor da pele do suspeito.<\/p>\n<p><strong>Local de tr\u00e1fico<\/strong><\/p>\n<p>No caso concreto, por maioria de votos, foi mantida a condena\u00e7\u00e3o. Prevaleceu o entendimento de que a revista n\u00e3o foi motivada por filtragem racial, mas porque o suspeito tinha uma atitude que indicava oferta do produto em um local conhecido como \u00e1rea de tr\u00e1fico de drogas. Ficaram vencidos os ministros Edson Fachin (relator), Luiz Fux e Lu\u00eds Roberto Barroso. Eles consideraram as provas il\u00edcitas, pois a abordagem teria sido motivada unicamente pela cor da pele do suspeito.<\/p>\n","protected":false},"excerpt":{"rendered":"<p>Por decis\u00e3o un\u00e2nime, o Supremo Tribunal Federal (STF) decidiu, em sess\u00e3o na \u00faltima quinta-feira (11), que a abordagem policial e a revista pessoal motivadas por ra\u00e7a, sexo, orienta\u00e7\u00e3o sexual, cor da pele ou apar\u00eancia f\u00edsica s\u00e3o ilegais. Para o Plen\u00e1rio, a busca pessoal sem mandado judicial deve estar fundamentada em ind\u00edcios concretos de que o [&hellip;]<\/p>\n","protected":false},"author":22,"featured_media":811402,"comment_status":"closed","ping_status":"closed","sticky":false,"template":"","format":"standard","meta":[],"categories":[14601],"tags":[29438,12613,93],"acf":[],"yoast_head":"<!-- This site is optimized with the Yoast SEO plugin v20.8 - https:\/\/yoast.com\/wordpress\/plugins\/seo\/ -->\n<title>STF DECIDE QUE ABORDAGEM MOTIVADA PELA COR DA PELE \u00c9 ILEGAL - Bahia Economica<\/title>\n<meta name=\"description\" content=\"O maior portal de Economia da Bahia Pol\u00edtica Bahia Economica\" \/>\n<meta name=\"robots\" content=\"index, follow, max-snippet:-1, max-image-preview:large, max-video-preview:-1\" \/>\n<link rel=\"canonical\" href=\"https:\/\/bahiaeconomica.com.br\/wp\/2024\/04\/12\/stf-decide-que-abordagem-motivada-pela-cor-da-pele-e-ilegal\/\" \/>\n<meta property=\"og:locale\" content=\"pt_BR\" \/>\n<meta property=\"og:type\" content=\"article\" \/>\n<meta property=\"og:title\" content=\"STF DECIDE QUE ABORDAGEM MOTIVADA PELA COR DA PELE \u00c9 ILEGAL - Bahia Economica\" \/>\n<meta property=\"og:description\" content=\"O maior portal de Economia da Bahia Pol\u00edtica Bahia Economica\" \/>\n<meta property=\"og:url\" content=\"https:\/\/bahiaeconomica.com.br\/wp\/2024\/04\/12\/stf-decide-que-abordagem-motivada-pela-cor-da-pele-e-ilegal\/\" \/>\n<meta property=\"og:site_name\" content=\"Bahia Economica\" \/>\n<meta property=\"article:publisher\" content=\"https:\/\/www.facebook.com\/bahiaeconomica\" \/>\n<meta property=\"article:published_time\" content=\"2024-04-12T12:26:51+00:00\" \/>\n<meta property=\"og:image\" content=\"https:\/\/bahiaeconomica.com.br\/wp\/wp-content\/uploads\/2024\/04\/49941682313_f556fd5f08_c.jpg\" \/>\n\t<meta property=\"og:image:width\" content=\"799\" \/>\n\t<meta property=\"og:image:height\" content=\"533\" \/>\n\t<meta property=\"og:image:type\" content=\"image\/jpeg\" \/>\n<meta name=\"author\" content=\"Matheus Souza\" \/>\n<meta name=\"twitter:card\" content=\"summary_large_image\" \/>\n<meta name=\"twitter:label1\" content=\"Escrito por\" \/>\n\t<meta name=\"twitter:data1\" content=\"Matheus Souza\" \/>\n\t<meta name=\"twitter:label2\" content=\"Est. tempo de leitura\" \/>\n\t<meta name=\"twitter:data2\" content=\"2 minutos\" \/>\n<script type=\"application\/ld+json\" class=\"yoast-schema-graph\">{\"@context\":\"https:\/\/schema.org\",\"@graph\":[{\"@type\":\"Article\",\"@id\":\"https:\/\/bahiaeconomica.com.br\/wp\/2024\/04\/12\/stf-decide-que-abordagem-motivada-pela-cor-da-pele-e-ilegal\/#article\",\"isPartOf\":{\"@id\":\"https:\/\/bahiaeconomica.com.br\/wp\/2024\/04\/12\/stf-decide-que-abordagem-motivada-pela-cor-da-pele-e-ilegal\/\"},\"author\":{\"name\":\"Matheus Souza\",\"@id\":\"https:\/\/bahiaeconomica.com.br\/wp\/#\/schema\/person\/3304d50cfd32353c7d08c39066638997\"},\"headline\":\"STF DECIDE QUE ABORDAGEM MOTIVADA PELA COR DA PELE \u00c9 ILEGAL\",\"datePublished\":\"2024-04-12T12:26:51+00:00\",\"dateModified\":\"2024-04-12T12:26:51+00:00\",\"mainEntityOfPage\":{\"@id\":\"https:\/\/bahiaeconomica.com.br\/wp\/2024\/04\/12\/stf-decide-que-abordagem-motivada-pela-cor-da-pele-e-ilegal\/\"},\"wordCount\":309,\"publisher\":{\"@id\":\"https:\/\/bahiaeconomica.com.br\/wp\/#organization\"},\"keywords\":[\"abordagem policial\",\"Inj\u00faria Racial\",\"STF\"],\"articleSection\":[\"Pol\u00edtica\"],\"inLanguage\":\"pt-BR\"},{\"@type\":\"WebPage\",\"@id\":\"https:\/\/bahiaeconomica.com.br\/wp\/2024\/04\/12\/stf-decide-que-abordagem-motivada-pela-cor-da-pele-e-ilegal\/\",\"url\":\"https:\/\/bahiaeconomica.com.br\/wp\/2024\/04\/12\/stf-decide-que-abordagem-motivada-pela-cor-da-pele-e-ilegal\/\",\"name\":\"STF DECIDE QUE ABORDAGEM MOTIVADA PELA COR DA PELE \u00c9 ILEGAL - Bahia Economica\",\"isPartOf\":{\"@id\":\"https:\/\/bahiaeconomica.com.br\/wp\/#website\"},\"datePublished\":\"2024-04-12T12:26:51+00:00\",\"dateModified\":\"2024-04-12T12:26:51+00:00\",\"description\":\"O maior portal de Economia da Bahia Pol\u00edtica Bahia Economica\",\"breadcrumb\":{\"@id\":\"https:\/\/bahiaeconomica.com.br\/wp\/2024\/04\/12\/stf-decide-que-abordagem-motivada-pela-cor-da-pele-e-ilegal\/#breadcrumb\"},\"inLanguage\":\"pt-BR\",\"potentialAction\":[{\"@type\":\"ReadAction\",\"target\":[\"https:\/\/bahiaeconomica.com.br\/wp\/2024\/04\/12\/stf-decide-que-abordagem-motivada-pela-cor-da-pele-e-ilegal\/\"]}]},{\"@type\":\"BreadcrumbList\",\"@id\":\"https:\/\/bahiaeconomica.com.br\/wp\/2024\/04\/12\/stf-decide-que-abordagem-motivada-pela-cor-da-pele-e-ilegal\/#breadcrumb\",\"itemListElement\":[{\"@type\":\"ListItem\",\"position\":1,\"name\":\"In\u00edcio\",\"item\":\"https:\/\/bahiaeconomica.com.br\/wp\/\"},{\"@type\":\"ListItem\",\"position\":2,\"name\":\"STF DECIDE QUE ABORDAGEM MOTIVADA PELA COR DA PELE \u00c9 ILEGAL\"}]},{\"@type\":\"WebSite\",\"@id\":\"https:\/\/bahiaeconomica.com.br\/wp\/#website\",\"url\":\"https:\/\/bahiaeconomica.com.br\/wp\/\",\"name\":\"Bahia Economica\",\"description\":\"O maior portal de Economia da Bahia\",\"publisher\":{\"@id\":\"https:\/\/bahiaeconomica.com.br\/wp\/#organization\"},\"potentialAction\":[{\"@type\":\"SearchAction\",\"target\":{\"@type\":\"EntryPoint\",\"urlTemplate\":\"https:\/\/bahiaeconomica.com.br\/wp\/?s={search_term_string}\"},\"query-input\":\"required name=search_term_string\"}],\"inLanguage\":\"pt-BR\"},{\"@type\":\"Organization\",\"@id\":\"https:\/\/bahiaeconomica.com.br\/wp\/#organization\",\"name\":\"Bahia Econ\u00f4mica\",\"url\":\"https:\/\/bahiaeconomica.com.br\/wp\/\",\"logo\":{\"@type\":\"ImageObject\",\"inLanguage\":\"pt-BR\",\"@id\":\"https:\/\/bahiaeconomica.com.br\/wp\/#\/schema\/logo\/image\/\",\"url\":\"https:\/\/bahiaeconomica.com.br\/wp\/wp-content\/uploads\/2020\/12\/cropped-BE.png\",\"contentUrl\":\"https:\/\/bahiaeconomica.com.br\/wp\/wp-content\/uploads\/2020\/12\/cropped-BE.png\",\"width\":512,\"height\":512,\"caption\":\"Bahia Econ\u00f4mica\"},\"image\":{\"@id\":\"https:\/\/bahiaeconomica.com.br\/wp\/#\/schema\/logo\/image\/\"},\"sameAs\":[\"https:\/\/www.facebook.com\/bahiaeconomica\"]},{\"@type\":\"Person\",\"@id\":\"https:\/\/bahiaeconomica.com.br\/wp\/#\/schema\/person\/3304d50cfd32353c7d08c39066638997\",\"name\":\"Matheus Souza\",\"sameAs\":[\"http:\/\/www.bahiaeconomica.com.br\"],\"url\":\"https:\/\/bahiaeconomica.com.br\/wp\/author\/matheus-souza\/\"}]}<\/script>\n<!-- \/ Yoast SEO plugin. -->","yoast_head_json":{"title":"STF DECIDE QUE ABORDAGEM MOTIVADA PELA COR DA PELE \u00c9 ILEGAL - Bahia Economica","description":"O maior portal de Economia da Bahia Pol\u00edtica Bahia Economica","robots":{"index":"index","follow":"follow","max-snippet":"max-snippet:-1","max-image-preview":"max-image-preview:large","max-video-preview":"max-video-preview:-1"},"canonical":"https:\/\/bahiaeconomica.com.br\/wp\/2024\/04\/12\/stf-decide-que-abordagem-motivada-pela-cor-da-pele-e-ilegal\/","og_locale":"pt_BR","og_type":"article","og_title":"STF DECIDE QUE ABORDAGEM MOTIVADA PELA COR DA PELE \u00c9 ILEGAL - Bahia Economica","og_description":"O maior portal de Economia da Bahia Pol\u00edtica Bahia Economica","og_url":"https:\/\/bahiaeconomica.com.br\/wp\/2024\/04\/12\/stf-decide-que-abordagem-motivada-pela-cor-da-pele-e-ilegal\/","og_site_name":"Bahia Economica","article_publisher":"https:\/\/www.facebook.com\/bahiaeconomica","article_published_time":"2024-04-12T12:26:51+00:00","og_image":[{"width":799,"height":533,"url":"https:\/\/bahiaeconomica.com.br\/wp\/wp-content\/uploads\/2024\/04\/49941682313_f556fd5f08_c.jpg","type":"image\/jpeg"}],"author":"Matheus Souza","twitter_card":"summary_large_image","twitter_misc":{"Escrito por":"Matheus Souza","Est. tempo de leitura":"2 minutos"},"schema":{"@context":"https:\/\/schema.org","@graph":[{"@type":"Article","@id":"https:\/\/bahiaeconomica.com.br\/wp\/2024\/04\/12\/stf-decide-que-abordagem-motivada-pela-cor-da-pele-e-ilegal\/#article","isPartOf":{"@id":"https:\/\/bahiaeconomica.com.br\/wp\/2024\/04\/12\/stf-decide-que-abordagem-motivada-pela-cor-da-pele-e-ilegal\/"},"author":{"name":"Matheus Souza","@id":"https:\/\/bahiaeconomica.com.br\/wp\/#\/schema\/person\/3304d50cfd32353c7d08c39066638997"},"headline":"STF DECIDE QUE ABORDAGEM MOTIVADA PELA COR DA PELE \u00c9 ILEGAL","datePublished":"2024-04-12T12:26:51+00:00","dateModified":"2024-04-12T12:26:51+00:00","mainEntityOfPage":{"@id":"https:\/\/bahiaeconomica.com.br\/wp\/2024\/04\/12\/stf-decide-que-abordagem-motivada-pela-cor-da-pele-e-ilegal\/"},"wordCount":309,"publisher":{"@id":"https:\/\/bahiaeconomica.com.br\/wp\/#organization"},"keywords":["abordagem policial","Inj\u00faria Racial","STF"],"articleSection":["Pol\u00edtica"],"inLanguage":"pt-BR"},{"@type":"WebPage","@id":"https:\/\/bahiaeconomica.com.br\/wp\/2024\/04\/12\/stf-decide-que-abordagem-motivada-pela-cor-da-pele-e-ilegal\/","url":"https:\/\/bahiaeconomica.com.br\/wp\/2024\/04\/12\/stf-decide-que-abordagem-motivada-pela-cor-da-pele-e-ilegal\/","name":"STF DECIDE QUE ABORDAGEM MOTIVADA PELA COR DA PELE \u00c9 ILEGAL - Bahia Economica","isPartOf":{"@id":"https:\/\/bahiaeconomica.com.br\/wp\/#website"},"datePublished":"2024-04-12T12:26:51+00:00","dateModified":"2024-04-12T12:26:51+00:00","description":"O maior portal de Economia da Bahia Pol\u00edtica Bahia Economica","breadcrumb":{"@id":"https:\/\/bahiaeconomica.com.br\/wp\/2024\/04\/12\/stf-decide-que-abordagem-motivada-pela-cor-da-pele-e-ilegal\/#breadcrumb"},"inLanguage":"pt-BR","potentialAction":[{"@type":"ReadAction","target":["https:\/\/bahiaeconomica.com.br\/wp\/2024\/04\/12\/stf-decide-que-abordagem-motivada-pela-cor-da-pele-e-ilegal\/"]}]},{"@type":"BreadcrumbList","@id":"https:\/\/bahiaeconomica.com.br\/wp\/2024\/04\/12\/stf-decide-que-abordagem-motivada-pela-cor-da-pele-e-ilegal\/#breadcrumb","itemListElement":[{"@type":"ListItem","position":1,"name":"In\u00edcio","item":"https:\/\/bahiaeconomica.com.br\/wp\/"},{"@type":"ListItem","position":2,"name":"STF DECIDE QUE ABORDAGEM MOTIVADA PELA COR DA PELE \u00c9 ILEGAL"}]},{"@type":"WebSite","@id":"https:\/\/bahiaeconomica.com.br\/wp\/#website","url":"https:\/\/bahiaeconomica.com.br\/wp\/","name":"Bahia Economica","description":"O maior portal de Economia da Bahia","publisher":{"@id":"https:\/\/bahiaeconomica.com.br\/wp\/#organization"},"potentialAction":[{"@type":"SearchAction","target":{"@type":"EntryPoint","urlTemplate":"https:\/\/bahiaeconomica.com.br\/wp\/?s={search_term_string}"},"query-input":"required name=search_term_string"}],"inLanguage":"pt-BR"},{"@type":"Organization","@id":"https:\/\/bahiaeconomica.com.br\/wp\/#organization","name":"Bahia Econ\u00f4mica","url":"https:\/\/bahiaeconomica.com.br\/wp\/","logo":{"@type":"ImageObject","inLanguage":"pt-BR","@id":"https:\/\/bahiaeconomica.com.br\/wp\/#\/schema\/logo\/image\/","url":"https:\/\/bahiaeconomica.com.br\/wp\/wp-content\/uploads\/2020\/12\/cropped-BE.png","contentUrl":"https:\/\/bahiaeconomica.com.br\/wp\/wp-content\/uploads\/2020\/12\/cropped-BE.png","width":512,"height":512,"caption":"Bahia Econ\u00f4mica"},"image":{"@id":"https:\/\/bahiaeconomica.com.br\/wp\/#\/schema\/logo\/image\/"},"sameAs":["https:\/\/www.facebook.com\/bahiaeconomica"]},{"@type":"Person","@id":"https:\/\/bahiaeconomica.com.br\/wp\/#\/schema\/person\/3304d50cfd32353c7d08c39066638997","name":"Matheus Souza","sameAs":["http:\/\/www.bahiaeconomica.com.br"],"url":"https:\/\/bahiaeconomica.com.br\/wp\/author\/matheus-souza\/"}]}},"views":9,"_links":{"self":[{"href":"https:\/\/bahiaeconomica.com.br\/wp\/wp-json\/wp\/v2\/posts\/811401"}],"collection":[{"href":"https:\/\/bahiaeconomica.com.br\/wp\/wp-json\/wp\/v2\/posts"}],"about":[{"href":"https:\/\/bahiaeconomica.com.br\/wp\/wp-json\/wp\/v2\/types\/post"}],"author":[{"embeddable":true,"href":"https:\/\/bahiaeconomica.com.br\/wp\/wp-json\/wp\/v2\/users\/22"}],"replies":[{"embeddable":true,"href":"https:\/\/bahiaeconomica.com.br\/wp\/wp-json\/wp\/v2\/comments?post=811401"}],"version-history":[{"count":1,"href":"https:\/\/bahiaeconomica.com.br\/wp\/wp-json\/wp\/v2\/posts\/811401\/revisions"}],"predecessor-version":[{"id":811403,"href":"https:\/\/bahiaeconomica.com.br\/wp\/wp-json\/wp\/v2\/posts\/811401\/revisions\/811403"}],"wp:featuredmedia":[{"embeddable":true,"href":"https:\/\/bahiaeconomica.com.br\/wp\/wp-json\/wp\/v2\/media\/811402"}],"wp:attachment":[{"href":"https:\/\/bahiaeconomica.com.br\/wp\/wp-json\/wp\/v2\/media?parent=811401"}],"wp:term":[{"taxonomy":"category","embeddable":true,"href":"https:\/\/bahiaeconomica.com.br\/wp\/wp-json\/wp\/v2\/categories?post=811401"},{"taxonomy":"post_tag","embeddable":true,"href":"https:\/\/bahiaeconomica.com.br\/wp\/wp-json\/wp\/v2\/tags?post=811401"}],"curies":[{"name":"wp","href":"https:\/\/api.w.org\/{rel}","templated":true}]}}