{"id":810326,"date":"2024-04-09T08:20:20","date_gmt":"2024-04-09T11:20:20","guid":{"rendered":"https:\/\/bahiaeconomica.com.br\/wp\/?p=810326"},"modified":"2024-04-09T08:16:07","modified_gmt":"2024-04-09T11:16:07","slug":"leandro-guerrilha-e-novo-vice-lider-do-governo-na-cms","status":"publish","type":"post","link":"https:\/\/bahiaeconomica.com.br\/wp\/2024\/04\/09\/leandro-guerrilha-e-novo-vice-lider-do-governo-na-cms\/","title":{"rendered":"LEANDRO GUERRILHA \u00c9 NOVO VICE-L\u00cdDER DO GOVERNO NA CMS"},"content":{"rendered":"<p>O vereador Leandro Guerrilha assumiu, nesta segunda-feira (8), a 2\u00aa vice-lideran\u00e7a do governo na C\u00e2mara Municipal de Salvador (CMS). O parlamentar deixou o PP e se filiou ao Republicanos que ocupava a vaga com o ex-vereador Alberto Braga (agora no Uni\u00e3o Brasil). Com o retorno do vereador Luiz Carlos (presidente municipal do Republicanos) para a CMS, ap\u00f3s deixar a Secretaria Municipal de Infraestrutura e Obras P\u00fablicas, Braga voltou para a supl\u00eancia.<\/p>\n<p>\u201cEu me filei ao Republicanos e com a sa\u00edda de Alberto Braga assumo essa fun\u00e7\u00e3o na C\u00e2mara. Mais um desafio na minha vida p\u00fablica, vou me esfor\u00e7ar ao m\u00e1ximo para, ao lado do l\u00edder Kiki Bispo (Uni\u00e3o Brasil), representar os colegas vereadores que fazem parte da base do prefeito Bruno Reis (Uni\u00e3o Brasil)\u201d, ressaltou.<\/p>\n<p>O Republicanos tinha tinha quatro vereadores, mas com a sa\u00edda de Braga e a filia\u00e7\u00e3o de outros dois, a bancada aumentou e agora possui cinco parlamentares. Al\u00e9m de Leandro Guerrilha (ex-PP) e Alfredo Mangueira (ex-MDB) que se filiaram com a janela partid\u00e1ria que terminou no \u00faltimo s\u00e1bado (6), a legenda manteve Ireuda Silva, Julio Santos e o ex-secret\u00e1rio Luiz Carlos.<\/p>\n<p>Foto: Divulga\u00e7\u00e3o<\/p>\n","protected":false},"excerpt":{"rendered":"<p>O vereador Leandro Guerrilha assumiu, nesta segunda-feira (8), a 2\u00aa vice-lideran\u00e7a do governo na C\u00e2mara Municipal de Salvador (CMS). O parlamentar deixou o PP e se filiou ao Republicanos que ocupava a vaga com o ex-vereador Alberto Braga (agora no Uni\u00e3o Brasil). Com o retorno do vereador Luiz Carlos (presidente municipal do Republicanos) para a [&hellip;]<\/p>\n","protected":false},"author":8,"featured_media":810327,"comment_status":"closed","ping_status":"closed","sticky":false,"template":"","format":"standard","meta":[],"categories":[14601],"tags":[52,2612,100],"acf":[],"yoast_head":"<!-- This site is optimized with the Yoast SEO plugin v20.8 - https:\/\/yoast.com\/wordpress\/plugins\/seo\/ -->\n<title>LEANDRO GUERRILHA \u00c9 NOVO VICE-L\u00cdDER DO GOVERNO NA CMS - Bahia Economica<\/title>\n<meta name=\"description\" content=\"O maior portal de Economia da Bahia Pol\u00edtica Bahia Economica O vereador Leandro Guerrilha assumiu, nesta segunda-feira (8), a 2\u00aa vice-lideran\u00e7a\" \/>\n<meta name=\"robots\" content=\"index, follow, max-snippet:-1, max-image-preview:large, max-video-preview:-1\" \/>\n<link rel=\"canonical\" href=\"https:\/\/bahiaeconomica.com.br\/wp\/2024\/04\/09\/leandro-guerrilha-e-novo-vice-lider-do-governo-na-cms\/\" \/>\n<meta property=\"og:locale\" content=\"pt_BR\" \/>\n<meta property=\"og:type\" content=\"article\" \/>\n<meta property=\"og:title\" content=\"LEANDRO GUERRILHA \u00c9 NOVO VICE-L\u00cdDER DO GOVERNO NA CMS - Bahia Economica\" \/>\n<meta property=\"og:description\" content=\"O maior portal de Economia da Bahia Pol\u00edtica Bahia Economica O vereador Leandro Guerrilha assumiu, nesta segunda-feira (8), a 2\u00aa vice-lideran\u00e7a\" \/>\n<meta property=\"og:url\" content=\"https:\/\/bahiaeconomica.com.br\/wp\/2024\/04\/09\/leandro-guerrilha-e-novo-vice-lider-do-governo-na-cms\/\" \/>\n<meta property=\"og:site_name\" content=\"Bahia Economica\" \/>\n<meta property=\"article:publisher\" content=\"https:\/\/www.facebook.com\/bahiaeconomica\" \/>\n<meta property=\"article:published_time\" content=\"2024-04-09T11:20:20+00:00\" \/>\n<meta property=\"article:modified_time\" content=\"2024-04-09T11:16:07+00:00\" \/>\n<meta property=\"og:image\" content=\"https:\/\/bahiaeconomica.com.br\/wp\/wp-content\/uploads\/2024\/04\/WhatsApp-Image-2024-04-08-at-16.02.10.jpeg\" \/>\n\t<meta property=\"og:image:width\" content=\"1600\" \/>\n\t<meta property=\"og:image:height\" content=\"1180\" \/>\n\t<meta property=\"og:image:type\" content=\"image\/jpeg\" \/>\n<meta name=\"author\" content=\"JP\" \/>\n<meta name=\"twitter:card\" content=\"summary_large_image\" \/>\n<meta name=\"twitter:label1\" content=\"Escrito por\" \/>\n\t<meta name=\"twitter:data1\" content=\"JP\" \/>\n\t<meta name=\"twitter:label2\" content=\"Est. tempo de leitura\" \/>\n\t<meta name=\"twitter:data2\" content=\"2 minutos\" \/>\n<script type=\"application\/ld+json\" class=\"yoast-schema-graph\">{\"@context\":\"https:\/\/schema.org\",\"@graph\":[{\"@type\":\"Article\",\"@id\":\"https:\/\/bahiaeconomica.com.br\/wp\/2024\/04\/09\/leandro-guerrilha-e-novo-vice-lider-do-governo-na-cms\/#article\",\"isPartOf\":{\"@id\":\"https:\/\/bahiaeconomica.com.br\/wp\/2024\/04\/09\/leandro-guerrilha-e-novo-vice-lider-do-governo-na-cms\/\"},\"author\":{\"name\":\"JP\",\"@id\":\"https:\/\/bahiaeconomica.com.br\/wp\/#\/schema\/person\/c86d3a3f8960425a0f9d0e5245991f4e\"},\"headline\":\"LEANDRO GUERRILHA \u00c9 NOVO VICE-L\u00cdDER DO GOVERNO NA CMS\",\"datePublished\":\"2024-04-09T11:20:20+00:00\",\"dateModified\":\"2024-04-09T11:16:07+00:00\",\"mainEntityOfPage\":{\"@id\":\"https:\/\/bahiaeconomica.com.br\/wp\/2024\/04\/09\/leandro-guerrilha-e-novo-vice-lider-do-governo-na-cms\/\"},\"wordCount\":215,\"publisher\":{\"@id\":\"https:\/\/bahiaeconomica.com.br\/wp\/#organization\"},\"keywords\":[\"Brasil\",\"leandro\",\"Pol\u00edtica\"],\"articleSection\":[\"Pol\u00edtica\"],\"inLanguage\":\"pt-BR\"},{\"@type\":\"WebPage\",\"@id\":\"https:\/\/bahiaeconomica.com.br\/wp\/2024\/04\/09\/leandro-guerrilha-e-novo-vice-lider-do-governo-na-cms\/\",\"url\":\"https:\/\/bahiaeconomica.com.br\/wp\/2024\/04\/09\/leandro-guerrilha-e-novo-vice-lider-do-governo-na-cms\/\",\"name\":\"LEANDRO GUERRILHA \u00c9 NOVO VICE-L\u00cdDER DO GOVERNO NA CMS - Bahia Economica\",\"isPartOf\":{\"@id\":\"https:\/\/bahiaeconomica.com.br\/wp\/#website\"},\"datePublished\":\"2024-04-09T11:20:20+00:00\",\"dateModified\":\"2024-04-09T11:16:07+00:00\",\"description\":\"O maior portal de Economia da Bahia Pol\u00edtica Bahia Economica O vereador Leandro Guerrilha assumiu, nesta segunda-feira (8), a 2\u00aa vice-lideran\u00e7a\",\"breadcrumb\":{\"@id\":\"https:\/\/bahiaeconomica.com.br\/wp\/2024\/04\/09\/leandro-guerrilha-e-novo-vice-lider-do-governo-na-cms\/#breadcrumb\"},\"inLanguage\":\"pt-BR\",\"potentialAction\":[{\"@type\":\"ReadAction\",\"target\":[\"https:\/\/bahiaeconomica.com.br\/wp\/2024\/04\/09\/leandro-guerrilha-e-novo-vice-lider-do-governo-na-cms\/\"]}]},{\"@type\":\"BreadcrumbList\",\"@id\":\"https:\/\/bahiaeconomica.com.br\/wp\/2024\/04\/09\/leandro-guerrilha-e-novo-vice-lider-do-governo-na-cms\/#breadcrumb\",\"itemListElement\":[{\"@type\":\"ListItem\",\"position\":1,\"name\":\"In\u00edcio\",\"item\":\"https:\/\/bahiaeconomica.com.br\/wp\/\"},{\"@type\":\"ListItem\",\"position\":2,\"name\":\"LEANDRO GUERRILHA \u00c9 NOVO VICE-L\u00cdDER DO GOVERNO NA CMS\"}]},{\"@type\":\"WebSite\",\"@id\":\"https:\/\/bahiaeconomica.com.br\/wp\/#website\",\"url\":\"https:\/\/bahiaeconomica.com.br\/wp\/\",\"name\":\"Bahia Economica\",\"description\":\"O maior portal de Economia da Bahia\",\"publisher\":{\"@id\":\"https:\/\/bahiaeconomica.com.br\/wp\/#organization\"},\"potentialAction\":[{\"@type\":\"SearchAction\",\"target\":{\"@type\":\"EntryPoint\",\"urlTemplate\":\"https:\/\/bahiaeconomica.com.br\/wp\/?s={search_term_string}\"},\"query-input\":\"required name=search_term_string\"}],\"inLanguage\":\"pt-BR\"},{\"@type\":\"Organization\",\"@id\":\"https:\/\/bahiaeconomica.com.br\/wp\/#organization\",\"name\":\"Bahia Econ\u00f4mica\",\"url\":\"https:\/\/bahiaeconomica.com.br\/wp\/\",\"logo\":{\"@type\":\"ImageObject\",\"inLanguage\":\"pt-BR\",\"@id\":\"https:\/\/bahiaeconomica.com.br\/wp\/#\/schema\/logo\/image\/\",\"url\":\"https:\/\/bahiaeconomica.com.br\/wp\/wp-content\/uploads\/2020\/12\/cropped-BE.png\",\"contentUrl\":\"https:\/\/bahiaeconomica.com.br\/wp\/wp-content\/uploads\/2020\/12\/cropped-BE.png\",\"width\":512,\"height\":512,\"caption\":\"Bahia Econ\u00f4mica\"},\"image\":{\"@id\":\"https:\/\/bahiaeconomica.com.br\/wp\/#\/schema\/logo\/image\/\"},\"sameAs\":[\"https:\/\/www.facebook.com\/bahiaeconomica\"]},{\"@type\":\"Person\",\"@id\":\"https:\/\/bahiaeconomica.com.br\/wp\/#\/schema\/person\/c86d3a3f8960425a0f9d0e5245991f4e\",\"name\":\"JP\",\"sameAs\":[\"https:\/\/bahiaeconomica.com.br\/wp\/beta\/\"],\"url\":\"https:\/\/bahiaeconomica.com.br\/wp\/author\/jp\/\"}]}<\/script>\n<!-- \/ Yoast SEO plugin. -->","yoast_head_json":{"title":"LEANDRO GUERRILHA \u00c9 NOVO VICE-L\u00cdDER DO GOVERNO NA CMS - Bahia Economica","description":"O maior portal de Economia da Bahia Pol\u00edtica Bahia Economica O vereador Leandro Guerrilha assumiu, nesta segunda-feira (8), a 2\u00aa vice-lideran\u00e7a","robots":{"index":"index","follow":"follow","max-snippet":"max-snippet:-1","max-image-preview":"max-image-preview:large","max-video-preview":"max-video-preview:-1"},"canonical":"https:\/\/bahiaeconomica.com.br\/wp\/2024\/04\/09\/leandro-guerrilha-e-novo-vice-lider-do-governo-na-cms\/","og_locale":"pt_BR","og_type":"article","og_title":"LEANDRO GUERRILHA \u00c9 NOVO VICE-L\u00cdDER DO GOVERNO NA CMS - Bahia Economica","og_description":"O maior portal de Economia da Bahia Pol\u00edtica Bahia Economica O vereador Leandro Guerrilha assumiu, nesta segunda-feira (8), a 2\u00aa vice-lideran\u00e7a","og_url":"https:\/\/bahiaeconomica.com.br\/wp\/2024\/04\/09\/leandro-guerrilha-e-novo-vice-lider-do-governo-na-cms\/","og_site_name":"Bahia Economica","article_publisher":"https:\/\/www.facebook.com\/bahiaeconomica","article_published_time":"2024-04-09T11:20:20+00:00","article_modified_time":"2024-04-09T11:16:07+00:00","og_image":[{"width":1600,"height":1180,"url":"https:\/\/bahiaeconomica.com.br\/wp\/wp-content\/uploads\/2024\/04\/WhatsApp-Image-2024-04-08-at-16.02.10.jpeg","type":"image\/jpeg"}],"author":"JP","twitter_card":"summary_large_image","twitter_misc":{"Escrito por":"JP","Est. tempo de leitura":"2 minutos"},"schema":{"@context":"https:\/\/schema.org","@graph":[{"@type":"Article","@id":"https:\/\/bahiaeconomica.com.br\/wp\/2024\/04\/09\/leandro-guerrilha-e-novo-vice-lider-do-governo-na-cms\/#article","isPartOf":{"@id":"https:\/\/bahiaeconomica.com.br\/wp\/2024\/04\/09\/leandro-guerrilha-e-novo-vice-lider-do-governo-na-cms\/"},"author":{"name":"JP","@id":"https:\/\/bahiaeconomica.com.br\/wp\/#\/schema\/person\/c86d3a3f8960425a0f9d0e5245991f4e"},"headline":"LEANDRO GUERRILHA \u00c9 NOVO VICE-L\u00cdDER DO GOVERNO NA CMS","datePublished":"2024-04-09T11:20:20+00:00","dateModified":"2024-04-09T11:16:07+00:00","mainEntityOfPage":{"@id":"https:\/\/bahiaeconomica.com.br\/wp\/2024\/04\/09\/leandro-guerrilha-e-novo-vice-lider-do-governo-na-cms\/"},"wordCount":215,"publisher":{"@id":"https:\/\/bahiaeconomica.com.br\/wp\/#organization"},"keywords":["Brasil","leandro","Pol\u00edtica"],"articleSection":["Pol\u00edtica"],"inLanguage":"pt-BR"},{"@type":"WebPage","@id":"https:\/\/bahiaeconomica.com.br\/wp\/2024\/04\/09\/leandro-guerrilha-e-novo-vice-lider-do-governo-na-cms\/","url":"https:\/\/bahiaeconomica.com.br\/wp\/2024\/04\/09\/leandro-guerrilha-e-novo-vice-lider-do-governo-na-cms\/","name":"LEANDRO GUERRILHA \u00c9 NOVO VICE-L\u00cdDER DO GOVERNO NA CMS - Bahia Economica","isPartOf":{"@id":"https:\/\/bahiaeconomica.com.br\/wp\/#website"},"datePublished":"2024-04-09T11:20:20+00:00","dateModified":"2024-04-09T11:16:07+00:00","description":"O maior portal de Economia da Bahia Pol\u00edtica Bahia Economica O vereador Leandro Guerrilha assumiu, nesta segunda-feira (8), a 2\u00aa vice-lideran\u00e7a","breadcrumb":{"@id":"https:\/\/bahiaeconomica.com.br\/wp\/2024\/04\/09\/leandro-guerrilha-e-novo-vice-lider-do-governo-na-cms\/#breadcrumb"},"inLanguage":"pt-BR","potentialAction":[{"@type":"ReadAction","target":["https:\/\/bahiaeconomica.com.br\/wp\/2024\/04\/09\/leandro-guerrilha-e-novo-vice-lider-do-governo-na-cms\/"]}]},{"@type":"BreadcrumbList","@id":"https:\/\/bahiaeconomica.com.br\/wp\/2024\/04\/09\/leandro-guerrilha-e-novo-vice-lider-do-governo-na-cms\/#breadcrumb","itemListElement":[{"@type":"ListItem","position":1,"name":"In\u00edcio","item":"https:\/\/bahiaeconomica.com.br\/wp\/"},{"@type":"ListItem","position":2,"name":"LEANDRO GUERRILHA \u00c9 NOVO VICE-L\u00cdDER DO GOVERNO NA CMS"}]},{"@type":"WebSite","@id":"https:\/\/bahiaeconomica.com.br\/wp\/#website","url":"https:\/\/bahiaeconomica.com.br\/wp\/","name":"Bahia Economica","description":"O maior portal de Economia da Bahia","publisher":{"@id":"https:\/\/bahiaeconomica.com.br\/wp\/#organization"},"potentialAction":[{"@type":"SearchAction","target":{"@type":"EntryPoint","urlTemplate":"https:\/\/bahiaeconomica.com.br\/wp\/?s={search_term_string}"},"query-input":"required name=search_term_string"}],"inLanguage":"pt-BR"},{"@type":"Organization","@id":"https:\/\/bahiaeconomica.com.br\/wp\/#organization","name":"Bahia Econ\u00f4mica","url":"https:\/\/bahiaeconomica.com.br\/wp\/","logo":{"@type":"ImageObject","inLanguage":"pt-BR","@id":"https:\/\/bahiaeconomica.com.br\/wp\/#\/schema\/logo\/image\/","url":"https:\/\/bahiaeconomica.com.br\/wp\/wp-content\/uploads\/2020\/12\/cropped-BE.png","contentUrl":"https:\/\/bahiaeconomica.com.br\/wp\/wp-content\/uploads\/2020\/12\/cropped-BE.png","width":512,"height":512,"caption":"Bahia Econ\u00f4mica"},"image":{"@id":"https:\/\/bahiaeconomica.com.br\/wp\/#\/schema\/logo\/image\/"},"sameAs":["https:\/\/www.facebook.com\/bahiaeconomica"]},{"@type":"Person","@id":"https:\/\/bahiaeconomica.com.br\/wp\/#\/schema\/person\/c86d3a3f8960425a0f9d0e5245991f4e","name":"JP","sameAs":["https:\/\/bahiaeconomica.com.br\/wp\/beta\/"],"url":"https:\/\/bahiaeconomica.com.br\/wp\/author\/jp\/"}]}},"views":1,"_links":{"self":[{"href":"https:\/\/bahiaeconomica.com.br\/wp\/wp-json\/wp\/v2\/posts\/810326"}],"collection":[{"href":"https:\/\/bahiaeconomica.com.br\/wp\/wp-json\/wp\/v2\/posts"}],"about":[{"href":"https:\/\/bahiaeconomica.com.br\/wp\/wp-json\/wp\/v2\/types\/post"}],"author":[{"embeddable":true,"href":"https:\/\/bahiaeconomica.com.br\/wp\/wp-json\/wp\/v2\/users\/8"}],"replies":[{"embeddable":true,"href":"https:\/\/bahiaeconomica.com.br\/wp\/wp-json\/wp\/v2\/comments?post=810326"}],"version-history":[{"count":1,"href":"https:\/\/bahiaeconomica.com.br\/wp\/wp-json\/wp\/v2\/posts\/810326\/revisions"}],"predecessor-version":[{"id":810328,"href":"https:\/\/bahiaeconomica.com.br\/wp\/wp-json\/wp\/v2\/posts\/810326\/revisions\/810328"}],"wp:featuredmedia":[{"embeddable":true,"href":"https:\/\/bahiaeconomica.com.br\/wp\/wp-json\/wp\/v2\/media\/810327"}],"wp:attachment":[{"href":"https:\/\/bahiaeconomica.com.br\/wp\/wp-json\/wp\/v2\/media?parent=810326"}],"wp:term":[{"taxonomy":"category","embeddable":true,"href":"https:\/\/bahiaeconomica.com.br\/wp\/wp-json\/wp\/v2\/categories?post=810326"},{"taxonomy":"post_tag","embeddable":true,"href":"https:\/\/bahiaeconomica.com.br\/wp\/wp-json\/wp\/v2\/tags?post=810326"}],"curies":[{"name":"wp","href":"https:\/\/api.w.org\/{rel}","templated":true}]}}