{"id":809101,"date":"2024-04-03T19:55:37","date_gmt":"2024-04-03T22:55:37","guid":{"rendered":"https:\/\/bahiaeconomica.com.br\/wp\/?p=809101"},"modified":"2024-04-03T19:18:54","modified_gmt":"2024-04-03T22:18:54","slug":"saude-nos-bairros-marca-presenca-em-mussurunga-ate-o-proximo-sabado-6","status":"publish","type":"post","link":"https:\/\/bahiaeconomica.com.br\/wp\/2024\/04\/03\/saude-nos-bairros-marca-presenca-em-mussurunga-ate-o-proximo-sabado-6\/","title":{"rendered":"SA\u00daDE NOS BAIRROS MARCA PRESEN\u00c7A EM MUSSURUNGA AT\u00c9 O PR\u00d3XIMO S\u00c1BADO (6)"},"content":{"rendered":"<p>O projeto Sa\u00fade nos Bairros segue at\u00e9 o pr\u00f3ximo s\u00e1bado (6), em Mussurunga I. A a\u00e7\u00e3o da Secretaria Municipal da Sa\u00fade (SMS) tem como objetivo levar diversos servi\u00e7os de sa\u00fade para perto das comunidades e, durante esse per\u00edodo, moradores da regi\u00e3o contam com acesso r\u00e1pido e f\u00e1cil a consultas, exames e demais encaminhamentos, que t\u00eam sido oferecidos em uma unidade m\u00f3vel estacionada no campo de futebol da localidade, pr\u00f3ximo \u00e0 Avenida Aliomar Baleeiro.<\/p>\n<p>A vice-prefeita e titular da pasta, Ana Paula Matos lembrou que j\u00e1 s\u00e3o 900 mil procedimentos realizados pela iniciativa. &#8220;Para n\u00f3s \u00e9 uma oportunidade de levar sa\u00fade para a porta da casa das pessoas, para que elas possam fazer as consultas, os exames, o diagn\u00f3stico e, ao mesmo tempo, ser atendida pela equipe de aten\u00e7\u00e3o prim\u00e1ria das unidades de sa\u00fade da regi\u00e3o&#8221;.<\/p>\n<p>A estrutura de equipamentos e profissionais capacitados na unidade m\u00f3vel possibilita oferta de servi\u00e7os da aten\u00e7\u00e3o b\u00e1sica, sa\u00fade especializada, atendimentos pedi\u00e1tricos, exames, atendimento odontol\u00f3gico, vacina\u00e7\u00e3o e encaminhamento para a realiza\u00e7\u00e3o de cirurgias eletivas.<\/p>\n<p>A gerente da USF S\u00e3o Crist\u00f3v\u00e3o, Geisse Alves, conta que o projeto chega a atender uma m\u00e9dia de 200 a 300 pessoas por dia, mediante distribui\u00e7\u00e3o de fichas. &#8220;Estar mais perto da popula\u00e7\u00e3o \u00e9 de fundamental import\u00e2ncia, pois a gente sabe que a iniciativa consegue desafogar a demanda por esses servi\u00e7os, principalmente o sistema de regula\u00e7\u00e3o, com as marca\u00e7\u00f5es de exames que a popula\u00e7\u00e3o precisa&#8221;.<\/p>\n<p>No rol de procedimentos ofertados pelo Sa\u00fade nos Bairros est\u00e3o consultas com m\u00e9dicos cl\u00ednicos, cardiologistas e pediatras. Os moradores tamb\u00e9m t\u00eam realizado exames de mamografia, eletrocardiograma (ECG), ecocardiograma (ECO), transtor\u00e1cico, doppler das car\u00f3tidas, ultrassonografia mam\u00e1ria, ultrassonografia do abdome, ultrassonografia p\u00e9lvica, ultrassonografia da tireoide e exames laboratoriais em geral.<\/p>\n<p>Fotos: Bruno Concha\/Secom PMS<\/p>\n","protected":false},"excerpt":{"rendered":"<p>O projeto Sa\u00fade nos Bairros segue at\u00e9 o pr\u00f3ximo s\u00e1bado (6), em Mussurunga I. A a\u00e7\u00e3o da Secretaria Municipal da Sa\u00fade (SMS) tem como objetivo levar diversos servi\u00e7os de sa\u00fade para perto das comunidades e, durante esse per\u00edodo, moradores da regi\u00e3o contam com acesso r\u00e1pido e f\u00e1cil a consultas, exames e demais encaminhamentos, que t\u00eam [&hellip;]<\/p>\n","protected":false},"author":16,"featured_media":809102,"comment_status":"closed","ping_status":"closed","sticky":false,"template":"","format":"standard","meta":[],"categories":[21],"tags":[26342,73,58],"acf":[],"yoast_head":"<!-- This site is optimized with the Yoast SEO plugin v20.8 - https:\/\/yoast.com\/wordpress\/plugins\/seo\/ -->\n<title>SA\u00daDE NOS BAIRROS MARCA PRESEN\u00c7A EM MUSSURUNGA AT\u00c9 O PR\u00d3XIMO S\u00c1BADO (6) - Bahia Economica<\/title>\n<meta name=\"description\" content=\"O maior portal de Economia da Bahia Sa\u00fade \/ Educa\u00e7\u00e3o Bahia Economica\" \/>\n<meta name=\"robots\" content=\"index, follow, max-snippet:-1, max-image-preview:large, max-video-preview:-1\" \/>\n<link rel=\"canonical\" href=\"https:\/\/bahiaeconomica.com.br\/wp\/2024\/04\/03\/saude-nos-bairros-marca-presenca-em-mussurunga-ate-o-proximo-sabado-6\/\" \/>\n<meta property=\"og:locale\" content=\"pt_BR\" \/>\n<meta property=\"og:type\" content=\"article\" \/>\n<meta property=\"og:title\" content=\"SA\u00daDE NOS BAIRROS MARCA PRESEN\u00c7A EM MUSSURUNGA AT\u00c9 O PR\u00d3XIMO S\u00c1BADO (6) - Bahia Economica\" \/>\n<meta property=\"og:description\" content=\"O maior portal de Economia da Bahia Sa\u00fade \/ Educa\u00e7\u00e3o Bahia Economica\" \/>\n<meta property=\"og:url\" content=\"https:\/\/bahiaeconomica.com.br\/wp\/2024\/04\/03\/saude-nos-bairros-marca-presenca-em-mussurunga-ate-o-proximo-sabado-6\/\" \/>\n<meta property=\"og:site_name\" content=\"Bahia Economica\" \/>\n<meta property=\"article:publisher\" content=\"https:\/\/www.facebook.com\/bahiaeconomica\" \/>\n<meta property=\"article:published_time\" content=\"2024-04-03T22:55:37+00:00\" \/>\n<meta property=\"article:modified_time\" content=\"2024-04-03T22:18:54+00:00\" \/>\n<meta property=\"og:image\" content=\"https:\/\/bahiaeconomica.com.br\/wp\/wp-content\/uploads\/2024\/04\/03_04_2024_Saude-nos-Bairros-fica-em-Mussurunga_Fot-Bruno-Concha_Secom_Pms-7-scaled.jpg\" \/>\n\t<meta property=\"og:image:width\" content=\"2560\" \/>\n\t<meta property=\"og:image:height\" content=\"1707\" \/>\n\t<meta property=\"og:image:type\" content=\"image\/jpeg\" \/>\n<meta name=\"author\" content=\"LUIZA NASCIMENTO\" \/>\n<meta name=\"twitter:card\" content=\"summary_large_image\" \/>\n<meta name=\"twitter:label1\" content=\"Escrito por\" \/>\n\t<meta name=\"twitter:data1\" content=\"LUIZA NASCIMENTO\" \/>\n\t<meta name=\"twitter:label2\" content=\"Est. tempo de leitura\" \/>\n\t<meta name=\"twitter:data2\" content=\"2 minutos\" \/>\n<script type=\"application\/ld+json\" class=\"yoast-schema-graph\">{\"@context\":\"https:\/\/schema.org\",\"@graph\":[{\"@type\":\"Article\",\"@id\":\"https:\/\/bahiaeconomica.com.br\/wp\/2024\/04\/03\/saude-nos-bairros-marca-presenca-em-mussurunga-ate-o-proximo-sabado-6\/#article\",\"isPartOf\":{\"@id\":\"https:\/\/bahiaeconomica.com.br\/wp\/2024\/04\/03\/saude-nos-bairros-marca-presenca-em-mussurunga-ate-o-proximo-sabado-6\/\"},\"author\":{\"name\":\"LUIZA NASCIMENTO\",\"@id\":\"https:\/\/bahiaeconomica.com.br\/wp\/#\/schema\/person\/18273ac0fe04bfd4e7b101bf17d40152\"},\"headline\":\"SA\u00daDE NOS BAIRROS MARCA PRESEN\u00c7A EM MUSSURUNGA AT\u00c9 O PR\u00d3XIMO S\u00c1BADO (6)\",\"datePublished\":\"2024-04-03T22:55:37+00:00\",\"dateModified\":\"2024-04-03T22:18:54+00:00\",\"mainEntityOfPage\":{\"@id\":\"https:\/\/bahiaeconomica.com.br\/wp\/2024\/04\/03\/saude-nos-bairros-marca-presenca-em-mussurunga-ate-o-proximo-sabado-6\/\"},\"wordCount\":346,\"publisher\":{\"@id\":\"https:\/\/bahiaeconomica.com.br\/wp\/#organization\"},\"keywords\":[\"Mussurunga\",\"Salvador\",\"sa\u00fade\"],\"articleSection\":[\"Sa\u00fade \/ Educa\u00e7\u00e3o\"],\"inLanguage\":\"pt-BR\"},{\"@type\":\"WebPage\",\"@id\":\"https:\/\/bahiaeconomica.com.br\/wp\/2024\/04\/03\/saude-nos-bairros-marca-presenca-em-mussurunga-ate-o-proximo-sabado-6\/\",\"url\":\"https:\/\/bahiaeconomica.com.br\/wp\/2024\/04\/03\/saude-nos-bairros-marca-presenca-em-mussurunga-ate-o-proximo-sabado-6\/\",\"name\":\"SA\u00daDE NOS BAIRROS MARCA PRESEN\u00c7A EM MUSSURUNGA AT\u00c9 O PR\u00d3XIMO S\u00c1BADO (6) - Bahia Economica\",\"isPartOf\":{\"@id\":\"https:\/\/bahiaeconomica.com.br\/wp\/#website\"},\"datePublished\":\"2024-04-03T22:55:37+00:00\",\"dateModified\":\"2024-04-03T22:18:54+00:00\",\"description\":\"O maior portal de Economia da Bahia Sa\u00fade \/ Educa\u00e7\u00e3o Bahia Economica\",\"breadcrumb\":{\"@id\":\"https:\/\/bahiaeconomica.com.br\/wp\/2024\/04\/03\/saude-nos-bairros-marca-presenca-em-mussurunga-ate-o-proximo-sabado-6\/#breadcrumb\"},\"inLanguage\":\"pt-BR\",\"potentialAction\":[{\"@type\":\"ReadAction\",\"target\":[\"https:\/\/bahiaeconomica.com.br\/wp\/2024\/04\/03\/saude-nos-bairros-marca-presenca-em-mussurunga-ate-o-proximo-sabado-6\/\"]}]},{\"@type\":\"BreadcrumbList\",\"@id\":\"https:\/\/bahiaeconomica.com.br\/wp\/2024\/04\/03\/saude-nos-bairros-marca-presenca-em-mussurunga-ate-o-proximo-sabado-6\/#breadcrumb\",\"itemListElement\":[{\"@type\":\"ListItem\",\"position\":1,\"name\":\"In\u00edcio\",\"item\":\"https:\/\/bahiaeconomica.com.br\/wp\/\"},{\"@type\":\"ListItem\",\"position\":2,\"name\":\"SA\u00daDE NOS BAIRROS MARCA PRESEN\u00c7A EM MUSSURUNGA AT\u00c9 O PR\u00d3XIMO S\u00c1BADO (6)\"}]},{\"@type\":\"WebSite\",\"@id\":\"https:\/\/bahiaeconomica.com.br\/wp\/#website\",\"url\":\"https:\/\/bahiaeconomica.com.br\/wp\/\",\"name\":\"Bahia Economica\",\"description\":\"O maior portal de Economia da Bahia\",\"publisher\":{\"@id\":\"https:\/\/bahiaeconomica.com.br\/wp\/#organization\"},\"potentialAction\":[{\"@type\":\"SearchAction\",\"target\":{\"@type\":\"EntryPoint\",\"urlTemplate\":\"https:\/\/bahiaeconomica.com.br\/wp\/?s={search_term_string}\"},\"query-input\":\"required name=search_term_string\"}],\"inLanguage\":\"pt-BR\"},{\"@type\":\"Organization\",\"@id\":\"https:\/\/bahiaeconomica.com.br\/wp\/#organization\",\"name\":\"Bahia Econ\u00f4mica\",\"url\":\"https:\/\/bahiaeconomica.com.br\/wp\/\",\"logo\":{\"@type\":\"ImageObject\",\"inLanguage\":\"pt-BR\",\"@id\":\"https:\/\/bahiaeconomica.com.br\/wp\/#\/schema\/logo\/image\/\",\"url\":\"https:\/\/bahiaeconomica.com.br\/wp\/wp-content\/uploads\/2020\/12\/cropped-BE.png\",\"contentUrl\":\"https:\/\/bahiaeconomica.com.br\/wp\/wp-content\/uploads\/2020\/12\/cropped-BE.png\",\"width\":512,\"height\":512,\"caption\":\"Bahia Econ\u00f4mica\"},\"image\":{\"@id\":\"https:\/\/bahiaeconomica.com.br\/wp\/#\/schema\/logo\/image\/\"},\"sameAs\":[\"https:\/\/www.facebook.com\/bahiaeconomica\"]},{\"@type\":\"Person\",\"@id\":\"https:\/\/bahiaeconomica.com.br\/wp\/#\/schema\/person\/18273ac0fe04bfd4e7b101bf17d40152\",\"name\":\"LUIZA NASCIMENTO\",\"sameAs\":[\"http:\/\/www.bahiaeconomica.com.br\"],\"url\":\"https:\/\/bahiaeconomica.com.br\/wp\/author\/luiza-nascimento\/\"}]}<\/script>\n<!-- \/ Yoast SEO plugin. -->","yoast_head_json":{"title":"SA\u00daDE NOS BAIRROS MARCA PRESEN\u00c7A EM MUSSURUNGA AT\u00c9 O PR\u00d3XIMO S\u00c1BADO (6) - Bahia Economica","description":"O maior portal de Economia da Bahia Sa\u00fade \/ Educa\u00e7\u00e3o Bahia Economica","robots":{"index":"index","follow":"follow","max-snippet":"max-snippet:-1","max-image-preview":"max-image-preview:large","max-video-preview":"max-video-preview:-1"},"canonical":"https:\/\/bahiaeconomica.com.br\/wp\/2024\/04\/03\/saude-nos-bairros-marca-presenca-em-mussurunga-ate-o-proximo-sabado-6\/","og_locale":"pt_BR","og_type":"article","og_title":"SA\u00daDE NOS BAIRROS MARCA PRESEN\u00c7A EM MUSSURUNGA AT\u00c9 O PR\u00d3XIMO S\u00c1BADO (6) - Bahia Economica","og_description":"O maior portal de Economia da Bahia Sa\u00fade \/ Educa\u00e7\u00e3o Bahia Economica","og_url":"https:\/\/bahiaeconomica.com.br\/wp\/2024\/04\/03\/saude-nos-bairros-marca-presenca-em-mussurunga-ate-o-proximo-sabado-6\/","og_site_name":"Bahia Economica","article_publisher":"https:\/\/www.facebook.com\/bahiaeconomica","article_published_time":"2024-04-03T22:55:37+00:00","article_modified_time":"2024-04-03T22:18:54+00:00","og_image":[{"width":2560,"height":1707,"url":"https:\/\/bahiaeconomica.com.br\/wp\/wp-content\/uploads\/2024\/04\/03_04_2024_Saude-nos-Bairros-fica-em-Mussurunga_Fot-Bruno-Concha_Secom_Pms-7-scaled.jpg","type":"image\/jpeg"}],"author":"LUIZA NASCIMENTO","twitter_card":"summary_large_image","twitter_misc":{"Escrito por":"LUIZA NASCIMENTO","Est. tempo de leitura":"2 minutos"},"schema":{"@context":"https:\/\/schema.org","@graph":[{"@type":"Article","@id":"https:\/\/bahiaeconomica.com.br\/wp\/2024\/04\/03\/saude-nos-bairros-marca-presenca-em-mussurunga-ate-o-proximo-sabado-6\/#article","isPartOf":{"@id":"https:\/\/bahiaeconomica.com.br\/wp\/2024\/04\/03\/saude-nos-bairros-marca-presenca-em-mussurunga-ate-o-proximo-sabado-6\/"},"author":{"name":"LUIZA NASCIMENTO","@id":"https:\/\/bahiaeconomica.com.br\/wp\/#\/schema\/person\/18273ac0fe04bfd4e7b101bf17d40152"},"headline":"SA\u00daDE NOS BAIRROS MARCA PRESEN\u00c7A EM MUSSURUNGA AT\u00c9 O PR\u00d3XIMO S\u00c1BADO (6)","datePublished":"2024-04-03T22:55:37+00:00","dateModified":"2024-04-03T22:18:54+00:00","mainEntityOfPage":{"@id":"https:\/\/bahiaeconomica.com.br\/wp\/2024\/04\/03\/saude-nos-bairros-marca-presenca-em-mussurunga-ate-o-proximo-sabado-6\/"},"wordCount":346,"publisher":{"@id":"https:\/\/bahiaeconomica.com.br\/wp\/#organization"},"keywords":["Mussurunga","Salvador","sa\u00fade"],"articleSection":["Sa\u00fade \/ Educa\u00e7\u00e3o"],"inLanguage":"pt-BR"},{"@type":"WebPage","@id":"https:\/\/bahiaeconomica.com.br\/wp\/2024\/04\/03\/saude-nos-bairros-marca-presenca-em-mussurunga-ate-o-proximo-sabado-6\/","url":"https:\/\/bahiaeconomica.com.br\/wp\/2024\/04\/03\/saude-nos-bairros-marca-presenca-em-mussurunga-ate-o-proximo-sabado-6\/","name":"SA\u00daDE NOS BAIRROS MARCA PRESEN\u00c7A EM MUSSURUNGA AT\u00c9 O PR\u00d3XIMO S\u00c1BADO (6) - Bahia Economica","isPartOf":{"@id":"https:\/\/bahiaeconomica.com.br\/wp\/#website"},"datePublished":"2024-04-03T22:55:37+00:00","dateModified":"2024-04-03T22:18:54+00:00","description":"O maior portal de Economia da Bahia Sa\u00fade \/ Educa\u00e7\u00e3o Bahia Economica","breadcrumb":{"@id":"https:\/\/bahiaeconomica.com.br\/wp\/2024\/04\/03\/saude-nos-bairros-marca-presenca-em-mussurunga-ate-o-proximo-sabado-6\/#breadcrumb"},"inLanguage":"pt-BR","potentialAction":[{"@type":"ReadAction","target":["https:\/\/bahiaeconomica.com.br\/wp\/2024\/04\/03\/saude-nos-bairros-marca-presenca-em-mussurunga-ate-o-proximo-sabado-6\/"]}]},{"@type":"BreadcrumbList","@id":"https:\/\/bahiaeconomica.com.br\/wp\/2024\/04\/03\/saude-nos-bairros-marca-presenca-em-mussurunga-ate-o-proximo-sabado-6\/#breadcrumb","itemListElement":[{"@type":"ListItem","position":1,"name":"In\u00edcio","item":"https:\/\/bahiaeconomica.com.br\/wp\/"},{"@type":"ListItem","position":2,"name":"SA\u00daDE NOS BAIRROS MARCA PRESEN\u00c7A EM MUSSURUNGA AT\u00c9 O PR\u00d3XIMO S\u00c1BADO (6)"}]},{"@type":"WebSite","@id":"https:\/\/bahiaeconomica.com.br\/wp\/#website","url":"https:\/\/bahiaeconomica.com.br\/wp\/","name":"Bahia Economica","description":"O maior portal de Economia da Bahia","publisher":{"@id":"https:\/\/bahiaeconomica.com.br\/wp\/#organization"},"potentialAction":[{"@type":"SearchAction","target":{"@type":"EntryPoint","urlTemplate":"https:\/\/bahiaeconomica.com.br\/wp\/?s={search_term_string}"},"query-input":"required name=search_term_string"}],"inLanguage":"pt-BR"},{"@type":"Organization","@id":"https:\/\/bahiaeconomica.com.br\/wp\/#organization","name":"Bahia Econ\u00f4mica","url":"https:\/\/bahiaeconomica.com.br\/wp\/","logo":{"@type":"ImageObject","inLanguage":"pt-BR","@id":"https:\/\/bahiaeconomica.com.br\/wp\/#\/schema\/logo\/image\/","url":"https:\/\/bahiaeconomica.com.br\/wp\/wp-content\/uploads\/2020\/12\/cropped-BE.png","contentUrl":"https:\/\/bahiaeconomica.com.br\/wp\/wp-content\/uploads\/2020\/12\/cropped-BE.png","width":512,"height":512,"caption":"Bahia Econ\u00f4mica"},"image":{"@id":"https:\/\/bahiaeconomica.com.br\/wp\/#\/schema\/logo\/image\/"},"sameAs":["https:\/\/www.facebook.com\/bahiaeconomica"]},{"@type":"Person","@id":"https:\/\/bahiaeconomica.com.br\/wp\/#\/schema\/person\/18273ac0fe04bfd4e7b101bf17d40152","name":"LUIZA NASCIMENTO","sameAs":["http:\/\/www.bahiaeconomica.com.br"],"url":"https:\/\/bahiaeconomica.com.br\/wp\/author\/luiza-nascimento\/"}]}},"views":29,"_links":{"self":[{"href":"https:\/\/bahiaeconomica.com.br\/wp\/wp-json\/wp\/v2\/posts\/809101"}],"collection":[{"href":"https:\/\/bahiaeconomica.com.br\/wp\/wp-json\/wp\/v2\/posts"}],"about":[{"href":"https:\/\/bahiaeconomica.com.br\/wp\/wp-json\/wp\/v2\/types\/post"}],"author":[{"embeddable":true,"href":"https:\/\/bahiaeconomica.com.br\/wp\/wp-json\/wp\/v2\/users\/16"}],"replies":[{"embeddable":true,"href":"https:\/\/bahiaeconomica.com.br\/wp\/wp-json\/wp\/v2\/comments?post=809101"}],"version-history":[{"count":1,"href":"https:\/\/bahiaeconomica.com.br\/wp\/wp-json\/wp\/v2\/posts\/809101\/revisions"}],"predecessor-version":[{"id":809103,"href":"https:\/\/bahiaeconomica.com.br\/wp\/wp-json\/wp\/v2\/posts\/809101\/revisions\/809103"}],"wp:featuredmedia":[{"embeddable":true,"href":"https:\/\/bahiaeconomica.com.br\/wp\/wp-json\/wp\/v2\/media\/809102"}],"wp:attachment":[{"href":"https:\/\/bahiaeconomica.com.br\/wp\/wp-json\/wp\/v2\/media?parent=809101"}],"wp:term":[{"taxonomy":"category","embeddable":true,"href":"https:\/\/bahiaeconomica.com.br\/wp\/wp-json\/wp\/v2\/categories?post=809101"},{"taxonomy":"post_tag","embeddable":true,"href":"https:\/\/bahiaeconomica.com.br\/wp\/wp-json\/wp\/v2\/tags?post=809101"}],"curies":[{"name":"wp","href":"https:\/\/api.w.org\/{rel}","templated":true}]}}