{"id":808505,"date":"2024-04-02T08:59:54","date_gmt":"2024-04-02T11:59:54","guid":{"rendered":"https:\/\/bahiaeconomica.com.br\/wp\/?p=808505"},"modified":"2024-04-02T09:03:51","modified_gmt":"2024-04-02T12:03:51","slug":"empresa-aerea-suspende-viagens-entre-salvador-e-outras-seis-cidades-baianas","status":"publish","type":"post","link":"https:\/\/bahiaeconomica.com.br\/wp\/2024\/04\/02\/empresa-aerea-suspende-viagens-entre-salvador-e-outras-seis-cidades-baianas\/","title":{"rendered":"EMPRESA A\u00c9REA SUSPENDE VIAGENS ENTRE SALVADOR E OUTRAS SEIS CIDADES BAIANAS"},"content":{"rendered":"<div id=\"chunk-5mp4o\">\n<div class=\"mc-column content-text active-extra-styles \" data-block-type=\"unstyled\" data-block-weight=\"24\" data-block-id=\"2\">\n<p class=\" content-text__container \" data-track-category=\"Link no Texto\" data-track-links=\"\" data-mrf-recirculation=\"Article links\">A companhia a\u00e9rea Voepass Linhas A\u00e9reas &#8211; antiga Passaredo &#8211; suspendeu as linhas de voos que deixavam Salvador com destino a Len\u00e7\u00f3is, Teixeira de Freitas, Paulo Afonso, Barreiras, Vit\u00f3ria da Conquista e Guanambi. A companhia afirma que a suspens\u00e3o se deve \u00e0 uma reestrutura\u00e7\u00e3o de sua malha a\u00e9rea.<\/p>\n<\/div>\n<\/div>\n<div class=\"wall protected-content\">\n<div id=\"chunk-38h1l\">\n<div class=\"mc-column content-text active-extra-styles \" data-block-type=\"unstyled\" data-block-weight=\"15\" data-block-id=\"7\">\n<div id=\"chunk-8h887\">\n<div class=\"mc-column content-text active-extra-styles \" data-block-type=\"unstyled\" data-block-weight=\"35\" data-block-id=\"12\">\n<p class=\" content-text__container \" data-track-category=\"Link no Texto\" data-track-links=\"\" data-mrf-recirculation=\"Article links\">A mesma empresa a\u00e9rea encerrou a linha Salvador &#8211; Feira de Santana em outubro do ano passado, apenas quatro meses ap\u00f3s o in\u00edcio da opera\u00e7\u00e3o, tamb\u00e9m alegando uma reestrutura\u00e7\u00e3o. O \u00faltimo voo do trajeto Salvador &#8211; Barreiras decolou no s\u00e1bado (30) em meio a reclama\u00e7\u00f5es de moradores, que j\u00e1 enfrentavam voos cancelados pela companhia Azul, alegando quest\u00f5es operacionais. Tais suspens\u00f5es podem refletir um processo de redu\u00e7\u00e3o na oferta de voos do aeroporto local.<\/p>\n<\/div>\n<div id=\"chunk-7m1b\">\n<div class=\"mc-column content-text active-extra-styles \" data-block-type=\"unstyled\" data-block-weight=\"38\" data-block-id=\"19\">\n<p class=\" content-text__container \" data-track-category=\"Link no Texto\" data-track-links=\"\" data-mrf-recirculation=\"Article links\">De acordo com a administra\u00e7\u00e3o do aeroporto, 17 voos com destino a Barreiras foram cancelados s\u00f3 nos primeiros tr\u00eas meses do ano. Esse n\u00famero ultrapassa o total de 12 voos cancelados em todo o ano passado. A Secretaria de Infraestrutura da Bahia (Seinfra) informou que os projetos de requalifica\u00e7\u00e3o e amplia\u00e7\u00e3o do aeroporto foram entregues pela pasta \u00e0 Secretaria Nacional de Avia\u00e7\u00e3o Civil (SAC) em novembro de 2023. O departamento nacional respondeu na \u00faltima quarta (27) e a Seinfra far\u00e1 uma an\u00e1lise de retorno.<\/p>\n<\/div>\n<\/div>\n<div class=\"mc-column content-text active-extra-styles \" data-block-type=\"unstyled\" data-block-weight=\"35\" data-block-id=\"12\">\n<p data-track-category=\"Link no Texto\" data-track-links=\"\" data-mrf-recirculation=\"Article links\">\u00a0Foto: Reprodu\u00e7\u00e3o\/Prefeitura de Barreiras<\/p>\n<\/div>\n<\/div>\n<\/div>\n<\/div>\n<\/div>\n","protected":false},"excerpt":{"rendered":"<p>A companhia a\u00e9rea Voepass Linhas A\u00e9reas &#8211; antiga Passaredo &#8211; suspendeu as linhas de voos que deixavam Salvador com destino a Len\u00e7\u00f3is, Teixeira de Freitas, Paulo Afonso, Barreiras, Vit\u00f3ria da Conquista e Guanambi. A companhia afirma que a suspens\u00e3o se deve \u00e0 uma reestrutura\u00e7\u00e3o de sua malha a\u00e9rea. A mesma empresa a\u00e9rea encerrou a linha [&hellip;]<\/p>\n","protected":false},"author":22,"featured_media":808507,"comment_status":"closed","ping_status":"closed","sticky":false,"template":"","format":"standard","meta":[],"categories":[14,3],"tags":[2810,73,532,1131],"acf":[],"yoast_head":"<!-- This site is optimized with the Yoast SEO plugin v20.8 - https:\/\/yoast.com\/wordpress\/plugins\/seo\/ -->\n<title>EMPRESA A\u00c9REA SUSPENDE VIAGENS ENTRE SALVADOR E OUTRAS SEIS CIDADES BAIANAS - Bahia Economica<\/title>\n<meta name=\"description\" content=\"O maior portal de Economia da Bahia DESTAQUE DO DIA, ECONOMIA \/ POL\u00cdTICA Bahia Economica\" \/>\n<meta name=\"robots\" content=\"index, follow, max-snippet:-1, max-image-preview:large, max-video-preview:-1\" \/>\n<link rel=\"canonical\" href=\"https:\/\/bahiaeconomica.com.br\/wp\/2024\/04\/02\/empresa-aerea-suspende-viagens-entre-salvador-e-outras-seis-cidades-baianas\/\" \/>\n<meta property=\"og:locale\" content=\"pt_BR\" \/>\n<meta property=\"og:type\" content=\"article\" \/>\n<meta property=\"og:title\" content=\"EMPRESA A\u00c9REA SUSPENDE VIAGENS ENTRE SALVADOR E OUTRAS SEIS CIDADES BAIANAS - Bahia Economica\" \/>\n<meta property=\"og:description\" content=\"O maior portal de Economia da Bahia DESTAQUE DO DIA, ECONOMIA \/ POL\u00cdTICA Bahia Economica\" \/>\n<meta property=\"og:url\" content=\"https:\/\/bahiaeconomica.com.br\/wp\/2024\/04\/02\/empresa-aerea-suspende-viagens-entre-salvador-e-outras-seis-cidades-baianas\/\" \/>\n<meta property=\"og:site_name\" content=\"Bahia Economica\" \/>\n<meta property=\"article:publisher\" content=\"https:\/\/www.facebook.com\/bahiaeconomica\" \/>\n<meta property=\"article:published_time\" content=\"2024-04-02T11:59:54+00:00\" \/>\n<meta property=\"article:modified_time\" content=\"2024-04-02T12:03:51+00:00\" \/>\n<meta property=\"og:image\" content=\"https:\/\/bahiaeconomica.com.br\/wp\/wp-content\/uploads\/2024\/04\/11.png\" \/>\n\t<meta property=\"og:image:width\" content=\"984\" \/>\n\t<meta property=\"og:image:height\" content=\"670\" \/>\n\t<meta property=\"og:image:type\" content=\"image\/png\" \/>\n<meta name=\"author\" content=\"Matheus Souza\" \/>\n<meta name=\"twitter:card\" content=\"summary_large_image\" \/>\n<meta name=\"twitter:label1\" content=\"Escrito por\" \/>\n\t<meta name=\"twitter:data1\" content=\"Matheus Souza\" \/>\n\t<meta name=\"twitter:label2\" content=\"Est. tempo de leitura\" \/>\n\t<meta name=\"twitter:data2\" content=\"2 minutos\" \/>\n<script type=\"application\/ld+json\" class=\"yoast-schema-graph\">{\"@context\":\"https:\/\/schema.org\",\"@graph\":[{\"@type\":\"Article\",\"@id\":\"https:\/\/bahiaeconomica.com.br\/wp\/2024\/04\/02\/empresa-aerea-suspende-viagens-entre-salvador-e-outras-seis-cidades-baianas\/#article\",\"isPartOf\":{\"@id\":\"https:\/\/bahiaeconomica.com.br\/wp\/2024\/04\/02\/empresa-aerea-suspende-viagens-entre-salvador-e-outras-seis-cidades-baianas\/\"},\"author\":{\"name\":\"Matheus Souza\",\"@id\":\"https:\/\/bahiaeconomica.com.br\/wp\/#\/schema\/person\/3304d50cfd32353c7d08c39066638997\"},\"headline\":\"EMPRESA A\u00c9REA SUSPENDE VIAGENS ENTRE SALVADOR E OUTRAS SEIS CIDADES BAIANAS\",\"datePublished\":\"2024-04-02T11:59:54+00:00\",\"dateModified\":\"2024-04-02T12:03:51+00:00\",\"mainEntityOfPage\":{\"@id\":\"https:\/\/bahiaeconomica.com.br\/wp\/2024\/04\/02\/empresa-aerea-suspende-viagens-entre-salvador-e-outras-seis-cidades-baianas\/\"},\"wordCount\":241,\"publisher\":{\"@id\":\"https:\/\/bahiaeconomica.com.br\/wp\/#organization\"},\"keywords\":[\"cancelamento\",\"Salvador\",\"Suspens\u00e3o\",\"voos\"],\"articleSection\":[\"DESTAQUE DO DIA\",\"ECONOMIA \/ POL\u00cdTICA\"],\"inLanguage\":\"pt-BR\"},{\"@type\":\"WebPage\",\"@id\":\"https:\/\/bahiaeconomica.com.br\/wp\/2024\/04\/02\/empresa-aerea-suspende-viagens-entre-salvador-e-outras-seis-cidades-baianas\/\",\"url\":\"https:\/\/bahiaeconomica.com.br\/wp\/2024\/04\/02\/empresa-aerea-suspende-viagens-entre-salvador-e-outras-seis-cidades-baianas\/\",\"name\":\"EMPRESA A\u00c9REA SUSPENDE VIAGENS ENTRE SALVADOR E OUTRAS SEIS CIDADES BAIANAS - Bahia Economica\",\"isPartOf\":{\"@id\":\"https:\/\/bahiaeconomica.com.br\/wp\/#website\"},\"datePublished\":\"2024-04-02T11:59:54+00:00\",\"dateModified\":\"2024-04-02T12:03:51+00:00\",\"description\":\"O maior portal de Economia da Bahia DESTAQUE DO DIA, ECONOMIA \/ POL\u00cdTICA Bahia Economica\",\"breadcrumb\":{\"@id\":\"https:\/\/bahiaeconomica.com.br\/wp\/2024\/04\/02\/empresa-aerea-suspende-viagens-entre-salvador-e-outras-seis-cidades-baianas\/#breadcrumb\"},\"inLanguage\":\"pt-BR\",\"potentialAction\":[{\"@type\":\"ReadAction\",\"target\":[\"https:\/\/bahiaeconomica.com.br\/wp\/2024\/04\/02\/empresa-aerea-suspende-viagens-entre-salvador-e-outras-seis-cidades-baianas\/\"]}]},{\"@type\":\"BreadcrumbList\",\"@id\":\"https:\/\/bahiaeconomica.com.br\/wp\/2024\/04\/02\/empresa-aerea-suspende-viagens-entre-salvador-e-outras-seis-cidades-baianas\/#breadcrumb\",\"itemListElement\":[{\"@type\":\"ListItem\",\"position\":1,\"name\":\"In\u00edcio\",\"item\":\"https:\/\/bahiaeconomica.com.br\/wp\/\"},{\"@type\":\"ListItem\",\"position\":2,\"name\":\"EMPRESA A\u00c9REA SUSPENDE VIAGENS ENTRE SALVADOR E OUTRAS SEIS CIDADES BAIANAS\"}]},{\"@type\":\"WebSite\",\"@id\":\"https:\/\/bahiaeconomica.com.br\/wp\/#website\",\"url\":\"https:\/\/bahiaeconomica.com.br\/wp\/\",\"name\":\"Bahia Economica\",\"description\":\"O maior portal de Economia da Bahia\",\"publisher\":{\"@id\":\"https:\/\/bahiaeconomica.com.br\/wp\/#organization\"},\"potentialAction\":[{\"@type\":\"SearchAction\",\"target\":{\"@type\":\"EntryPoint\",\"urlTemplate\":\"https:\/\/bahiaeconomica.com.br\/wp\/?s={search_term_string}\"},\"query-input\":\"required name=search_term_string\"}],\"inLanguage\":\"pt-BR\"},{\"@type\":\"Organization\",\"@id\":\"https:\/\/bahiaeconomica.com.br\/wp\/#organization\",\"name\":\"Bahia Econ\u00f4mica\",\"url\":\"https:\/\/bahiaeconomica.com.br\/wp\/\",\"logo\":{\"@type\":\"ImageObject\",\"inLanguage\":\"pt-BR\",\"@id\":\"https:\/\/bahiaeconomica.com.br\/wp\/#\/schema\/logo\/image\/\",\"url\":\"https:\/\/bahiaeconomica.com.br\/wp\/wp-content\/uploads\/2020\/12\/cropped-BE.png\",\"contentUrl\":\"https:\/\/bahiaeconomica.com.br\/wp\/wp-content\/uploads\/2020\/12\/cropped-BE.png\",\"width\":512,\"height\":512,\"caption\":\"Bahia Econ\u00f4mica\"},\"image\":{\"@id\":\"https:\/\/bahiaeconomica.com.br\/wp\/#\/schema\/logo\/image\/\"},\"sameAs\":[\"https:\/\/www.facebook.com\/bahiaeconomica\"]},{\"@type\":\"Person\",\"@id\":\"https:\/\/bahiaeconomica.com.br\/wp\/#\/schema\/person\/3304d50cfd32353c7d08c39066638997\",\"name\":\"Matheus Souza\",\"sameAs\":[\"http:\/\/www.bahiaeconomica.com.br\"],\"url\":\"https:\/\/bahiaeconomica.com.br\/wp\/author\/matheus-souza\/\"}]}<\/script>\n<!-- \/ Yoast SEO plugin. -->","yoast_head_json":{"title":"EMPRESA A\u00c9REA SUSPENDE VIAGENS ENTRE SALVADOR E OUTRAS SEIS CIDADES BAIANAS - Bahia Economica","description":"O maior portal de Economia da Bahia DESTAQUE DO DIA, ECONOMIA \/ POL\u00cdTICA Bahia Economica","robots":{"index":"index","follow":"follow","max-snippet":"max-snippet:-1","max-image-preview":"max-image-preview:large","max-video-preview":"max-video-preview:-1"},"canonical":"https:\/\/bahiaeconomica.com.br\/wp\/2024\/04\/02\/empresa-aerea-suspende-viagens-entre-salvador-e-outras-seis-cidades-baianas\/","og_locale":"pt_BR","og_type":"article","og_title":"EMPRESA A\u00c9REA SUSPENDE VIAGENS ENTRE SALVADOR E OUTRAS SEIS CIDADES BAIANAS - Bahia Economica","og_description":"O maior portal de Economia da Bahia DESTAQUE DO DIA, ECONOMIA \/ POL\u00cdTICA Bahia Economica","og_url":"https:\/\/bahiaeconomica.com.br\/wp\/2024\/04\/02\/empresa-aerea-suspende-viagens-entre-salvador-e-outras-seis-cidades-baianas\/","og_site_name":"Bahia Economica","article_publisher":"https:\/\/www.facebook.com\/bahiaeconomica","article_published_time":"2024-04-02T11:59:54+00:00","article_modified_time":"2024-04-02T12:03:51+00:00","og_image":[{"width":984,"height":670,"url":"https:\/\/bahiaeconomica.com.br\/wp\/wp-content\/uploads\/2024\/04\/11.png","type":"image\/png"}],"author":"Matheus Souza","twitter_card":"summary_large_image","twitter_misc":{"Escrito por":"Matheus Souza","Est. tempo de leitura":"2 minutos"},"schema":{"@context":"https:\/\/schema.org","@graph":[{"@type":"Article","@id":"https:\/\/bahiaeconomica.com.br\/wp\/2024\/04\/02\/empresa-aerea-suspende-viagens-entre-salvador-e-outras-seis-cidades-baianas\/#article","isPartOf":{"@id":"https:\/\/bahiaeconomica.com.br\/wp\/2024\/04\/02\/empresa-aerea-suspende-viagens-entre-salvador-e-outras-seis-cidades-baianas\/"},"author":{"name":"Matheus Souza","@id":"https:\/\/bahiaeconomica.com.br\/wp\/#\/schema\/person\/3304d50cfd32353c7d08c39066638997"},"headline":"EMPRESA A\u00c9REA SUSPENDE VIAGENS ENTRE SALVADOR E OUTRAS SEIS CIDADES BAIANAS","datePublished":"2024-04-02T11:59:54+00:00","dateModified":"2024-04-02T12:03:51+00:00","mainEntityOfPage":{"@id":"https:\/\/bahiaeconomica.com.br\/wp\/2024\/04\/02\/empresa-aerea-suspende-viagens-entre-salvador-e-outras-seis-cidades-baianas\/"},"wordCount":241,"publisher":{"@id":"https:\/\/bahiaeconomica.com.br\/wp\/#organization"},"keywords":["cancelamento","Salvador","Suspens\u00e3o","voos"],"articleSection":["DESTAQUE DO DIA","ECONOMIA \/ POL\u00cdTICA"],"inLanguage":"pt-BR"},{"@type":"WebPage","@id":"https:\/\/bahiaeconomica.com.br\/wp\/2024\/04\/02\/empresa-aerea-suspende-viagens-entre-salvador-e-outras-seis-cidades-baianas\/","url":"https:\/\/bahiaeconomica.com.br\/wp\/2024\/04\/02\/empresa-aerea-suspende-viagens-entre-salvador-e-outras-seis-cidades-baianas\/","name":"EMPRESA A\u00c9REA SUSPENDE VIAGENS ENTRE SALVADOR E OUTRAS SEIS CIDADES BAIANAS - Bahia Economica","isPartOf":{"@id":"https:\/\/bahiaeconomica.com.br\/wp\/#website"},"datePublished":"2024-04-02T11:59:54+00:00","dateModified":"2024-04-02T12:03:51+00:00","description":"O maior portal de Economia da Bahia DESTAQUE DO DIA, ECONOMIA \/ POL\u00cdTICA Bahia Economica","breadcrumb":{"@id":"https:\/\/bahiaeconomica.com.br\/wp\/2024\/04\/02\/empresa-aerea-suspende-viagens-entre-salvador-e-outras-seis-cidades-baianas\/#breadcrumb"},"inLanguage":"pt-BR","potentialAction":[{"@type":"ReadAction","target":["https:\/\/bahiaeconomica.com.br\/wp\/2024\/04\/02\/empresa-aerea-suspende-viagens-entre-salvador-e-outras-seis-cidades-baianas\/"]}]},{"@type":"BreadcrumbList","@id":"https:\/\/bahiaeconomica.com.br\/wp\/2024\/04\/02\/empresa-aerea-suspende-viagens-entre-salvador-e-outras-seis-cidades-baianas\/#breadcrumb","itemListElement":[{"@type":"ListItem","position":1,"name":"In\u00edcio","item":"https:\/\/bahiaeconomica.com.br\/wp\/"},{"@type":"ListItem","position":2,"name":"EMPRESA A\u00c9REA SUSPENDE VIAGENS ENTRE SALVADOR E OUTRAS SEIS CIDADES BAIANAS"}]},{"@type":"WebSite","@id":"https:\/\/bahiaeconomica.com.br\/wp\/#website","url":"https:\/\/bahiaeconomica.com.br\/wp\/","name":"Bahia Economica","description":"O maior portal de Economia da Bahia","publisher":{"@id":"https:\/\/bahiaeconomica.com.br\/wp\/#organization"},"potentialAction":[{"@type":"SearchAction","target":{"@type":"EntryPoint","urlTemplate":"https:\/\/bahiaeconomica.com.br\/wp\/?s={search_term_string}"},"query-input":"required name=search_term_string"}],"inLanguage":"pt-BR"},{"@type":"Organization","@id":"https:\/\/bahiaeconomica.com.br\/wp\/#organization","name":"Bahia Econ\u00f4mica","url":"https:\/\/bahiaeconomica.com.br\/wp\/","logo":{"@type":"ImageObject","inLanguage":"pt-BR","@id":"https:\/\/bahiaeconomica.com.br\/wp\/#\/schema\/logo\/image\/","url":"https:\/\/bahiaeconomica.com.br\/wp\/wp-content\/uploads\/2020\/12\/cropped-BE.png","contentUrl":"https:\/\/bahiaeconomica.com.br\/wp\/wp-content\/uploads\/2020\/12\/cropped-BE.png","width":512,"height":512,"caption":"Bahia Econ\u00f4mica"},"image":{"@id":"https:\/\/bahiaeconomica.com.br\/wp\/#\/schema\/logo\/image\/"},"sameAs":["https:\/\/www.facebook.com\/bahiaeconomica"]},{"@type":"Person","@id":"https:\/\/bahiaeconomica.com.br\/wp\/#\/schema\/person\/3304d50cfd32353c7d08c39066638997","name":"Matheus Souza","sameAs":["http:\/\/www.bahiaeconomica.com.br"],"url":"https:\/\/bahiaeconomica.com.br\/wp\/author\/matheus-souza\/"}]}},"views":104,"_links":{"self":[{"href":"https:\/\/bahiaeconomica.com.br\/wp\/wp-json\/wp\/v2\/posts\/808505"}],"collection":[{"href":"https:\/\/bahiaeconomica.com.br\/wp\/wp-json\/wp\/v2\/posts"}],"about":[{"href":"https:\/\/bahiaeconomica.com.br\/wp\/wp-json\/wp\/v2\/types\/post"}],"author":[{"embeddable":true,"href":"https:\/\/bahiaeconomica.com.br\/wp\/wp-json\/wp\/v2\/users\/22"}],"replies":[{"embeddable":true,"href":"https:\/\/bahiaeconomica.com.br\/wp\/wp-json\/wp\/v2\/comments?post=808505"}],"version-history":[{"count":1,"href":"https:\/\/bahiaeconomica.com.br\/wp\/wp-json\/wp\/v2\/posts\/808505\/revisions"}],"predecessor-version":[{"id":808510,"href":"https:\/\/bahiaeconomica.com.br\/wp\/wp-json\/wp\/v2\/posts\/808505\/revisions\/808510"}],"wp:featuredmedia":[{"embeddable":true,"href":"https:\/\/bahiaeconomica.com.br\/wp\/wp-json\/wp\/v2\/media\/808507"}],"wp:attachment":[{"href":"https:\/\/bahiaeconomica.com.br\/wp\/wp-json\/wp\/v2\/media?parent=808505"}],"wp:term":[{"taxonomy":"category","embeddable":true,"href":"https:\/\/bahiaeconomica.com.br\/wp\/wp-json\/wp\/v2\/categories?post=808505"},{"taxonomy":"post_tag","embeddable":true,"href":"https:\/\/bahiaeconomica.com.br\/wp\/wp-json\/wp\/v2\/tags?post=808505"}],"curies":[{"name":"wp","href":"https:\/\/api.w.org\/{rel}","templated":true}]}}