{"id":807875,"date":"2024-03-28T15:57:34","date_gmt":"2024-03-28T18:57:34","guid":{"rendered":"https:\/\/bahiaeconomica.com.br\/wp\/?p=807875"},"modified":"2024-03-28T15:57:34","modified_gmt":"2024-03-28T18:57:34","slug":"ministerio-da-educacao-e-inep-divulgam-resultados-alarmantes-do-censo-escolar-2023","status":"publish","type":"post","link":"https:\/\/bahiaeconomica.com.br\/wp\/2024\/03\/28\/ministerio-da-educacao-e-inep-divulgam-resultados-alarmantes-do-censo-escolar-2023\/","title":{"rendered":"MINIST\u00c9RIO DA EDUCA\u00c7\u00c3O E INEP DIVULGAM RESULTADOS ALARMANTES DO CENSO ESCOLAR 2023"},"content":{"rendered":"<p>O Minist\u00e9rio da Educa\u00e7\u00e3o (MEC) e o Instituto Nacional de Estudos e Pesquisas Educacionais An\u00edsio Teixeira (INEP) lan\u00e7aram, nessas \u00faltimas semanas, os resultados da primeira etapa do Censo Escolar 2023. Este censo \u00e9 uma ferramenta importante para entender a realidade da educa\u00e7\u00e3o b\u00e1sica no Brasil, abrangendo desde a educa\u00e7\u00e3o infantil at\u00e9 o ensino m\u00e9dio. No entanto, os dados que foram divulgados, apontaram altos \u00edndices de evas\u00e3o e reprova\u00e7\u00e3o, principalmente no ensino m\u00e9dio.<\/p>\n<p>De acordo com a avalia\u00e7\u00e3o de Rodrigo Godoy, CEO da FdG (Funda\u00e7\u00e3o da Gide), os resultados do Censo 2023 refletem uma realidade preocupante, que requer uma a\u00e7\u00e3o imediata por parte de todos os envolvidos no sistema educacional. &#8220;A alta taxa de evas\u00e3o e reprova\u00e7\u00e3o no ensino m\u00e9dio demonstra a urg\u00eancia de investimentos e pol\u00edticas direcionadas para a melhoria da qualidade da educa\u00e7\u00e3o e para a reten\u00e7\u00e3o dos alunos nas escolas&#8221;, explica.<\/p>\n<p>Al\u00e9m disso, Godoy destaca que \u00e9 necess\u00e1rio que o poder p\u00fablico, as institui\u00e7\u00f5es de ensino e a sociedade como um todo unam esfor\u00e7os para enfrentar esse desafio. &#8220;A educa\u00e7\u00e3o \u00e9 o pilar fundamental para o desenvolvimento de uma na\u00e7\u00e3o e devemos garantir que todos os jovens tenham acesso a uma educa\u00e7\u00e3o de qualidade, independente de sua origem ou condi\u00e7\u00e3o socioecon\u00f4mica&#8221;, ressalta o especialista.<\/p>\n<p>Segundo as estat\u00edsticas reveladas, a taxa de evas\u00e3o escolar na etapa do ensino m\u00e9dio atingiu 6%, enquanto a taxa de reprova\u00e7\u00e3o nesse mesmo per\u00edodo foi de 3,9%. Esses n\u00fameros alarmantes mostram n\u00e3o apenas um desafio educacional, mas tamb\u00e9m uma preocupa\u00e7\u00e3o social e econ\u00f4mica significativa para o pa\u00eds.<\/p>\n<p>A evas\u00e3o escolar n\u00e3o s\u00f3 prejudica o futuro dos jovens, privando-os de oportunidades de crescimento pessoal e profissional, mas tamb\u00e9m afeta negativamente o progresso social e econ\u00f4mico do Brasil. Estudos apontam que fam\u00edlias em situa\u00e7\u00e3o de vulnerabilidade social levam, em m\u00e9dia, oito gera\u00e7\u00f5es para alcan\u00e7ar qualquer progresso. Atualmente, mais de 68 milh\u00f5es de brasileiros acima de 18 anos n\u00e3o conclu\u00edram a educa\u00e7\u00e3o b\u00e1sica e n\u00e3o est\u00e3o no ambiente escolar.<\/p>\n<p>&nbsp;<\/p>\n<p>Foto: Divulga\u00e7\u00e3o<\/p>\n<p>&nbsp;<\/p>\n","protected":false},"excerpt":{"rendered":"<p>O Minist\u00e9rio da Educa\u00e7\u00e3o (MEC) e o Instituto Nacional de Estudos e Pesquisas Educacionais An\u00edsio Teixeira (INEP) lan\u00e7aram, nessas \u00faltimas semanas, os resultados da primeira etapa do Censo Escolar 2023. Este censo \u00e9 uma ferramenta importante para entender a realidade da educa\u00e7\u00e3o b\u00e1sica no Brasil, abrangendo desde a educa\u00e7\u00e3o infantil at\u00e9 o ensino m\u00e9dio. No [&hellip;]<\/p>\n","protected":false},"author":19,"featured_media":771044,"comment_status":"closed","ping_status":"closed","sticky":false,"template":"","format":"standard","meta":[],"categories":[21],"tags":[52,567,255,417],"acf":[],"yoast_head":"<!-- This site is optimized with the Yoast SEO plugin v20.8 - https:\/\/yoast.com\/wordpress\/plugins\/seo\/ -->\n<title>MINIST\u00c9RIO DA EDUCA\u00c7\u00c3O E INEP DIVULGAM RESULTADOS ALARMANTES DO CENSO ESCOLAR 2023 - Bahia Economica<\/title>\n<meta name=\"description\" content=\"O maior portal de Economia da Bahia Sa\u00fade \/ Educa\u00e7\u00e3o Bahia Economica O Minist\u00e9rio da Educa\u00e7\u00e3o (MEC) e o Instituto Nacional de Estudos\" \/>\n<meta name=\"robots\" content=\"index, follow, max-snippet:-1, max-image-preview:large, max-video-preview:-1\" \/>\n<link rel=\"canonical\" href=\"https:\/\/bahiaeconomica.com.br\/wp\/2024\/03\/28\/ministerio-da-educacao-e-inep-divulgam-resultados-alarmantes-do-censo-escolar-2023\/\" \/>\n<meta property=\"og:locale\" content=\"pt_BR\" \/>\n<meta property=\"og:type\" content=\"article\" \/>\n<meta property=\"og:title\" content=\"MINIST\u00c9RIO DA EDUCA\u00c7\u00c3O E INEP DIVULGAM RESULTADOS ALARMANTES DO CENSO ESCOLAR 2023 - Bahia Economica\" \/>\n<meta property=\"og:description\" content=\"O maior portal de Economia da Bahia Sa\u00fade \/ Educa\u00e7\u00e3o Bahia Economica O Minist\u00e9rio da Educa\u00e7\u00e3o (MEC) e o Instituto Nacional de Estudos\" \/>\n<meta property=\"og:url\" content=\"https:\/\/bahiaeconomica.com.br\/wp\/2024\/03\/28\/ministerio-da-educacao-e-inep-divulgam-resultados-alarmantes-do-censo-escolar-2023\/\" \/>\n<meta property=\"og:site_name\" content=\"Bahia Economica\" \/>\n<meta property=\"article:publisher\" content=\"https:\/\/www.facebook.com\/bahiaeconomica\" \/>\n<meta property=\"article:published_time\" content=\"2024-03-28T18:57:34+00:00\" \/>\n<meta property=\"og:image\" content=\"https:\/\/bahiaeconomica.com.br\/wp\/wp-content\/uploads\/2023\/10\/Escolas-estaduais-mobilizam-estudantes.jpeg\" \/>\n\t<meta property=\"og:image:width\" content=\"1600\" \/>\n\t<meta property=\"og:image:height\" content=\"1067\" \/>\n\t<meta property=\"og:image:type\" content=\"image\/jpeg\" \/>\n<meta name=\"author\" content=\"LIZANDRA MUNIZ\" \/>\n<meta name=\"twitter:card\" content=\"summary_large_image\" \/>\n<meta name=\"twitter:label1\" content=\"Escrito por\" \/>\n\t<meta name=\"twitter:data1\" content=\"LIZANDRA MUNIZ\" \/>\n\t<meta name=\"twitter:label2\" content=\"Est. tempo de leitura\" \/>\n\t<meta name=\"twitter:data2\" content=\"2 minutos\" \/>\n<script type=\"application\/ld+json\" class=\"yoast-schema-graph\">{\"@context\":\"https:\/\/schema.org\",\"@graph\":[{\"@type\":\"Article\",\"@id\":\"https:\/\/bahiaeconomica.com.br\/wp\/2024\/03\/28\/ministerio-da-educacao-e-inep-divulgam-resultados-alarmantes-do-censo-escolar-2023\/#article\",\"isPartOf\":{\"@id\":\"https:\/\/bahiaeconomica.com.br\/wp\/2024\/03\/28\/ministerio-da-educacao-e-inep-divulgam-resultados-alarmantes-do-censo-escolar-2023\/\"},\"author\":{\"name\":\"LIZANDRA MUNIZ\",\"@id\":\"https:\/\/bahiaeconomica.com.br\/wp\/#\/schema\/person\/0868b18bbfdd29723e44135140f35148\"},\"headline\":\"MINIST\u00c9RIO DA EDUCA\u00c7\u00c3O E INEP DIVULGAM RESULTADOS ALARMANTES DO CENSO ESCOLAR 2023\",\"datePublished\":\"2024-03-28T18:57:34+00:00\",\"dateModified\":\"2024-03-28T18:57:34+00:00\",\"mainEntityOfPage\":{\"@id\":\"https:\/\/bahiaeconomica.com.br\/wp\/2024\/03\/28\/ministerio-da-educacao-e-inep-divulgam-resultados-alarmantes-do-censo-escolar-2023\/\"},\"wordCount\":389,\"publisher\":{\"@id\":\"https:\/\/bahiaeconomica.com.br\/wp\/#organization\"},\"keywords\":[\"Brasil\",\"Educa\u00e7\u00e3o\",\"INEP\",\"MEC\"],\"articleSection\":[\"Sa\u00fade \/ Educa\u00e7\u00e3o\"],\"inLanguage\":\"pt-BR\"},{\"@type\":\"WebPage\",\"@id\":\"https:\/\/bahiaeconomica.com.br\/wp\/2024\/03\/28\/ministerio-da-educacao-e-inep-divulgam-resultados-alarmantes-do-censo-escolar-2023\/\",\"url\":\"https:\/\/bahiaeconomica.com.br\/wp\/2024\/03\/28\/ministerio-da-educacao-e-inep-divulgam-resultados-alarmantes-do-censo-escolar-2023\/\",\"name\":\"MINIST\u00c9RIO DA EDUCA\u00c7\u00c3O E INEP DIVULGAM RESULTADOS ALARMANTES DO CENSO ESCOLAR 2023 - Bahia Economica\",\"isPartOf\":{\"@id\":\"https:\/\/bahiaeconomica.com.br\/wp\/#website\"},\"datePublished\":\"2024-03-28T18:57:34+00:00\",\"dateModified\":\"2024-03-28T18:57:34+00:00\",\"description\":\"O maior portal de Economia da Bahia Sa\u00fade \/ Educa\u00e7\u00e3o Bahia Economica O Minist\u00e9rio da Educa\u00e7\u00e3o (MEC) e o Instituto Nacional de Estudos\",\"breadcrumb\":{\"@id\":\"https:\/\/bahiaeconomica.com.br\/wp\/2024\/03\/28\/ministerio-da-educacao-e-inep-divulgam-resultados-alarmantes-do-censo-escolar-2023\/#breadcrumb\"},\"inLanguage\":\"pt-BR\",\"potentialAction\":[{\"@type\":\"ReadAction\",\"target\":[\"https:\/\/bahiaeconomica.com.br\/wp\/2024\/03\/28\/ministerio-da-educacao-e-inep-divulgam-resultados-alarmantes-do-censo-escolar-2023\/\"]}]},{\"@type\":\"BreadcrumbList\",\"@id\":\"https:\/\/bahiaeconomica.com.br\/wp\/2024\/03\/28\/ministerio-da-educacao-e-inep-divulgam-resultados-alarmantes-do-censo-escolar-2023\/#breadcrumb\",\"itemListElement\":[{\"@type\":\"ListItem\",\"position\":1,\"name\":\"In\u00edcio\",\"item\":\"https:\/\/bahiaeconomica.com.br\/wp\/\"},{\"@type\":\"ListItem\",\"position\":2,\"name\":\"MINIST\u00c9RIO DA EDUCA\u00c7\u00c3O E INEP DIVULGAM RESULTADOS ALARMANTES DO CENSO ESCOLAR 2023\"}]},{\"@type\":\"WebSite\",\"@id\":\"https:\/\/bahiaeconomica.com.br\/wp\/#website\",\"url\":\"https:\/\/bahiaeconomica.com.br\/wp\/\",\"name\":\"Bahia Economica\",\"description\":\"O maior portal de Economia da Bahia\",\"publisher\":{\"@id\":\"https:\/\/bahiaeconomica.com.br\/wp\/#organization\"},\"potentialAction\":[{\"@type\":\"SearchAction\",\"target\":{\"@type\":\"EntryPoint\",\"urlTemplate\":\"https:\/\/bahiaeconomica.com.br\/wp\/?s={search_term_string}\"},\"query-input\":\"required name=search_term_string\"}],\"inLanguage\":\"pt-BR\"},{\"@type\":\"Organization\",\"@id\":\"https:\/\/bahiaeconomica.com.br\/wp\/#organization\",\"name\":\"Bahia Econ\u00f4mica\",\"url\":\"https:\/\/bahiaeconomica.com.br\/wp\/\",\"logo\":{\"@type\":\"ImageObject\",\"inLanguage\":\"pt-BR\",\"@id\":\"https:\/\/bahiaeconomica.com.br\/wp\/#\/schema\/logo\/image\/\",\"url\":\"https:\/\/bahiaeconomica.com.br\/wp\/wp-content\/uploads\/2020\/12\/cropped-BE.png\",\"contentUrl\":\"https:\/\/bahiaeconomica.com.br\/wp\/wp-content\/uploads\/2020\/12\/cropped-BE.png\",\"width\":512,\"height\":512,\"caption\":\"Bahia Econ\u00f4mica\"},\"image\":{\"@id\":\"https:\/\/bahiaeconomica.com.br\/wp\/#\/schema\/logo\/image\/\"},\"sameAs\":[\"https:\/\/www.facebook.com\/bahiaeconomica\"]},{\"@type\":\"Person\",\"@id\":\"https:\/\/bahiaeconomica.com.br\/wp\/#\/schema\/person\/0868b18bbfdd29723e44135140f35148\",\"name\":\"LIZANDRA MUNIZ\",\"sameAs\":[\"http:\/\/www.bahiaeconomica.com.br\"],\"url\":\"https:\/\/bahiaeconomica.com.br\/wp\/author\/lizandra-muniz\/\"}]}<\/script>\n<!-- \/ Yoast SEO plugin. -->","yoast_head_json":{"title":"MINIST\u00c9RIO DA EDUCA\u00c7\u00c3O E INEP DIVULGAM RESULTADOS ALARMANTES DO CENSO ESCOLAR 2023 - Bahia Economica","description":"O maior portal de Economia da Bahia Sa\u00fade \/ Educa\u00e7\u00e3o Bahia Economica O Minist\u00e9rio da Educa\u00e7\u00e3o (MEC) e o Instituto Nacional de Estudos","robots":{"index":"index","follow":"follow","max-snippet":"max-snippet:-1","max-image-preview":"max-image-preview:large","max-video-preview":"max-video-preview:-1"},"canonical":"https:\/\/bahiaeconomica.com.br\/wp\/2024\/03\/28\/ministerio-da-educacao-e-inep-divulgam-resultados-alarmantes-do-censo-escolar-2023\/","og_locale":"pt_BR","og_type":"article","og_title":"MINIST\u00c9RIO DA EDUCA\u00c7\u00c3O E INEP DIVULGAM RESULTADOS ALARMANTES DO CENSO ESCOLAR 2023 - Bahia Economica","og_description":"O maior portal de Economia da Bahia Sa\u00fade \/ Educa\u00e7\u00e3o Bahia Economica O Minist\u00e9rio da Educa\u00e7\u00e3o (MEC) e o Instituto Nacional de Estudos","og_url":"https:\/\/bahiaeconomica.com.br\/wp\/2024\/03\/28\/ministerio-da-educacao-e-inep-divulgam-resultados-alarmantes-do-censo-escolar-2023\/","og_site_name":"Bahia Economica","article_publisher":"https:\/\/www.facebook.com\/bahiaeconomica","article_published_time":"2024-03-28T18:57:34+00:00","og_image":[{"width":1600,"height":1067,"url":"https:\/\/bahiaeconomica.com.br\/wp\/wp-content\/uploads\/2023\/10\/Escolas-estaduais-mobilizam-estudantes.jpeg","type":"image\/jpeg"}],"author":"LIZANDRA MUNIZ","twitter_card":"summary_large_image","twitter_misc":{"Escrito por":"LIZANDRA MUNIZ","Est. tempo de leitura":"2 minutos"},"schema":{"@context":"https:\/\/schema.org","@graph":[{"@type":"Article","@id":"https:\/\/bahiaeconomica.com.br\/wp\/2024\/03\/28\/ministerio-da-educacao-e-inep-divulgam-resultados-alarmantes-do-censo-escolar-2023\/#article","isPartOf":{"@id":"https:\/\/bahiaeconomica.com.br\/wp\/2024\/03\/28\/ministerio-da-educacao-e-inep-divulgam-resultados-alarmantes-do-censo-escolar-2023\/"},"author":{"name":"LIZANDRA MUNIZ","@id":"https:\/\/bahiaeconomica.com.br\/wp\/#\/schema\/person\/0868b18bbfdd29723e44135140f35148"},"headline":"MINIST\u00c9RIO DA EDUCA\u00c7\u00c3O E INEP DIVULGAM RESULTADOS ALARMANTES DO CENSO ESCOLAR 2023","datePublished":"2024-03-28T18:57:34+00:00","dateModified":"2024-03-28T18:57:34+00:00","mainEntityOfPage":{"@id":"https:\/\/bahiaeconomica.com.br\/wp\/2024\/03\/28\/ministerio-da-educacao-e-inep-divulgam-resultados-alarmantes-do-censo-escolar-2023\/"},"wordCount":389,"publisher":{"@id":"https:\/\/bahiaeconomica.com.br\/wp\/#organization"},"keywords":["Brasil","Educa\u00e7\u00e3o","INEP","MEC"],"articleSection":["Sa\u00fade \/ Educa\u00e7\u00e3o"],"inLanguage":"pt-BR"},{"@type":"WebPage","@id":"https:\/\/bahiaeconomica.com.br\/wp\/2024\/03\/28\/ministerio-da-educacao-e-inep-divulgam-resultados-alarmantes-do-censo-escolar-2023\/","url":"https:\/\/bahiaeconomica.com.br\/wp\/2024\/03\/28\/ministerio-da-educacao-e-inep-divulgam-resultados-alarmantes-do-censo-escolar-2023\/","name":"MINIST\u00c9RIO DA EDUCA\u00c7\u00c3O E INEP DIVULGAM RESULTADOS ALARMANTES DO CENSO ESCOLAR 2023 - Bahia Economica","isPartOf":{"@id":"https:\/\/bahiaeconomica.com.br\/wp\/#website"},"datePublished":"2024-03-28T18:57:34+00:00","dateModified":"2024-03-28T18:57:34+00:00","description":"O maior portal de Economia da Bahia Sa\u00fade \/ Educa\u00e7\u00e3o Bahia Economica O Minist\u00e9rio da Educa\u00e7\u00e3o (MEC) e o Instituto Nacional de Estudos","breadcrumb":{"@id":"https:\/\/bahiaeconomica.com.br\/wp\/2024\/03\/28\/ministerio-da-educacao-e-inep-divulgam-resultados-alarmantes-do-censo-escolar-2023\/#breadcrumb"},"inLanguage":"pt-BR","potentialAction":[{"@type":"ReadAction","target":["https:\/\/bahiaeconomica.com.br\/wp\/2024\/03\/28\/ministerio-da-educacao-e-inep-divulgam-resultados-alarmantes-do-censo-escolar-2023\/"]}]},{"@type":"BreadcrumbList","@id":"https:\/\/bahiaeconomica.com.br\/wp\/2024\/03\/28\/ministerio-da-educacao-e-inep-divulgam-resultados-alarmantes-do-censo-escolar-2023\/#breadcrumb","itemListElement":[{"@type":"ListItem","position":1,"name":"In\u00edcio","item":"https:\/\/bahiaeconomica.com.br\/wp\/"},{"@type":"ListItem","position":2,"name":"MINIST\u00c9RIO DA EDUCA\u00c7\u00c3O E INEP DIVULGAM RESULTADOS ALARMANTES DO CENSO ESCOLAR 2023"}]},{"@type":"WebSite","@id":"https:\/\/bahiaeconomica.com.br\/wp\/#website","url":"https:\/\/bahiaeconomica.com.br\/wp\/","name":"Bahia Economica","description":"O maior portal de Economia da Bahia","publisher":{"@id":"https:\/\/bahiaeconomica.com.br\/wp\/#organization"},"potentialAction":[{"@type":"SearchAction","target":{"@type":"EntryPoint","urlTemplate":"https:\/\/bahiaeconomica.com.br\/wp\/?s={search_term_string}"},"query-input":"required name=search_term_string"}],"inLanguage":"pt-BR"},{"@type":"Organization","@id":"https:\/\/bahiaeconomica.com.br\/wp\/#organization","name":"Bahia Econ\u00f4mica","url":"https:\/\/bahiaeconomica.com.br\/wp\/","logo":{"@type":"ImageObject","inLanguage":"pt-BR","@id":"https:\/\/bahiaeconomica.com.br\/wp\/#\/schema\/logo\/image\/","url":"https:\/\/bahiaeconomica.com.br\/wp\/wp-content\/uploads\/2020\/12\/cropped-BE.png","contentUrl":"https:\/\/bahiaeconomica.com.br\/wp\/wp-content\/uploads\/2020\/12\/cropped-BE.png","width":512,"height":512,"caption":"Bahia Econ\u00f4mica"},"image":{"@id":"https:\/\/bahiaeconomica.com.br\/wp\/#\/schema\/logo\/image\/"},"sameAs":["https:\/\/www.facebook.com\/bahiaeconomica"]},{"@type":"Person","@id":"https:\/\/bahiaeconomica.com.br\/wp\/#\/schema\/person\/0868b18bbfdd29723e44135140f35148","name":"LIZANDRA MUNIZ","sameAs":["http:\/\/www.bahiaeconomica.com.br"],"url":"https:\/\/bahiaeconomica.com.br\/wp\/author\/lizandra-muniz\/"}]}},"views":36,"_links":{"self":[{"href":"https:\/\/bahiaeconomica.com.br\/wp\/wp-json\/wp\/v2\/posts\/807875"}],"collection":[{"href":"https:\/\/bahiaeconomica.com.br\/wp\/wp-json\/wp\/v2\/posts"}],"about":[{"href":"https:\/\/bahiaeconomica.com.br\/wp\/wp-json\/wp\/v2\/types\/post"}],"author":[{"embeddable":true,"href":"https:\/\/bahiaeconomica.com.br\/wp\/wp-json\/wp\/v2\/users\/19"}],"replies":[{"embeddable":true,"href":"https:\/\/bahiaeconomica.com.br\/wp\/wp-json\/wp\/v2\/comments?post=807875"}],"version-history":[{"count":1,"href":"https:\/\/bahiaeconomica.com.br\/wp\/wp-json\/wp\/v2\/posts\/807875\/revisions"}],"predecessor-version":[{"id":807900,"href":"https:\/\/bahiaeconomica.com.br\/wp\/wp-json\/wp\/v2\/posts\/807875\/revisions\/807900"}],"wp:featuredmedia":[{"embeddable":true,"href":"https:\/\/bahiaeconomica.com.br\/wp\/wp-json\/wp\/v2\/media\/771044"}],"wp:attachment":[{"href":"https:\/\/bahiaeconomica.com.br\/wp\/wp-json\/wp\/v2\/media?parent=807875"}],"wp:term":[{"taxonomy":"category","embeddable":true,"href":"https:\/\/bahiaeconomica.com.br\/wp\/wp-json\/wp\/v2\/categories?post=807875"},{"taxonomy":"post_tag","embeddable":true,"href":"https:\/\/bahiaeconomica.com.br\/wp\/wp-json\/wp\/v2\/tags?post=807875"}],"curies":[{"name":"wp","href":"https:\/\/api.w.org\/{rel}","templated":true}]}}