{"id":807488,"date":"2024-03-27T13:20:22","date_gmt":"2024-03-27T16:20:22","guid":{"rendered":"https:\/\/bahiaeconomica.com.br\/wp\/?p=807488"},"modified":"2024-03-27T12:56:26","modified_gmt":"2024-03-27T15:56:26","slug":"roma-pontua-bem-em-pesquisa-mesmo-fora-da-disputa","status":"publish","type":"post","link":"https:\/\/bahiaeconomica.com.br\/wp\/2024\/03\/27\/roma-pontua-bem-em-pesquisa-mesmo-fora-da-disputa\/","title":{"rendered":"ROMA PONTUA BEM EM PESQUISA, MESMO FORA DA DISPUTA"},"content":{"rendered":"<p>Mesmo estando fora do p\u00e1reo pela prefeitura de Salvador, o presidente do PL Bahia, Jo\u00e3o Roma, foi lembrado pelos entrevistados da pesquisa Real Time Big Data, divulgada nesta quarta-feira 27). \u00a0Na sondagem estimulada, com os nomes dos pr\u00e9-candidatos, Roma alcan\u00e7ou 13% das inten\u00e7\u00f5es de voto, em empate t\u00e9cnico com o segundo colocado (18%), considerando que a margem de erro \u00e9 de 3% para mais ou para menos.<\/p>\n<p>O prefeito Bruno Reis, que dever\u00e1 ter o apoio do PL, liderou o levantamento, mas obt\u00e9m o seu pior desempenho no cen\u00e1rio com participa\u00e7\u00e3o do l\u00edder liberal. O ex-ministro da Cidadania ficou grato pela confian\u00e7a depositada nele por significativa parcela do eleitorado de Salvador, que mostrou se identificar com as propostas do PL.<\/p>\n<p>Para Roma, apesar de j\u00e1 ter comunicado que n\u00e3o disputar\u00e1 as elei\u00e7\u00f5es municipais deste ano, optando por trabalhar pelas candidaturas do partido no estado, as inser\u00e7\u00f5es comerciais da legenda no r\u00e1dio e na tev\u00ea neste m\u00eas de mar\u00e7o certamente contribu\u00edram pelo bom desempenho dele na pesquisa.<\/p>\n<p>Em um dos comerciais do PL, que est\u00e3o sendo veiculados,\u00a0 feitos pelo marqueteiro Bruno Cartaxo, Jo\u00e3o Roma aparece destacando as bandeiras do partido: menos impostos, mais empregos, comida no prato, combate ao tr\u00e1fico de drogas e a viol\u00eancia gerada por ele, liberdade de express\u00e3o, paz no campo, seguran\u00e7a jur\u00eddica e liberdade de express\u00e3o. \u201cO meu desempenho nesta pesquisa, mesmo n\u00e3o sendo candidato, revela a necessidade de uma aten\u00e7\u00e3o especial a essas bandeiras nas elei\u00e7\u00f5es municipais deste ano. O povo mandou recado\u201d, afirmou Roma.<\/p>\n","protected":false},"excerpt":{"rendered":"<p>Mesmo estando fora do p\u00e1reo pela prefeitura de Salvador, o presidente do PL Bahia, Jo\u00e3o Roma, foi lembrado pelos entrevistados da pesquisa Real Time Big Data, divulgada nesta quarta-feira 27). \u00a0Na sondagem estimulada, com os nomes dos pr\u00e9-candidatos, Roma alcan\u00e7ou 13% das inten\u00e7\u00f5es de voto, em empate t\u00e9cnico com o segundo colocado (18%), considerando que [&hellip;]<\/p>\n","protected":false},"author":8,"featured_media":807489,"comment_status":"closed","ping_status":"closed","sticky":false,"template":"","format":"standard","meta":[],"categories":[14601],"tags":[1404,100,28892],"acf":[],"yoast_head":"<!-- This site is optimized with the Yoast SEO plugin v20.8 - https:\/\/yoast.com\/wordpress\/plugins\/seo\/ -->\n<title>ROMA PONTUA BEM EM PESQUISA, MESMO FORA DA DISPUTA - Bahia Economica<\/title>\n<meta name=\"description\" content=\"O maior portal de Economia da Bahia Pol\u00edtica Bahia Economica p\u00e1reo pela prefeitura de Salvador, o presidente do PL Bahia,\" \/>\n<meta name=\"robots\" content=\"index, follow, max-snippet:-1, max-image-preview:large, max-video-preview:-1\" \/>\n<link rel=\"canonical\" href=\"https:\/\/bahiaeconomica.com.br\/wp\/2024\/03\/27\/roma-pontua-bem-em-pesquisa-mesmo-fora-da-disputa\/\" \/>\n<meta property=\"og:locale\" content=\"pt_BR\" \/>\n<meta property=\"og:type\" content=\"article\" \/>\n<meta property=\"og:title\" content=\"ROMA PONTUA BEM EM PESQUISA, MESMO FORA DA DISPUTA - Bahia Economica\" \/>\n<meta property=\"og:description\" content=\"O maior portal de Economia da Bahia Pol\u00edtica Bahia Economica p\u00e1reo pela prefeitura de Salvador, o presidente do PL Bahia,\" \/>\n<meta property=\"og:url\" content=\"https:\/\/bahiaeconomica.com.br\/wp\/2024\/03\/27\/roma-pontua-bem-em-pesquisa-mesmo-fora-da-disputa\/\" \/>\n<meta property=\"og:site_name\" content=\"Bahia Economica\" \/>\n<meta property=\"article:publisher\" content=\"https:\/\/www.facebook.com\/bahiaeconomica\" \/>\n<meta property=\"article:published_time\" content=\"2024-03-27T16:20:22+00:00\" \/>\n<meta property=\"article:modified_time\" content=\"2024-03-27T15:56:26+00:00\" \/>\n<meta property=\"og:image\" content=\"https:\/\/bahiaeconomica.com.br\/wp\/wp-content\/uploads\/2024\/03\/WhatsApp-Image-2024-03-27-at-12.35.33.jpeg\" \/>\n\t<meta property=\"og:image:width\" content=\"1290\" \/>\n\t<meta property=\"og:image:height\" content=\"654\" \/>\n\t<meta property=\"og:image:type\" content=\"image\/jpeg\" \/>\n<meta name=\"author\" content=\"JP\" \/>\n<meta name=\"twitter:card\" content=\"summary_large_image\" \/>\n<meta name=\"twitter:label1\" content=\"Escrito por\" \/>\n\t<meta name=\"twitter:data1\" content=\"JP\" \/>\n\t<meta name=\"twitter:label2\" content=\"Est. tempo de leitura\" \/>\n\t<meta name=\"twitter:data2\" content=\"2 minutos\" \/>\n<script type=\"application\/ld+json\" class=\"yoast-schema-graph\">{\"@context\":\"https:\/\/schema.org\",\"@graph\":[{\"@type\":\"Article\",\"@id\":\"https:\/\/bahiaeconomica.com.br\/wp\/2024\/03\/27\/roma-pontua-bem-em-pesquisa-mesmo-fora-da-disputa\/#article\",\"isPartOf\":{\"@id\":\"https:\/\/bahiaeconomica.com.br\/wp\/2024\/03\/27\/roma-pontua-bem-em-pesquisa-mesmo-fora-da-disputa\/\"},\"author\":{\"name\":\"JP\",\"@id\":\"https:\/\/bahiaeconomica.com.br\/wp\/#\/schema\/person\/c86d3a3f8960425a0f9d0e5245991f4e\"},\"headline\":\"ROMA PONTUA BEM EM PESQUISA, MESMO FORA DA DISPUTA\",\"datePublished\":\"2024-03-27T16:20:22+00:00\",\"dateModified\":\"2024-03-27T15:56:26+00:00\",\"mainEntityOfPage\":{\"@id\":\"https:\/\/bahiaeconomica.com.br\/wp\/2024\/03\/27\/roma-pontua-bem-em-pesquisa-mesmo-fora-da-disputa\/\"},\"wordCount\":282,\"publisher\":{\"@id\":\"https:\/\/bahiaeconomica.com.br\/wp\/#organization\"},\"keywords\":[\"candidato\",\"Pol\u00edtica\",\"rima\"],\"articleSection\":[\"Pol\u00edtica\"],\"inLanguage\":\"pt-BR\"},{\"@type\":\"WebPage\",\"@id\":\"https:\/\/bahiaeconomica.com.br\/wp\/2024\/03\/27\/roma-pontua-bem-em-pesquisa-mesmo-fora-da-disputa\/\",\"url\":\"https:\/\/bahiaeconomica.com.br\/wp\/2024\/03\/27\/roma-pontua-bem-em-pesquisa-mesmo-fora-da-disputa\/\",\"name\":\"ROMA PONTUA BEM EM PESQUISA, MESMO FORA DA DISPUTA - Bahia Economica\",\"isPartOf\":{\"@id\":\"https:\/\/bahiaeconomica.com.br\/wp\/#website\"},\"datePublished\":\"2024-03-27T16:20:22+00:00\",\"dateModified\":\"2024-03-27T15:56:26+00:00\",\"description\":\"O maior portal de Economia da Bahia Pol\u00edtica Bahia Economica p\u00e1reo pela prefeitura de Salvador, o presidente do PL Bahia,\",\"breadcrumb\":{\"@id\":\"https:\/\/bahiaeconomica.com.br\/wp\/2024\/03\/27\/roma-pontua-bem-em-pesquisa-mesmo-fora-da-disputa\/#breadcrumb\"},\"inLanguage\":\"pt-BR\",\"potentialAction\":[{\"@type\":\"ReadAction\",\"target\":[\"https:\/\/bahiaeconomica.com.br\/wp\/2024\/03\/27\/roma-pontua-bem-em-pesquisa-mesmo-fora-da-disputa\/\"]}]},{\"@type\":\"BreadcrumbList\",\"@id\":\"https:\/\/bahiaeconomica.com.br\/wp\/2024\/03\/27\/roma-pontua-bem-em-pesquisa-mesmo-fora-da-disputa\/#breadcrumb\",\"itemListElement\":[{\"@type\":\"ListItem\",\"position\":1,\"name\":\"In\u00edcio\",\"item\":\"https:\/\/bahiaeconomica.com.br\/wp\/\"},{\"@type\":\"ListItem\",\"position\":2,\"name\":\"ROMA PONTUA BEM EM PESQUISA, MESMO FORA DA DISPUTA\"}]},{\"@type\":\"WebSite\",\"@id\":\"https:\/\/bahiaeconomica.com.br\/wp\/#website\",\"url\":\"https:\/\/bahiaeconomica.com.br\/wp\/\",\"name\":\"Bahia Economica\",\"description\":\"O maior portal de Economia da Bahia\",\"publisher\":{\"@id\":\"https:\/\/bahiaeconomica.com.br\/wp\/#organization\"},\"potentialAction\":[{\"@type\":\"SearchAction\",\"target\":{\"@type\":\"EntryPoint\",\"urlTemplate\":\"https:\/\/bahiaeconomica.com.br\/wp\/?s={search_term_string}\"},\"query-input\":\"required name=search_term_string\"}],\"inLanguage\":\"pt-BR\"},{\"@type\":\"Organization\",\"@id\":\"https:\/\/bahiaeconomica.com.br\/wp\/#organization\",\"name\":\"Bahia Econ\u00f4mica\",\"url\":\"https:\/\/bahiaeconomica.com.br\/wp\/\",\"logo\":{\"@type\":\"ImageObject\",\"inLanguage\":\"pt-BR\",\"@id\":\"https:\/\/bahiaeconomica.com.br\/wp\/#\/schema\/logo\/image\/\",\"url\":\"https:\/\/bahiaeconomica.com.br\/wp\/wp-content\/uploads\/2020\/12\/cropped-BE.png\",\"contentUrl\":\"https:\/\/bahiaeconomica.com.br\/wp\/wp-content\/uploads\/2020\/12\/cropped-BE.png\",\"width\":512,\"height\":512,\"caption\":\"Bahia Econ\u00f4mica\"},\"image\":{\"@id\":\"https:\/\/bahiaeconomica.com.br\/wp\/#\/schema\/logo\/image\/\"},\"sameAs\":[\"https:\/\/www.facebook.com\/bahiaeconomica\"]},{\"@type\":\"Person\",\"@id\":\"https:\/\/bahiaeconomica.com.br\/wp\/#\/schema\/person\/c86d3a3f8960425a0f9d0e5245991f4e\",\"name\":\"JP\",\"sameAs\":[\"https:\/\/bahiaeconomica.com.br\/wp\/beta\/\"],\"url\":\"https:\/\/bahiaeconomica.com.br\/wp\/author\/jp\/\"}]}<\/script>\n<!-- \/ Yoast SEO plugin. -->","yoast_head_json":{"title":"ROMA PONTUA BEM EM PESQUISA, MESMO FORA DA DISPUTA - Bahia Economica","description":"O maior portal de Economia da Bahia Pol\u00edtica Bahia Economica p\u00e1reo pela prefeitura de Salvador, o presidente do PL Bahia,","robots":{"index":"index","follow":"follow","max-snippet":"max-snippet:-1","max-image-preview":"max-image-preview:large","max-video-preview":"max-video-preview:-1"},"canonical":"https:\/\/bahiaeconomica.com.br\/wp\/2024\/03\/27\/roma-pontua-bem-em-pesquisa-mesmo-fora-da-disputa\/","og_locale":"pt_BR","og_type":"article","og_title":"ROMA PONTUA BEM EM PESQUISA, MESMO FORA DA DISPUTA - Bahia Economica","og_description":"O maior portal de Economia da Bahia Pol\u00edtica Bahia Economica p\u00e1reo pela prefeitura de Salvador, o presidente do PL Bahia,","og_url":"https:\/\/bahiaeconomica.com.br\/wp\/2024\/03\/27\/roma-pontua-bem-em-pesquisa-mesmo-fora-da-disputa\/","og_site_name":"Bahia Economica","article_publisher":"https:\/\/www.facebook.com\/bahiaeconomica","article_published_time":"2024-03-27T16:20:22+00:00","article_modified_time":"2024-03-27T15:56:26+00:00","og_image":[{"width":1290,"height":654,"url":"https:\/\/bahiaeconomica.com.br\/wp\/wp-content\/uploads\/2024\/03\/WhatsApp-Image-2024-03-27-at-12.35.33.jpeg","type":"image\/jpeg"}],"author":"JP","twitter_card":"summary_large_image","twitter_misc":{"Escrito por":"JP","Est. tempo de leitura":"2 minutos"},"schema":{"@context":"https:\/\/schema.org","@graph":[{"@type":"Article","@id":"https:\/\/bahiaeconomica.com.br\/wp\/2024\/03\/27\/roma-pontua-bem-em-pesquisa-mesmo-fora-da-disputa\/#article","isPartOf":{"@id":"https:\/\/bahiaeconomica.com.br\/wp\/2024\/03\/27\/roma-pontua-bem-em-pesquisa-mesmo-fora-da-disputa\/"},"author":{"name":"JP","@id":"https:\/\/bahiaeconomica.com.br\/wp\/#\/schema\/person\/c86d3a3f8960425a0f9d0e5245991f4e"},"headline":"ROMA PONTUA BEM EM PESQUISA, MESMO FORA DA DISPUTA","datePublished":"2024-03-27T16:20:22+00:00","dateModified":"2024-03-27T15:56:26+00:00","mainEntityOfPage":{"@id":"https:\/\/bahiaeconomica.com.br\/wp\/2024\/03\/27\/roma-pontua-bem-em-pesquisa-mesmo-fora-da-disputa\/"},"wordCount":282,"publisher":{"@id":"https:\/\/bahiaeconomica.com.br\/wp\/#organization"},"keywords":["candidato","Pol\u00edtica","rima"],"articleSection":["Pol\u00edtica"],"inLanguage":"pt-BR"},{"@type":"WebPage","@id":"https:\/\/bahiaeconomica.com.br\/wp\/2024\/03\/27\/roma-pontua-bem-em-pesquisa-mesmo-fora-da-disputa\/","url":"https:\/\/bahiaeconomica.com.br\/wp\/2024\/03\/27\/roma-pontua-bem-em-pesquisa-mesmo-fora-da-disputa\/","name":"ROMA PONTUA BEM EM PESQUISA, MESMO FORA DA DISPUTA - Bahia Economica","isPartOf":{"@id":"https:\/\/bahiaeconomica.com.br\/wp\/#website"},"datePublished":"2024-03-27T16:20:22+00:00","dateModified":"2024-03-27T15:56:26+00:00","description":"O maior portal de Economia da Bahia Pol\u00edtica Bahia Economica p\u00e1reo pela prefeitura de Salvador, o presidente do PL Bahia,","breadcrumb":{"@id":"https:\/\/bahiaeconomica.com.br\/wp\/2024\/03\/27\/roma-pontua-bem-em-pesquisa-mesmo-fora-da-disputa\/#breadcrumb"},"inLanguage":"pt-BR","potentialAction":[{"@type":"ReadAction","target":["https:\/\/bahiaeconomica.com.br\/wp\/2024\/03\/27\/roma-pontua-bem-em-pesquisa-mesmo-fora-da-disputa\/"]}]},{"@type":"BreadcrumbList","@id":"https:\/\/bahiaeconomica.com.br\/wp\/2024\/03\/27\/roma-pontua-bem-em-pesquisa-mesmo-fora-da-disputa\/#breadcrumb","itemListElement":[{"@type":"ListItem","position":1,"name":"In\u00edcio","item":"https:\/\/bahiaeconomica.com.br\/wp\/"},{"@type":"ListItem","position":2,"name":"ROMA PONTUA BEM EM PESQUISA, MESMO FORA DA DISPUTA"}]},{"@type":"WebSite","@id":"https:\/\/bahiaeconomica.com.br\/wp\/#website","url":"https:\/\/bahiaeconomica.com.br\/wp\/","name":"Bahia Economica","description":"O maior portal de Economia da Bahia","publisher":{"@id":"https:\/\/bahiaeconomica.com.br\/wp\/#organization"},"potentialAction":[{"@type":"SearchAction","target":{"@type":"EntryPoint","urlTemplate":"https:\/\/bahiaeconomica.com.br\/wp\/?s={search_term_string}"},"query-input":"required name=search_term_string"}],"inLanguage":"pt-BR"},{"@type":"Organization","@id":"https:\/\/bahiaeconomica.com.br\/wp\/#organization","name":"Bahia Econ\u00f4mica","url":"https:\/\/bahiaeconomica.com.br\/wp\/","logo":{"@type":"ImageObject","inLanguage":"pt-BR","@id":"https:\/\/bahiaeconomica.com.br\/wp\/#\/schema\/logo\/image\/","url":"https:\/\/bahiaeconomica.com.br\/wp\/wp-content\/uploads\/2020\/12\/cropped-BE.png","contentUrl":"https:\/\/bahiaeconomica.com.br\/wp\/wp-content\/uploads\/2020\/12\/cropped-BE.png","width":512,"height":512,"caption":"Bahia Econ\u00f4mica"},"image":{"@id":"https:\/\/bahiaeconomica.com.br\/wp\/#\/schema\/logo\/image\/"},"sameAs":["https:\/\/www.facebook.com\/bahiaeconomica"]},{"@type":"Person","@id":"https:\/\/bahiaeconomica.com.br\/wp\/#\/schema\/person\/c86d3a3f8960425a0f9d0e5245991f4e","name":"JP","sameAs":["https:\/\/bahiaeconomica.com.br\/wp\/beta\/"],"url":"https:\/\/bahiaeconomica.com.br\/wp\/author\/jp\/"}]}},"views":88,"_links":{"self":[{"href":"https:\/\/bahiaeconomica.com.br\/wp\/wp-json\/wp\/v2\/posts\/807488"}],"collection":[{"href":"https:\/\/bahiaeconomica.com.br\/wp\/wp-json\/wp\/v2\/posts"}],"about":[{"href":"https:\/\/bahiaeconomica.com.br\/wp\/wp-json\/wp\/v2\/types\/post"}],"author":[{"embeddable":true,"href":"https:\/\/bahiaeconomica.com.br\/wp\/wp-json\/wp\/v2\/users\/8"}],"replies":[{"embeddable":true,"href":"https:\/\/bahiaeconomica.com.br\/wp\/wp-json\/wp\/v2\/comments?post=807488"}],"version-history":[{"count":1,"href":"https:\/\/bahiaeconomica.com.br\/wp\/wp-json\/wp\/v2\/posts\/807488\/revisions"}],"predecessor-version":[{"id":807490,"href":"https:\/\/bahiaeconomica.com.br\/wp\/wp-json\/wp\/v2\/posts\/807488\/revisions\/807490"}],"wp:featuredmedia":[{"embeddable":true,"href":"https:\/\/bahiaeconomica.com.br\/wp\/wp-json\/wp\/v2\/media\/807489"}],"wp:attachment":[{"href":"https:\/\/bahiaeconomica.com.br\/wp\/wp-json\/wp\/v2\/media?parent=807488"}],"wp:term":[{"taxonomy":"category","embeddable":true,"href":"https:\/\/bahiaeconomica.com.br\/wp\/wp-json\/wp\/v2\/categories?post=807488"},{"taxonomy":"post_tag","embeddable":true,"href":"https:\/\/bahiaeconomica.com.br\/wp\/wp-json\/wp\/v2\/tags?post=807488"}],"curies":[{"name":"wp","href":"https:\/\/api.w.org\/{rel}","templated":true}]}}