{"id":807259,"date":"2024-03-26T16:49:08","date_gmt":"2024-03-26T19:49:08","guid":{"rendered":"https:\/\/bahiaeconomica.com.br\/wp\/?p=807259"},"modified":"2024-03-26T17:07:02","modified_gmt":"2024-03-26T20:07:02","slug":"neto-carletto-e-consagrado-como-novo-vice-lider-do-governo-na-camara","status":"publish","type":"post","link":"https:\/\/bahiaeconomica.com.br\/wp\/2024\/03\/26\/neto-carletto-e-consagrado-como-novo-vice-lider-do-governo-na-camara\/","title":{"rendered":"NETO CARLETTO \u00c9 CONSAGRADO COMO NOVO VICE-L\u00cdDER DO GOVERNO NA C\u00c2MARA"},"content":{"rendered":"<p>Com vistas no fortalecimento dos trabalhos no Congresso Nacional, o deputado federal Neto Carletto (PP) foi consagrado como novo vice-l\u00edder do governo na C\u00e2mara dos Deputados.<\/p>\n<p>&#8220;Quero agradecer ao presidente Lula pela indica\u00e7\u00e3o e tamb\u00e9m aos meus amigos, deputado federal Dr. Luizinho e ao deputado federal e l\u00edder do Governo na C\u00e2mara, Jos\u00e9 Guimar\u00e3es pelo apoio incondicional. Podem contar comigo para apoiar pautas positivas para o pa\u00eds&#8221;, declarou Neto.<\/p>\n<p>Para a fun\u00e7\u00e3o, o progressista baiano ser\u00e1 respons\u00e1vel por conduzir as pautas governistas na Casa Legislativa, assim como intermediar o di\u00e1logo com os demais parlamentares.<\/p>\n<p>&#8220;Agora, como vice-l\u00edder do governo na C\u00e2mara, espero contribuir de forma ainda mais significativa para a efetiva\u00e7\u00e3o das pol\u00edticas propostas pelo governo e para o fortalecimento da base aliada no Congresso Nacional&#8221;, concluiu o deputado federal.<\/p>\n<p><strong>Foto: Reprodu\u00e7\u00e3o\/C\u00e2mara dos Deputados<\/strong><\/p>\n","protected":false},"excerpt":{"rendered":"<p>Com vistas no fortalecimento dos trabalhos no Congresso Nacional, o deputado federal Neto Carletto (PP) foi consagrado como novo vice-l\u00edder do governo na C\u00e2mara dos Deputados. &#8220;Quero agradecer ao presidente Lula pela indica\u00e7\u00e3o e tamb\u00e9m aos meus amigos, deputado federal Dr. Luizinho e ao deputado federal e l\u00edder do Governo na C\u00e2mara, Jos\u00e9 Guimar\u00e3es pelo [&hellip;]<\/p>\n","protected":false},"author":18,"featured_media":807260,"comment_status":"closed","ping_status":"closed","sticky":false,"template":"","format":"standard","meta":[],"categories":[14601],"tags":[242,3231,28847,100,28848],"acf":[],"yoast_head":"<!-- This site is optimized with the Yoast SEO plugin v20.8 - https:\/\/yoast.com\/wordpress\/plugins\/seo\/ -->\n<title>NETO CARLETTO \u00c9 CONSAGRADO COMO NOVO VICE-L\u00cdDER DO GOVERNO NA C\u00c2MARA - Bahia Economica<\/title>\n<meta name=\"description\" content=\"O maior portal de Economia da Bahia Pol\u00edtica Bahia Economica Com vistas no fortalecimento dos trabalhos no Congresso Nacional\" \/>\n<meta name=\"robots\" content=\"index, follow, max-snippet:-1, max-image-preview:large, max-video-preview:-1\" \/>\n<link rel=\"canonical\" href=\"https:\/\/bahiaeconomica.com.br\/wp\/2024\/03\/26\/neto-carletto-e-consagrado-como-novo-vice-lider-do-governo-na-camara\/\" \/>\n<meta property=\"og:locale\" content=\"pt_BR\" \/>\n<meta property=\"og:type\" content=\"article\" \/>\n<meta property=\"og:title\" content=\"NETO CARLETTO \u00c9 CONSAGRADO COMO NOVO VICE-L\u00cdDER DO GOVERNO NA C\u00c2MARA - Bahia Economica\" \/>\n<meta property=\"og:description\" content=\"O maior portal de Economia da Bahia Pol\u00edtica Bahia Economica Com vistas no fortalecimento dos trabalhos no Congresso Nacional\" \/>\n<meta property=\"og:url\" content=\"https:\/\/bahiaeconomica.com.br\/wp\/2024\/03\/26\/neto-carletto-e-consagrado-como-novo-vice-lider-do-governo-na-camara\/\" \/>\n<meta property=\"og:site_name\" content=\"Bahia Economica\" \/>\n<meta property=\"article:publisher\" content=\"https:\/\/www.facebook.com\/bahiaeconomica\" \/>\n<meta property=\"article:published_time\" content=\"2024-03-26T19:49:08+00:00\" \/>\n<meta property=\"article:modified_time\" content=\"2024-03-26T20:07:02+00:00\" \/>\n<meta property=\"og:image\" content=\"https:\/\/bahiaeconomica.com.br\/wp\/wp-content\/uploads\/2024\/03\/Neto-Carletto-e-escolhido-novo-vice-lider-do-gover0126375300202403261613-ScaleDownProportional.webp\" \/>\n\t<meta property=\"og:image:width\" content=\"1198\" \/>\n\t<meta property=\"og:image:height\" content=\"799\" \/>\n\t<meta property=\"og:image:type\" content=\"image\/webp\" \/>\n<meta name=\"author\" content=\"Emily Oliveira\" \/>\n<meta name=\"twitter:card\" content=\"summary_large_image\" \/>\n<meta name=\"twitter:label1\" content=\"Escrito por\" \/>\n\t<meta name=\"twitter:data1\" content=\"Emily Oliveira\" \/>\n\t<meta name=\"twitter:label2\" content=\"Est. tempo de leitura\" \/>\n\t<meta name=\"twitter:data2\" content=\"1 minuto\" \/>\n<script type=\"application\/ld+json\" class=\"yoast-schema-graph\">{\"@context\":\"https:\/\/schema.org\",\"@graph\":[{\"@type\":\"Article\",\"@id\":\"https:\/\/bahiaeconomica.com.br\/wp\/2024\/03\/26\/neto-carletto-e-consagrado-como-novo-vice-lider-do-governo-na-camara\/#article\",\"isPartOf\":{\"@id\":\"https:\/\/bahiaeconomica.com.br\/wp\/2024\/03\/26\/neto-carletto-e-consagrado-como-novo-vice-lider-do-governo-na-camara\/\"},\"author\":{\"name\":\"Emily Oliveira\",\"@id\":\"https:\/\/bahiaeconomica.com.br\/wp\/#\/schema\/person\/547396bb3b39ebb828ab5807d982c42f\"},\"headline\":\"NETO CARLETTO \u00c9 CONSAGRADO COMO NOVO VICE-L\u00cdDER DO GOVERNO NA C\u00c2MARA\",\"datePublished\":\"2024-03-26T19:49:08+00:00\",\"dateModified\":\"2024-03-26T20:07:02+00:00\",\"mainEntityOfPage\":{\"@id\":\"https:\/\/bahiaeconomica.com.br\/wp\/2024\/03\/26\/neto-carletto-e-consagrado-como-novo-vice-lider-do-governo-na-camara\/\"},\"wordCount\":164,\"publisher\":{\"@id\":\"https:\/\/bahiaeconomica.com.br\/wp\/#organization\"},\"keywords\":[\"C\u00e2mara dos Deputados\",\"governo lula\",\"neto carletto\",\"Pol\u00edtica\",\"vice lider do governo\"],\"articleSection\":[\"Pol\u00edtica\"],\"inLanguage\":\"pt-BR\"},{\"@type\":\"WebPage\",\"@id\":\"https:\/\/bahiaeconomica.com.br\/wp\/2024\/03\/26\/neto-carletto-e-consagrado-como-novo-vice-lider-do-governo-na-camara\/\",\"url\":\"https:\/\/bahiaeconomica.com.br\/wp\/2024\/03\/26\/neto-carletto-e-consagrado-como-novo-vice-lider-do-governo-na-camara\/\",\"name\":\"NETO CARLETTO \u00c9 CONSAGRADO COMO NOVO VICE-L\u00cdDER DO GOVERNO NA C\u00c2MARA - Bahia Economica\",\"isPartOf\":{\"@id\":\"https:\/\/bahiaeconomica.com.br\/wp\/#website\"},\"datePublished\":\"2024-03-26T19:49:08+00:00\",\"dateModified\":\"2024-03-26T20:07:02+00:00\",\"description\":\"O maior portal de Economia da Bahia Pol\u00edtica Bahia Economica Com vistas no fortalecimento dos trabalhos no Congresso Nacional\",\"breadcrumb\":{\"@id\":\"https:\/\/bahiaeconomica.com.br\/wp\/2024\/03\/26\/neto-carletto-e-consagrado-como-novo-vice-lider-do-governo-na-camara\/#breadcrumb\"},\"inLanguage\":\"pt-BR\",\"potentialAction\":[{\"@type\":\"ReadAction\",\"target\":[\"https:\/\/bahiaeconomica.com.br\/wp\/2024\/03\/26\/neto-carletto-e-consagrado-como-novo-vice-lider-do-governo-na-camara\/\"]}]},{\"@type\":\"BreadcrumbList\",\"@id\":\"https:\/\/bahiaeconomica.com.br\/wp\/2024\/03\/26\/neto-carletto-e-consagrado-como-novo-vice-lider-do-governo-na-camara\/#breadcrumb\",\"itemListElement\":[{\"@type\":\"ListItem\",\"position\":1,\"name\":\"In\u00edcio\",\"item\":\"https:\/\/bahiaeconomica.com.br\/wp\/\"},{\"@type\":\"ListItem\",\"position\":2,\"name\":\"NETO CARLETTO \u00c9 CONSAGRADO COMO NOVO VICE-L\u00cdDER DO GOVERNO NA C\u00c2MARA\"}]},{\"@type\":\"WebSite\",\"@id\":\"https:\/\/bahiaeconomica.com.br\/wp\/#website\",\"url\":\"https:\/\/bahiaeconomica.com.br\/wp\/\",\"name\":\"Bahia Economica\",\"description\":\"O maior portal de Economia da Bahia\",\"publisher\":{\"@id\":\"https:\/\/bahiaeconomica.com.br\/wp\/#organization\"},\"potentialAction\":[{\"@type\":\"SearchAction\",\"target\":{\"@type\":\"EntryPoint\",\"urlTemplate\":\"https:\/\/bahiaeconomica.com.br\/wp\/?s={search_term_string}\"},\"query-input\":\"required name=search_term_string\"}],\"inLanguage\":\"pt-BR\"},{\"@type\":\"Organization\",\"@id\":\"https:\/\/bahiaeconomica.com.br\/wp\/#organization\",\"name\":\"Bahia Econ\u00f4mica\",\"url\":\"https:\/\/bahiaeconomica.com.br\/wp\/\",\"logo\":{\"@type\":\"ImageObject\",\"inLanguage\":\"pt-BR\",\"@id\":\"https:\/\/bahiaeconomica.com.br\/wp\/#\/schema\/logo\/image\/\",\"url\":\"https:\/\/bahiaeconomica.com.br\/wp\/wp-content\/uploads\/2020\/12\/cropped-BE.png\",\"contentUrl\":\"https:\/\/bahiaeconomica.com.br\/wp\/wp-content\/uploads\/2020\/12\/cropped-BE.png\",\"width\":512,\"height\":512,\"caption\":\"Bahia Econ\u00f4mica\"},\"image\":{\"@id\":\"https:\/\/bahiaeconomica.com.br\/wp\/#\/schema\/logo\/image\/\"},\"sameAs\":[\"https:\/\/www.facebook.com\/bahiaeconomica\"]},{\"@type\":\"Person\",\"@id\":\"https:\/\/bahiaeconomica.com.br\/wp\/#\/schema\/person\/547396bb3b39ebb828ab5807d982c42f\",\"name\":\"Emily Oliveira\",\"sameAs\":[\"https:\/\/bahiaeconomica.com.br\/wp\/\"],\"url\":\"https:\/\/bahiaeconomica.com.br\/wp\/author\/emily-oliveira\/\"}]}<\/script>\n<!-- \/ Yoast SEO plugin. -->","yoast_head_json":{"title":"NETO CARLETTO \u00c9 CONSAGRADO COMO NOVO VICE-L\u00cdDER DO GOVERNO NA C\u00c2MARA - Bahia Economica","description":"O maior portal de Economia da Bahia Pol\u00edtica Bahia Economica Com vistas no fortalecimento dos trabalhos no Congresso Nacional","robots":{"index":"index","follow":"follow","max-snippet":"max-snippet:-1","max-image-preview":"max-image-preview:large","max-video-preview":"max-video-preview:-1"},"canonical":"https:\/\/bahiaeconomica.com.br\/wp\/2024\/03\/26\/neto-carletto-e-consagrado-como-novo-vice-lider-do-governo-na-camara\/","og_locale":"pt_BR","og_type":"article","og_title":"NETO CARLETTO \u00c9 CONSAGRADO COMO NOVO VICE-L\u00cdDER DO GOVERNO NA C\u00c2MARA - Bahia Economica","og_description":"O maior portal de Economia da Bahia Pol\u00edtica Bahia Economica Com vistas no fortalecimento dos trabalhos no Congresso Nacional","og_url":"https:\/\/bahiaeconomica.com.br\/wp\/2024\/03\/26\/neto-carletto-e-consagrado-como-novo-vice-lider-do-governo-na-camara\/","og_site_name":"Bahia Economica","article_publisher":"https:\/\/www.facebook.com\/bahiaeconomica","article_published_time":"2024-03-26T19:49:08+00:00","article_modified_time":"2024-03-26T20:07:02+00:00","og_image":[{"width":1198,"height":799,"url":"https:\/\/bahiaeconomica.com.br\/wp\/wp-content\/uploads\/2024\/03\/Neto-Carletto-e-escolhido-novo-vice-lider-do-gover0126375300202403261613-ScaleDownProportional.webp","type":"image\/webp"}],"author":"Emily Oliveira","twitter_card":"summary_large_image","twitter_misc":{"Escrito por":"Emily Oliveira","Est. tempo de leitura":"1 minuto"},"schema":{"@context":"https:\/\/schema.org","@graph":[{"@type":"Article","@id":"https:\/\/bahiaeconomica.com.br\/wp\/2024\/03\/26\/neto-carletto-e-consagrado-como-novo-vice-lider-do-governo-na-camara\/#article","isPartOf":{"@id":"https:\/\/bahiaeconomica.com.br\/wp\/2024\/03\/26\/neto-carletto-e-consagrado-como-novo-vice-lider-do-governo-na-camara\/"},"author":{"name":"Emily Oliveira","@id":"https:\/\/bahiaeconomica.com.br\/wp\/#\/schema\/person\/547396bb3b39ebb828ab5807d982c42f"},"headline":"NETO CARLETTO \u00c9 CONSAGRADO COMO NOVO VICE-L\u00cdDER DO GOVERNO NA C\u00c2MARA","datePublished":"2024-03-26T19:49:08+00:00","dateModified":"2024-03-26T20:07:02+00:00","mainEntityOfPage":{"@id":"https:\/\/bahiaeconomica.com.br\/wp\/2024\/03\/26\/neto-carletto-e-consagrado-como-novo-vice-lider-do-governo-na-camara\/"},"wordCount":164,"publisher":{"@id":"https:\/\/bahiaeconomica.com.br\/wp\/#organization"},"keywords":["C\u00e2mara dos Deputados","governo lula","neto carletto","Pol\u00edtica","vice lider do governo"],"articleSection":["Pol\u00edtica"],"inLanguage":"pt-BR"},{"@type":"WebPage","@id":"https:\/\/bahiaeconomica.com.br\/wp\/2024\/03\/26\/neto-carletto-e-consagrado-como-novo-vice-lider-do-governo-na-camara\/","url":"https:\/\/bahiaeconomica.com.br\/wp\/2024\/03\/26\/neto-carletto-e-consagrado-como-novo-vice-lider-do-governo-na-camara\/","name":"NETO CARLETTO \u00c9 CONSAGRADO COMO NOVO VICE-L\u00cdDER DO GOVERNO NA C\u00c2MARA - Bahia Economica","isPartOf":{"@id":"https:\/\/bahiaeconomica.com.br\/wp\/#website"},"datePublished":"2024-03-26T19:49:08+00:00","dateModified":"2024-03-26T20:07:02+00:00","description":"O maior portal de Economia da Bahia Pol\u00edtica Bahia Economica Com vistas no fortalecimento dos trabalhos no Congresso Nacional","breadcrumb":{"@id":"https:\/\/bahiaeconomica.com.br\/wp\/2024\/03\/26\/neto-carletto-e-consagrado-como-novo-vice-lider-do-governo-na-camara\/#breadcrumb"},"inLanguage":"pt-BR","potentialAction":[{"@type":"ReadAction","target":["https:\/\/bahiaeconomica.com.br\/wp\/2024\/03\/26\/neto-carletto-e-consagrado-como-novo-vice-lider-do-governo-na-camara\/"]}]},{"@type":"BreadcrumbList","@id":"https:\/\/bahiaeconomica.com.br\/wp\/2024\/03\/26\/neto-carletto-e-consagrado-como-novo-vice-lider-do-governo-na-camara\/#breadcrumb","itemListElement":[{"@type":"ListItem","position":1,"name":"In\u00edcio","item":"https:\/\/bahiaeconomica.com.br\/wp\/"},{"@type":"ListItem","position":2,"name":"NETO CARLETTO \u00c9 CONSAGRADO COMO NOVO VICE-L\u00cdDER DO GOVERNO NA C\u00c2MARA"}]},{"@type":"WebSite","@id":"https:\/\/bahiaeconomica.com.br\/wp\/#website","url":"https:\/\/bahiaeconomica.com.br\/wp\/","name":"Bahia Economica","description":"O maior portal de Economia da Bahia","publisher":{"@id":"https:\/\/bahiaeconomica.com.br\/wp\/#organization"},"potentialAction":[{"@type":"SearchAction","target":{"@type":"EntryPoint","urlTemplate":"https:\/\/bahiaeconomica.com.br\/wp\/?s={search_term_string}"},"query-input":"required name=search_term_string"}],"inLanguage":"pt-BR"},{"@type":"Organization","@id":"https:\/\/bahiaeconomica.com.br\/wp\/#organization","name":"Bahia Econ\u00f4mica","url":"https:\/\/bahiaeconomica.com.br\/wp\/","logo":{"@type":"ImageObject","inLanguage":"pt-BR","@id":"https:\/\/bahiaeconomica.com.br\/wp\/#\/schema\/logo\/image\/","url":"https:\/\/bahiaeconomica.com.br\/wp\/wp-content\/uploads\/2020\/12\/cropped-BE.png","contentUrl":"https:\/\/bahiaeconomica.com.br\/wp\/wp-content\/uploads\/2020\/12\/cropped-BE.png","width":512,"height":512,"caption":"Bahia Econ\u00f4mica"},"image":{"@id":"https:\/\/bahiaeconomica.com.br\/wp\/#\/schema\/logo\/image\/"},"sameAs":["https:\/\/www.facebook.com\/bahiaeconomica"]},{"@type":"Person","@id":"https:\/\/bahiaeconomica.com.br\/wp\/#\/schema\/person\/547396bb3b39ebb828ab5807d982c42f","name":"Emily Oliveira","sameAs":["https:\/\/bahiaeconomica.com.br\/wp\/"],"url":"https:\/\/bahiaeconomica.com.br\/wp\/author\/emily-oliveira\/"}]}},"views":18,"_links":{"self":[{"href":"https:\/\/bahiaeconomica.com.br\/wp\/wp-json\/wp\/v2\/posts\/807259"}],"collection":[{"href":"https:\/\/bahiaeconomica.com.br\/wp\/wp-json\/wp\/v2\/posts"}],"about":[{"href":"https:\/\/bahiaeconomica.com.br\/wp\/wp-json\/wp\/v2\/types\/post"}],"author":[{"embeddable":true,"href":"https:\/\/bahiaeconomica.com.br\/wp\/wp-json\/wp\/v2\/users\/18"}],"replies":[{"embeddable":true,"href":"https:\/\/bahiaeconomica.com.br\/wp\/wp-json\/wp\/v2\/comments?post=807259"}],"version-history":[{"count":1,"href":"https:\/\/bahiaeconomica.com.br\/wp\/wp-json\/wp\/v2\/posts\/807259\/revisions"}],"predecessor-version":[{"id":807261,"href":"https:\/\/bahiaeconomica.com.br\/wp\/wp-json\/wp\/v2\/posts\/807259\/revisions\/807261"}],"wp:featuredmedia":[{"embeddable":true,"href":"https:\/\/bahiaeconomica.com.br\/wp\/wp-json\/wp\/v2\/media\/807260"}],"wp:attachment":[{"href":"https:\/\/bahiaeconomica.com.br\/wp\/wp-json\/wp\/v2\/media?parent=807259"}],"wp:term":[{"taxonomy":"category","embeddable":true,"href":"https:\/\/bahiaeconomica.com.br\/wp\/wp-json\/wp\/v2\/categories?post=807259"},{"taxonomy":"post_tag","embeddable":true,"href":"https:\/\/bahiaeconomica.com.br\/wp\/wp-json\/wp\/v2\/tags?post=807259"}],"curies":[{"name":"wp","href":"https:\/\/api.w.org\/{rel}","templated":true}]}}