{"id":806862,"date":"2024-03-25T16:25:35","date_gmt":"2024-03-25T19:25:35","guid":{"rendered":"https:\/\/bahiaeconomica.com.br\/wp\/?p=806862"},"modified":"2024-03-25T15:37:25","modified_gmt":"2024-03-25T18:37:25","slug":"shopping-barra-tera-exposicao-do-1o-concurso-ssa-foto-festival","status":"publish","type":"post","link":"https:\/\/bahiaeconomica.com.br\/wp\/2024\/03\/25\/shopping-barra-tera-exposicao-do-1o-concurso-ssa-foto-festival\/","title":{"rendered":"SHOPPING BARRA TER\u00c1 EXPOSI\u00c7\u00c3O DO 1\u00ba CONCURSO SSA FOTO FESTIVAL"},"content":{"rendered":"<p>As 30 melhores fotos ficam em exposi\u00e7\u00e3o no Barra de 28 de mar\u00e7o at\u00e9 14 de abril<!--more--><\/p>\n<p>A primeira edi\u00e7\u00e3o do concurso &#8220;SSA Foto Festival \u2013 Um olhar soteropolitano da nossa cidade&#8221; vai premiar fotos que retratam o cotidiano da nossa capital. A iniciativa \u00e9 apoiada pela Prefeitura, co-realizada pelo Shopping Barra, em parceria com a Secretaria Municipal Cultura e Turismo (Secult), o jornal Correio e o site Al\u00f4 Al\u00f4 Bahia. As 30 imagens selecionadas ficam expostas no espa\u00e7o Barra Gourmet, de 28 de mar\u00e7o a 14 de abril. O \u00faltimo dia para postar a foto e participar do concurso \u00e9 hoje (25).<\/p>\n<p>&#8220;O Barra estimula a cultura e o turismo na capital baiana e tamb\u00e9m participa das reflex\u00f5es sobre as rela\u00e7\u00f5es entre os cidad\u00e3os e a cidade. A linguagem fotogr\u00e1fica \u00e9 uma \u00f3tima oportunidade para expressar nossos sentimentos por nossa querida Salvador, em seu anivers\u00e1rio de 475 anos, e fazer uma linda homenagem com muitos olhares, \u00e2ngulos e perspectivas&#8221;, afirma a gerente de Marketing do Shopping Barra, Karina Brito.<\/p>\n<p>Al\u00e9m da exposi\u00e7\u00e3o, a banca julgadora realiza um talk show aberto ao p\u00fablico, com os 30 fot\u00f3grafos selecionados, no Shopping Barra. Para a etapa final, ser\u00e3o escolhidas as tr\u00eas fotografias selecionadas pelos curadores que v\u00e3o concorrer em voto popular pela plataforma do site Al\u00f4 Al\u00f4 Bahia, do dia 1\u00ba a 6 de abril de 2024. As fotografias vencedoras do concurso ser\u00e3o premiadas no dia 7 de abril.<\/p>\n<p>Como participar<\/p>\n<p>A inscri\u00e7\u00e3o \u00e9 gratuita e as fotografias que participar\u00e3o do concurso precisam ser capturadas e postadas entre os dias 15 a 25 de mar\u00e7o de 2024. Para a efetiva\u00e7\u00e3o da candidatura, o participante dever\u00e1 postar no instagram @ssafotofestival, seguir o perfil do concurso (@ssafotofestival), e publicar a foto no feed pessoal, convidando o perfil do concurso como colaborador da postagem.<\/p>\n<p>Avalia\u00e7\u00e3o e premia\u00e7\u00e3o<\/p>\n<p>Os crit\u00e9rios &#8220;criatividade e originalidade&#8221;, &#8220;composi\u00e7\u00e3o fotogr\u00e1fica e est\u00e9tica&#8221;, &#8220;qualidade art\u00edstica&#8221; e &#8220;pertin\u00eancia com o tema proposto&#8221; ser\u00e3o avaliados pela comiss\u00e3o julgadora. As imagens devem ser in\u00e9ditas e originais, com limite de uma fotografia inscrita por pessoa. Os tr\u00eas primeiros colocados ser\u00e3o premiados com R$5 mil, R$3 mil e R$2 mil, respectivamente.<\/p>\n<p>&nbsp;<\/p>\n<p>Sobre a Enashopp<\/p>\n<p>O Shopping Barra \u00e9 administrado pela Enashopp, empresa com expertise nacional e internacional voltada para o desenvolvimento, implanta\u00e7\u00e3o, comercializa\u00e7\u00e3o e administra\u00e7\u00e3o de shopping centers e empreendimentos empresariais e multifuncionais. Com mais de 30 anos no mercado, a Enashopp conta com um time de profissionais com amplo conhecimento na ind\u00fastria de shopping centers, atuando em empreendimentos de variados perfis e portes, levando em conta as especificidades de cada regi\u00e3o. S\u00e3o mais de 1500 profissionais administrando mais de 1 milh\u00e3o de m\u00b2 de \u00e1rea constru\u00edda, com uma m\u00e9dia de 30 milh\u00f5es de pessoas\/ano trafegando nos empreendimentos, 5 mil unidades gerenciadas e mais de 300 mil m\u00b2 de \u00e1rea bruta loc\u00e1vel (ABL). A Enashopp inovou no mercado imobili\u00e1rio implantando uma plataforma digital de venda e loca\u00e7\u00e3o de unidades exclusivamente comerciais e empresariais, para oferecer, de forma \u00e1gil e pr\u00e1tica, oportunidades de neg\u00f3cios apresentando os melhores pontos, como lojas, quiosques, escrit\u00f3rios, salas, \u00e1reas de eventos e merchandising. Saiba mais sobre o Achei meu Ponto! atrav\u00e9s do site acheimeuponto.com.br.<\/p>\n<p>Foto\/Reprodu\u00e7\u00e3o: Divulga\u00e7\u00e3o<\/p>\n","protected":false},"excerpt":{"rendered":"<p>As 30 melhores fotos ficam em exposi\u00e7\u00e3o no Barra de 28 de mar\u00e7o at\u00e9 14 de abril<\/p>\n","protected":false},"author":12,"featured_media":806866,"comment_status":"closed","ping_status":"closed","sticky":false,"template":"","format":"standard","meta":[],"categories":[689],"tags":[12919,28739],"acf":[],"yoast_head":"<!-- This site is optimized with the Yoast SEO plugin v20.8 - https:\/\/yoast.com\/wordpress\/plugins\/seo\/ -->\n<title>SHOPPING BARRA TER\u00c1 EXPOSI\u00c7\u00c3O DO 1\u00ba CONCURSO SSA FOTO FESTIVAL - Bahia Economica<\/title>\n<meta name=\"description\" content=\"As 30 imagens selecionadas ficam expostas no espa\u00e7o Barra Gourmet, de 28 de mar\u00e7o a 14 de abril. O \u00faltimo dia para postar a foto e participar do concurso \u00e9 hoje (25).\" \/>\n<meta name=\"robots\" content=\"index, follow, max-snippet:-1, max-image-preview:large, max-video-preview:-1\" \/>\n<link rel=\"canonical\" href=\"https:\/\/bahiaeconomica.com.br\/wp\/2024\/03\/25\/shopping-barra-tera-exposicao-do-1o-concurso-ssa-foto-festival\/\" \/>\n<meta property=\"og:locale\" content=\"pt_BR\" \/>\n<meta property=\"og:type\" content=\"article\" \/>\n<meta property=\"og:title\" content=\"SHOPPING BARRA TER\u00c1 EXPOSI\u00c7\u00c3O DO 1\u00ba CONCURSO SSA FOTO FESTIVAL - Bahia Economica\" \/>\n<meta property=\"og:description\" content=\"As 30 imagens selecionadas ficam expostas no espa\u00e7o Barra Gourmet, de 28 de mar\u00e7o a 14 de abril. O \u00faltimo dia para postar a foto e participar do concurso \u00e9 hoje (25).\" \/>\n<meta property=\"og:url\" content=\"https:\/\/bahiaeconomica.com.br\/wp\/2024\/03\/25\/shopping-barra-tera-exposicao-do-1o-concurso-ssa-foto-festival\/\" \/>\n<meta property=\"og:site_name\" content=\"Bahia Economica\" \/>\n<meta property=\"article:publisher\" content=\"https:\/\/www.facebook.com\/bahiaeconomica\" \/>\n<meta property=\"article:published_time\" content=\"2024-03-25T19:25:35+00:00\" \/>\n<meta property=\"article:modified_time\" content=\"2024-03-25T18:37:25+00:00\" \/>\n<meta property=\"og:image\" content=\"https:\/\/bahiaeconomica.com.br\/wp\/wp-content\/uploads\/2024\/03\/concurso-ft.jpg\" \/>\n\t<meta property=\"og:image:width\" content=\"500\" \/>\n\t<meta property=\"og:image:height\" content=\"496\" \/>\n\t<meta property=\"og:image:type\" content=\"image\/jpeg\" \/>\n<meta name=\"author\" content=\"BA\" \/>\n<meta name=\"twitter:card\" content=\"summary_large_image\" \/>\n<meta name=\"twitter:label1\" content=\"Escrito por\" \/>\n\t<meta name=\"twitter:data1\" content=\"BA\" \/>\n\t<meta name=\"twitter:label2\" content=\"Est. tempo de leitura\" \/>\n\t<meta name=\"twitter:data2\" content=\"3 minutos\" \/>\n<script type=\"application\/ld+json\" class=\"yoast-schema-graph\">{\"@context\":\"https:\/\/schema.org\",\"@graph\":[{\"@type\":\"Article\",\"@id\":\"https:\/\/bahiaeconomica.com.br\/wp\/2024\/03\/25\/shopping-barra-tera-exposicao-do-1o-concurso-ssa-foto-festival\/#article\",\"isPartOf\":{\"@id\":\"https:\/\/bahiaeconomica.com.br\/wp\/2024\/03\/25\/shopping-barra-tera-exposicao-do-1o-concurso-ssa-foto-festival\/\"},\"author\":{\"name\":\"BA\",\"@id\":\"https:\/\/bahiaeconomica.com.br\/wp\/#\/schema\/person\/5a4570b96ef393d09329ca6448199c3e\"},\"headline\":\"SHOPPING BARRA TER\u00c1 EXPOSI\u00c7\u00c3O DO 1\u00ba CONCURSO SSA FOTO FESTIVAL\",\"datePublished\":\"2024-03-25T19:25:35+00:00\",\"dateModified\":\"2024-03-25T18:37:25+00:00\",\"mainEntityOfPage\":{\"@id\":\"https:\/\/bahiaeconomica.com.br\/wp\/2024\/03\/25\/shopping-barra-tera-exposicao-do-1o-concurso-ssa-foto-festival\/\"},\"wordCount\":565,\"publisher\":{\"@id\":\"https:\/\/bahiaeconomica.com.br\/wp\/#organization\"},\"keywords\":[\"Shopping Barra\",\"SSA Foto Festival \u2013 Um olhar soteropolitano da nossa cidade\"],\"articleSection\":[\"CULTURA E ARTE\"],\"inLanguage\":\"pt-BR\"},{\"@type\":\"WebPage\",\"@id\":\"https:\/\/bahiaeconomica.com.br\/wp\/2024\/03\/25\/shopping-barra-tera-exposicao-do-1o-concurso-ssa-foto-festival\/\",\"url\":\"https:\/\/bahiaeconomica.com.br\/wp\/2024\/03\/25\/shopping-barra-tera-exposicao-do-1o-concurso-ssa-foto-festival\/\",\"name\":\"SHOPPING BARRA TER\u00c1 EXPOSI\u00c7\u00c3O DO 1\u00ba CONCURSO SSA FOTO FESTIVAL - Bahia Economica\",\"isPartOf\":{\"@id\":\"https:\/\/bahiaeconomica.com.br\/wp\/#website\"},\"datePublished\":\"2024-03-25T19:25:35+00:00\",\"dateModified\":\"2024-03-25T18:37:25+00:00\",\"description\":\"As 30 imagens selecionadas ficam expostas no espa\u00e7o Barra Gourmet, de 28 de mar\u00e7o a 14 de abril. O \u00faltimo dia para postar a foto e participar do concurso \u00e9 hoje (25).\",\"breadcrumb\":{\"@id\":\"https:\/\/bahiaeconomica.com.br\/wp\/2024\/03\/25\/shopping-barra-tera-exposicao-do-1o-concurso-ssa-foto-festival\/#breadcrumb\"},\"inLanguage\":\"pt-BR\",\"potentialAction\":[{\"@type\":\"ReadAction\",\"target\":[\"https:\/\/bahiaeconomica.com.br\/wp\/2024\/03\/25\/shopping-barra-tera-exposicao-do-1o-concurso-ssa-foto-festival\/\"]}]},{\"@type\":\"BreadcrumbList\",\"@id\":\"https:\/\/bahiaeconomica.com.br\/wp\/2024\/03\/25\/shopping-barra-tera-exposicao-do-1o-concurso-ssa-foto-festival\/#breadcrumb\",\"itemListElement\":[{\"@type\":\"ListItem\",\"position\":1,\"name\":\"In\u00edcio\",\"item\":\"https:\/\/bahiaeconomica.com.br\/wp\/\"},{\"@type\":\"ListItem\",\"position\":2,\"name\":\"SHOPPING BARRA TER\u00c1 EXPOSI\u00c7\u00c3O DO 1\u00ba CONCURSO SSA FOTO FESTIVAL\"}]},{\"@type\":\"WebSite\",\"@id\":\"https:\/\/bahiaeconomica.com.br\/wp\/#website\",\"url\":\"https:\/\/bahiaeconomica.com.br\/wp\/\",\"name\":\"Bahia Economica\",\"description\":\"O maior portal de Economia da Bahia\",\"publisher\":{\"@id\":\"https:\/\/bahiaeconomica.com.br\/wp\/#organization\"},\"potentialAction\":[{\"@type\":\"SearchAction\",\"target\":{\"@type\":\"EntryPoint\",\"urlTemplate\":\"https:\/\/bahiaeconomica.com.br\/wp\/?s={search_term_string}\"},\"query-input\":\"required name=search_term_string\"}],\"inLanguage\":\"pt-BR\"},{\"@type\":\"Organization\",\"@id\":\"https:\/\/bahiaeconomica.com.br\/wp\/#organization\",\"name\":\"Bahia Econ\u00f4mica\",\"url\":\"https:\/\/bahiaeconomica.com.br\/wp\/\",\"logo\":{\"@type\":\"ImageObject\",\"inLanguage\":\"pt-BR\",\"@id\":\"https:\/\/bahiaeconomica.com.br\/wp\/#\/schema\/logo\/image\/\",\"url\":\"https:\/\/bahiaeconomica.com.br\/wp\/wp-content\/uploads\/2020\/12\/cropped-BE.png\",\"contentUrl\":\"https:\/\/bahiaeconomica.com.br\/wp\/wp-content\/uploads\/2020\/12\/cropped-BE.png\",\"width\":512,\"height\":512,\"caption\":\"Bahia Econ\u00f4mica\"},\"image\":{\"@id\":\"https:\/\/bahiaeconomica.com.br\/wp\/#\/schema\/logo\/image\/\"},\"sameAs\":[\"https:\/\/www.facebook.com\/bahiaeconomica\"]},{\"@type\":\"Person\",\"@id\":\"https:\/\/bahiaeconomica.com.br\/wp\/#\/schema\/person\/5a4570b96ef393d09329ca6448199c3e\",\"name\":\"BA\",\"sameAs\":[\"https:\/\/bahiaeconomica.com.br\/wp\/beta\/\"],\"url\":\"https:\/\/bahiaeconomica.com.br\/wp\/author\/bruno-alves\/\"}]}<\/script>\n<!-- \/ Yoast SEO plugin. -->","yoast_head_json":{"title":"SHOPPING BARRA TER\u00c1 EXPOSI\u00c7\u00c3O DO 1\u00ba CONCURSO SSA FOTO FESTIVAL - Bahia Economica","description":"As 30 imagens selecionadas ficam expostas no espa\u00e7o Barra Gourmet, de 28 de mar\u00e7o a 14 de abril. O \u00faltimo dia para postar a foto e participar do concurso \u00e9 hoje (25).","robots":{"index":"index","follow":"follow","max-snippet":"max-snippet:-1","max-image-preview":"max-image-preview:large","max-video-preview":"max-video-preview:-1"},"canonical":"https:\/\/bahiaeconomica.com.br\/wp\/2024\/03\/25\/shopping-barra-tera-exposicao-do-1o-concurso-ssa-foto-festival\/","og_locale":"pt_BR","og_type":"article","og_title":"SHOPPING BARRA TER\u00c1 EXPOSI\u00c7\u00c3O DO 1\u00ba CONCURSO SSA FOTO FESTIVAL - Bahia Economica","og_description":"As 30 imagens selecionadas ficam expostas no espa\u00e7o Barra Gourmet, de 28 de mar\u00e7o a 14 de abril. O \u00faltimo dia para postar a foto e participar do concurso \u00e9 hoje (25).","og_url":"https:\/\/bahiaeconomica.com.br\/wp\/2024\/03\/25\/shopping-barra-tera-exposicao-do-1o-concurso-ssa-foto-festival\/","og_site_name":"Bahia Economica","article_publisher":"https:\/\/www.facebook.com\/bahiaeconomica","article_published_time":"2024-03-25T19:25:35+00:00","article_modified_time":"2024-03-25T18:37:25+00:00","og_image":[{"width":500,"height":496,"url":"https:\/\/bahiaeconomica.com.br\/wp\/wp-content\/uploads\/2024\/03\/concurso-ft.jpg","type":"image\/jpeg"}],"author":"BA","twitter_card":"summary_large_image","twitter_misc":{"Escrito por":"BA","Est. tempo de leitura":"3 minutos"},"schema":{"@context":"https:\/\/schema.org","@graph":[{"@type":"Article","@id":"https:\/\/bahiaeconomica.com.br\/wp\/2024\/03\/25\/shopping-barra-tera-exposicao-do-1o-concurso-ssa-foto-festival\/#article","isPartOf":{"@id":"https:\/\/bahiaeconomica.com.br\/wp\/2024\/03\/25\/shopping-barra-tera-exposicao-do-1o-concurso-ssa-foto-festival\/"},"author":{"name":"BA","@id":"https:\/\/bahiaeconomica.com.br\/wp\/#\/schema\/person\/5a4570b96ef393d09329ca6448199c3e"},"headline":"SHOPPING BARRA TER\u00c1 EXPOSI\u00c7\u00c3O DO 1\u00ba CONCURSO SSA FOTO FESTIVAL","datePublished":"2024-03-25T19:25:35+00:00","dateModified":"2024-03-25T18:37:25+00:00","mainEntityOfPage":{"@id":"https:\/\/bahiaeconomica.com.br\/wp\/2024\/03\/25\/shopping-barra-tera-exposicao-do-1o-concurso-ssa-foto-festival\/"},"wordCount":565,"publisher":{"@id":"https:\/\/bahiaeconomica.com.br\/wp\/#organization"},"keywords":["Shopping Barra","SSA Foto Festival \u2013 Um olhar soteropolitano da nossa cidade"],"articleSection":["CULTURA E ARTE"],"inLanguage":"pt-BR"},{"@type":"WebPage","@id":"https:\/\/bahiaeconomica.com.br\/wp\/2024\/03\/25\/shopping-barra-tera-exposicao-do-1o-concurso-ssa-foto-festival\/","url":"https:\/\/bahiaeconomica.com.br\/wp\/2024\/03\/25\/shopping-barra-tera-exposicao-do-1o-concurso-ssa-foto-festival\/","name":"SHOPPING BARRA TER\u00c1 EXPOSI\u00c7\u00c3O DO 1\u00ba CONCURSO SSA FOTO FESTIVAL - Bahia Economica","isPartOf":{"@id":"https:\/\/bahiaeconomica.com.br\/wp\/#website"},"datePublished":"2024-03-25T19:25:35+00:00","dateModified":"2024-03-25T18:37:25+00:00","description":"As 30 imagens selecionadas ficam expostas no espa\u00e7o Barra Gourmet, de 28 de mar\u00e7o a 14 de abril. O \u00faltimo dia para postar a foto e participar do concurso \u00e9 hoje (25).","breadcrumb":{"@id":"https:\/\/bahiaeconomica.com.br\/wp\/2024\/03\/25\/shopping-barra-tera-exposicao-do-1o-concurso-ssa-foto-festival\/#breadcrumb"},"inLanguage":"pt-BR","potentialAction":[{"@type":"ReadAction","target":["https:\/\/bahiaeconomica.com.br\/wp\/2024\/03\/25\/shopping-barra-tera-exposicao-do-1o-concurso-ssa-foto-festival\/"]}]},{"@type":"BreadcrumbList","@id":"https:\/\/bahiaeconomica.com.br\/wp\/2024\/03\/25\/shopping-barra-tera-exposicao-do-1o-concurso-ssa-foto-festival\/#breadcrumb","itemListElement":[{"@type":"ListItem","position":1,"name":"In\u00edcio","item":"https:\/\/bahiaeconomica.com.br\/wp\/"},{"@type":"ListItem","position":2,"name":"SHOPPING BARRA TER\u00c1 EXPOSI\u00c7\u00c3O DO 1\u00ba CONCURSO SSA FOTO FESTIVAL"}]},{"@type":"WebSite","@id":"https:\/\/bahiaeconomica.com.br\/wp\/#website","url":"https:\/\/bahiaeconomica.com.br\/wp\/","name":"Bahia Economica","description":"O maior portal de Economia da Bahia","publisher":{"@id":"https:\/\/bahiaeconomica.com.br\/wp\/#organization"},"potentialAction":[{"@type":"SearchAction","target":{"@type":"EntryPoint","urlTemplate":"https:\/\/bahiaeconomica.com.br\/wp\/?s={search_term_string}"},"query-input":"required name=search_term_string"}],"inLanguage":"pt-BR"},{"@type":"Organization","@id":"https:\/\/bahiaeconomica.com.br\/wp\/#organization","name":"Bahia Econ\u00f4mica","url":"https:\/\/bahiaeconomica.com.br\/wp\/","logo":{"@type":"ImageObject","inLanguage":"pt-BR","@id":"https:\/\/bahiaeconomica.com.br\/wp\/#\/schema\/logo\/image\/","url":"https:\/\/bahiaeconomica.com.br\/wp\/wp-content\/uploads\/2020\/12\/cropped-BE.png","contentUrl":"https:\/\/bahiaeconomica.com.br\/wp\/wp-content\/uploads\/2020\/12\/cropped-BE.png","width":512,"height":512,"caption":"Bahia Econ\u00f4mica"},"image":{"@id":"https:\/\/bahiaeconomica.com.br\/wp\/#\/schema\/logo\/image\/"},"sameAs":["https:\/\/www.facebook.com\/bahiaeconomica"]},{"@type":"Person","@id":"https:\/\/bahiaeconomica.com.br\/wp\/#\/schema\/person\/5a4570b96ef393d09329ca6448199c3e","name":"BA","sameAs":["https:\/\/bahiaeconomica.com.br\/wp\/beta\/"],"url":"https:\/\/bahiaeconomica.com.br\/wp\/author\/bruno-alves\/"}]}},"views":30,"_links":{"self":[{"href":"https:\/\/bahiaeconomica.com.br\/wp\/wp-json\/wp\/v2\/posts\/806862"}],"collection":[{"href":"https:\/\/bahiaeconomica.com.br\/wp\/wp-json\/wp\/v2\/posts"}],"about":[{"href":"https:\/\/bahiaeconomica.com.br\/wp\/wp-json\/wp\/v2\/types\/post"}],"author":[{"embeddable":true,"href":"https:\/\/bahiaeconomica.com.br\/wp\/wp-json\/wp\/v2\/users\/12"}],"replies":[{"embeddable":true,"href":"https:\/\/bahiaeconomica.com.br\/wp\/wp-json\/wp\/v2\/comments?post=806862"}],"version-history":[{"count":1,"href":"https:\/\/bahiaeconomica.com.br\/wp\/wp-json\/wp\/v2\/posts\/806862\/revisions"}],"predecessor-version":[{"id":806870,"href":"https:\/\/bahiaeconomica.com.br\/wp\/wp-json\/wp\/v2\/posts\/806862\/revisions\/806870"}],"wp:featuredmedia":[{"embeddable":true,"href":"https:\/\/bahiaeconomica.com.br\/wp\/wp-json\/wp\/v2\/media\/806866"}],"wp:attachment":[{"href":"https:\/\/bahiaeconomica.com.br\/wp\/wp-json\/wp\/v2\/media?parent=806862"}],"wp:term":[{"taxonomy":"category","embeddable":true,"href":"https:\/\/bahiaeconomica.com.br\/wp\/wp-json\/wp\/v2\/categories?post=806862"},{"taxonomy":"post_tag","embeddable":true,"href":"https:\/\/bahiaeconomica.com.br\/wp\/wp-json\/wp\/v2\/tags?post=806862"}],"curies":[{"name":"wp","href":"https:\/\/api.w.org\/{rel}","templated":true}]}}