{"id":806554,"date":"2024-03-22T18:59:52","date_gmt":"2024-03-22T21:59:52","guid":{"rendered":"https:\/\/bahiaeconomica.com.br\/wp\/?p=806554"},"modified":"2024-03-22T17:29:03","modified_gmt":"2024-03-22T20:29:03","slug":"governo-da-bahia-firma-acordo-com-banco-do-brasil-para-promover-a-geracao-de-mais-de-2-mil-empregos-no-estado","status":"publish","type":"post","link":"https:\/\/bahiaeconomica.com.br\/wp\/2024\/03\/22\/governo-da-bahia-firma-acordo-com-banco-do-brasil-para-promover-a-geracao-de-mais-de-2-mil-empregos-no-estado\/","title":{"rendered":"GOVERNO DA BAHIA FIRMA ACORDO COM BANCO DO BRASIL PARA PROMOVER A GERA\u00c7\u00c3O DE MAIS DE 2 MIL EMPREGOS NO ESTADO"},"content":{"rendered":"<p>Nesta sexta-feira (22) o Governo da Bahia e o Banco do Brasil firmaram um acordo de coopera\u00e7\u00e3o voltado para a intermedia\u00e7\u00e3o de empregos. Com foco na cria\u00e7\u00e3o de oportunidades, tanto para jovens em busca do primeiro emprego, quanto para pessoas com mais de 50 anos, o documento foi assinado durante a inaugura\u00e7\u00e3o da nova Central de Atendimento da BB Tecnologia e Servi\u00e7os (BBTS), empresa integrante do Conglomerado Banco do Brasil, localizada na Avenida Paralela, em Salvador.<\/p>\n<p>O acordo tem dura\u00e7\u00e3o inicial de 12 meses, a partir da assinatura, podendo ser estendido por meio da celebra\u00e7\u00e3o de um termo aditivo. O governador Jer\u00f4nimo Rodrigues diz \u00e9 crucial para o BB criar esse ambiente visando fortalecer sua rela\u00e7\u00e3o de proximidade com os seus clientes.<\/p>\n<p>&#8220;J\u00e1 para mim, como governador, \u00e9 fundamental ver a gera\u00e7\u00e3o de emprego, ent\u00e3o 2,2 mil empregos aqui, dinamizando a economia do estado da Bahia em Salvador, e a possibilidade de dentro de mais alguns meses, a cria\u00e7\u00e3o de uma nova central como essa em Lauro de Freitas, ent\u00e3o estou muito feliz com a parceria com o Banco do Brasil&#8221;, enfatizou jer\u00f4nimo.<\/p>\n<p>O termo, que ser\u00e1s elaborado pela Secretaria do Trabalho, Emprego, Renda e Esporte (Setre), tem como objetivo principal intermediar a rela\u00e7\u00e3o entre a Rede SINEBAHIA e as empresas fornecedoras de postos de servi\u00e7o contratadas pela BBTS. O intuito \u00e9 oferecer postos de trabalho para as unidades dos munic\u00edpios de Salvador e Lauro de Freitas.<\/p>\n<p>Durante a inaugura\u00e7\u00e3o da central, Tarciana Medeiros, presidenta do Banco do Brasil, reiterou a parceria com o governo da Bahia, uma vez que refor\u00e7aram o compromisso de aprimorar a presen\u00e7a do banco no estado, bem como promover o desenvolvimento econ\u00f4mico e social. Ela enfatizou o compromisso da organiza\u00e7\u00e3o cooperar ativamente para a cria\u00e7\u00e3o de oportunidades de emprego e o fortalecimento da economia local.<\/p>\n<p>Para a contrata\u00e7\u00e3o de vagas de trabalho, ser\u00e1 dada prioridade \u00e0 empregabilidade para jovens do programa Primeiro Emprego e para pessoas com mais de 50 anos, o que demonstra o compromisso com a inclus\u00e3o e a diversidade no mercado de trabalho. A BBTS orientar\u00e1 as empresas que contratam pessoas da comunidade, e seu quadro de colaboradores \u00e9 formado principalmente por jovens entre 18 e 21 anos, al\u00e9m de uma parcela significativa com mais de 60 anos.<\/p>\n<p>A expectativa \u00e9 iniciar as opera\u00e7\u00f5es em Lauro de Freitas na segunda quinzena de abril de 2024, com aproximadamente 200 empregos, com crescimento mensal gradual, podendo atingir 500 empregos no primeiro semestre de 2024, com potencial de expans\u00e3o para at\u00e9 2 mil empregos, nas duas unidades de atendimento ao cliente.<\/p>\n<p>Davidson Magalh\u00e3es, secret\u00e1rio da Setre, destacou a relev\u00e2ncia da iniciativa. &#8220;Estamos garantindo oportunidades para diferentes faixas et\u00e1rias e contribuindo para a inclus\u00e3o social e econ\u00f4mica, o que resultar\u00e1 em benef\u00edcios tang\u00edveis para nossa comunidade, fortalecendo a economia e promovendo o desenvolvimento sustent\u00e1vel&#8221;.<\/p>\n<p>&nbsp;<\/p>\n<p>Foto: Matheus Landim<\/p>\n","protected":false},"excerpt":{"rendered":"<p>Nesta sexta-feira (22) o Governo da Bahia e o Banco do Brasil firmaram um acordo de coopera\u00e7\u00e3o voltado para a intermedia\u00e7\u00e3o de empregos. Com foco na cria\u00e7\u00e3o de oportunidades, tanto para jovens em busca do primeiro emprego, quanto para pessoas com mais de 50 anos, o documento foi assinado durante a inaugura\u00e7\u00e3o da nova Central [&hellip;]<\/p>\n","protected":false},"author":19,"featured_media":806563,"comment_status":"closed","ping_status":"closed","sticky":false,"template":"","format":"standard","meta":[],"categories":[14,3],"tags":[577,28692,213,1012,88,3212,1013],"acf":[],"yoast_head":"<!-- This site is optimized with the Yoast SEO plugin v20.8 - https:\/\/yoast.com\/wordpress\/plugins\/seo\/ -->\n<title>GOVERNO DA BAHIA FIRMA ACORDO COM BANCO DO BRASIL PARA PROMOVER A GERA\u00c7\u00c3O DE MAIS DE 2 MIL EMPREGOS NO ESTADO - Bahia Economica<\/title>\n<meta name=\"description\" content=\"O maior portal de Economia da Bahia DESTAQUE DO DIA, ECONOMIA \/ POL\u00cdTICA Bahia Economica Nesta sexta-feira (22) o Governo da Bahia\" \/>\n<meta name=\"robots\" content=\"index, follow, max-snippet:-1, max-image-preview:large, max-video-preview:-1\" \/>\n<link rel=\"canonical\" href=\"https:\/\/bahiaeconomica.com.br\/wp\/2024\/03\/22\/governo-da-bahia-firma-acordo-com-banco-do-brasil-para-promover-a-geracao-de-mais-de-2-mil-empregos-no-estado\/\" \/>\n<meta property=\"og:locale\" content=\"pt_BR\" \/>\n<meta property=\"og:type\" content=\"article\" \/>\n<meta property=\"og:title\" content=\"GOVERNO DA BAHIA FIRMA ACORDO COM BANCO DO BRASIL PARA PROMOVER A GERA\u00c7\u00c3O DE MAIS DE 2 MIL EMPREGOS NO ESTADO - Bahia Economica\" \/>\n<meta property=\"og:description\" content=\"O maior portal de Economia da Bahia DESTAQUE DO DIA, ECONOMIA \/ POL\u00cdTICA Bahia Economica Nesta sexta-feira (22) o Governo da Bahia\" \/>\n<meta property=\"og:url\" content=\"https:\/\/bahiaeconomica.com.br\/wp\/2024\/03\/22\/governo-da-bahia-firma-acordo-com-banco-do-brasil-para-promover-a-geracao-de-mais-de-2-mil-empregos-no-estado\/\" \/>\n<meta property=\"og:site_name\" content=\"Bahia Economica\" \/>\n<meta property=\"article:publisher\" content=\"https:\/\/www.facebook.com\/bahiaeconomica\" \/>\n<meta property=\"article:published_time\" content=\"2024-03-22T21:59:52+00:00\" \/>\n<meta property=\"article:modified_time\" content=\"2024-03-22T20:29:03+00:00\" \/>\n<meta property=\"og:image\" content=\"https:\/\/bahiaeconomica.com.br\/wp\/wp-content\/uploads\/2024\/03\/Fotos-Matheus-LandimGOVBA-5.jpeg\" \/>\n\t<meta property=\"og:image:width\" content=\"1506\" \/>\n\t<meta property=\"og:image:height\" content=\"1004\" \/>\n\t<meta property=\"og:image:type\" content=\"image\/jpeg\" \/>\n<meta name=\"author\" content=\"LIZANDRA MUNIZ\" \/>\n<meta name=\"twitter:card\" content=\"summary_large_image\" \/>\n<meta name=\"twitter:label1\" content=\"Escrito por\" \/>\n\t<meta name=\"twitter:data1\" content=\"LIZANDRA MUNIZ\" \/>\n\t<meta name=\"twitter:label2\" content=\"Est. tempo de leitura\" \/>\n\t<meta name=\"twitter:data2\" content=\"3 minutos\" \/>\n<script type=\"application\/ld+json\" class=\"yoast-schema-graph\">{\"@context\":\"https:\/\/schema.org\",\"@graph\":[{\"@type\":\"Article\",\"@id\":\"https:\/\/bahiaeconomica.com.br\/wp\/2024\/03\/22\/governo-da-bahia-firma-acordo-com-banco-do-brasil-para-promover-a-geracao-de-mais-de-2-mil-empregos-no-estado\/#article\",\"isPartOf\":{\"@id\":\"https:\/\/bahiaeconomica.com.br\/wp\/2024\/03\/22\/governo-da-bahia-firma-acordo-com-banco-do-brasil-para-promover-a-geracao-de-mais-de-2-mil-empregos-no-estado\/\"},\"author\":{\"name\":\"LIZANDRA MUNIZ\",\"@id\":\"https:\/\/bahiaeconomica.com.br\/wp\/#\/schema\/person\/0868b18bbfdd29723e44135140f35148\"},\"headline\":\"GOVERNO DA BAHIA FIRMA ACORDO COM BANCO DO BRASIL PARA PROMOVER A GERA\u00c7\u00c3O DE MAIS DE 2 MIL EMPREGOS NO ESTADO\",\"datePublished\":\"2024-03-22T21:59:52+00:00\",\"dateModified\":\"2024-03-22T20:29:03+00:00\",\"mainEntityOfPage\":{\"@id\":\"https:\/\/bahiaeconomica.com.br\/wp\/2024\/03\/22\/governo-da-bahia-firma-acordo-com-banco-do-brasil-para-promover-a-geracao-de-mais-de-2-mil-empregos-no-estado\/\"},\"wordCount\":512,\"publisher\":{\"@id\":\"https:\/\/bahiaeconomica.com.br\/wp\/#organization\"},\"keywords\":[\"Banco do Brasil\",\"BBTS\",\"Economia\",\"empregos\",\"governo da Bahia\",\"setre\",\"vagas\"],\"articleSection\":[\"DESTAQUE DO DIA\",\"ECONOMIA \/ POL\u00cdTICA\"],\"inLanguage\":\"pt-BR\"},{\"@type\":\"WebPage\",\"@id\":\"https:\/\/bahiaeconomica.com.br\/wp\/2024\/03\/22\/governo-da-bahia-firma-acordo-com-banco-do-brasil-para-promover-a-geracao-de-mais-de-2-mil-empregos-no-estado\/\",\"url\":\"https:\/\/bahiaeconomica.com.br\/wp\/2024\/03\/22\/governo-da-bahia-firma-acordo-com-banco-do-brasil-para-promover-a-geracao-de-mais-de-2-mil-empregos-no-estado\/\",\"name\":\"GOVERNO DA BAHIA FIRMA ACORDO COM BANCO DO BRASIL PARA PROMOVER A GERA\u00c7\u00c3O DE MAIS DE 2 MIL EMPREGOS NO ESTADO - Bahia Economica\",\"isPartOf\":{\"@id\":\"https:\/\/bahiaeconomica.com.br\/wp\/#website\"},\"datePublished\":\"2024-03-22T21:59:52+00:00\",\"dateModified\":\"2024-03-22T20:29:03+00:00\",\"description\":\"O maior portal de Economia da Bahia DESTAQUE DO DIA, ECONOMIA \/ POL\u00cdTICA Bahia Economica Nesta sexta-feira (22) o Governo da Bahia\",\"breadcrumb\":{\"@id\":\"https:\/\/bahiaeconomica.com.br\/wp\/2024\/03\/22\/governo-da-bahia-firma-acordo-com-banco-do-brasil-para-promover-a-geracao-de-mais-de-2-mil-empregos-no-estado\/#breadcrumb\"},\"inLanguage\":\"pt-BR\",\"potentialAction\":[{\"@type\":\"ReadAction\",\"target\":[\"https:\/\/bahiaeconomica.com.br\/wp\/2024\/03\/22\/governo-da-bahia-firma-acordo-com-banco-do-brasil-para-promover-a-geracao-de-mais-de-2-mil-empregos-no-estado\/\"]}]},{\"@type\":\"BreadcrumbList\",\"@id\":\"https:\/\/bahiaeconomica.com.br\/wp\/2024\/03\/22\/governo-da-bahia-firma-acordo-com-banco-do-brasil-para-promover-a-geracao-de-mais-de-2-mil-empregos-no-estado\/#breadcrumb\",\"itemListElement\":[{\"@type\":\"ListItem\",\"position\":1,\"name\":\"In\u00edcio\",\"item\":\"https:\/\/bahiaeconomica.com.br\/wp\/\"},{\"@type\":\"ListItem\",\"position\":2,\"name\":\"GOVERNO DA BAHIA FIRMA ACORDO COM BANCO DO BRASIL PARA PROMOVER A GERA\u00c7\u00c3O DE MAIS DE 2 MIL EMPREGOS NO ESTADO\"}]},{\"@type\":\"WebSite\",\"@id\":\"https:\/\/bahiaeconomica.com.br\/wp\/#website\",\"url\":\"https:\/\/bahiaeconomica.com.br\/wp\/\",\"name\":\"Bahia Economica\",\"description\":\"O maior portal de Economia da Bahia\",\"publisher\":{\"@id\":\"https:\/\/bahiaeconomica.com.br\/wp\/#organization\"},\"potentialAction\":[{\"@type\":\"SearchAction\",\"target\":{\"@type\":\"EntryPoint\",\"urlTemplate\":\"https:\/\/bahiaeconomica.com.br\/wp\/?s={search_term_string}\"},\"query-input\":\"required name=search_term_string\"}],\"inLanguage\":\"pt-BR\"},{\"@type\":\"Organization\",\"@id\":\"https:\/\/bahiaeconomica.com.br\/wp\/#organization\",\"name\":\"Bahia Econ\u00f4mica\",\"url\":\"https:\/\/bahiaeconomica.com.br\/wp\/\",\"logo\":{\"@type\":\"ImageObject\",\"inLanguage\":\"pt-BR\",\"@id\":\"https:\/\/bahiaeconomica.com.br\/wp\/#\/schema\/logo\/image\/\",\"url\":\"https:\/\/bahiaeconomica.com.br\/wp\/wp-content\/uploads\/2020\/12\/cropped-BE.png\",\"contentUrl\":\"https:\/\/bahiaeconomica.com.br\/wp\/wp-content\/uploads\/2020\/12\/cropped-BE.png\",\"width\":512,\"height\":512,\"caption\":\"Bahia Econ\u00f4mica\"},\"image\":{\"@id\":\"https:\/\/bahiaeconomica.com.br\/wp\/#\/schema\/logo\/image\/\"},\"sameAs\":[\"https:\/\/www.facebook.com\/bahiaeconomica\"]},{\"@type\":\"Person\",\"@id\":\"https:\/\/bahiaeconomica.com.br\/wp\/#\/schema\/person\/0868b18bbfdd29723e44135140f35148\",\"name\":\"LIZANDRA MUNIZ\",\"sameAs\":[\"http:\/\/www.bahiaeconomica.com.br\"],\"url\":\"https:\/\/bahiaeconomica.com.br\/wp\/author\/lizandra-muniz\/\"}]}<\/script>\n<!-- \/ Yoast SEO plugin. -->","yoast_head_json":{"title":"GOVERNO DA BAHIA FIRMA ACORDO COM BANCO DO BRASIL PARA PROMOVER A GERA\u00c7\u00c3O DE MAIS DE 2 MIL EMPREGOS NO ESTADO - Bahia Economica","description":"O maior portal de Economia da Bahia DESTAQUE DO DIA, ECONOMIA \/ POL\u00cdTICA Bahia Economica Nesta sexta-feira (22) o Governo da Bahia","robots":{"index":"index","follow":"follow","max-snippet":"max-snippet:-1","max-image-preview":"max-image-preview:large","max-video-preview":"max-video-preview:-1"},"canonical":"https:\/\/bahiaeconomica.com.br\/wp\/2024\/03\/22\/governo-da-bahia-firma-acordo-com-banco-do-brasil-para-promover-a-geracao-de-mais-de-2-mil-empregos-no-estado\/","og_locale":"pt_BR","og_type":"article","og_title":"GOVERNO DA BAHIA FIRMA ACORDO COM BANCO DO BRASIL PARA PROMOVER A GERA\u00c7\u00c3O DE MAIS DE 2 MIL EMPREGOS NO ESTADO - Bahia Economica","og_description":"O maior portal de Economia da Bahia DESTAQUE DO DIA, ECONOMIA \/ POL\u00cdTICA Bahia Economica Nesta sexta-feira (22) o Governo da Bahia","og_url":"https:\/\/bahiaeconomica.com.br\/wp\/2024\/03\/22\/governo-da-bahia-firma-acordo-com-banco-do-brasil-para-promover-a-geracao-de-mais-de-2-mil-empregos-no-estado\/","og_site_name":"Bahia Economica","article_publisher":"https:\/\/www.facebook.com\/bahiaeconomica","article_published_time":"2024-03-22T21:59:52+00:00","article_modified_time":"2024-03-22T20:29:03+00:00","og_image":[{"width":1506,"height":1004,"url":"https:\/\/bahiaeconomica.com.br\/wp\/wp-content\/uploads\/2024\/03\/Fotos-Matheus-LandimGOVBA-5.jpeg","type":"image\/jpeg"}],"author":"LIZANDRA MUNIZ","twitter_card":"summary_large_image","twitter_misc":{"Escrito por":"LIZANDRA MUNIZ","Est. tempo de leitura":"3 minutos"},"schema":{"@context":"https:\/\/schema.org","@graph":[{"@type":"Article","@id":"https:\/\/bahiaeconomica.com.br\/wp\/2024\/03\/22\/governo-da-bahia-firma-acordo-com-banco-do-brasil-para-promover-a-geracao-de-mais-de-2-mil-empregos-no-estado\/#article","isPartOf":{"@id":"https:\/\/bahiaeconomica.com.br\/wp\/2024\/03\/22\/governo-da-bahia-firma-acordo-com-banco-do-brasil-para-promover-a-geracao-de-mais-de-2-mil-empregos-no-estado\/"},"author":{"name":"LIZANDRA MUNIZ","@id":"https:\/\/bahiaeconomica.com.br\/wp\/#\/schema\/person\/0868b18bbfdd29723e44135140f35148"},"headline":"GOVERNO DA BAHIA FIRMA ACORDO COM BANCO DO BRASIL PARA PROMOVER A GERA\u00c7\u00c3O DE MAIS DE 2 MIL EMPREGOS NO ESTADO","datePublished":"2024-03-22T21:59:52+00:00","dateModified":"2024-03-22T20:29:03+00:00","mainEntityOfPage":{"@id":"https:\/\/bahiaeconomica.com.br\/wp\/2024\/03\/22\/governo-da-bahia-firma-acordo-com-banco-do-brasil-para-promover-a-geracao-de-mais-de-2-mil-empregos-no-estado\/"},"wordCount":512,"publisher":{"@id":"https:\/\/bahiaeconomica.com.br\/wp\/#organization"},"keywords":["Banco do Brasil","BBTS","Economia","empregos","governo da Bahia","setre","vagas"],"articleSection":["DESTAQUE DO DIA","ECONOMIA \/ POL\u00cdTICA"],"inLanguage":"pt-BR"},{"@type":"WebPage","@id":"https:\/\/bahiaeconomica.com.br\/wp\/2024\/03\/22\/governo-da-bahia-firma-acordo-com-banco-do-brasil-para-promover-a-geracao-de-mais-de-2-mil-empregos-no-estado\/","url":"https:\/\/bahiaeconomica.com.br\/wp\/2024\/03\/22\/governo-da-bahia-firma-acordo-com-banco-do-brasil-para-promover-a-geracao-de-mais-de-2-mil-empregos-no-estado\/","name":"GOVERNO DA BAHIA FIRMA ACORDO COM BANCO DO BRASIL PARA PROMOVER A GERA\u00c7\u00c3O DE MAIS DE 2 MIL EMPREGOS NO ESTADO - Bahia Economica","isPartOf":{"@id":"https:\/\/bahiaeconomica.com.br\/wp\/#website"},"datePublished":"2024-03-22T21:59:52+00:00","dateModified":"2024-03-22T20:29:03+00:00","description":"O maior portal de Economia da Bahia DESTAQUE DO DIA, ECONOMIA \/ POL\u00cdTICA Bahia Economica Nesta sexta-feira (22) o Governo da Bahia","breadcrumb":{"@id":"https:\/\/bahiaeconomica.com.br\/wp\/2024\/03\/22\/governo-da-bahia-firma-acordo-com-banco-do-brasil-para-promover-a-geracao-de-mais-de-2-mil-empregos-no-estado\/#breadcrumb"},"inLanguage":"pt-BR","potentialAction":[{"@type":"ReadAction","target":["https:\/\/bahiaeconomica.com.br\/wp\/2024\/03\/22\/governo-da-bahia-firma-acordo-com-banco-do-brasil-para-promover-a-geracao-de-mais-de-2-mil-empregos-no-estado\/"]}]},{"@type":"BreadcrumbList","@id":"https:\/\/bahiaeconomica.com.br\/wp\/2024\/03\/22\/governo-da-bahia-firma-acordo-com-banco-do-brasil-para-promover-a-geracao-de-mais-de-2-mil-empregos-no-estado\/#breadcrumb","itemListElement":[{"@type":"ListItem","position":1,"name":"In\u00edcio","item":"https:\/\/bahiaeconomica.com.br\/wp\/"},{"@type":"ListItem","position":2,"name":"GOVERNO DA BAHIA FIRMA ACORDO COM BANCO DO BRASIL PARA PROMOVER A GERA\u00c7\u00c3O DE MAIS DE 2 MIL EMPREGOS NO ESTADO"}]},{"@type":"WebSite","@id":"https:\/\/bahiaeconomica.com.br\/wp\/#website","url":"https:\/\/bahiaeconomica.com.br\/wp\/","name":"Bahia Economica","description":"O maior portal de Economia da Bahia","publisher":{"@id":"https:\/\/bahiaeconomica.com.br\/wp\/#organization"},"potentialAction":[{"@type":"SearchAction","target":{"@type":"EntryPoint","urlTemplate":"https:\/\/bahiaeconomica.com.br\/wp\/?s={search_term_string}"},"query-input":"required name=search_term_string"}],"inLanguage":"pt-BR"},{"@type":"Organization","@id":"https:\/\/bahiaeconomica.com.br\/wp\/#organization","name":"Bahia Econ\u00f4mica","url":"https:\/\/bahiaeconomica.com.br\/wp\/","logo":{"@type":"ImageObject","inLanguage":"pt-BR","@id":"https:\/\/bahiaeconomica.com.br\/wp\/#\/schema\/logo\/image\/","url":"https:\/\/bahiaeconomica.com.br\/wp\/wp-content\/uploads\/2020\/12\/cropped-BE.png","contentUrl":"https:\/\/bahiaeconomica.com.br\/wp\/wp-content\/uploads\/2020\/12\/cropped-BE.png","width":512,"height":512,"caption":"Bahia Econ\u00f4mica"},"image":{"@id":"https:\/\/bahiaeconomica.com.br\/wp\/#\/schema\/logo\/image\/"},"sameAs":["https:\/\/www.facebook.com\/bahiaeconomica"]},{"@type":"Person","@id":"https:\/\/bahiaeconomica.com.br\/wp\/#\/schema\/person\/0868b18bbfdd29723e44135140f35148","name":"LIZANDRA MUNIZ","sameAs":["http:\/\/www.bahiaeconomica.com.br"],"url":"https:\/\/bahiaeconomica.com.br\/wp\/author\/lizandra-muniz\/"}]}},"views":101,"_links":{"self":[{"href":"https:\/\/bahiaeconomica.com.br\/wp\/wp-json\/wp\/v2\/posts\/806554"}],"collection":[{"href":"https:\/\/bahiaeconomica.com.br\/wp\/wp-json\/wp\/v2\/posts"}],"about":[{"href":"https:\/\/bahiaeconomica.com.br\/wp\/wp-json\/wp\/v2\/types\/post"}],"author":[{"embeddable":true,"href":"https:\/\/bahiaeconomica.com.br\/wp\/wp-json\/wp\/v2\/users\/19"}],"replies":[{"embeddable":true,"href":"https:\/\/bahiaeconomica.com.br\/wp\/wp-json\/wp\/v2\/comments?post=806554"}],"version-history":[{"count":1,"href":"https:\/\/bahiaeconomica.com.br\/wp\/wp-json\/wp\/v2\/posts\/806554\/revisions"}],"predecessor-version":[{"id":806564,"href":"https:\/\/bahiaeconomica.com.br\/wp\/wp-json\/wp\/v2\/posts\/806554\/revisions\/806564"}],"wp:featuredmedia":[{"embeddable":true,"href":"https:\/\/bahiaeconomica.com.br\/wp\/wp-json\/wp\/v2\/media\/806563"}],"wp:attachment":[{"href":"https:\/\/bahiaeconomica.com.br\/wp\/wp-json\/wp\/v2\/media?parent=806554"}],"wp:term":[{"taxonomy":"category","embeddable":true,"href":"https:\/\/bahiaeconomica.com.br\/wp\/wp-json\/wp\/v2\/categories?post=806554"},{"taxonomy":"post_tag","embeddable":true,"href":"https:\/\/bahiaeconomica.com.br\/wp\/wp-json\/wp\/v2\/tags?post=806554"}],"curies":[{"name":"wp","href":"https:\/\/api.w.org\/{rel}","templated":true}]}}