{"id":806404,"date":"2024-03-22T15:00:22","date_gmt":"2024-03-22T18:00:22","guid":{"rendered":"https:\/\/bahiaeconomica.com.br\/wp\/?p=806404"},"modified":"2024-03-22T14:36:07","modified_gmt":"2024-03-22T17:36:07","slug":"governo-anuncia-bloqueio-de-r-29-bilhoes-no-orcamento-de-2024","status":"publish","type":"post","link":"https:\/\/bahiaeconomica.com.br\/wp\/2024\/03\/22\/governo-anuncia-bloqueio-de-r-29-bilhoes-no-orcamento-de-2024\/","title":{"rendered":"GOVERNO ANUNCIA BLOQUEIO DE R$ 2,9 BILH\u00d5ES NO OR\u00c7AMENTO DE 2024"},"content":{"rendered":"<p>Os minist\u00e9rios da Fazenda e do Planejamento e Or\u00e7amento anunciaram nesta sexta-feira (22) o bloqueio de R$ 2,9 bilh\u00f5es no or\u00e7amento deste ano. A informa\u00e7\u00e3o consta no relat\u00f3rio de avalia\u00e7\u00e3o de receitas e despesas prim\u00e1rias do primeiro bimestre. A limita\u00e7\u00e3o ser\u00e1 feita nos gastos livres dos minist\u00e9rios, ou seja, aqueles que n\u00e3o s\u00e3o obrigat\u00f3rios. Essas despesas envolvem investimentos e custeio da m\u00e1quina p\u00fablica.<\/p>\n<p>O detalhamento de quais minist\u00e9rios ser\u00e3o atingidos pelo bloqueio ser\u00e1 divulgado at\u00e9 o fim deste m\u00eas. O bloqueio acontece por conta do limite de gastos do arcabou\u00e7o fiscal, a nova regra para as contas p\u00fablicas aprovada no ano passado. Pela norma:<\/p>\n<ul>\n<li>o governo tamb\u00e9m n\u00e3o pode ampliar as despesas acima de 70% do crescimento projetado pela arrecada\u00e7\u00e3o.<\/li>\n<li>e o crescimento dos gastos n\u00e3o pode superar 2,5% ao ano em termos reais, ou seja, acima da infla\u00e7\u00e3o do ano anterior.<\/li>\n<\/ul>\n<p>O objetivo do arcabou\u00e7o fiscal \u00e9 evitar, no futuro, uma disparada da d\u00edvida p\u00fablica e uma piora nos juros cobrados dos investidores na emiss\u00e3o de t\u00edtulos p\u00fablicos. Para calcular a necessidade de bloqueio no or\u00e7amento, o governo fez uma nova estimativa das receitas e despesas que ser\u00e3o feitas at\u00e9 o fim deste ano.<\/p>\n<p>Foto: Marcelo Camargo &#8211; Ag\u00eancia Brasil<\/p>\n","protected":false},"excerpt":{"rendered":"<p>Os minist\u00e9rios da Fazenda e do Planejamento e Or\u00e7amento anunciaram nesta sexta-feira (22) o bloqueio de R$ 2,9 bilh\u00f5es no or\u00e7amento deste ano. A informa\u00e7\u00e3o consta no relat\u00f3rio de avalia\u00e7\u00e3o de receitas e despesas prim\u00e1rias do primeiro bimestre. A limita\u00e7\u00e3o ser\u00e1 feita nos gastos livres dos minist\u00e9rios, ou seja, aqueles que n\u00e3o s\u00e3o obrigat\u00f3rios. Essas [&hellip;]<\/p>\n","protected":false},"author":8,"featured_media":806406,"comment_status":"closed","ping_status":"closed","sticky":false,"template":"","format":"standard","meta":[],"categories":[14,3],"tags":[4426,52,1176,100],"acf":[],"yoast_head":"<!-- This site is optimized with the Yoast SEO plugin v20.8 - https:\/\/yoast.com\/wordpress\/plugins\/seo\/ -->\n<title>GOVERNO ANUNCIA BLOQUEIO DE R$ 2,9 BILH\u00d5ES NO OR\u00c7AMENTO DE 2024 - Bahia Economica<\/title>\n<meta name=\"description\" content=\"O maior portal de Economia da Bahia DESTAQUE DO DIA, ECONOMIA \/ POL\u00cdTICA Bahia Economica Os minist\u00e9rios da Fazenda e do Planejamento e Or\u00e7amento anunciaram\" \/>\n<meta name=\"robots\" content=\"index, follow, max-snippet:-1, max-image-preview:large, max-video-preview:-1\" \/>\n<link rel=\"canonical\" href=\"https:\/\/bahiaeconomica.com.br\/wp\/2024\/03\/22\/governo-anuncia-bloqueio-de-r-29-bilhoes-no-orcamento-de-2024\/\" \/>\n<meta property=\"og:locale\" content=\"pt_BR\" \/>\n<meta property=\"og:type\" content=\"article\" \/>\n<meta property=\"og:title\" content=\"GOVERNO ANUNCIA BLOQUEIO DE R$ 2,9 BILH\u00d5ES NO OR\u00c7AMENTO DE 2024 - Bahia Economica\" \/>\n<meta property=\"og:description\" content=\"O maior portal de Economia da Bahia DESTAQUE DO DIA, ECONOMIA \/ POL\u00cdTICA Bahia Economica Os minist\u00e9rios da Fazenda e do Planejamento e Or\u00e7amento anunciaram\" \/>\n<meta property=\"og:url\" content=\"https:\/\/bahiaeconomica.com.br\/wp\/2024\/03\/22\/governo-anuncia-bloqueio-de-r-29-bilhoes-no-orcamento-de-2024\/\" \/>\n<meta property=\"og:site_name\" content=\"Bahia Economica\" \/>\n<meta property=\"article:publisher\" content=\"https:\/\/www.facebook.com\/bahiaeconomica\" \/>\n<meta property=\"article:published_time\" content=\"2024-03-22T18:00:22+00:00\" \/>\n<meta property=\"article:modified_time\" content=\"2024-03-22T17:36:07+00:00\" \/>\n<meta property=\"og:image\" content=\"https:\/\/bahiaeconomica.com.br\/wp\/wp-content\/uploads\/2024\/03\/reuniao-ministerial_mcamgo_abr_100320231818-5.webp\" \/>\n\t<meta property=\"og:image:width\" content=\"770\" \/>\n\t<meta property=\"og:image:height\" content=\"512\" \/>\n\t<meta property=\"og:image:type\" content=\"image\/webp\" \/>\n<meta name=\"author\" content=\"JP\" \/>\n<meta name=\"twitter:card\" content=\"summary_large_image\" \/>\n<meta name=\"twitter:label1\" content=\"Escrito por\" \/>\n\t<meta name=\"twitter:data1\" content=\"JP\" \/>\n\t<meta name=\"twitter:label2\" content=\"Est. tempo de leitura\" \/>\n\t<meta name=\"twitter:data2\" content=\"2 minutos\" \/>\n<script type=\"application\/ld+json\" class=\"yoast-schema-graph\">{\"@context\":\"https:\/\/schema.org\",\"@graph\":[{\"@type\":\"Article\",\"@id\":\"https:\/\/bahiaeconomica.com.br\/wp\/2024\/03\/22\/governo-anuncia-bloqueio-de-r-29-bilhoes-no-orcamento-de-2024\/#article\",\"isPartOf\":{\"@id\":\"https:\/\/bahiaeconomica.com.br\/wp\/2024\/03\/22\/governo-anuncia-bloqueio-de-r-29-bilhoes-no-orcamento-de-2024\/\"},\"author\":{\"name\":\"JP\",\"@id\":\"https:\/\/bahiaeconomica.com.br\/wp\/#\/schema\/person\/c86d3a3f8960425a0f9d0e5245991f4e\"},\"headline\":\"GOVERNO ANUNCIA BLOQUEIO DE R$ 2,9 BILH\u00d5ES NO OR\u00c7AMENTO DE 2024\",\"datePublished\":\"2024-03-22T18:00:22+00:00\",\"dateModified\":\"2024-03-22T17:36:07+00:00\",\"mainEntityOfPage\":{\"@id\":\"https:\/\/bahiaeconomica.com.br\/wp\/2024\/03\/22\/governo-anuncia-bloqueio-de-r-29-bilhoes-no-orcamento-de-2024\/\"},\"wordCount\":241,\"publisher\":{\"@id\":\"https:\/\/bahiaeconomica.com.br\/wp\/#organization\"},\"keywords\":[\"agencia\",\"Brasil\",\"mudan\u00e7a\",\"Pol\u00edtica\"],\"articleSection\":[\"DESTAQUE DO DIA\",\"ECONOMIA \/ POL\u00cdTICA\"],\"inLanguage\":\"pt-BR\"},{\"@type\":\"WebPage\",\"@id\":\"https:\/\/bahiaeconomica.com.br\/wp\/2024\/03\/22\/governo-anuncia-bloqueio-de-r-29-bilhoes-no-orcamento-de-2024\/\",\"url\":\"https:\/\/bahiaeconomica.com.br\/wp\/2024\/03\/22\/governo-anuncia-bloqueio-de-r-29-bilhoes-no-orcamento-de-2024\/\",\"name\":\"GOVERNO ANUNCIA BLOQUEIO DE R$ 2,9 BILH\u00d5ES NO OR\u00c7AMENTO DE 2024 - Bahia Economica\",\"isPartOf\":{\"@id\":\"https:\/\/bahiaeconomica.com.br\/wp\/#website\"},\"datePublished\":\"2024-03-22T18:00:22+00:00\",\"dateModified\":\"2024-03-22T17:36:07+00:00\",\"description\":\"O maior portal de Economia da Bahia DESTAQUE DO DIA, ECONOMIA \/ POL\u00cdTICA Bahia Economica Os minist\u00e9rios da Fazenda e do Planejamento e Or\u00e7amento anunciaram\",\"breadcrumb\":{\"@id\":\"https:\/\/bahiaeconomica.com.br\/wp\/2024\/03\/22\/governo-anuncia-bloqueio-de-r-29-bilhoes-no-orcamento-de-2024\/#breadcrumb\"},\"inLanguage\":\"pt-BR\",\"potentialAction\":[{\"@type\":\"ReadAction\",\"target\":[\"https:\/\/bahiaeconomica.com.br\/wp\/2024\/03\/22\/governo-anuncia-bloqueio-de-r-29-bilhoes-no-orcamento-de-2024\/\"]}]},{\"@type\":\"BreadcrumbList\",\"@id\":\"https:\/\/bahiaeconomica.com.br\/wp\/2024\/03\/22\/governo-anuncia-bloqueio-de-r-29-bilhoes-no-orcamento-de-2024\/#breadcrumb\",\"itemListElement\":[{\"@type\":\"ListItem\",\"position\":1,\"name\":\"In\u00edcio\",\"item\":\"https:\/\/bahiaeconomica.com.br\/wp\/\"},{\"@type\":\"ListItem\",\"position\":2,\"name\":\"GOVERNO ANUNCIA BLOQUEIO DE R$ 2,9 BILH\u00d5ES NO OR\u00c7AMENTO DE 2024\"}]},{\"@type\":\"WebSite\",\"@id\":\"https:\/\/bahiaeconomica.com.br\/wp\/#website\",\"url\":\"https:\/\/bahiaeconomica.com.br\/wp\/\",\"name\":\"Bahia Economica\",\"description\":\"O maior portal de Economia da Bahia\",\"publisher\":{\"@id\":\"https:\/\/bahiaeconomica.com.br\/wp\/#organization\"},\"potentialAction\":[{\"@type\":\"SearchAction\",\"target\":{\"@type\":\"EntryPoint\",\"urlTemplate\":\"https:\/\/bahiaeconomica.com.br\/wp\/?s={search_term_string}\"},\"query-input\":\"required name=search_term_string\"}],\"inLanguage\":\"pt-BR\"},{\"@type\":\"Organization\",\"@id\":\"https:\/\/bahiaeconomica.com.br\/wp\/#organization\",\"name\":\"Bahia Econ\u00f4mica\",\"url\":\"https:\/\/bahiaeconomica.com.br\/wp\/\",\"logo\":{\"@type\":\"ImageObject\",\"inLanguage\":\"pt-BR\",\"@id\":\"https:\/\/bahiaeconomica.com.br\/wp\/#\/schema\/logo\/image\/\",\"url\":\"https:\/\/bahiaeconomica.com.br\/wp\/wp-content\/uploads\/2020\/12\/cropped-BE.png\",\"contentUrl\":\"https:\/\/bahiaeconomica.com.br\/wp\/wp-content\/uploads\/2020\/12\/cropped-BE.png\",\"width\":512,\"height\":512,\"caption\":\"Bahia Econ\u00f4mica\"},\"image\":{\"@id\":\"https:\/\/bahiaeconomica.com.br\/wp\/#\/schema\/logo\/image\/\"},\"sameAs\":[\"https:\/\/www.facebook.com\/bahiaeconomica\"]},{\"@type\":\"Person\",\"@id\":\"https:\/\/bahiaeconomica.com.br\/wp\/#\/schema\/person\/c86d3a3f8960425a0f9d0e5245991f4e\",\"name\":\"JP\",\"sameAs\":[\"https:\/\/bahiaeconomica.com.br\/wp\/beta\/\"],\"url\":\"https:\/\/bahiaeconomica.com.br\/wp\/author\/jp\/\"}]}<\/script>\n<!-- \/ Yoast SEO plugin. -->","yoast_head_json":{"title":"GOVERNO ANUNCIA BLOQUEIO DE R$ 2,9 BILH\u00d5ES NO OR\u00c7AMENTO DE 2024 - Bahia Economica","description":"O maior portal de Economia da Bahia DESTAQUE DO DIA, ECONOMIA \/ POL\u00cdTICA Bahia Economica Os minist\u00e9rios da Fazenda e do Planejamento e Or\u00e7amento anunciaram","robots":{"index":"index","follow":"follow","max-snippet":"max-snippet:-1","max-image-preview":"max-image-preview:large","max-video-preview":"max-video-preview:-1"},"canonical":"https:\/\/bahiaeconomica.com.br\/wp\/2024\/03\/22\/governo-anuncia-bloqueio-de-r-29-bilhoes-no-orcamento-de-2024\/","og_locale":"pt_BR","og_type":"article","og_title":"GOVERNO ANUNCIA BLOQUEIO DE R$ 2,9 BILH\u00d5ES NO OR\u00c7AMENTO DE 2024 - Bahia Economica","og_description":"O maior portal de Economia da Bahia DESTAQUE DO DIA, ECONOMIA \/ POL\u00cdTICA Bahia Economica Os minist\u00e9rios da Fazenda e do Planejamento e Or\u00e7amento anunciaram","og_url":"https:\/\/bahiaeconomica.com.br\/wp\/2024\/03\/22\/governo-anuncia-bloqueio-de-r-29-bilhoes-no-orcamento-de-2024\/","og_site_name":"Bahia Economica","article_publisher":"https:\/\/www.facebook.com\/bahiaeconomica","article_published_time":"2024-03-22T18:00:22+00:00","article_modified_time":"2024-03-22T17:36:07+00:00","og_image":[{"width":770,"height":512,"url":"https:\/\/bahiaeconomica.com.br\/wp\/wp-content\/uploads\/2024\/03\/reuniao-ministerial_mcamgo_abr_100320231818-5.webp","type":"image\/webp"}],"author":"JP","twitter_card":"summary_large_image","twitter_misc":{"Escrito por":"JP","Est. tempo de leitura":"2 minutos"},"schema":{"@context":"https:\/\/schema.org","@graph":[{"@type":"Article","@id":"https:\/\/bahiaeconomica.com.br\/wp\/2024\/03\/22\/governo-anuncia-bloqueio-de-r-29-bilhoes-no-orcamento-de-2024\/#article","isPartOf":{"@id":"https:\/\/bahiaeconomica.com.br\/wp\/2024\/03\/22\/governo-anuncia-bloqueio-de-r-29-bilhoes-no-orcamento-de-2024\/"},"author":{"name":"JP","@id":"https:\/\/bahiaeconomica.com.br\/wp\/#\/schema\/person\/c86d3a3f8960425a0f9d0e5245991f4e"},"headline":"GOVERNO ANUNCIA BLOQUEIO DE R$ 2,9 BILH\u00d5ES NO OR\u00c7AMENTO DE 2024","datePublished":"2024-03-22T18:00:22+00:00","dateModified":"2024-03-22T17:36:07+00:00","mainEntityOfPage":{"@id":"https:\/\/bahiaeconomica.com.br\/wp\/2024\/03\/22\/governo-anuncia-bloqueio-de-r-29-bilhoes-no-orcamento-de-2024\/"},"wordCount":241,"publisher":{"@id":"https:\/\/bahiaeconomica.com.br\/wp\/#organization"},"keywords":["agencia","Brasil","mudan\u00e7a","Pol\u00edtica"],"articleSection":["DESTAQUE DO DIA","ECONOMIA \/ POL\u00cdTICA"],"inLanguage":"pt-BR"},{"@type":"WebPage","@id":"https:\/\/bahiaeconomica.com.br\/wp\/2024\/03\/22\/governo-anuncia-bloqueio-de-r-29-bilhoes-no-orcamento-de-2024\/","url":"https:\/\/bahiaeconomica.com.br\/wp\/2024\/03\/22\/governo-anuncia-bloqueio-de-r-29-bilhoes-no-orcamento-de-2024\/","name":"GOVERNO ANUNCIA BLOQUEIO DE R$ 2,9 BILH\u00d5ES NO OR\u00c7AMENTO DE 2024 - Bahia Economica","isPartOf":{"@id":"https:\/\/bahiaeconomica.com.br\/wp\/#website"},"datePublished":"2024-03-22T18:00:22+00:00","dateModified":"2024-03-22T17:36:07+00:00","description":"O maior portal de Economia da Bahia DESTAQUE DO DIA, ECONOMIA \/ POL\u00cdTICA Bahia Economica Os minist\u00e9rios da Fazenda e do Planejamento e Or\u00e7amento anunciaram","breadcrumb":{"@id":"https:\/\/bahiaeconomica.com.br\/wp\/2024\/03\/22\/governo-anuncia-bloqueio-de-r-29-bilhoes-no-orcamento-de-2024\/#breadcrumb"},"inLanguage":"pt-BR","potentialAction":[{"@type":"ReadAction","target":["https:\/\/bahiaeconomica.com.br\/wp\/2024\/03\/22\/governo-anuncia-bloqueio-de-r-29-bilhoes-no-orcamento-de-2024\/"]}]},{"@type":"BreadcrumbList","@id":"https:\/\/bahiaeconomica.com.br\/wp\/2024\/03\/22\/governo-anuncia-bloqueio-de-r-29-bilhoes-no-orcamento-de-2024\/#breadcrumb","itemListElement":[{"@type":"ListItem","position":1,"name":"In\u00edcio","item":"https:\/\/bahiaeconomica.com.br\/wp\/"},{"@type":"ListItem","position":2,"name":"GOVERNO ANUNCIA BLOQUEIO DE R$ 2,9 BILH\u00d5ES NO OR\u00c7AMENTO DE 2024"}]},{"@type":"WebSite","@id":"https:\/\/bahiaeconomica.com.br\/wp\/#website","url":"https:\/\/bahiaeconomica.com.br\/wp\/","name":"Bahia Economica","description":"O maior portal de Economia da Bahia","publisher":{"@id":"https:\/\/bahiaeconomica.com.br\/wp\/#organization"},"potentialAction":[{"@type":"SearchAction","target":{"@type":"EntryPoint","urlTemplate":"https:\/\/bahiaeconomica.com.br\/wp\/?s={search_term_string}"},"query-input":"required name=search_term_string"}],"inLanguage":"pt-BR"},{"@type":"Organization","@id":"https:\/\/bahiaeconomica.com.br\/wp\/#organization","name":"Bahia Econ\u00f4mica","url":"https:\/\/bahiaeconomica.com.br\/wp\/","logo":{"@type":"ImageObject","inLanguage":"pt-BR","@id":"https:\/\/bahiaeconomica.com.br\/wp\/#\/schema\/logo\/image\/","url":"https:\/\/bahiaeconomica.com.br\/wp\/wp-content\/uploads\/2020\/12\/cropped-BE.png","contentUrl":"https:\/\/bahiaeconomica.com.br\/wp\/wp-content\/uploads\/2020\/12\/cropped-BE.png","width":512,"height":512,"caption":"Bahia Econ\u00f4mica"},"image":{"@id":"https:\/\/bahiaeconomica.com.br\/wp\/#\/schema\/logo\/image\/"},"sameAs":["https:\/\/www.facebook.com\/bahiaeconomica"]},{"@type":"Person","@id":"https:\/\/bahiaeconomica.com.br\/wp\/#\/schema\/person\/c86d3a3f8960425a0f9d0e5245991f4e","name":"JP","sameAs":["https:\/\/bahiaeconomica.com.br\/wp\/beta\/"],"url":"https:\/\/bahiaeconomica.com.br\/wp\/author\/jp\/"}]}},"views":8,"_links":{"self":[{"href":"https:\/\/bahiaeconomica.com.br\/wp\/wp-json\/wp\/v2\/posts\/806404"}],"collection":[{"href":"https:\/\/bahiaeconomica.com.br\/wp\/wp-json\/wp\/v2\/posts"}],"about":[{"href":"https:\/\/bahiaeconomica.com.br\/wp\/wp-json\/wp\/v2\/types\/post"}],"author":[{"embeddable":true,"href":"https:\/\/bahiaeconomica.com.br\/wp\/wp-json\/wp\/v2\/users\/8"}],"replies":[{"embeddable":true,"href":"https:\/\/bahiaeconomica.com.br\/wp\/wp-json\/wp\/v2\/comments?post=806404"}],"version-history":[{"count":1,"href":"https:\/\/bahiaeconomica.com.br\/wp\/wp-json\/wp\/v2\/posts\/806404\/revisions"}],"predecessor-version":[{"id":806407,"href":"https:\/\/bahiaeconomica.com.br\/wp\/wp-json\/wp\/v2\/posts\/806404\/revisions\/806407"}],"wp:featuredmedia":[{"embeddable":true,"href":"https:\/\/bahiaeconomica.com.br\/wp\/wp-json\/wp\/v2\/media\/806406"}],"wp:attachment":[{"href":"https:\/\/bahiaeconomica.com.br\/wp\/wp-json\/wp\/v2\/media?parent=806404"}],"wp:term":[{"taxonomy":"category","embeddable":true,"href":"https:\/\/bahiaeconomica.com.br\/wp\/wp-json\/wp\/v2\/categories?post=806404"},{"taxonomy":"post_tag","embeddable":true,"href":"https:\/\/bahiaeconomica.com.br\/wp\/wp-json\/wp\/v2\/tags?post=806404"}],"curies":[{"name":"wp","href":"https:\/\/api.w.org\/{rel}","templated":true}]}}