{"id":805896,"date":"2024-03-20T19:53:53","date_gmt":"2024-03-20T22:53:53","guid":{"rendered":"https:\/\/bahiaeconomica.com.br\/wp\/?p=805896"},"modified":"2024-03-20T19:42:50","modified_gmt":"2024-03-20T22:42:50","slug":"tjba-dialoga-com-prefeitos-e-secretarios-de-saude-sobre-fechamento-do-hospital-de-custodia","status":"publish","type":"post","link":"https:\/\/bahiaeconomica.com.br\/wp\/2024\/03\/20\/tjba-dialoga-com-prefeitos-e-secretarios-de-saude-sobre-fechamento-do-hospital-de-custodia\/","title":{"rendered":"TJBA DIALOGA COM PREFEITOS E SECRET\u00c1RIOS DE SA\u00daDE SOBRE FECHAMENTO DO HOSPITAL DE CUST\u00d3DIA"},"content":{"rendered":"<p>O Tribunal de Justi\u00e7a da Bahia (TJBA), atrav\u00e9s do Grupo de Monitoramento e Fiscaliza\u00e7\u00e3o do Sistema Carcer\u00e1rio (GMF), tem trabalhado em conjunto com os gestores de sa\u00fade para adequar os munic\u00edpios baianos a receberem os internos do Hospital de Cust\u00f3dia e Tratamento Psiqui\u00e1trico (HCT).<\/p>\n<p>Localizada em Salvador, a unidade ser\u00e1 fechada totalmente at\u00e9 o dia 28 de agosto, como parte da Pol\u00edtica Antimanicomial do Poder Judici\u00e1rio, institu\u00edda pela\u202fResolu\u00e7\u00e3o n\u00ba 487\/2023 do Conselho Nacional de Justi\u00e7a (CNJ).\u202fO HCT est\u00e1 parcialmente interditado desde o fim de janeiro, sem executar novas interna\u00e7\u00f5es. No momento, ainda h\u00e1 179 internos.<\/p>\n<p>O GMF, sob coordena\u00e7\u00e3o do Desembargador Geder Luiz Rocha Gomes, j\u00e1 se reuniu com os representantes do Conselho\u202fEstadual de Secret\u00e1rios Municipais de Sa\u00fade da Bahia (COSEMS) e da Uni\u00e3o dos Munic\u00edpios da Bahia (UPB), durante o m\u00eas de mar\u00e7o. No dia 14 o Desembargador e o Juiz Ant\u00f4nio Fai\u00e7al foram convidados pela Coordena\u00e7\u00e3o do COSEMS durante a 117\u00aa Assembleia Geral da entidade. Ap\u00f3s conversarem com os Secret\u00e1rios Municipais de Sa\u00fade, os membros do grupo de trabalho do TJBA se encontrar\u00e3o com os Prefeitos, na sede da UPB, no dia 25.<\/p>\n<p>No centro da quest\u00e3o, est\u00e1 a import\u00e2ncia de os munic\u00edpios se envolverem na ponta da pol\u00edtica antimanicomial, j\u00e1 que em breve v\u00e3o herdar uma demanda que antes n\u00e3o tinham. &#8220;Por que de fato o que vai acontecer? Aquela pessoa com doen\u00e7a mental, ela vive no munic\u00edpio, n\u00e3o \u00e9 no Estado, nem na Uni\u00e3o. Fisicamente \u00e9 no munic\u00edpio. Ent\u00e3o, no final das contas, sem HCT, a tend\u00eancia dela \u00e9 estar no munic\u00edpio de origem. E, para isso, ela precisa ter equipamento de sa\u00fade naquele munic\u00edpio para assisti-la, para evitar que haja um surto, que haja a pr\u00e1tica de um crime, que haja a desassist\u00eancia que leva ao fato mais agudo. Ent\u00e3o, \u00e9 preciso que a pol\u00edtica de sa\u00fade se mobilize. Por isso a gente teve essas reuni\u00f5es&#8221;, explica o Desembargador Geder Gomes.<\/p>\n<p>&#8220;Desde o momento em que acontece o fato at\u00e9 o momento em que a pessoa \u00e9 assistida, toda uma rede tem que ser tecida. Desde a pol\u00edcia para levar, o carro para conduzir a pessoa, \u00e0s vezes, em surto, o lugar onde vai colocar, os exames que v\u00e3o ser feitos, porque voc\u00ea tem toda uma estrutura agora no \u00e2mbito da sa\u00fade, n\u00e3o mais no \u00e2mbito do sistema punitivo&#8221;, detalha o Magistrado.<\/p>\n<p>Uma an\u00e1lise minuciosa dos recursos dispon\u00edveis nos munic\u00edpios foi realizada por uma equipe de profissionais da sa\u00fade, do sistema prisional e da assist\u00eancia social. &#8220;Se voc\u00ea tiver uma situa\u00e7\u00e3o em Uau\u00e1, ou em Barra do Cho\u00e7a, ou em Santo Ant\u00f4nio de Jesus, ali quando voc\u00ea entra no link tra\u00e7ado pela Corregedoria que acompanha o ato, voc\u00ea j\u00e1 v\u00ea exatamente qual \u00e9 o equipamento de sa\u00fade que aquela cidade disp\u00f5e. Ou, se ela n\u00e3o disp\u00f5e, qual \u00e9 a cidade de refer\u00eancia mais pr\u00f3xima. N\u00f3s temos um pequeno problema ainda: essa organiza\u00e7\u00e3o \u00e9 te\u00f3rica. Na hora de funcionar na ponta, todos esses atores t\u00eam que estar em rede e ativos. \u00c9 exatamente a fase em que n\u00f3s estamos agora, de procurar esses atores para dar fluidez a esse circuito.\u202fJ\u00e1 est\u00e1 desenhado, agora \u00e9 operacionalizar&#8221;, finaliza o Desembargador.<\/p>\n<p>&nbsp;<\/p>\n<p>Foto: Divulga\u00e7\u00e3o<\/p>\n","protected":false},"excerpt":{"rendered":"<p>O Tribunal de Justi\u00e7a da Bahia (TJBA), atrav\u00e9s do Grupo de Monitoramento e Fiscaliza\u00e7\u00e3o do Sistema Carcer\u00e1rio (GMF), tem trabalhado em conjunto com os gestores de sa\u00fade para adequar os munic\u00edpios baianos a receberem os internos do Hospital de Cust\u00f3dia e Tratamento Psiqui\u00e1trico (HCT). Localizada em Salvador, a unidade ser\u00e1 fechada totalmente at\u00e9 o dia [&hellip;]<\/p>\n","protected":false},"author":19,"featured_media":805897,"comment_status":"closed","ping_status":"closed","sticky":false,"template":"","format":"standard","meta":[],"categories":[14601],"tags":[85,4250,28549,28550,26535,73,976,1420],"acf":[],"yoast_head":"<!-- This site is optimized with the Yoast SEO plugin v20.8 - https:\/\/yoast.com\/wordpress\/plugins\/seo\/ -->\n<title>TJBA DIALOGA COM PREFEITOS E SECRET\u00c1RIOS DE SA\u00daDE SOBRE FECHAMENTO DO HOSPITAL DE CUST\u00d3DIA - Bahia Economica<\/title>\n<meta name=\"description\" content=\"O maior portal de Economia da Bahia Pol\u00edtica Bahia Economica O Tribunal de Justi\u00e7a da Bahia (TJBA), atrav\u00e9s do Grupo de Monitoramento\" \/>\n<meta name=\"robots\" content=\"index, follow, max-snippet:-1, max-image-preview:large, max-video-preview:-1\" \/>\n<link rel=\"canonical\" href=\"https:\/\/bahiaeconomica.com.br\/wp\/2024\/03\/20\/tjba-dialoga-com-prefeitos-e-secretarios-de-saude-sobre-fechamento-do-hospital-de-custodia\/\" \/>\n<meta property=\"og:locale\" content=\"pt_BR\" \/>\n<meta property=\"og:type\" content=\"article\" \/>\n<meta property=\"og:title\" content=\"TJBA DIALOGA COM PREFEITOS E SECRET\u00c1RIOS DE SA\u00daDE SOBRE FECHAMENTO DO HOSPITAL DE CUST\u00d3DIA - Bahia Economica\" \/>\n<meta property=\"og:description\" content=\"O maior portal de Economia da Bahia Pol\u00edtica Bahia Economica O Tribunal de Justi\u00e7a da Bahia (TJBA), atrav\u00e9s do Grupo de Monitoramento\" \/>\n<meta property=\"og:url\" content=\"https:\/\/bahiaeconomica.com.br\/wp\/2024\/03\/20\/tjba-dialoga-com-prefeitos-e-secretarios-de-saude-sobre-fechamento-do-hospital-de-custodia\/\" \/>\n<meta property=\"og:site_name\" content=\"Bahia Economica\" \/>\n<meta property=\"article:publisher\" content=\"https:\/\/www.facebook.com\/bahiaeconomica\" \/>\n<meta property=\"article:published_time\" content=\"2024-03-20T22:53:53+00:00\" \/>\n<meta property=\"article:modified_time\" content=\"2024-03-20T22:42:50+00:00\" \/>\n<meta property=\"og:image\" content=\"https:\/\/bahiaeconomica.com.br\/wp\/wp-content\/uploads\/2024\/03\/hospital.jpg\" \/>\n\t<meta property=\"og:image:width\" content=\"1066\" \/>\n\t<meta property=\"og:image:height\" content=\"600\" \/>\n\t<meta property=\"og:image:type\" content=\"image\/jpeg\" \/>\n<meta name=\"author\" content=\"LIZANDRA MUNIZ\" \/>\n<meta name=\"twitter:card\" content=\"summary_large_image\" \/>\n<meta name=\"twitter:label1\" content=\"Escrito por\" \/>\n\t<meta name=\"twitter:data1\" content=\"LIZANDRA MUNIZ\" \/>\n\t<meta name=\"twitter:label2\" content=\"Est. tempo de leitura\" \/>\n\t<meta name=\"twitter:data2\" content=\"3 minutos\" \/>\n<script type=\"application\/ld+json\" class=\"yoast-schema-graph\">{\"@context\":\"https:\/\/schema.org\",\"@graph\":[{\"@type\":\"Article\",\"@id\":\"https:\/\/bahiaeconomica.com.br\/wp\/2024\/03\/20\/tjba-dialoga-com-prefeitos-e-secretarios-de-saude-sobre-fechamento-do-hospital-de-custodia\/#article\",\"isPartOf\":{\"@id\":\"https:\/\/bahiaeconomica.com.br\/wp\/2024\/03\/20\/tjba-dialoga-com-prefeitos-e-secretarios-de-saude-sobre-fechamento-do-hospital-de-custodia\/\"},\"author\":{\"name\":\"LIZANDRA MUNIZ\",\"@id\":\"https:\/\/bahiaeconomica.com.br\/wp\/#\/schema\/person\/0868b18bbfdd29723e44135140f35148\"},\"headline\":\"TJBA DIALOGA COM PREFEITOS E SECRET\u00c1RIOS DE SA\u00daDE SOBRE FECHAMENTO DO HOSPITAL DE CUST\u00d3DIA\",\"datePublished\":\"2024-03-20T22:53:53+00:00\",\"dateModified\":\"2024-03-20T22:42:50+00:00\",\"mainEntityOfPage\":{\"@id\":\"https:\/\/bahiaeconomica.com.br\/wp\/2024\/03\/20\/tjba-dialoga-com-prefeitos-e-secretarios-de-saude-sobre-fechamento-do-hospital-de-custodia\/\"},\"wordCount\":605,\"publisher\":{\"@id\":\"https:\/\/bahiaeconomica.com.br\/wp\/#organization\"},\"keywords\":[\"Bahia\",\"CNJ\",\"COSEMS\",\"GMF\",\"HCT\",\"Salvador\",\"tjba\",\"upb\"],\"articleSection\":[\"Pol\u00edtica\"],\"inLanguage\":\"pt-BR\"},{\"@type\":\"WebPage\",\"@id\":\"https:\/\/bahiaeconomica.com.br\/wp\/2024\/03\/20\/tjba-dialoga-com-prefeitos-e-secretarios-de-saude-sobre-fechamento-do-hospital-de-custodia\/\",\"url\":\"https:\/\/bahiaeconomica.com.br\/wp\/2024\/03\/20\/tjba-dialoga-com-prefeitos-e-secretarios-de-saude-sobre-fechamento-do-hospital-de-custodia\/\",\"name\":\"TJBA DIALOGA COM PREFEITOS E SECRET\u00c1RIOS DE SA\u00daDE SOBRE FECHAMENTO DO HOSPITAL DE CUST\u00d3DIA - Bahia Economica\",\"isPartOf\":{\"@id\":\"https:\/\/bahiaeconomica.com.br\/wp\/#website\"},\"datePublished\":\"2024-03-20T22:53:53+00:00\",\"dateModified\":\"2024-03-20T22:42:50+00:00\",\"description\":\"O maior portal de Economia da Bahia Pol\u00edtica Bahia Economica O Tribunal de Justi\u00e7a da Bahia (TJBA), atrav\u00e9s do Grupo de Monitoramento\",\"breadcrumb\":{\"@id\":\"https:\/\/bahiaeconomica.com.br\/wp\/2024\/03\/20\/tjba-dialoga-com-prefeitos-e-secretarios-de-saude-sobre-fechamento-do-hospital-de-custodia\/#breadcrumb\"},\"inLanguage\":\"pt-BR\",\"potentialAction\":[{\"@type\":\"ReadAction\",\"target\":[\"https:\/\/bahiaeconomica.com.br\/wp\/2024\/03\/20\/tjba-dialoga-com-prefeitos-e-secretarios-de-saude-sobre-fechamento-do-hospital-de-custodia\/\"]}]},{\"@type\":\"BreadcrumbList\",\"@id\":\"https:\/\/bahiaeconomica.com.br\/wp\/2024\/03\/20\/tjba-dialoga-com-prefeitos-e-secretarios-de-saude-sobre-fechamento-do-hospital-de-custodia\/#breadcrumb\",\"itemListElement\":[{\"@type\":\"ListItem\",\"position\":1,\"name\":\"In\u00edcio\",\"item\":\"https:\/\/bahiaeconomica.com.br\/wp\/\"},{\"@type\":\"ListItem\",\"position\":2,\"name\":\"TJBA DIALOGA COM PREFEITOS E SECRET\u00c1RIOS DE SA\u00daDE SOBRE FECHAMENTO DO HOSPITAL DE CUST\u00d3DIA\"}]},{\"@type\":\"WebSite\",\"@id\":\"https:\/\/bahiaeconomica.com.br\/wp\/#website\",\"url\":\"https:\/\/bahiaeconomica.com.br\/wp\/\",\"name\":\"Bahia Economica\",\"description\":\"O maior portal de Economia da Bahia\",\"publisher\":{\"@id\":\"https:\/\/bahiaeconomica.com.br\/wp\/#organization\"},\"potentialAction\":[{\"@type\":\"SearchAction\",\"target\":{\"@type\":\"EntryPoint\",\"urlTemplate\":\"https:\/\/bahiaeconomica.com.br\/wp\/?s={search_term_string}\"},\"query-input\":\"required name=search_term_string\"}],\"inLanguage\":\"pt-BR\"},{\"@type\":\"Organization\",\"@id\":\"https:\/\/bahiaeconomica.com.br\/wp\/#organization\",\"name\":\"Bahia Econ\u00f4mica\",\"url\":\"https:\/\/bahiaeconomica.com.br\/wp\/\",\"logo\":{\"@type\":\"ImageObject\",\"inLanguage\":\"pt-BR\",\"@id\":\"https:\/\/bahiaeconomica.com.br\/wp\/#\/schema\/logo\/image\/\",\"url\":\"https:\/\/bahiaeconomica.com.br\/wp\/wp-content\/uploads\/2020\/12\/cropped-BE.png\",\"contentUrl\":\"https:\/\/bahiaeconomica.com.br\/wp\/wp-content\/uploads\/2020\/12\/cropped-BE.png\",\"width\":512,\"height\":512,\"caption\":\"Bahia Econ\u00f4mica\"},\"image\":{\"@id\":\"https:\/\/bahiaeconomica.com.br\/wp\/#\/schema\/logo\/image\/\"},\"sameAs\":[\"https:\/\/www.facebook.com\/bahiaeconomica\"]},{\"@type\":\"Person\",\"@id\":\"https:\/\/bahiaeconomica.com.br\/wp\/#\/schema\/person\/0868b18bbfdd29723e44135140f35148\",\"name\":\"LIZANDRA MUNIZ\",\"sameAs\":[\"http:\/\/www.bahiaeconomica.com.br\"],\"url\":\"https:\/\/bahiaeconomica.com.br\/wp\/author\/lizandra-muniz\/\"}]}<\/script>\n<!-- \/ Yoast SEO plugin. -->","yoast_head_json":{"title":"TJBA DIALOGA COM PREFEITOS E SECRET\u00c1RIOS DE SA\u00daDE SOBRE FECHAMENTO DO HOSPITAL DE CUST\u00d3DIA - Bahia Economica","description":"O maior portal de Economia da Bahia Pol\u00edtica Bahia Economica O Tribunal de Justi\u00e7a da Bahia (TJBA), atrav\u00e9s do Grupo de Monitoramento","robots":{"index":"index","follow":"follow","max-snippet":"max-snippet:-1","max-image-preview":"max-image-preview:large","max-video-preview":"max-video-preview:-1"},"canonical":"https:\/\/bahiaeconomica.com.br\/wp\/2024\/03\/20\/tjba-dialoga-com-prefeitos-e-secretarios-de-saude-sobre-fechamento-do-hospital-de-custodia\/","og_locale":"pt_BR","og_type":"article","og_title":"TJBA DIALOGA COM PREFEITOS E SECRET\u00c1RIOS DE SA\u00daDE SOBRE FECHAMENTO DO HOSPITAL DE CUST\u00d3DIA - Bahia Economica","og_description":"O maior portal de Economia da Bahia Pol\u00edtica Bahia Economica O Tribunal de Justi\u00e7a da Bahia (TJBA), atrav\u00e9s do Grupo de Monitoramento","og_url":"https:\/\/bahiaeconomica.com.br\/wp\/2024\/03\/20\/tjba-dialoga-com-prefeitos-e-secretarios-de-saude-sobre-fechamento-do-hospital-de-custodia\/","og_site_name":"Bahia Economica","article_publisher":"https:\/\/www.facebook.com\/bahiaeconomica","article_published_time":"2024-03-20T22:53:53+00:00","article_modified_time":"2024-03-20T22:42:50+00:00","og_image":[{"width":1066,"height":600,"url":"https:\/\/bahiaeconomica.com.br\/wp\/wp-content\/uploads\/2024\/03\/hospital.jpg","type":"image\/jpeg"}],"author":"LIZANDRA MUNIZ","twitter_card":"summary_large_image","twitter_misc":{"Escrito por":"LIZANDRA MUNIZ","Est. tempo de leitura":"3 minutos"},"schema":{"@context":"https:\/\/schema.org","@graph":[{"@type":"Article","@id":"https:\/\/bahiaeconomica.com.br\/wp\/2024\/03\/20\/tjba-dialoga-com-prefeitos-e-secretarios-de-saude-sobre-fechamento-do-hospital-de-custodia\/#article","isPartOf":{"@id":"https:\/\/bahiaeconomica.com.br\/wp\/2024\/03\/20\/tjba-dialoga-com-prefeitos-e-secretarios-de-saude-sobre-fechamento-do-hospital-de-custodia\/"},"author":{"name":"LIZANDRA MUNIZ","@id":"https:\/\/bahiaeconomica.com.br\/wp\/#\/schema\/person\/0868b18bbfdd29723e44135140f35148"},"headline":"TJBA DIALOGA COM PREFEITOS E SECRET\u00c1RIOS DE SA\u00daDE SOBRE FECHAMENTO DO HOSPITAL DE CUST\u00d3DIA","datePublished":"2024-03-20T22:53:53+00:00","dateModified":"2024-03-20T22:42:50+00:00","mainEntityOfPage":{"@id":"https:\/\/bahiaeconomica.com.br\/wp\/2024\/03\/20\/tjba-dialoga-com-prefeitos-e-secretarios-de-saude-sobre-fechamento-do-hospital-de-custodia\/"},"wordCount":605,"publisher":{"@id":"https:\/\/bahiaeconomica.com.br\/wp\/#organization"},"keywords":["Bahia","CNJ","COSEMS","GMF","HCT","Salvador","tjba","upb"],"articleSection":["Pol\u00edtica"],"inLanguage":"pt-BR"},{"@type":"WebPage","@id":"https:\/\/bahiaeconomica.com.br\/wp\/2024\/03\/20\/tjba-dialoga-com-prefeitos-e-secretarios-de-saude-sobre-fechamento-do-hospital-de-custodia\/","url":"https:\/\/bahiaeconomica.com.br\/wp\/2024\/03\/20\/tjba-dialoga-com-prefeitos-e-secretarios-de-saude-sobre-fechamento-do-hospital-de-custodia\/","name":"TJBA DIALOGA COM PREFEITOS E SECRET\u00c1RIOS DE SA\u00daDE SOBRE FECHAMENTO DO HOSPITAL DE CUST\u00d3DIA - Bahia Economica","isPartOf":{"@id":"https:\/\/bahiaeconomica.com.br\/wp\/#website"},"datePublished":"2024-03-20T22:53:53+00:00","dateModified":"2024-03-20T22:42:50+00:00","description":"O maior portal de Economia da Bahia Pol\u00edtica Bahia Economica O Tribunal de Justi\u00e7a da Bahia (TJBA), atrav\u00e9s do Grupo de Monitoramento","breadcrumb":{"@id":"https:\/\/bahiaeconomica.com.br\/wp\/2024\/03\/20\/tjba-dialoga-com-prefeitos-e-secretarios-de-saude-sobre-fechamento-do-hospital-de-custodia\/#breadcrumb"},"inLanguage":"pt-BR","potentialAction":[{"@type":"ReadAction","target":["https:\/\/bahiaeconomica.com.br\/wp\/2024\/03\/20\/tjba-dialoga-com-prefeitos-e-secretarios-de-saude-sobre-fechamento-do-hospital-de-custodia\/"]}]},{"@type":"BreadcrumbList","@id":"https:\/\/bahiaeconomica.com.br\/wp\/2024\/03\/20\/tjba-dialoga-com-prefeitos-e-secretarios-de-saude-sobre-fechamento-do-hospital-de-custodia\/#breadcrumb","itemListElement":[{"@type":"ListItem","position":1,"name":"In\u00edcio","item":"https:\/\/bahiaeconomica.com.br\/wp\/"},{"@type":"ListItem","position":2,"name":"TJBA DIALOGA COM PREFEITOS E SECRET\u00c1RIOS DE SA\u00daDE SOBRE FECHAMENTO DO HOSPITAL DE CUST\u00d3DIA"}]},{"@type":"WebSite","@id":"https:\/\/bahiaeconomica.com.br\/wp\/#website","url":"https:\/\/bahiaeconomica.com.br\/wp\/","name":"Bahia Economica","description":"O maior portal de Economia da Bahia","publisher":{"@id":"https:\/\/bahiaeconomica.com.br\/wp\/#organization"},"potentialAction":[{"@type":"SearchAction","target":{"@type":"EntryPoint","urlTemplate":"https:\/\/bahiaeconomica.com.br\/wp\/?s={search_term_string}"},"query-input":"required name=search_term_string"}],"inLanguage":"pt-BR"},{"@type":"Organization","@id":"https:\/\/bahiaeconomica.com.br\/wp\/#organization","name":"Bahia Econ\u00f4mica","url":"https:\/\/bahiaeconomica.com.br\/wp\/","logo":{"@type":"ImageObject","inLanguage":"pt-BR","@id":"https:\/\/bahiaeconomica.com.br\/wp\/#\/schema\/logo\/image\/","url":"https:\/\/bahiaeconomica.com.br\/wp\/wp-content\/uploads\/2020\/12\/cropped-BE.png","contentUrl":"https:\/\/bahiaeconomica.com.br\/wp\/wp-content\/uploads\/2020\/12\/cropped-BE.png","width":512,"height":512,"caption":"Bahia Econ\u00f4mica"},"image":{"@id":"https:\/\/bahiaeconomica.com.br\/wp\/#\/schema\/logo\/image\/"},"sameAs":["https:\/\/www.facebook.com\/bahiaeconomica"]},{"@type":"Person","@id":"https:\/\/bahiaeconomica.com.br\/wp\/#\/schema\/person\/0868b18bbfdd29723e44135140f35148","name":"LIZANDRA MUNIZ","sameAs":["http:\/\/www.bahiaeconomica.com.br"],"url":"https:\/\/bahiaeconomica.com.br\/wp\/author\/lizandra-muniz\/"}]}},"views":30,"_links":{"self":[{"href":"https:\/\/bahiaeconomica.com.br\/wp\/wp-json\/wp\/v2\/posts\/805896"}],"collection":[{"href":"https:\/\/bahiaeconomica.com.br\/wp\/wp-json\/wp\/v2\/posts"}],"about":[{"href":"https:\/\/bahiaeconomica.com.br\/wp\/wp-json\/wp\/v2\/types\/post"}],"author":[{"embeddable":true,"href":"https:\/\/bahiaeconomica.com.br\/wp\/wp-json\/wp\/v2\/users\/19"}],"replies":[{"embeddable":true,"href":"https:\/\/bahiaeconomica.com.br\/wp\/wp-json\/wp\/v2\/comments?post=805896"}],"version-history":[{"count":1,"href":"https:\/\/bahiaeconomica.com.br\/wp\/wp-json\/wp\/v2\/posts\/805896\/revisions"}],"predecessor-version":[{"id":805898,"href":"https:\/\/bahiaeconomica.com.br\/wp\/wp-json\/wp\/v2\/posts\/805896\/revisions\/805898"}],"wp:featuredmedia":[{"embeddable":true,"href":"https:\/\/bahiaeconomica.com.br\/wp\/wp-json\/wp\/v2\/media\/805897"}],"wp:attachment":[{"href":"https:\/\/bahiaeconomica.com.br\/wp\/wp-json\/wp\/v2\/media?parent=805896"}],"wp:term":[{"taxonomy":"category","embeddable":true,"href":"https:\/\/bahiaeconomica.com.br\/wp\/wp-json\/wp\/v2\/categories?post=805896"},{"taxonomy":"post_tag","embeddable":true,"href":"https:\/\/bahiaeconomica.com.br\/wp\/wp-json\/wp\/v2\/tags?post=805896"}],"curies":[{"name":"wp","href":"https:\/\/api.w.org\/{rel}","templated":true}]}}