{"id":805362,"date":"2024-03-19T13:58:16","date_gmt":"2024-03-19T16:58:16","guid":{"rendered":"https:\/\/bahiaeconomica.com.br\/wp\/?p=805362"},"modified":"2024-03-19T14:02:22","modified_gmt":"2024-03-19T17:02:22","slug":"portoes-da-arena-fonte-nova-abrirao-mais-cedo-para-o-ba-vi","status":"publish","type":"post","link":"https:\/\/bahiaeconomica.com.br\/wp\/2024\/03\/19\/portoes-da-arena-fonte-nova-abrirao-mais-cedo-para-o-ba-vi\/","title":{"rendered":"PORT\u00d5ES DA ARENA FONTE NOVA ABRIR\u00c3O MAIS CEDO PARA O BA-VI"},"content":{"rendered":"<p>Os port\u00f5es da Casa de Apostas Arena Fonte Nova abrir\u00e3o mais cedo nesta quarta-feira (20) para o jogo do cl\u00e1ssico Ba-Vi. Todos os\u00a0 ingressos da partida foram vendidos e a expectativa \u00e9 de quase 50 mil torcedores.<\/p>\n<p>Segundo o A Tarde, o acesso do p\u00fablico ser\u00e1 liberado \u00e0s 18h30, tr\u00eas horas antes do hor\u00e1rio previsto para a bola rolar. O intuito \u00e9 fazer com que o torcedor chegue cedo e entre no est\u00e1dio com mais conforto e seguran\u00e7a.<\/p>\n<p>O Ba-Vi desta quarta \u00e9 v\u00e1lido pela 6\u00aa rodada da Copa do Nordeste. O Bahia \u00e9 o l\u00edder do Grupo B com 12 pontos, enquanto o Vit\u00f3ria \u00e9 o terceiro colocado no Grupo A, com oito.<\/p>\n<p>&nbsp;<\/p>\n<p>Foto: Gustavo Castellucci<\/p>\n","protected":false},"excerpt":{"rendered":"<p>Os port\u00f5es da Casa de Apostas Arena Fonte Nova abrir\u00e3o mais cedo nesta quarta-feira (20) para o jogo do cl\u00e1ssico Ba-Vi. Todos os\u00a0 ingressos da partida foram vendidos e a expectativa \u00e9 de quase 50 mil torcedores. Segundo o A Tarde, o acesso do p\u00fablico ser\u00e1 liberado \u00e0s 18h30, tr\u00eas horas antes do hor\u00e1rio previsto [&hellip;]<\/p>\n","protected":false},"author":15,"featured_media":805365,"comment_status":"closed","ping_status":"closed","sticky":false,"template":"","format":"standard","meta":[],"categories":[4486],"tags":[7413,19666,11075,1527,843],"acf":[],"yoast_head":"<!-- This site is optimized with the Yoast SEO plugin v20.8 - https:\/\/yoast.com\/wordpress\/plugins\/seo\/ -->\n<title>PORT\u00d5ES DA ARENA FONTE NOVA ABRIR\u00c3O MAIS CEDO PARA O BA-VI - Bahia Economica<\/title>\n<meta name=\"description\" content=\"O maior portal de Economia da Bahia Esporte Bahia Economica Os port\u00f5es da Casa de Apostas Arena Fonte Nova abrir\u00e3o mais cedo\" \/>\n<meta name=\"robots\" content=\"index, follow, max-snippet:-1, max-image-preview:large, max-video-preview:-1\" \/>\n<link rel=\"canonical\" href=\"https:\/\/bahiaeconomica.com.br\/wp\/2024\/03\/19\/portoes-da-arena-fonte-nova-abrirao-mais-cedo-para-o-ba-vi\/\" \/>\n<meta property=\"og:locale\" content=\"pt_BR\" \/>\n<meta property=\"og:type\" content=\"article\" \/>\n<meta property=\"og:title\" content=\"PORT\u00d5ES DA ARENA FONTE NOVA ABRIR\u00c3O MAIS CEDO PARA O BA-VI - Bahia Economica\" \/>\n<meta property=\"og:description\" content=\"O maior portal de Economia da Bahia Esporte Bahia Economica Os port\u00f5es da Casa de Apostas Arena Fonte Nova abrir\u00e3o mais cedo\" \/>\n<meta property=\"og:url\" content=\"https:\/\/bahiaeconomica.com.br\/wp\/2024\/03\/19\/portoes-da-arena-fonte-nova-abrirao-mais-cedo-para-o-ba-vi\/\" \/>\n<meta property=\"og:site_name\" content=\"Bahia Economica\" \/>\n<meta property=\"article:publisher\" content=\"https:\/\/www.facebook.com\/bahiaeconomica\" \/>\n<meta property=\"article:published_time\" content=\"2024-03-19T16:58:16+00:00\" \/>\n<meta property=\"article:modified_time\" content=\"2024-03-19T17:02:22+00:00\" \/>\n<meta property=\"og:image\" content=\"https:\/\/bahiaeconomica.com.br\/wp\/wp-content\/uploads\/2024\/03\/Nordestao-Bahia-inicia-venda-de-ingressos-para-cla0031599500202403162009-7.webp\" \/>\n\t<meta property=\"og:image:width\" content=\"770\" \/>\n\t<meta property=\"og:image:height\" content=\"460\" \/>\n\t<meta property=\"og:image:type\" content=\"image\/webp\" \/>\n<meta name=\"author\" content=\"VICTORIA ISABEL\" \/>\n<meta name=\"twitter:card\" content=\"summary_large_image\" \/>\n<meta name=\"twitter:label1\" content=\"Escrito por\" \/>\n\t<meta name=\"twitter:data1\" content=\"VICTORIA ISABEL\" \/>\n\t<meta name=\"twitter:label2\" content=\"Est. tempo de leitura\" \/>\n\t<meta name=\"twitter:data2\" content=\"1 minuto\" \/>\n<script type=\"application\/ld+json\" class=\"yoast-schema-graph\">{\"@context\":\"https:\/\/schema.org\",\"@graph\":[{\"@type\":\"Article\",\"@id\":\"https:\/\/bahiaeconomica.com.br\/wp\/2024\/03\/19\/portoes-da-arena-fonte-nova-abrirao-mais-cedo-para-o-ba-vi\/#article\",\"isPartOf\":{\"@id\":\"https:\/\/bahiaeconomica.com.br\/wp\/2024\/03\/19\/portoes-da-arena-fonte-nova-abrirao-mais-cedo-para-o-ba-vi\/\"},\"author\":{\"name\":\"VICTORIA ISABEL\",\"@id\":\"https:\/\/bahiaeconomica.com.br\/wp\/#\/schema\/person\/b719ce0fb1c09f3c7a00d9243ced4a6f\"},\"headline\":\"PORT\u00d5ES DA ARENA FONTE NOVA ABRIR\u00c3O MAIS CEDO PARA O BA-VI\",\"datePublished\":\"2024-03-19T16:58:16+00:00\",\"dateModified\":\"2024-03-19T17:02:22+00:00\",\"mainEntityOfPage\":{\"@id\":\"https:\/\/bahiaeconomica.com.br\/wp\/2024\/03\/19\/portoes-da-arena-fonte-nova-abrirao-mais-cedo-para-o-ba-vi\/\"},\"wordCount\":133,\"publisher\":{\"@id\":\"https:\/\/bahiaeconomica.com.br\/wp\/#organization\"},\"keywords\":[\"arena fonte nova\",\"BA-VI\",\"COPA DO NORDESTE\",\"futebol\",\"jogo\"],\"articleSection\":[\"Esporte\"],\"inLanguage\":\"pt-BR\"},{\"@type\":\"WebPage\",\"@id\":\"https:\/\/bahiaeconomica.com.br\/wp\/2024\/03\/19\/portoes-da-arena-fonte-nova-abrirao-mais-cedo-para-o-ba-vi\/\",\"url\":\"https:\/\/bahiaeconomica.com.br\/wp\/2024\/03\/19\/portoes-da-arena-fonte-nova-abrirao-mais-cedo-para-o-ba-vi\/\",\"name\":\"PORT\u00d5ES DA ARENA FONTE NOVA ABRIR\u00c3O MAIS CEDO PARA O BA-VI - Bahia Economica\",\"isPartOf\":{\"@id\":\"https:\/\/bahiaeconomica.com.br\/wp\/#website\"},\"datePublished\":\"2024-03-19T16:58:16+00:00\",\"dateModified\":\"2024-03-19T17:02:22+00:00\",\"description\":\"O maior portal de Economia da Bahia Esporte Bahia Economica Os port\u00f5es da Casa de Apostas Arena Fonte Nova abrir\u00e3o mais cedo\",\"breadcrumb\":{\"@id\":\"https:\/\/bahiaeconomica.com.br\/wp\/2024\/03\/19\/portoes-da-arena-fonte-nova-abrirao-mais-cedo-para-o-ba-vi\/#breadcrumb\"},\"inLanguage\":\"pt-BR\",\"potentialAction\":[{\"@type\":\"ReadAction\",\"target\":[\"https:\/\/bahiaeconomica.com.br\/wp\/2024\/03\/19\/portoes-da-arena-fonte-nova-abrirao-mais-cedo-para-o-ba-vi\/\"]}]},{\"@type\":\"BreadcrumbList\",\"@id\":\"https:\/\/bahiaeconomica.com.br\/wp\/2024\/03\/19\/portoes-da-arena-fonte-nova-abrirao-mais-cedo-para-o-ba-vi\/#breadcrumb\",\"itemListElement\":[{\"@type\":\"ListItem\",\"position\":1,\"name\":\"In\u00edcio\",\"item\":\"https:\/\/bahiaeconomica.com.br\/wp\/\"},{\"@type\":\"ListItem\",\"position\":2,\"name\":\"PORT\u00d5ES DA ARENA FONTE NOVA ABRIR\u00c3O MAIS CEDO PARA O BA-VI\"}]},{\"@type\":\"WebSite\",\"@id\":\"https:\/\/bahiaeconomica.com.br\/wp\/#website\",\"url\":\"https:\/\/bahiaeconomica.com.br\/wp\/\",\"name\":\"Bahia Economica\",\"description\":\"O maior portal de Economia da Bahia\",\"publisher\":{\"@id\":\"https:\/\/bahiaeconomica.com.br\/wp\/#organization\"},\"potentialAction\":[{\"@type\":\"SearchAction\",\"target\":{\"@type\":\"EntryPoint\",\"urlTemplate\":\"https:\/\/bahiaeconomica.com.br\/wp\/?s={search_term_string}\"},\"query-input\":\"required name=search_term_string\"}],\"inLanguage\":\"pt-BR\"},{\"@type\":\"Organization\",\"@id\":\"https:\/\/bahiaeconomica.com.br\/wp\/#organization\",\"name\":\"Bahia Econ\u00f4mica\",\"url\":\"https:\/\/bahiaeconomica.com.br\/wp\/\",\"logo\":{\"@type\":\"ImageObject\",\"inLanguage\":\"pt-BR\",\"@id\":\"https:\/\/bahiaeconomica.com.br\/wp\/#\/schema\/logo\/image\/\",\"url\":\"https:\/\/bahiaeconomica.com.br\/wp\/wp-content\/uploads\/2020\/12\/cropped-BE.png\",\"contentUrl\":\"https:\/\/bahiaeconomica.com.br\/wp\/wp-content\/uploads\/2020\/12\/cropped-BE.png\",\"width\":512,\"height\":512,\"caption\":\"Bahia Econ\u00f4mica\"},\"image\":{\"@id\":\"https:\/\/bahiaeconomica.com.br\/wp\/#\/schema\/logo\/image\/\"},\"sameAs\":[\"https:\/\/www.facebook.com\/bahiaeconomica\"]},{\"@type\":\"Person\",\"@id\":\"https:\/\/bahiaeconomica.com.br\/wp\/#\/schema\/person\/b719ce0fb1c09f3c7a00d9243ced4a6f\",\"name\":\"VICTORIA ISABEL\",\"sameAs\":[\"http:\/\/www.bahiaeconomica.com.br\"],\"url\":\"https:\/\/bahiaeconomica.com.br\/wp\/author\/victoria-isabel\/\"}]}<\/script>\n<!-- \/ Yoast SEO plugin. -->","yoast_head_json":{"title":"PORT\u00d5ES DA ARENA FONTE NOVA ABRIR\u00c3O MAIS CEDO PARA O BA-VI - Bahia Economica","description":"O maior portal de Economia da Bahia Esporte Bahia Economica Os port\u00f5es da Casa de Apostas Arena Fonte Nova abrir\u00e3o mais cedo","robots":{"index":"index","follow":"follow","max-snippet":"max-snippet:-1","max-image-preview":"max-image-preview:large","max-video-preview":"max-video-preview:-1"},"canonical":"https:\/\/bahiaeconomica.com.br\/wp\/2024\/03\/19\/portoes-da-arena-fonte-nova-abrirao-mais-cedo-para-o-ba-vi\/","og_locale":"pt_BR","og_type":"article","og_title":"PORT\u00d5ES DA ARENA FONTE NOVA ABRIR\u00c3O MAIS CEDO PARA O BA-VI - Bahia Economica","og_description":"O maior portal de Economia da Bahia Esporte Bahia Economica Os port\u00f5es da Casa de Apostas Arena Fonte Nova abrir\u00e3o mais cedo","og_url":"https:\/\/bahiaeconomica.com.br\/wp\/2024\/03\/19\/portoes-da-arena-fonte-nova-abrirao-mais-cedo-para-o-ba-vi\/","og_site_name":"Bahia Economica","article_publisher":"https:\/\/www.facebook.com\/bahiaeconomica","article_published_time":"2024-03-19T16:58:16+00:00","article_modified_time":"2024-03-19T17:02:22+00:00","og_image":[{"width":770,"height":460,"url":"https:\/\/bahiaeconomica.com.br\/wp\/wp-content\/uploads\/2024\/03\/Nordestao-Bahia-inicia-venda-de-ingressos-para-cla0031599500202403162009-7.webp","type":"image\/webp"}],"author":"VICTORIA ISABEL","twitter_card":"summary_large_image","twitter_misc":{"Escrito por":"VICTORIA ISABEL","Est. tempo de leitura":"1 minuto"},"schema":{"@context":"https:\/\/schema.org","@graph":[{"@type":"Article","@id":"https:\/\/bahiaeconomica.com.br\/wp\/2024\/03\/19\/portoes-da-arena-fonte-nova-abrirao-mais-cedo-para-o-ba-vi\/#article","isPartOf":{"@id":"https:\/\/bahiaeconomica.com.br\/wp\/2024\/03\/19\/portoes-da-arena-fonte-nova-abrirao-mais-cedo-para-o-ba-vi\/"},"author":{"name":"VICTORIA ISABEL","@id":"https:\/\/bahiaeconomica.com.br\/wp\/#\/schema\/person\/b719ce0fb1c09f3c7a00d9243ced4a6f"},"headline":"PORT\u00d5ES DA ARENA FONTE NOVA ABRIR\u00c3O MAIS CEDO PARA O BA-VI","datePublished":"2024-03-19T16:58:16+00:00","dateModified":"2024-03-19T17:02:22+00:00","mainEntityOfPage":{"@id":"https:\/\/bahiaeconomica.com.br\/wp\/2024\/03\/19\/portoes-da-arena-fonte-nova-abrirao-mais-cedo-para-o-ba-vi\/"},"wordCount":133,"publisher":{"@id":"https:\/\/bahiaeconomica.com.br\/wp\/#organization"},"keywords":["arena fonte nova","BA-VI","COPA DO NORDESTE","futebol","jogo"],"articleSection":["Esporte"],"inLanguage":"pt-BR"},{"@type":"WebPage","@id":"https:\/\/bahiaeconomica.com.br\/wp\/2024\/03\/19\/portoes-da-arena-fonte-nova-abrirao-mais-cedo-para-o-ba-vi\/","url":"https:\/\/bahiaeconomica.com.br\/wp\/2024\/03\/19\/portoes-da-arena-fonte-nova-abrirao-mais-cedo-para-o-ba-vi\/","name":"PORT\u00d5ES DA ARENA FONTE NOVA ABRIR\u00c3O MAIS CEDO PARA O BA-VI - Bahia Economica","isPartOf":{"@id":"https:\/\/bahiaeconomica.com.br\/wp\/#website"},"datePublished":"2024-03-19T16:58:16+00:00","dateModified":"2024-03-19T17:02:22+00:00","description":"O maior portal de Economia da Bahia Esporte Bahia Economica Os port\u00f5es da Casa de Apostas Arena Fonte Nova abrir\u00e3o mais cedo","breadcrumb":{"@id":"https:\/\/bahiaeconomica.com.br\/wp\/2024\/03\/19\/portoes-da-arena-fonte-nova-abrirao-mais-cedo-para-o-ba-vi\/#breadcrumb"},"inLanguage":"pt-BR","potentialAction":[{"@type":"ReadAction","target":["https:\/\/bahiaeconomica.com.br\/wp\/2024\/03\/19\/portoes-da-arena-fonte-nova-abrirao-mais-cedo-para-o-ba-vi\/"]}]},{"@type":"BreadcrumbList","@id":"https:\/\/bahiaeconomica.com.br\/wp\/2024\/03\/19\/portoes-da-arena-fonte-nova-abrirao-mais-cedo-para-o-ba-vi\/#breadcrumb","itemListElement":[{"@type":"ListItem","position":1,"name":"In\u00edcio","item":"https:\/\/bahiaeconomica.com.br\/wp\/"},{"@type":"ListItem","position":2,"name":"PORT\u00d5ES DA ARENA FONTE NOVA ABRIR\u00c3O MAIS CEDO PARA O BA-VI"}]},{"@type":"WebSite","@id":"https:\/\/bahiaeconomica.com.br\/wp\/#website","url":"https:\/\/bahiaeconomica.com.br\/wp\/","name":"Bahia Economica","description":"O maior portal de Economia da Bahia","publisher":{"@id":"https:\/\/bahiaeconomica.com.br\/wp\/#organization"},"potentialAction":[{"@type":"SearchAction","target":{"@type":"EntryPoint","urlTemplate":"https:\/\/bahiaeconomica.com.br\/wp\/?s={search_term_string}"},"query-input":"required name=search_term_string"}],"inLanguage":"pt-BR"},{"@type":"Organization","@id":"https:\/\/bahiaeconomica.com.br\/wp\/#organization","name":"Bahia Econ\u00f4mica","url":"https:\/\/bahiaeconomica.com.br\/wp\/","logo":{"@type":"ImageObject","inLanguage":"pt-BR","@id":"https:\/\/bahiaeconomica.com.br\/wp\/#\/schema\/logo\/image\/","url":"https:\/\/bahiaeconomica.com.br\/wp\/wp-content\/uploads\/2020\/12\/cropped-BE.png","contentUrl":"https:\/\/bahiaeconomica.com.br\/wp\/wp-content\/uploads\/2020\/12\/cropped-BE.png","width":512,"height":512,"caption":"Bahia Econ\u00f4mica"},"image":{"@id":"https:\/\/bahiaeconomica.com.br\/wp\/#\/schema\/logo\/image\/"},"sameAs":["https:\/\/www.facebook.com\/bahiaeconomica"]},{"@type":"Person","@id":"https:\/\/bahiaeconomica.com.br\/wp\/#\/schema\/person\/b719ce0fb1c09f3c7a00d9243ced4a6f","name":"VICTORIA ISABEL","sameAs":["http:\/\/www.bahiaeconomica.com.br"],"url":"https:\/\/bahiaeconomica.com.br\/wp\/author\/victoria-isabel\/"}]}},"views":31,"_links":{"self":[{"href":"https:\/\/bahiaeconomica.com.br\/wp\/wp-json\/wp\/v2\/posts\/805362"}],"collection":[{"href":"https:\/\/bahiaeconomica.com.br\/wp\/wp-json\/wp\/v2\/posts"}],"about":[{"href":"https:\/\/bahiaeconomica.com.br\/wp\/wp-json\/wp\/v2\/types\/post"}],"author":[{"embeddable":true,"href":"https:\/\/bahiaeconomica.com.br\/wp\/wp-json\/wp\/v2\/users\/15"}],"replies":[{"embeddable":true,"href":"https:\/\/bahiaeconomica.com.br\/wp\/wp-json\/wp\/v2\/comments?post=805362"}],"version-history":[{"count":2,"href":"https:\/\/bahiaeconomica.com.br\/wp\/wp-json\/wp\/v2\/posts\/805362\/revisions"}],"predecessor-version":[{"id":805367,"href":"https:\/\/bahiaeconomica.com.br\/wp\/wp-json\/wp\/v2\/posts\/805362\/revisions\/805367"}],"wp:featuredmedia":[{"embeddable":true,"href":"https:\/\/bahiaeconomica.com.br\/wp\/wp-json\/wp\/v2\/media\/805365"}],"wp:attachment":[{"href":"https:\/\/bahiaeconomica.com.br\/wp\/wp-json\/wp\/v2\/media?parent=805362"}],"wp:term":[{"taxonomy":"category","embeddable":true,"href":"https:\/\/bahiaeconomica.com.br\/wp\/wp-json\/wp\/v2\/categories?post=805362"},{"taxonomy":"post_tag","embeddable":true,"href":"https:\/\/bahiaeconomica.com.br\/wp\/wp-json\/wp\/v2\/tags?post=805362"}],"curies":[{"name":"wp","href":"https:\/\/api.w.org\/{rel}","templated":true}]}}