{"id":805333,"date":"2024-03-19T10:18:48","date_gmt":"2024-03-19T13:18:48","guid":{"rendered":"https:\/\/bahiaeconomica.com.br\/wp\/?p=805333"},"modified":"2024-03-19T10:18:48","modified_gmt":"2024-03-19T13:18:48","slug":"governo-tem-unidade-por-criacao-de-fundo-permanente-para-companhias-aereas-diz-ministro","status":"publish","type":"post","link":"https:\/\/bahiaeconomica.com.br\/wp\/2024\/03\/19\/governo-tem-unidade-por-criacao-de-fundo-permanente-para-companhias-aereas-diz-ministro\/","title":{"rendered":"GOVERNO TEM UNIDADE POR CRIA\u00c7\u00c3O DE FUNDO PERMANENTE PARA COMPANHIAS A\u00c9REAS, DIZ MINISTRO"},"content":{"rendered":"<p>O ministro de Portos e Aeroportos, Silvio Costa Filho, afirmou nesta segunda-feira (18),\u00a0que h\u00e1 unidade do governo para criar o fundo permanente para as companhias a\u00e9reas. Segundo o chefe da pasta, ap\u00f3s conversa com Rui Costa (Casa Civil), Fernando Haddad (Fazenda) e com o presidente do Banco Nacional de Desenvolvimento Econ\u00f4mico e Social (BNDES), Aloizio Mercadante, foi criado um grupo de trabalho para apresentar uma linha de cr\u00e9dito para as empresas. As declara\u00e7\u00f5es foram dadas em entrevista ao Roda Viva, da TV Cultura.<\/p>\n<p>Sobre rumores de que a Azul poderia comprar a Gol, o ministro ressaltou que a pr\u00f3pria Gol, que entrou voluntariamente com pedido de Chapter 11 (equivalente \u00e0 recupera\u00e7\u00e3o judicial) no Tribunal de Fal\u00eancias de Nova York em 25 de janeiro, j\u00e1 negou essa possibilidade. &#8220;Penso que a Gol sair\u00e1 maior desse processo [Chapter 11], como a Latam saiu.&#8221;<\/p>\n<p>Costa Filho ainda disse que vai lan\u00e7ar uma agenda para trazer novas companhias a\u00e9reas para o Brasil. &#8220;Eu defendo a entrada para que a gente possa aumentar a competitividade, que \u00e9 muito saud\u00e1vel para o Pa\u00eds&#8221;.<\/p>\n<p>O ministro destacou que vem conversando com companhias \u00e1reas da Am\u00e9rica do Sul, al\u00e9m do mercado africano e de grupos italianos. Ainda, pontuou que diversas companhias desejam vir ao Brasil, mas possuem dificuldades devido ao n\u00famero de aeronaves. Outro obst\u00e1culo conhecido \u00e9 a legisla\u00e7\u00e3o brasileira, considerada dura por essas empresas internacionais.<\/p>\n<p>O ministro voltou a destacar que o programa Voa Brasil, com passagens de R$ 200, dever\u00e1 atender um p\u00fablico espec\u00edfico e disse que, na m\u00e9dia geral, o valor das passagens no Brasil \u00e9 justo. Ainda, afirmou que um dos objetivos da iniciativa \u00e9 &#8220;impulsionar turismo em baixa temporada&#8221;.<\/p>\n<p>Sobre a reuni\u00e3o ministerial realizada nesta segunda-feira, 18, pelo presidente Luiz In\u00e1cio Lula da Silva (PT), Costa Filho a classificou como positiva e destacou que o chefe da pasta, o presidente pediu para que os ministros falassem dos Estados. O ministro tamb\u00e9m teceu cr\u00edticas ao governo anterior, do ex-presidente Jair Bolsonaro (PL). &#8220;Passagem a\u00e9rea \u00e9 utilidade p\u00fablica, mas governo anterior n\u00e3o deu aten\u00e7\u00e3o ao setor&#8221;, destacou.<\/p>\n<p>Foto: \u00a0Ayrton Vignola\/Fiesp<\/p>\n","protected":false},"excerpt":{"rendered":"<p>O ministro de Portos e Aeroportos, Silvio Costa Filho, afirmou nesta segunda-feira (18),\u00a0que h\u00e1 unidade do governo para criar o fundo permanente para as companhias a\u00e9reas. Segundo o chefe da pasta, ap\u00f3s conversa com Rui Costa (Casa Civil), Fernando Haddad (Fazenda) e com o presidente do Banco Nacional de Desenvolvimento Econ\u00f4mico e Social (BNDES), Aloizio [&hellip;]<\/p>\n","protected":false},"author":15,"featured_media":805334,"comment_status":"closed","ping_status":"closed","sticky":false,"template":"","format":"standard","meta":[],"categories":[3],"tags":[24338,28404,99],"acf":[],"yoast_head":"<!-- This site is optimized with the Yoast SEO plugin v20.8 - https:\/\/yoast.com\/wordpress\/plugins\/seo\/ -->\n<title>GOVERNO TEM UNIDADE POR CRIA\u00c7\u00c3O DE FUNDO PERMANENTE PARA COMPANHIAS A\u00c9REAS, DIZ MINISTRO - Bahia Economica<\/title>\n<meta name=\"description\" content=\"O maior portal de Economia da Bahia ECONOMIA \/ POL\u00cdTICA Bahia Economica O ministro de Portos e Aeroportos, Silvio Costa Filho,\" \/>\n<meta name=\"robots\" content=\"index, follow, max-snippet:-1, max-image-preview:large, max-video-preview:-1\" \/>\n<link rel=\"canonical\" href=\"https:\/\/bahiaeconomica.com.br\/wp\/2024\/03\/19\/governo-tem-unidade-por-criacao-de-fundo-permanente-para-companhias-aereas-diz-ministro\/\" \/>\n<meta property=\"og:locale\" content=\"pt_BR\" \/>\n<meta property=\"og:type\" content=\"article\" \/>\n<meta property=\"og:title\" content=\"GOVERNO TEM UNIDADE POR CRIA\u00c7\u00c3O DE FUNDO PERMANENTE PARA COMPANHIAS A\u00c9REAS, DIZ MINISTRO - Bahia Economica\" \/>\n<meta property=\"og:description\" content=\"O maior portal de Economia da Bahia ECONOMIA \/ POL\u00cdTICA Bahia Economica O ministro de Portos e Aeroportos, Silvio Costa Filho,\" \/>\n<meta property=\"og:url\" content=\"https:\/\/bahiaeconomica.com.br\/wp\/2024\/03\/19\/governo-tem-unidade-por-criacao-de-fundo-permanente-para-companhias-aereas-diz-ministro\/\" \/>\n<meta property=\"og:site_name\" content=\"Bahia Economica\" \/>\n<meta property=\"article:publisher\" content=\"https:\/\/www.facebook.com\/bahiaeconomica\" \/>\n<meta property=\"article:published_time\" content=\"2024-03-19T13:18:48+00:00\" \/>\n<meta property=\"og:image\" content=\"https:\/\/bahiaeconomica.com.br\/wp\/wp-content\/uploads\/2024\/03\/517A2746.webp\" \/>\n\t<meta property=\"og:image:width\" content=\"1220\" \/>\n\t<meta property=\"og:image:height\" content=\"674\" \/>\n\t<meta property=\"og:image:type\" content=\"image\/webp\" \/>\n<meta name=\"author\" content=\"VICTORIA ISABEL\" \/>\n<meta name=\"twitter:card\" content=\"summary_large_image\" \/>\n<meta name=\"twitter:label1\" content=\"Escrito por\" \/>\n\t<meta name=\"twitter:data1\" content=\"VICTORIA ISABEL\" \/>\n\t<meta name=\"twitter:label2\" content=\"Est. tempo de leitura\" \/>\n\t<meta name=\"twitter:data2\" content=\"2 minutos\" \/>\n<script type=\"application\/ld+json\" class=\"yoast-schema-graph\">{\"@context\":\"https:\/\/schema.org\",\"@graph\":[{\"@type\":\"Article\",\"@id\":\"https:\/\/bahiaeconomica.com.br\/wp\/2024\/03\/19\/governo-tem-unidade-por-criacao-de-fundo-permanente-para-companhias-aereas-diz-ministro\/#article\",\"isPartOf\":{\"@id\":\"https:\/\/bahiaeconomica.com.br\/wp\/2024\/03\/19\/governo-tem-unidade-por-criacao-de-fundo-permanente-para-companhias-aereas-diz-ministro\/\"},\"author\":{\"name\":\"VICTORIA ISABEL\",\"@id\":\"https:\/\/bahiaeconomica.com.br\/wp\/#\/schema\/person\/b719ce0fb1c09f3c7a00d9243ced4a6f\"},\"headline\":\"GOVERNO TEM UNIDADE POR CRIA\u00c7\u00c3O DE FUNDO PERMANENTE PARA COMPANHIAS A\u00c9REAS, DIZ MINISTRO\",\"datePublished\":\"2024-03-19T13:18:48+00:00\",\"dateModified\":\"2024-03-19T13:18:48+00:00\",\"mainEntityOfPage\":{\"@id\":\"https:\/\/bahiaeconomica.com.br\/wp\/2024\/03\/19\/governo-tem-unidade-por-criacao-de-fundo-permanente-para-companhias-aereas-diz-ministro\/\"},\"wordCount\":378,\"publisher\":{\"@id\":\"https:\/\/bahiaeconomica.com.br\/wp\/#organization\"},\"keywords\":[\"companhias aereas\",\"fundo permanente\",\"Governo Federal\"],\"articleSection\":[\"ECONOMIA \/ POL\u00cdTICA\"],\"inLanguage\":\"pt-BR\"},{\"@type\":\"WebPage\",\"@id\":\"https:\/\/bahiaeconomica.com.br\/wp\/2024\/03\/19\/governo-tem-unidade-por-criacao-de-fundo-permanente-para-companhias-aereas-diz-ministro\/\",\"url\":\"https:\/\/bahiaeconomica.com.br\/wp\/2024\/03\/19\/governo-tem-unidade-por-criacao-de-fundo-permanente-para-companhias-aereas-diz-ministro\/\",\"name\":\"GOVERNO TEM UNIDADE POR CRIA\u00c7\u00c3O DE FUNDO PERMANENTE PARA COMPANHIAS A\u00c9REAS, DIZ MINISTRO - Bahia Economica\",\"isPartOf\":{\"@id\":\"https:\/\/bahiaeconomica.com.br\/wp\/#website\"},\"datePublished\":\"2024-03-19T13:18:48+00:00\",\"dateModified\":\"2024-03-19T13:18:48+00:00\",\"description\":\"O maior portal de Economia da Bahia ECONOMIA \/ POL\u00cdTICA Bahia Economica O ministro de Portos e Aeroportos, Silvio Costa Filho,\",\"breadcrumb\":{\"@id\":\"https:\/\/bahiaeconomica.com.br\/wp\/2024\/03\/19\/governo-tem-unidade-por-criacao-de-fundo-permanente-para-companhias-aereas-diz-ministro\/#breadcrumb\"},\"inLanguage\":\"pt-BR\",\"potentialAction\":[{\"@type\":\"ReadAction\",\"target\":[\"https:\/\/bahiaeconomica.com.br\/wp\/2024\/03\/19\/governo-tem-unidade-por-criacao-de-fundo-permanente-para-companhias-aereas-diz-ministro\/\"]}]},{\"@type\":\"BreadcrumbList\",\"@id\":\"https:\/\/bahiaeconomica.com.br\/wp\/2024\/03\/19\/governo-tem-unidade-por-criacao-de-fundo-permanente-para-companhias-aereas-diz-ministro\/#breadcrumb\",\"itemListElement\":[{\"@type\":\"ListItem\",\"position\":1,\"name\":\"In\u00edcio\",\"item\":\"https:\/\/bahiaeconomica.com.br\/wp\/\"},{\"@type\":\"ListItem\",\"position\":2,\"name\":\"GOVERNO TEM UNIDADE POR CRIA\u00c7\u00c3O DE FUNDO PERMANENTE PARA COMPANHIAS A\u00c9REAS, DIZ MINISTRO\"}]},{\"@type\":\"WebSite\",\"@id\":\"https:\/\/bahiaeconomica.com.br\/wp\/#website\",\"url\":\"https:\/\/bahiaeconomica.com.br\/wp\/\",\"name\":\"Bahia Economica\",\"description\":\"O maior portal de Economia da Bahia\",\"publisher\":{\"@id\":\"https:\/\/bahiaeconomica.com.br\/wp\/#organization\"},\"potentialAction\":[{\"@type\":\"SearchAction\",\"target\":{\"@type\":\"EntryPoint\",\"urlTemplate\":\"https:\/\/bahiaeconomica.com.br\/wp\/?s={search_term_string}\"},\"query-input\":\"required name=search_term_string\"}],\"inLanguage\":\"pt-BR\"},{\"@type\":\"Organization\",\"@id\":\"https:\/\/bahiaeconomica.com.br\/wp\/#organization\",\"name\":\"Bahia Econ\u00f4mica\",\"url\":\"https:\/\/bahiaeconomica.com.br\/wp\/\",\"logo\":{\"@type\":\"ImageObject\",\"inLanguage\":\"pt-BR\",\"@id\":\"https:\/\/bahiaeconomica.com.br\/wp\/#\/schema\/logo\/image\/\",\"url\":\"https:\/\/bahiaeconomica.com.br\/wp\/wp-content\/uploads\/2020\/12\/cropped-BE.png\",\"contentUrl\":\"https:\/\/bahiaeconomica.com.br\/wp\/wp-content\/uploads\/2020\/12\/cropped-BE.png\",\"width\":512,\"height\":512,\"caption\":\"Bahia Econ\u00f4mica\"},\"image\":{\"@id\":\"https:\/\/bahiaeconomica.com.br\/wp\/#\/schema\/logo\/image\/\"},\"sameAs\":[\"https:\/\/www.facebook.com\/bahiaeconomica\"]},{\"@type\":\"Person\",\"@id\":\"https:\/\/bahiaeconomica.com.br\/wp\/#\/schema\/person\/b719ce0fb1c09f3c7a00d9243ced4a6f\",\"name\":\"VICTORIA ISABEL\",\"sameAs\":[\"http:\/\/www.bahiaeconomica.com.br\"],\"url\":\"https:\/\/bahiaeconomica.com.br\/wp\/author\/victoria-isabel\/\"}]}<\/script>\n<!-- \/ Yoast SEO plugin. -->","yoast_head_json":{"title":"GOVERNO TEM UNIDADE POR CRIA\u00c7\u00c3O DE FUNDO PERMANENTE PARA COMPANHIAS A\u00c9REAS, DIZ MINISTRO - Bahia Economica","description":"O maior portal de Economia da Bahia ECONOMIA \/ POL\u00cdTICA Bahia Economica O ministro de Portos e Aeroportos, Silvio Costa Filho,","robots":{"index":"index","follow":"follow","max-snippet":"max-snippet:-1","max-image-preview":"max-image-preview:large","max-video-preview":"max-video-preview:-1"},"canonical":"https:\/\/bahiaeconomica.com.br\/wp\/2024\/03\/19\/governo-tem-unidade-por-criacao-de-fundo-permanente-para-companhias-aereas-diz-ministro\/","og_locale":"pt_BR","og_type":"article","og_title":"GOVERNO TEM UNIDADE POR CRIA\u00c7\u00c3O DE FUNDO PERMANENTE PARA COMPANHIAS A\u00c9REAS, DIZ MINISTRO - Bahia Economica","og_description":"O maior portal de Economia da Bahia ECONOMIA \/ POL\u00cdTICA Bahia Economica O ministro de Portos e Aeroportos, Silvio Costa Filho,","og_url":"https:\/\/bahiaeconomica.com.br\/wp\/2024\/03\/19\/governo-tem-unidade-por-criacao-de-fundo-permanente-para-companhias-aereas-diz-ministro\/","og_site_name":"Bahia Economica","article_publisher":"https:\/\/www.facebook.com\/bahiaeconomica","article_published_time":"2024-03-19T13:18:48+00:00","og_image":[{"width":1220,"height":674,"url":"https:\/\/bahiaeconomica.com.br\/wp\/wp-content\/uploads\/2024\/03\/517A2746.webp","type":"image\/webp"}],"author":"VICTORIA ISABEL","twitter_card":"summary_large_image","twitter_misc":{"Escrito por":"VICTORIA ISABEL","Est. tempo de leitura":"2 minutos"},"schema":{"@context":"https:\/\/schema.org","@graph":[{"@type":"Article","@id":"https:\/\/bahiaeconomica.com.br\/wp\/2024\/03\/19\/governo-tem-unidade-por-criacao-de-fundo-permanente-para-companhias-aereas-diz-ministro\/#article","isPartOf":{"@id":"https:\/\/bahiaeconomica.com.br\/wp\/2024\/03\/19\/governo-tem-unidade-por-criacao-de-fundo-permanente-para-companhias-aereas-diz-ministro\/"},"author":{"name":"VICTORIA ISABEL","@id":"https:\/\/bahiaeconomica.com.br\/wp\/#\/schema\/person\/b719ce0fb1c09f3c7a00d9243ced4a6f"},"headline":"GOVERNO TEM UNIDADE POR CRIA\u00c7\u00c3O DE FUNDO PERMANENTE PARA COMPANHIAS A\u00c9REAS, DIZ MINISTRO","datePublished":"2024-03-19T13:18:48+00:00","dateModified":"2024-03-19T13:18:48+00:00","mainEntityOfPage":{"@id":"https:\/\/bahiaeconomica.com.br\/wp\/2024\/03\/19\/governo-tem-unidade-por-criacao-de-fundo-permanente-para-companhias-aereas-diz-ministro\/"},"wordCount":378,"publisher":{"@id":"https:\/\/bahiaeconomica.com.br\/wp\/#organization"},"keywords":["companhias aereas","fundo permanente","Governo Federal"],"articleSection":["ECONOMIA \/ POL\u00cdTICA"],"inLanguage":"pt-BR"},{"@type":"WebPage","@id":"https:\/\/bahiaeconomica.com.br\/wp\/2024\/03\/19\/governo-tem-unidade-por-criacao-de-fundo-permanente-para-companhias-aereas-diz-ministro\/","url":"https:\/\/bahiaeconomica.com.br\/wp\/2024\/03\/19\/governo-tem-unidade-por-criacao-de-fundo-permanente-para-companhias-aereas-diz-ministro\/","name":"GOVERNO TEM UNIDADE POR CRIA\u00c7\u00c3O DE FUNDO PERMANENTE PARA COMPANHIAS A\u00c9REAS, DIZ MINISTRO - Bahia Economica","isPartOf":{"@id":"https:\/\/bahiaeconomica.com.br\/wp\/#website"},"datePublished":"2024-03-19T13:18:48+00:00","dateModified":"2024-03-19T13:18:48+00:00","description":"O maior portal de Economia da Bahia ECONOMIA \/ POL\u00cdTICA Bahia Economica O ministro de Portos e Aeroportos, Silvio Costa Filho,","breadcrumb":{"@id":"https:\/\/bahiaeconomica.com.br\/wp\/2024\/03\/19\/governo-tem-unidade-por-criacao-de-fundo-permanente-para-companhias-aereas-diz-ministro\/#breadcrumb"},"inLanguage":"pt-BR","potentialAction":[{"@type":"ReadAction","target":["https:\/\/bahiaeconomica.com.br\/wp\/2024\/03\/19\/governo-tem-unidade-por-criacao-de-fundo-permanente-para-companhias-aereas-diz-ministro\/"]}]},{"@type":"BreadcrumbList","@id":"https:\/\/bahiaeconomica.com.br\/wp\/2024\/03\/19\/governo-tem-unidade-por-criacao-de-fundo-permanente-para-companhias-aereas-diz-ministro\/#breadcrumb","itemListElement":[{"@type":"ListItem","position":1,"name":"In\u00edcio","item":"https:\/\/bahiaeconomica.com.br\/wp\/"},{"@type":"ListItem","position":2,"name":"GOVERNO TEM UNIDADE POR CRIA\u00c7\u00c3O DE FUNDO PERMANENTE PARA COMPANHIAS A\u00c9REAS, DIZ MINISTRO"}]},{"@type":"WebSite","@id":"https:\/\/bahiaeconomica.com.br\/wp\/#website","url":"https:\/\/bahiaeconomica.com.br\/wp\/","name":"Bahia Economica","description":"O maior portal de Economia da Bahia","publisher":{"@id":"https:\/\/bahiaeconomica.com.br\/wp\/#organization"},"potentialAction":[{"@type":"SearchAction","target":{"@type":"EntryPoint","urlTemplate":"https:\/\/bahiaeconomica.com.br\/wp\/?s={search_term_string}"},"query-input":"required name=search_term_string"}],"inLanguage":"pt-BR"},{"@type":"Organization","@id":"https:\/\/bahiaeconomica.com.br\/wp\/#organization","name":"Bahia Econ\u00f4mica","url":"https:\/\/bahiaeconomica.com.br\/wp\/","logo":{"@type":"ImageObject","inLanguage":"pt-BR","@id":"https:\/\/bahiaeconomica.com.br\/wp\/#\/schema\/logo\/image\/","url":"https:\/\/bahiaeconomica.com.br\/wp\/wp-content\/uploads\/2020\/12\/cropped-BE.png","contentUrl":"https:\/\/bahiaeconomica.com.br\/wp\/wp-content\/uploads\/2020\/12\/cropped-BE.png","width":512,"height":512,"caption":"Bahia Econ\u00f4mica"},"image":{"@id":"https:\/\/bahiaeconomica.com.br\/wp\/#\/schema\/logo\/image\/"},"sameAs":["https:\/\/www.facebook.com\/bahiaeconomica"]},{"@type":"Person","@id":"https:\/\/bahiaeconomica.com.br\/wp\/#\/schema\/person\/b719ce0fb1c09f3c7a00d9243ced4a6f","name":"VICTORIA ISABEL","sameAs":["http:\/\/www.bahiaeconomica.com.br"],"url":"https:\/\/bahiaeconomica.com.br\/wp\/author\/victoria-isabel\/"}]}},"views":9,"_links":{"self":[{"href":"https:\/\/bahiaeconomica.com.br\/wp\/wp-json\/wp\/v2\/posts\/805333"}],"collection":[{"href":"https:\/\/bahiaeconomica.com.br\/wp\/wp-json\/wp\/v2\/posts"}],"about":[{"href":"https:\/\/bahiaeconomica.com.br\/wp\/wp-json\/wp\/v2\/types\/post"}],"author":[{"embeddable":true,"href":"https:\/\/bahiaeconomica.com.br\/wp\/wp-json\/wp\/v2\/users\/15"}],"replies":[{"embeddable":true,"href":"https:\/\/bahiaeconomica.com.br\/wp\/wp-json\/wp\/v2\/comments?post=805333"}],"version-history":[{"count":1,"href":"https:\/\/bahiaeconomica.com.br\/wp\/wp-json\/wp\/v2\/posts\/805333\/revisions"}],"predecessor-version":[{"id":805335,"href":"https:\/\/bahiaeconomica.com.br\/wp\/wp-json\/wp\/v2\/posts\/805333\/revisions\/805335"}],"wp:featuredmedia":[{"embeddable":true,"href":"https:\/\/bahiaeconomica.com.br\/wp\/wp-json\/wp\/v2\/media\/805334"}],"wp:attachment":[{"href":"https:\/\/bahiaeconomica.com.br\/wp\/wp-json\/wp\/v2\/media?parent=805333"}],"wp:term":[{"taxonomy":"category","embeddable":true,"href":"https:\/\/bahiaeconomica.com.br\/wp\/wp-json\/wp\/v2\/categories?post=805333"},{"taxonomy":"post_tag","embeddable":true,"href":"https:\/\/bahiaeconomica.com.br\/wp\/wp-json\/wp\/v2\/tags?post=805333"}],"curies":[{"name":"wp","href":"https:\/\/api.w.org\/{rel}","templated":true}]}}