{"id":805223,"date":"2024-03-18T19:45:09","date_gmt":"2024-03-18T22:45:09","guid":{"rendered":"https:\/\/bahiaeconomica.com.br\/wp\/?p=805223"},"modified":"2024-03-18T19:45:09","modified_gmt":"2024-03-18T22:45:09","slug":"fim-do-verao-tera-fortes-chuvas-em-diversas-regioes-do-brasil","status":"publish","type":"post","link":"https:\/\/bahiaeconomica.com.br\/wp\/2024\/03\/18\/fim-do-verao-tera-fortes-chuvas-em-diversas-regioes-do-brasil\/","title":{"rendered":"FIM DO VER\u00c3O TER\u00c1 FORTES CHUVAS EM DIVERSAS REGI\u00d5ES DO BRASIL"},"content":{"rendered":"<p>A \u00faltima semana do ver\u00e3o e os primeiros dias de outono podem apresentar um excesso de chuva, com mais de 100 mil\u00edmetros por dia, especialmente no centro-norte do pa\u00eds, devido \u00e0 combina\u00e7\u00e3o de temperaturas elevadas e alta umidade.<\/p>\n<p>De acordo com o Instituto Nacional de Meteorologia (Inmet), na semana entre os dias 18 e 25 de mar\u00e7o a atua\u00e7\u00e3o da Zona de Converg\u00eancia Intertropical (ZCIT) continuar\u00e1 provocando as instabilidades no extremo norte do Brasil, provocando chuvas intensas.<\/p>\n<p>S\u00e3o previstas pancadas de chuvas, na regi\u00e3o Norte, com valores que podem ultrapassar os 100 mil\u00edmetros, principalmente em \u00e1reas do Amazonas, Par\u00e1, Rond\u00f4nia e Tocantins. As chuvas mais intensas podem vir com rajadas de vento e trovoadas.<\/p>\n<p>No Centro-Oeste, as chuvas dever\u00e3o ser mais regulares durante a semana. Os estados de Mato Grosso e Goi\u00e1s ter\u00e3o os volumes mais significativos de chuvas e poder\u00e3o ficar em torno de 70 mm\/dia. Por outro lado, em Mato Grosso do Sul, a chuva dever\u00e1 ser irregular, com total em m\u00e9dia de 40 mm, em 24h.<\/p>\n<p>A chuva tamb\u00e9m cair\u00e1 com mais intensidade no norte da regi\u00e3o Nordeste. \u00c1reas dos estados do Maranh\u00e3o, Piau\u00ed e Cear\u00e1 dever\u00e3o registrar os maiores acumulados, que poder\u00e3o alcan\u00e7ar os 100 mm\/dia. No entanto, no leste da regi\u00e3o, as chuvas dever\u00e3o ser menos intensas em rela\u00e7\u00e3o \u00e0 semana anterior, com valores em torno de 40 mm.<\/p>\n<p>(Correios)<\/p>\n<p>&nbsp;<\/p>\n<p>Foto: Rovena Rosa\/Ag\u00eancia Brasil<\/p>\n","protected":false},"excerpt":{"rendered":"<p>A \u00faltima semana do ver\u00e3o e os primeiros dias de outono podem apresentar um excesso de chuva, com mais de 100 mil\u00edmetros por dia, especialmente no centro-norte do pa\u00eds, devido \u00e0 combina\u00e7\u00e3o de temperaturas elevadas e alta umidade. De acordo com o Instituto Nacional de Meteorologia (Inmet), na semana entre os dias 18 e 25 [&hellip;]<\/p>\n","protected":false},"author":19,"featured_media":805225,"comment_status":"closed","ping_status":"closed","sticky":false,"template":"","format":"standard","meta":[],"categories":[5],"tags":[52,874,5461,24837],"acf":[],"yoast_head":"<!-- This site is optimized with the Yoast SEO plugin v20.8 - https:\/\/yoast.com\/wordpress\/plugins\/seo\/ -->\n<title>FIM DO VER\u00c3O TER\u00c1 FORTES CHUVAS EM DIVERSAS REGI\u00d5ES DO BRASIL - Bahia Economica<\/title>\n<meta name=\"description\" content=\"O maior portal de Economia da Bahia MUNIC\u00cdPIOS Bahia Economica A \u00faltima semana do ver\u00e3o e os primeiros dias de outono podem apresentar\" \/>\n<meta name=\"robots\" content=\"index, follow, max-snippet:-1, max-image-preview:large, max-video-preview:-1\" \/>\n<link rel=\"canonical\" href=\"https:\/\/bahiaeconomica.com.br\/wp\/2024\/03\/18\/fim-do-verao-tera-fortes-chuvas-em-diversas-regioes-do-brasil\/\" \/>\n<meta property=\"og:locale\" content=\"pt_BR\" \/>\n<meta property=\"og:type\" content=\"article\" \/>\n<meta property=\"og:title\" content=\"FIM DO VER\u00c3O TER\u00c1 FORTES CHUVAS EM DIVERSAS REGI\u00d5ES DO BRASIL - Bahia Economica\" \/>\n<meta property=\"og:description\" content=\"O maior portal de Economia da Bahia MUNIC\u00cdPIOS Bahia Economica A \u00faltima semana do ver\u00e3o e os primeiros dias de outono podem apresentar\" \/>\n<meta property=\"og:url\" content=\"https:\/\/bahiaeconomica.com.br\/wp\/2024\/03\/18\/fim-do-verao-tera-fortes-chuvas-em-diversas-regioes-do-brasil\/\" \/>\n<meta property=\"og:site_name\" content=\"Bahia Economica\" \/>\n<meta property=\"article:publisher\" content=\"https:\/\/www.facebook.com\/bahiaeconomica\" \/>\n<meta property=\"article:published_time\" content=\"2024-03-18T22:45:09+00:00\" \/>\n<meta property=\"og:image\" content=\"https:\/\/bahiaeconomica.com.br\/wp\/wp-content\/uploads\/2024\/03\/chuva.webp\" \/>\n\t<meta property=\"og:image:width\" content=\"1170\" \/>\n\t<meta property=\"og:image:height\" content=\"700\" \/>\n\t<meta property=\"og:image:type\" content=\"image\/webp\" \/>\n<meta name=\"author\" content=\"LIZANDRA MUNIZ\" \/>\n<meta name=\"twitter:card\" content=\"summary_large_image\" \/>\n<meta name=\"twitter:label1\" content=\"Escrito por\" \/>\n\t<meta name=\"twitter:data1\" content=\"LIZANDRA MUNIZ\" \/>\n\t<meta name=\"twitter:label2\" content=\"Est. tempo de leitura\" \/>\n\t<meta name=\"twitter:data2\" content=\"2 minutos\" \/>\n<script type=\"application\/ld+json\" class=\"yoast-schema-graph\">{\"@context\":\"https:\/\/schema.org\",\"@graph\":[{\"@type\":\"Article\",\"@id\":\"https:\/\/bahiaeconomica.com.br\/wp\/2024\/03\/18\/fim-do-verao-tera-fortes-chuvas-em-diversas-regioes-do-brasil\/#article\",\"isPartOf\":{\"@id\":\"https:\/\/bahiaeconomica.com.br\/wp\/2024\/03\/18\/fim-do-verao-tera-fortes-chuvas-em-diversas-regioes-do-brasil\/\"},\"author\":{\"name\":\"LIZANDRA MUNIZ\",\"@id\":\"https:\/\/bahiaeconomica.com.br\/wp\/#\/schema\/person\/0868b18bbfdd29723e44135140f35148\"},\"headline\":\"FIM DO VER\u00c3O TER\u00c1 FORTES CHUVAS EM DIVERSAS REGI\u00d5ES DO BRASIL\",\"datePublished\":\"2024-03-18T22:45:09+00:00\",\"dateModified\":\"2024-03-18T22:45:09+00:00\",\"mainEntityOfPage\":{\"@id\":\"https:\/\/bahiaeconomica.com.br\/wp\/2024\/03\/18\/fim-do-verao-tera-fortes-chuvas-em-diversas-regioes-do-brasil\/\"},\"wordCount\":262,\"publisher\":{\"@id\":\"https:\/\/bahiaeconomica.com.br\/wp\/#organization\"},\"keywords\":[\"Brasil\",\"chuva\",\"Inmet\",\"ZCIT\"],\"articleSection\":[\"MUNIC\u00cdPIOS\"],\"inLanguage\":\"pt-BR\"},{\"@type\":\"WebPage\",\"@id\":\"https:\/\/bahiaeconomica.com.br\/wp\/2024\/03\/18\/fim-do-verao-tera-fortes-chuvas-em-diversas-regioes-do-brasil\/\",\"url\":\"https:\/\/bahiaeconomica.com.br\/wp\/2024\/03\/18\/fim-do-verao-tera-fortes-chuvas-em-diversas-regioes-do-brasil\/\",\"name\":\"FIM DO VER\u00c3O TER\u00c1 FORTES CHUVAS EM DIVERSAS REGI\u00d5ES DO BRASIL - Bahia Economica\",\"isPartOf\":{\"@id\":\"https:\/\/bahiaeconomica.com.br\/wp\/#website\"},\"datePublished\":\"2024-03-18T22:45:09+00:00\",\"dateModified\":\"2024-03-18T22:45:09+00:00\",\"description\":\"O maior portal de Economia da Bahia MUNIC\u00cdPIOS Bahia Economica A \u00faltima semana do ver\u00e3o e os primeiros dias de outono podem apresentar\",\"breadcrumb\":{\"@id\":\"https:\/\/bahiaeconomica.com.br\/wp\/2024\/03\/18\/fim-do-verao-tera-fortes-chuvas-em-diversas-regioes-do-brasil\/#breadcrumb\"},\"inLanguage\":\"pt-BR\",\"potentialAction\":[{\"@type\":\"ReadAction\",\"target\":[\"https:\/\/bahiaeconomica.com.br\/wp\/2024\/03\/18\/fim-do-verao-tera-fortes-chuvas-em-diversas-regioes-do-brasil\/\"]}]},{\"@type\":\"BreadcrumbList\",\"@id\":\"https:\/\/bahiaeconomica.com.br\/wp\/2024\/03\/18\/fim-do-verao-tera-fortes-chuvas-em-diversas-regioes-do-brasil\/#breadcrumb\",\"itemListElement\":[{\"@type\":\"ListItem\",\"position\":1,\"name\":\"In\u00edcio\",\"item\":\"https:\/\/bahiaeconomica.com.br\/wp\/\"},{\"@type\":\"ListItem\",\"position\":2,\"name\":\"FIM DO VER\u00c3O TER\u00c1 FORTES CHUVAS EM DIVERSAS REGI\u00d5ES DO BRASIL\"}]},{\"@type\":\"WebSite\",\"@id\":\"https:\/\/bahiaeconomica.com.br\/wp\/#website\",\"url\":\"https:\/\/bahiaeconomica.com.br\/wp\/\",\"name\":\"Bahia Economica\",\"description\":\"O maior portal de Economia da Bahia\",\"publisher\":{\"@id\":\"https:\/\/bahiaeconomica.com.br\/wp\/#organization\"},\"potentialAction\":[{\"@type\":\"SearchAction\",\"target\":{\"@type\":\"EntryPoint\",\"urlTemplate\":\"https:\/\/bahiaeconomica.com.br\/wp\/?s={search_term_string}\"},\"query-input\":\"required name=search_term_string\"}],\"inLanguage\":\"pt-BR\"},{\"@type\":\"Organization\",\"@id\":\"https:\/\/bahiaeconomica.com.br\/wp\/#organization\",\"name\":\"Bahia Econ\u00f4mica\",\"url\":\"https:\/\/bahiaeconomica.com.br\/wp\/\",\"logo\":{\"@type\":\"ImageObject\",\"inLanguage\":\"pt-BR\",\"@id\":\"https:\/\/bahiaeconomica.com.br\/wp\/#\/schema\/logo\/image\/\",\"url\":\"https:\/\/bahiaeconomica.com.br\/wp\/wp-content\/uploads\/2020\/12\/cropped-BE.png\",\"contentUrl\":\"https:\/\/bahiaeconomica.com.br\/wp\/wp-content\/uploads\/2020\/12\/cropped-BE.png\",\"width\":512,\"height\":512,\"caption\":\"Bahia Econ\u00f4mica\"},\"image\":{\"@id\":\"https:\/\/bahiaeconomica.com.br\/wp\/#\/schema\/logo\/image\/\"},\"sameAs\":[\"https:\/\/www.facebook.com\/bahiaeconomica\"]},{\"@type\":\"Person\",\"@id\":\"https:\/\/bahiaeconomica.com.br\/wp\/#\/schema\/person\/0868b18bbfdd29723e44135140f35148\",\"name\":\"LIZANDRA MUNIZ\",\"sameAs\":[\"http:\/\/www.bahiaeconomica.com.br\"],\"url\":\"https:\/\/bahiaeconomica.com.br\/wp\/author\/lizandra-muniz\/\"}]}<\/script>\n<!-- \/ Yoast SEO plugin. -->","yoast_head_json":{"title":"FIM DO VER\u00c3O TER\u00c1 FORTES CHUVAS EM DIVERSAS REGI\u00d5ES DO BRASIL - Bahia Economica","description":"O maior portal de Economia da Bahia MUNIC\u00cdPIOS Bahia Economica A \u00faltima semana do ver\u00e3o e os primeiros dias de outono podem apresentar","robots":{"index":"index","follow":"follow","max-snippet":"max-snippet:-1","max-image-preview":"max-image-preview:large","max-video-preview":"max-video-preview:-1"},"canonical":"https:\/\/bahiaeconomica.com.br\/wp\/2024\/03\/18\/fim-do-verao-tera-fortes-chuvas-em-diversas-regioes-do-brasil\/","og_locale":"pt_BR","og_type":"article","og_title":"FIM DO VER\u00c3O TER\u00c1 FORTES CHUVAS EM DIVERSAS REGI\u00d5ES DO BRASIL - Bahia Economica","og_description":"O maior portal de Economia da Bahia MUNIC\u00cdPIOS Bahia Economica A \u00faltima semana do ver\u00e3o e os primeiros dias de outono podem apresentar","og_url":"https:\/\/bahiaeconomica.com.br\/wp\/2024\/03\/18\/fim-do-verao-tera-fortes-chuvas-em-diversas-regioes-do-brasil\/","og_site_name":"Bahia Economica","article_publisher":"https:\/\/www.facebook.com\/bahiaeconomica","article_published_time":"2024-03-18T22:45:09+00:00","og_image":[{"width":1170,"height":700,"url":"https:\/\/bahiaeconomica.com.br\/wp\/wp-content\/uploads\/2024\/03\/chuva.webp","type":"image\/webp"}],"author":"LIZANDRA MUNIZ","twitter_card":"summary_large_image","twitter_misc":{"Escrito por":"LIZANDRA MUNIZ","Est. tempo de leitura":"2 minutos"},"schema":{"@context":"https:\/\/schema.org","@graph":[{"@type":"Article","@id":"https:\/\/bahiaeconomica.com.br\/wp\/2024\/03\/18\/fim-do-verao-tera-fortes-chuvas-em-diversas-regioes-do-brasil\/#article","isPartOf":{"@id":"https:\/\/bahiaeconomica.com.br\/wp\/2024\/03\/18\/fim-do-verao-tera-fortes-chuvas-em-diversas-regioes-do-brasil\/"},"author":{"name":"LIZANDRA MUNIZ","@id":"https:\/\/bahiaeconomica.com.br\/wp\/#\/schema\/person\/0868b18bbfdd29723e44135140f35148"},"headline":"FIM DO VER\u00c3O TER\u00c1 FORTES CHUVAS EM DIVERSAS REGI\u00d5ES DO BRASIL","datePublished":"2024-03-18T22:45:09+00:00","dateModified":"2024-03-18T22:45:09+00:00","mainEntityOfPage":{"@id":"https:\/\/bahiaeconomica.com.br\/wp\/2024\/03\/18\/fim-do-verao-tera-fortes-chuvas-em-diversas-regioes-do-brasil\/"},"wordCount":262,"publisher":{"@id":"https:\/\/bahiaeconomica.com.br\/wp\/#organization"},"keywords":["Brasil","chuva","Inmet","ZCIT"],"articleSection":["MUNIC\u00cdPIOS"],"inLanguage":"pt-BR"},{"@type":"WebPage","@id":"https:\/\/bahiaeconomica.com.br\/wp\/2024\/03\/18\/fim-do-verao-tera-fortes-chuvas-em-diversas-regioes-do-brasil\/","url":"https:\/\/bahiaeconomica.com.br\/wp\/2024\/03\/18\/fim-do-verao-tera-fortes-chuvas-em-diversas-regioes-do-brasil\/","name":"FIM DO VER\u00c3O TER\u00c1 FORTES CHUVAS EM DIVERSAS REGI\u00d5ES DO BRASIL - Bahia Economica","isPartOf":{"@id":"https:\/\/bahiaeconomica.com.br\/wp\/#website"},"datePublished":"2024-03-18T22:45:09+00:00","dateModified":"2024-03-18T22:45:09+00:00","description":"O maior portal de Economia da Bahia MUNIC\u00cdPIOS Bahia Economica A \u00faltima semana do ver\u00e3o e os primeiros dias de outono podem apresentar","breadcrumb":{"@id":"https:\/\/bahiaeconomica.com.br\/wp\/2024\/03\/18\/fim-do-verao-tera-fortes-chuvas-em-diversas-regioes-do-brasil\/#breadcrumb"},"inLanguage":"pt-BR","potentialAction":[{"@type":"ReadAction","target":["https:\/\/bahiaeconomica.com.br\/wp\/2024\/03\/18\/fim-do-verao-tera-fortes-chuvas-em-diversas-regioes-do-brasil\/"]}]},{"@type":"BreadcrumbList","@id":"https:\/\/bahiaeconomica.com.br\/wp\/2024\/03\/18\/fim-do-verao-tera-fortes-chuvas-em-diversas-regioes-do-brasil\/#breadcrumb","itemListElement":[{"@type":"ListItem","position":1,"name":"In\u00edcio","item":"https:\/\/bahiaeconomica.com.br\/wp\/"},{"@type":"ListItem","position":2,"name":"FIM DO VER\u00c3O TER\u00c1 FORTES CHUVAS EM DIVERSAS REGI\u00d5ES DO BRASIL"}]},{"@type":"WebSite","@id":"https:\/\/bahiaeconomica.com.br\/wp\/#website","url":"https:\/\/bahiaeconomica.com.br\/wp\/","name":"Bahia Economica","description":"O maior portal de Economia da Bahia","publisher":{"@id":"https:\/\/bahiaeconomica.com.br\/wp\/#organization"},"potentialAction":[{"@type":"SearchAction","target":{"@type":"EntryPoint","urlTemplate":"https:\/\/bahiaeconomica.com.br\/wp\/?s={search_term_string}"},"query-input":"required name=search_term_string"}],"inLanguage":"pt-BR"},{"@type":"Organization","@id":"https:\/\/bahiaeconomica.com.br\/wp\/#organization","name":"Bahia Econ\u00f4mica","url":"https:\/\/bahiaeconomica.com.br\/wp\/","logo":{"@type":"ImageObject","inLanguage":"pt-BR","@id":"https:\/\/bahiaeconomica.com.br\/wp\/#\/schema\/logo\/image\/","url":"https:\/\/bahiaeconomica.com.br\/wp\/wp-content\/uploads\/2020\/12\/cropped-BE.png","contentUrl":"https:\/\/bahiaeconomica.com.br\/wp\/wp-content\/uploads\/2020\/12\/cropped-BE.png","width":512,"height":512,"caption":"Bahia Econ\u00f4mica"},"image":{"@id":"https:\/\/bahiaeconomica.com.br\/wp\/#\/schema\/logo\/image\/"},"sameAs":["https:\/\/www.facebook.com\/bahiaeconomica"]},{"@type":"Person","@id":"https:\/\/bahiaeconomica.com.br\/wp\/#\/schema\/person\/0868b18bbfdd29723e44135140f35148","name":"LIZANDRA MUNIZ","sameAs":["http:\/\/www.bahiaeconomica.com.br"],"url":"https:\/\/bahiaeconomica.com.br\/wp\/author\/lizandra-muniz\/"}]}},"views":11,"_links":{"self":[{"href":"https:\/\/bahiaeconomica.com.br\/wp\/wp-json\/wp\/v2\/posts\/805223"}],"collection":[{"href":"https:\/\/bahiaeconomica.com.br\/wp\/wp-json\/wp\/v2\/posts"}],"about":[{"href":"https:\/\/bahiaeconomica.com.br\/wp\/wp-json\/wp\/v2\/types\/post"}],"author":[{"embeddable":true,"href":"https:\/\/bahiaeconomica.com.br\/wp\/wp-json\/wp\/v2\/users\/19"}],"replies":[{"embeddable":true,"href":"https:\/\/bahiaeconomica.com.br\/wp\/wp-json\/wp\/v2\/comments?post=805223"}],"version-history":[{"count":1,"href":"https:\/\/bahiaeconomica.com.br\/wp\/wp-json\/wp\/v2\/posts\/805223\/revisions"}],"predecessor-version":[{"id":805229,"href":"https:\/\/bahiaeconomica.com.br\/wp\/wp-json\/wp\/v2\/posts\/805223\/revisions\/805229"}],"wp:featuredmedia":[{"embeddable":true,"href":"https:\/\/bahiaeconomica.com.br\/wp\/wp-json\/wp\/v2\/media\/805225"}],"wp:attachment":[{"href":"https:\/\/bahiaeconomica.com.br\/wp\/wp-json\/wp\/v2\/media?parent=805223"}],"wp:term":[{"taxonomy":"category","embeddable":true,"href":"https:\/\/bahiaeconomica.com.br\/wp\/wp-json\/wp\/v2\/categories?post=805223"},{"taxonomy":"post_tag","embeddable":true,"href":"https:\/\/bahiaeconomica.com.br\/wp\/wp-json\/wp\/v2\/tags?post=805223"}],"curies":[{"name":"wp","href":"https:\/\/api.w.org\/{rel}","templated":true}]}}