{"id":804527,"date":"2024-03-14T19:47:31","date_gmt":"2024-03-14T22:47:31","guid":{"rendered":"https:\/\/bahiaeconomica.com.br\/wp\/?p=804527"},"modified":"2024-03-14T19:45:14","modified_gmt":"2024-03-14T22:45:14","slug":"codecon-realiza-operacao-semana-santa-para-fiscalizar-precos","status":"publish","type":"post","link":"https:\/\/bahiaeconomica.com.br\/wp\/2024\/03\/14\/codecon-realiza-operacao-semana-santa-para-fiscalizar-precos\/","title":{"rendered":"CODECON REALIZA OPERA\u00c7\u00c3O SEMANA SANTA PARA FISCALIZAR PRE\u00c7OS"},"content":{"rendered":"<p>Na \u00faltima quarta-feira (13), a Diretoria de A\u00e7\u00f5es de Prote\u00e7\u00e3o e Defesa do Consumidor (Codecon) deu in\u00edcio \u00e0 Opera\u00e7\u00e3o Semana Santa, visando auxiliar os consumidores na pesquisa de pre\u00e7os e combater pr\u00e1ticas abusivas durante o per\u00edodo que antecede a P\u00e1scoa.<\/p>\n<p>Os agentes de fiscaliza\u00e7\u00e3o da Codecon est\u00e3o monitorando o cumprimento das normas do C\u00f3digo de Defesa do Consumidor (CDC) em diversos bairros de Salvador. Entre os aspectos observados est\u00e3o o armazenamento adequado dos alimentos, a higiene dos locais, a exposi\u00e7\u00e3o clara de pre\u00e7os, o cumprimento das ofertas anunciadas e a presen\u00e7a do selo do Inmetro em chocolates com brindes infantis. Al\u00e9m disso, est\u00e1 sendo realizada uma pesquisa de pre\u00e7os que abrange itens como peixe, camar\u00e3o seco, leite de coco, quiabo e azeite de dend\u00ea.<\/p>\n<p>Essa opera\u00e7\u00e3o, que \u00e9 realizada anualmente, continuar\u00e1 em vigor at\u00e9 o dia 27 deste m\u00eas, um dia antes da sexta-feira santa. Os resultados da pesquisa de pre\u00e7os ser\u00e3o divulgados no dia 25 de mar\u00e7o.<\/p>\n<p><strong>Foto: Bruno Concha\/Secom PMS<\/strong><\/p>\n","protected":false},"excerpt":{"rendered":"<p>Na \u00faltima quarta-feira (13), a Diretoria de A\u00e7\u00f5es de Prote\u00e7\u00e3o e Defesa do Consumidor (Codecon) deu in\u00edcio \u00e0 Opera\u00e7\u00e3o Semana Santa, visando auxiliar os consumidores na pesquisa de pre\u00e7os e combater pr\u00e1ticas abusivas durante o per\u00edodo que antecede a P\u00e1scoa. Os agentes de fiscaliza\u00e7\u00e3o da Codecon est\u00e3o monitorando o cumprimento das normas do C\u00f3digo de [&hellip;]<\/p>\n","protected":false},"author":18,"featured_media":804530,"comment_status":"closed","ping_status":"closed","sticky":false,"template":"","format":"standard","meta":[],"categories":[5],"tags":[],"acf":[],"yoast_head":"<!-- This site is optimized with the Yoast SEO plugin v20.8 - https:\/\/yoast.com\/wordpress\/plugins\/seo\/ -->\n<title>CODECON REALIZA OPERA\u00c7\u00c3O SEMANA SANTA PARA FISCALIZAR PRE\u00c7OS - Bahia Economica<\/title>\n<meta name=\"description\" content=\"O maior portal de Economia da Bahia MUNIC\u00cdPIOS Bahia Economica Na \u00faltima quarta-feira (13), a Diretoria de A\u00e7\u00f5es de Prote\u00e7\u00e3o e Defesa\" \/>\n<meta name=\"robots\" content=\"index, follow, max-snippet:-1, max-image-preview:large, max-video-preview:-1\" \/>\n<link rel=\"canonical\" href=\"https:\/\/bahiaeconomica.com.br\/wp\/2024\/03\/14\/codecon-realiza-operacao-semana-santa-para-fiscalizar-precos\/\" \/>\n<meta property=\"og:locale\" content=\"pt_BR\" \/>\n<meta property=\"og:type\" content=\"article\" \/>\n<meta property=\"og:title\" content=\"CODECON REALIZA OPERA\u00c7\u00c3O SEMANA SANTA PARA FISCALIZAR PRE\u00c7OS - Bahia Economica\" \/>\n<meta property=\"og:description\" content=\"O maior portal de Economia da Bahia MUNIC\u00cdPIOS Bahia Economica Na \u00faltima quarta-feira (13), a Diretoria de A\u00e7\u00f5es de Prote\u00e7\u00e3o e Defesa\" \/>\n<meta property=\"og:url\" content=\"https:\/\/bahiaeconomica.com.br\/wp\/2024\/03\/14\/codecon-realiza-operacao-semana-santa-para-fiscalizar-precos\/\" \/>\n<meta property=\"og:site_name\" content=\"Bahia Economica\" \/>\n<meta property=\"article:publisher\" content=\"https:\/\/www.facebook.com\/bahiaeconomica\" \/>\n<meta property=\"article:published_time\" content=\"2024-03-14T22:47:31+00:00\" \/>\n<meta property=\"article:modified_time\" content=\"2024-03-14T22:45:14+00:00\" \/>\n<meta property=\"og:image\" content=\"https:\/\/bahiaeconomica.com.br\/wp\/wp-content\/uploads\/2024\/03\/operacao-fiscalizacao-precos-semana-santa_codecon_fot-bruno-concha_secom_pms-8_widelg-1.jpg\" \/>\n\t<meta property=\"og:image:width\" content=\"800\" \/>\n\t<meta property=\"og:image:height\" content=\"450\" \/>\n\t<meta property=\"og:image:type\" content=\"image\/jpeg\" \/>\n<meta name=\"author\" content=\"Emily Oliveira\" \/>\n<meta name=\"twitter:card\" content=\"summary_large_image\" \/>\n<meta name=\"twitter:label1\" content=\"Escrito por\" \/>\n\t<meta name=\"twitter:data1\" content=\"Emily Oliveira\" \/>\n\t<meta name=\"twitter:label2\" content=\"Est. tempo de leitura\" \/>\n\t<meta name=\"twitter:data2\" content=\"1 minuto\" \/>\n<script type=\"application\/ld+json\" class=\"yoast-schema-graph\">{\"@context\":\"https:\/\/schema.org\",\"@graph\":[{\"@type\":\"Article\",\"@id\":\"https:\/\/bahiaeconomica.com.br\/wp\/2024\/03\/14\/codecon-realiza-operacao-semana-santa-para-fiscalizar-precos\/#article\",\"isPartOf\":{\"@id\":\"https:\/\/bahiaeconomica.com.br\/wp\/2024\/03\/14\/codecon-realiza-operacao-semana-santa-para-fiscalizar-precos\/\"},\"author\":{\"name\":\"Emily Oliveira\",\"@id\":\"https:\/\/bahiaeconomica.com.br\/wp\/#\/schema\/person\/547396bb3b39ebb828ab5807d982c42f\"},\"headline\":\"CODECON REALIZA OPERA\u00c7\u00c3O SEMANA SANTA PARA FISCALIZAR PRE\u00c7OS\",\"datePublished\":\"2024-03-14T22:47:31+00:00\",\"dateModified\":\"2024-03-14T22:45:14+00:00\",\"mainEntityOfPage\":{\"@id\":\"https:\/\/bahiaeconomica.com.br\/wp\/2024\/03\/14\/codecon-realiza-operacao-semana-santa-para-fiscalizar-precos\/\"},\"wordCount\":191,\"publisher\":{\"@id\":\"https:\/\/bahiaeconomica.com.br\/wp\/#organization\"},\"articleSection\":[\"MUNIC\u00cdPIOS\"],\"inLanguage\":\"pt-BR\"},{\"@type\":\"WebPage\",\"@id\":\"https:\/\/bahiaeconomica.com.br\/wp\/2024\/03\/14\/codecon-realiza-operacao-semana-santa-para-fiscalizar-precos\/\",\"url\":\"https:\/\/bahiaeconomica.com.br\/wp\/2024\/03\/14\/codecon-realiza-operacao-semana-santa-para-fiscalizar-precos\/\",\"name\":\"CODECON REALIZA OPERA\u00c7\u00c3O SEMANA SANTA PARA FISCALIZAR PRE\u00c7OS - Bahia Economica\",\"isPartOf\":{\"@id\":\"https:\/\/bahiaeconomica.com.br\/wp\/#website\"},\"datePublished\":\"2024-03-14T22:47:31+00:00\",\"dateModified\":\"2024-03-14T22:45:14+00:00\",\"description\":\"O maior portal de Economia da Bahia MUNIC\u00cdPIOS Bahia Economica Na \u00faltima quarta-feira (13), a Diretoria de A\u00e7\u00f5es de Prote\u00e7\u00e3o e Defesa\",\"breadcrumb\":{\"@id\":\"https:\/\/bahiaeconomica.com.br\/wp\/2024\/03\/14\/codecon-realiza-operacao-semana-santa-para-fiscalizar-precos\/#breadcrumb\"},\"inLanguage\":\"pt-BR\",\"potentialAction\":[{\"@type\":\"ReadAction\",\"target\":[\"https:\/\/bahiaeconomica.com.br\/wp\/2024\/03\/14\/codecon-realiza-operacao-semana-santa-para-fiscalizar-precos\/\"]}]},{\"@type\":\"BreadcrumbList\",\"@id\":\"https:\/\/bahiaeconomica.com.br\/wp\/2024\/03\/14\/codecon-realiza-operacao-semana-santa-para-fiscalizar-precos\/#breadcrumb\",\"itemListElement\":[{\"@type\":\"ListItem\",\"position\":1,\"name\":\"In\u00edcio\",\"item\":\"https:\/\/bahiaeconomica.com.br\/wp\/\"},{\"@type\":\"ListItem\",\"position\":2,\"name\":\"CODECON REALIZA OPERA\u00c7\u00c3O SEMANA SANTA PARA FISCALIZAR PRE\u00c7OS\"}]},{\"@type\":\"WebSite\",\"@id\":\"https:\/\/bahiaeconomica.com.br\/wp\/#website\",\"url\":\"https:\/\/bahiaeconomica.com.br\/wp\/\",\"name\":\"Bahia Economica\",\"description\":\"O maior portal de Economia da Bahia\",\"publisher\":{\"@id\":\"https:\/\/bahiaeconomica.com.br\/wp\/#organization\"},\"potentialAction\":[{\"@type\":\"SearchAction\",\"target\":{\"@type\":\"EntryPoint\",\"urlTemplate\":\"https:\/\/bahiaeconomica.com.br\/wp\/?s={search_term_string}\"},\"query-input\":\"required name=search_term_string\"}],\"inLanguage\":\"pt-BR\"},{\"@type\":\"Organization\",\"@id\":\"https:\/\/bahiaeconomica.com.br\/wp\/#organization\",\"name\":\"Bahia Econ\u00f4mica\",\"url\":\"https:\/\/bahiaeconomica.com.br\/wp\/\",\"logo\":{\"@type\":\"ImageObject\",\"inLanguage\":\"pt-BR\",\"@id\":\"https:\/\/bahiaeconomica.com.br\/wp\/#\/schema\/logo\/image\/\",\"url\":\"https:\/\/bahiaeconomica.com.br\/wp\/wp-content\/uploads\/2020\/12\/cropped-BE.png\",\"contentUrl\":\"https:\/\/bahiaeconomica.com.br\/wp\/wp-content\/uploads\/2020\/12\/cropped-BE.png\",\"width\":512,\"height\":512,\"caption\":\"Bahia Econ\u00f4mica\"},\"image\":{\"@id\":\"https:\/\/bahiaeconomica.com.br\/wp\/#\/schema\/logo\/image\/\"},\"sameAs\":[\"https:\/\/www.facebook.com\/bahiaeconomica\"]},{\"@type\":\"Person\",\"@id\":\"https:\/\/bahiaeconomica.com.br\/wp\/#\/schema\/person\/547396bb3b39ebb828ab5807d982c42f\",\"name\":\"Emily Oliveira\",\"sameAs\":[\"https:\/\/bahiaeconomica.com.br\/wp\/\"],\"url\":\"https:\/\/bahiaeconomica.com.br\/wp\/author\/emily-oliveira\/\"}]}<\/script>\n<!-- \/ Yoast SEO plugin. -->","yoast_head_json":{"title":"CODECON REALIZA OPERA\u00c7\u00c3O SEMANA SANTA PARA FISCALIZAR PRE\u00c7OS - Bahia Economica","description":"O maior portal de Economia da Bahia MUNIC\u00cdPIOS Bahia Economica Na \u00faltima quarta-feira (13), a Diretoria de A\u00e7\u00f5es de Prote\u00e7\u00e3o e Defesa","robots":{"index":"index","follow":"follow","max-snippet":"max-snippet:-1","max-image-preview":"max-image-preview:large","max-video-preview":"max-video-preview:-1"},"canonical":"https:\/\/bahiaeconomica.com.br\/wp\/2024\/03\/14\/codecon-realiza-operacao-semana-santa-para-fiscalizar-precos\/","og_locale":"pt_BR","og_type":"article","og_title":"CODECON REALIZA OPERA\u00c7\u00c3O SEMANA SANTA PARA FISCALIZAR PRE\u00c7OS - Bahia Economica","og_description":"O maior portal de Economia da Bahia MUNIC\u00cdPIOS Bahia Economica Na \u00faltima quarta-feira (13), a Diretoria de A\u00e7\u00f5es de Prote\u00e7\u00e3o e Defesa","og_url":"https:\/\/bahiaeconomica.com.br\/wp\/2024\/03\/14\/codecon-realiza-operacao-semana-santa-para-fiscalizar-precos\/","og_site_name":"Bahia Economica","article_publisher":"https:\/\/www.facebook.com\/bahiaeconomica","article_published_time":"2024-03-14T22:47:31+00:00","article_modified_time":"2024-03-14T22:45:14+00:00","og_image":[{"width":800,"height":450,"url":"https:\/\/bahiaeconomica.com.br\/wp\/wp-content\/uploads\/2024\/03\/operacao-fiscalizacao-precos-semana-santa_codecon_fot-bruno-concha_secom_pms-8_widelg-1.jpg","type":"image\/jpeg"}],"author":"Emily Oliveira","twitter_card":"summary_large_image","twitter_misc":{"Escrito por":"Emily Oliveira","Est. tempo de leitura":"1 minuto"},"schema":{"@context":"https:\/\/schema.org","@graph":[{"@type":"Article","@id":"https:\/\/bahiaeconomica.com.br\/wp\/2024\/03\/14\/codecon-realiza-operacao-semana-santa-para-fiscalizar-precos\/#article","isPartOf":{"@id":"https:\/\/bahiaeconomica.com.br\/wp\/2024\/03\/14\/codecon-realiza-operacao-semana-santa-para-fiscalizar-precos\/"},"author":{"name":"Emily Oliveira","@id":"https:\/\/bahiaeconomica.com.br\/wp\/#\/schema\/person\/547396bb3b39ebb828ab5807d982c42f"},"headline":"CODECON REALIZA OPERA\u00c7\u00c3O SEMANA SANTA PARA FISCALIZAR PRE\u00c7OS","datePublished":"2024-03-14T22:47:31+00:00","dateModified":"2024-03-14T22:45:14+00:00","mainEntityOfPage":{"@id":"https:\/\/bahiaeconomica.com.br\/wp\/2024\/03\/14\/codecon-realiza-operacao-semana-santa-para-fiscalizar-precos\/"},"wordCount":191,"publisher":{"@id":"https:\/\/bahiaeconomica.com.br\/wp\/#organization"},"articleSection":["MUNIC\u00cdPIOS"],"inLanguage":"pt-BR"},{"@type":"WebPage","@id":"https:\/\/bahiaeconomica.com.br\/wp\/2024\/03\/14\/codecon-realiza-operacao-semana-santa-para-fiscalizar-precos\/","url":"https:\/\/bahiaeconomica.com.br\/wp\/2024\/03\/14\/codecon-realiza-operacao-semana-santa-para-fiscalizar-precos\/","name":"CODECON REALIZA OPERA\u00c7\u00c3O SEMANA SANTA PARA FISCALIZAR PRE\u00c7OS - Bahia Economica","isPartOf":{"@id":"https:\/\/bahiaeconomica.com.br\/wp\/#website"},"datePublished":"2024-03-14T22:47:31+00:00","dateModified":"2024-03-14T22:45:14+00:00","description":"O maior portal de Economia da Bahia MUNIC\u00cdPIOS Bahia Economica Na \u00faltima quarta-feira (13), a Diretoria de A\u00e7\u00f5es de Prote\u00e7\u00e3o e Defesa","breadcrumb":{"@id":"https:\/\/bahiaeconomica.com.br\/wp\/2024\/03\/14\/codecon-realiza-operacao-semana-santa-para-fiscalizar-precos\/#breadcrumb"},"inLanguage":"pt-BR","potentialAction":[{"@type":"ReadAction","target":["https:\/\/bahiaeconomica.com.br\/wp\/2024\/03\/14\/codecon-realiza-operacao-semana-santa-para-fiscalizar-precos\/"]}]},{"@type":"BreadcrumbList","@id":"https:\/\/bahiaeconomica.com.br\/wp\/2024\/03\/14\/codecon-realiza-operacao-semana-santa-para-fiscalizar-precos\/#breadcrumb","itemListElement":[{"@type":"ListItem","position":1,"name":"In\u00edcio","item":"https:\/\/bahiaeconomica.com.br\/wp\/"},{"@type":"ListItem","position":2,"name":"CODECON REALIZA OPERA\u00c7\u00c3O SEMANA SANTA PARA FISCALIZAR PRE\u00c7OS"}]},{"@type":"WebSite","@id":"https:\/\/bahiaeconomica.com.br\/wp\/#website","url":"https:\/\/bahiaeconomica.com.br\/wp\/","name":"Bahia Economica","description":"O maior portal de Economia da Bahia","publisher":{"@id":"https:\/\/bahiaeconomica.com.br\/wp\/#organization"},"potentialAction":[{"@type":"SearchAction","target":{"@type":"EntryPoint","urlTemplate":"https:\/\/bahiaeconomica.com.br\/wp\/?s={search_term_string}"},"query-input":"required name=search_term_string"}],"inLanguage":"pt-BR"},{"@type":"Organization","@id":"https:\/\/bahiaeconomica.com.br\/wp\/#organization","name":"Bahia Econ\u00f4mica","url":"https:\/\/bahiaeconomica.com.br\/wp\/","logo":{"@type":"ImageObject","inLanguage":"pt-BR","@id":"https:\/\/bahiaeconomica.com.br\/wp\/#\/schema\/logo\/image\/","url":"https:\/\/bahiaeconomica.com.br\/wp\/wp-content\/uploads\/2020\/12\/cropped-BE.png","contentUrl":"https:\/\/bahiaeconomica.com.br\/wp\/wp-content\/uploads\/2020\/12\/cropped-BE.png","width":512,"height":512,"caption":"Bahia Econ\u00f4mica"},"image":{"@id":"https:\/\/bahiaeconomica.com.br\/wp\/#\/schema\/logo\/image\/"},"sameAs":["https:\/\/www.facebook.com\/bahiaeconomica"]},{"@type":"Person","@id":"https:\/\/bahiaeconomica.com.br\/wp\/#\/schema\/person\/547396bb3b39ebb828ab5807d982c42f","name":"Emily Oliveira","sameAs":["https:\/\/bahiaeconomica.com.br\/wp\/"],"url":"https:\/\/bahiaeconomica.com.br\/wp\/author\/emily-oliveira\/"}]}},"views":5,"_links":{"self":[{"href":"https:\/\/bahiaeconomica.com.br\/wp\/wp-json\/wp\/v2\/posts\/804527"}],"collection":[{"href":"https:\/\/bahiaeconomica.com.br\/wp\/wp-json\/wp\/v2\/posts"}],"about":[{"href":"https:\/\/bahiaeconomica.com.br\/wp\/wp-json\/wp\/v2\/types\/post"}],"author":[{"embeddable":true,"href":"https:\/\/bahiaeconomica.com.br\/wp\/wp-json\/wp\/v2\/users\/18"}],"replies":[{"embeddable":true,"href":"https:\/\/bahiaeconomica.com.br\/wp\/wp-json\/wp\/v2\/comments?post=804527"}],"version-history":[{"count":1,"href":"https:\/\/bahiaeconomica.com.br\/wp\/wp-json\/wp\/v2\/posts\/804527\/revisions"}],"predecessor-version":[{"id":804531,"href":"https:\/\/bahiaeconomica.com.br\/wp\/wp-json\/wp\/v2\/posts\/804527\/revisions\/804531"}],"wp:featuredmedia":[{"embeddable":true,"href":"https:\/\/bahiaeconomica.com.br\/wp\/wp-json\/wp\/v2\/media\/804530"}],"wp:attachment":[{"href":"https:\/\/bahiaeconomica.com.br\/wp\/wp-json\/wp\/v2\/media?parent=804527"}],"wp:term":[{"taxonomy":"category","embeddable":true,"href":"https:\/\/bahiaeconomica.com.br\/wp\/wp-json\/wp\/v2\/categories?post=804527"},{"taxonomy":"post_tag","embeddable":true,"href":"https:\/\/bahiaeconomica.com.br\/wp\/wp-json\/wp\/v2\/tags?post=804527"}],"curies":[{"name":"wp","href":"https:\/\/api.w.org\/{rel}","templated":true}]}}