{"id":804519,"date":"2024-03-14T19:53:07","date_gmt":"2024-03-14T22:53:07","guid":{"rendered":"https:\/\/bahiaeconomica.com.br\/wp\/?p=804519"},"modified":"2024-03-14T19:44:05","modified_gmt":"2024-03-14T22:44:05","slug":"agro-nacional-soma-283-milhoes-de-trabalhadores-e-equivale-a-268-do-total-de-ocupacoes-no-brasil-diz-cna-usp","status":"publish","type":"post","link":"https:\/\/bahiaeconomica.com.br\/wp\/2024\/03\/14\/agro-nacional-soma-283-milhoes-de-trabalhadores-e-equivale-a-268-do-total-de-ocupacoes-no-brasil-diz-cna-usp\/","title":{"rendered":"AGRO NACIONAL SOMA 28,3 MILH\u00d5ES DE TRABALHADORES E EQUIVALE A 26,8% DO TOTAL DE OCUPA\u00c7\u00d5ES NO BRASIL, DIZ CNA\/USP"},"content":{"rendered":"<p>Em 2023, o n\u00famero de trabalhadores do agroneg\u00f3cio nacional atingiu 28,34 milh\u00f5es. O n\u00famero corresponde a 26,8% do total de ocupa\u00e7\u00f5es no Brasil no ano passado. Esse \u00e9 um recorde registrado se considerada a s\u00e9rie hist\u00f3ria de levantamentos no setor, desde seu in\u00edcio, em 2012.<\/p>\n<p>O estudo \u00e9 realizado pela Confedera\u00e7\u00e3o da Agricultura e Pecu\u00e1ria do Brasil (CNA) em colabora\u00e7\u00e3o com o Centro de Estudos Avan\u00e7ados em Economia Aplicada (Cepea) da Esalq, o campus da Universidade de S\u00e3o Paulo (USP) situado em Piracicaba (SP).<\/p>\n<p>A popula\u00e7\u00e3o ocupada no agroneg\u00f3cio aumentou 1,2%. Em n\u00famero absolutos, 341 mil pessoas de 2022 para 2023. De acordo com os pesquisadores do Cepea\/CNA, o crescimento foi movido, principalmente, pelos aumentos dos contingentes empregados nos agrosservi\u00e7os, com acrescento de 772 mil empregados. A alta representa a 8,4% na quantia de pessoas ocupadas.<\/p>\n<p>No ramo de insumos, a eleva\u00e7\u00e3o foi de 5,1%, equivalente a 14,54 mil pessoas.<\/p>\n<p>\u201cO avan\u00e7o em ambos os segmentos, por sua vez, \u00e9 reflexo do excepcional desempenho da produ\u00e7\u00e3o dentro da porteira, o que estimula os segmentos a montante e a jusante no agroneg\u00f3cio\u201d, explica o Cepea.<\/p>\n<p>(G1)<\/p>\n<p>&nbsp;<\/p>\n<p>Foto: Divulga\u00e7\u00e3o<\/p>\n","protected":false},"excerpt":{"rendered":"<p>Em 2023, o n\u00famero de trabalhadores do agroneg\u00f3cio nacional atingiu 28,34 milh\u00f5es. O n\u00famero corresponde a 26,8% do total de ocupa\u00e7\u00f5es no Brasil no ano passado. Esse \u00e9 um recorde registrado se considerada a s\u00e9rie hist\u00f3ria de levantamentos no setor, desde seu in\u00edcio, em 2012. O estudo \u00e9 realizado pela Confedera\u00e7\u00e3o da Agricultura e Pecu\u00e1ria [&hellip;]<\/p>\n","protected":false},"author":19,"featured_media":749438,"comment_status":"closed","ping_status":"closed","sticky":false,"template":"","format":"standard","meta":[],"categories":[3],"tags":[52,23424,15312,213,7223],"acf":[],"yoast_head":"<!-- This site is optimized with the Yoast SEO plugin v20.8 - https:\/\/yoast.com\/wordpress\/plugins\/seo\/ -->\n<title>AGRO NACIONAL SOMA 28,3 MILH\u00d5ES DE TRABALHADORES E EQUIVALE A 26,8% DO TOTAL DE OCUPA\u00c7\u00d5ES NO BRASIL, DIZ CNA\/USP - Bahia Economica<\/title>\n<meta name=\"description\" content=\"O maior portal de Economia da Bahia ECONOMIA \/ POL\u00cdTICA Bahia Economica Em 2023, o n\u00famero de trabalhadores do agroneg\u00f3cio\" \/>\n<meta name=\"robots\" content=\"index, follow, max-snippet:-1, max-image-preview:large, max-video-preview:-1\" \/>\n<link rel=\"canonical\" href=\"https:\/\/bahiaeconomica.com.br\/wp\/2024\/03\/14\/agro-nacional-soma-283-milhoes-de-trabalhadores-e-equivale-a-268-do-total-de-ocupacoes-no-brasil-diz-cna-usp\/\" \/>\n<meta property=\"og:locale\" content=\"pt_BR\" \/>\n<meta property=\"og:type\" content=\"article\" \/>\n<meta property=\"og:title\" content=\"AGRO NACIONAL SOMA 28,3 MILH\u00d5ES DE TRABALHADORES E EQUIVALE A 26,8% DO TOTAL DE OCUPA\u00c7\u00d5ES NO BRASIL, DIZ CNA\/USP - Bahia Economica\" \/>\n<meta property=\"og:description\" content=\"O maior portal de Economia da Bahia ECONOMIA \/ POL\u00cdTICA Bahia Economica Em 2023, o n\u00famero de trabalhadores do agroneg\u00f3cio\" \/>\n<meta property=\"og:url\" content=\"https:\/\/bahiaeconomica.com.br\/wp\/2024\/03\/14\/agro-nacional-soma-283-milhoes-de-trabalhadores-e-equivale-a-268-do-total-de-ocupacoes-no-brasil-diz-cna-usp\/\" \/>\n<meta property=\"og:site_name\" content=\"Bahia Economica\" \/>\n<meta property=\"article:publisher\" content=\"https:\/\/www.facebook.com\/bahiaeconomica\" \/>\n<meta property=\"article:published_time\" content=\"2024-03-14T22:53:07+00:00\" \/>\n<meta property=\"article:modified_time\" content=\"2024-03-14T22:44:05+00:00\" \/>\n<meta property=\"og:image\" content=\"https:\/\/bahiaeconomica.com.br\/wp\/wp-content\/uploads\/2023\/07\/agricultor-agronomo-senior-trabalhador-no-campo-de-soja-verificando-as-colheitas-antes-da-colheita-scaled.jpg\" \/>\n\t<meta property=\"og:image:width\" content=\"2560\" \/>\n\t<meta property=\"og:image:height\" content=\"1707\" \/>\n\t<meta property=\"og:image:type\" content=\"image\/jpeg\" \/>\n<meta name=\"author\" content=\"LIZANDRA MUNIZ\" \/>\n<meta name=\"twitter:card\" content=\"summary_large_image\" \/>\n<meta name=\"twitter:label1\" content=\"Escrito por\" \/>\n\t<meta name=\"twitter:data1\" content=\"LIZANDRA MUNIZ\" \/>\n\t<meta name=\"twitter:label2\" content=\"Est. tempo de leitura\" \/>\n\t<meta name=\"twitter:data2\" content=\"2 minutos\" \/>\n<script type=\"application\/ld+json\" class=\"yoast-schema-graph\">{\"@context\":\"https:\/\/schema.org\",\"@graph\":[{\"@type\":\"Article\",\"@id\":\"https:\/\/bahiaeconomica.com.br\/wp\/2024\/03\/14\/agro-nacional-soma-283-milhoes-de-trabalhadores-e-equivale-a-268-do-total-de-ocupacoes-no-brasil-diz-cna-usp\/#article\",\"isPartOf\":{\"@id\":\"https:\/\/bahiaeconomica.com.br\/wp\/2024\/03\/14\/agro-nacional-soma-283-milhoes-de-trabalhadores-e-equivale-a-268-do-total-de-ocupacoes-no-brasil-diz-cna-usp\/\"},\"author\":{\"name\":\"LIZANDRA MUNIZ\",\"@id\":\"https:\/\/bahiaeconomica.com.br\/wp\/#\/schema\/person\/0868b18bbfdd29723e44135140f35148\"},\"headline\":\"AGRO NACIONAL SOMA 28,3 MILH\u00d5ES DE TRABALHADORES E EQUIVALE A 26,8% DO TOTAL DE OCUPA\u00c7\u00d5ES NO BRASIL, DIZ CNA\/USP\",\"datePublished\":\"2024-03-14T22:53:07+00:00\",\"dateModified\":\"2024-03-14T22:44:05+00:00\",\"mainEntityOfPage\":{\"@id\":\"https:\/\/bahiaeconomica.com.br\/wp\/2024\/03\/14\/agro-nacional-soma-283-milhoes-de-trabalhadores-e-equivale-a-268-do-total-de-ocupacoes-no-brasil-diz-cna-usp\/\"},\"wordCount\":216,\"publisher\":{\"@id\":\"https:\/\/bahiaeconomica.com.br\/wp\/#organization\"},\"keywords\":[\"Brasil\",\"Cepea\",\"cna\",\"Economia\",\"usp\"],\"articleSection\":[\"ECONOMIA \/ POL\u00cdTICA\"],\"inLanguage\":\"pt-BR\"},{\"@type\":\"WebPage\",\"@id\":\"https:\/\/bahiaeconomica.com.br\/wp\/2024\/03\/14\/agro-nacional-soma-283-milhoes-de-trabalhadores-e-equivale-a-268-do-total-de-ocupacoes-no-brasil-diz-cna-usp\/\",\"url\":\"https:\/\/bahiaeconomica.com.br\/wp\/2024\/03\/14\/agro-nacional-soma-283-milhoes-de-trabalhadores-e-equivale-a-268-do-total-de-ocupacoes-no-brasil-diz-cna-usp\/\",\"name\":\"AGRO NACIONAL SOMA 28,3 MILH\u00d5ES DE TRABALHADORES E EQUIVALE A 26,8% DO TOTAL DE OCUPA\u00c7\u00d5ES NO BRASIL, DIZ CNA\/USP - Bahia Economica\",\"isPartOf\":{\"@id\":\"https:\/\/bahiaeconomica.com.br\/wp\/#website\"},\"datePublished\":\"2024-03-14T22:53:07+00:00\",\"dateModified\":\"2024-03-14T22:44:05+00:00\",\"description\":\"O maior portal de Economia da Bahia ECONOMIA \/ POL\u00cdTICA Bahia Economica Em 2023, o n\u00famero de trabalhadores do agroneg\u00f3cio\",\"breadcrumb\":{\"@id\":\"https:\/\/bahiaeconomica.com.br\/wp\/2024\/03\/14\/agro-nacional-soma-283-milhoes-de-trabalhadores-e-equivale-a-268-do-total-de-ocupacoes-no-brasil-diz-cna-usp\/#breadcrumb\"},\"inLanguage\":\"pt-BR\",\"potentialAction\":[{\"@type\":\"ReadAction\",\"target\":[\"https:\/\/bahiaeconomica.com.br\/wp\/2024\/03\/14\/agro-nacional-soma-283-milhoes-de-trabalhadores-e-equivale-a-268-do-total-de-ocupacoes-no-brasil-diz-cna-usp\/\"]}]},{\"@type\":\"BreadcrumbList\",\"@id\":\"https:\/\/bahiaeconomica.com.br\/wp\/2024\/03\/14\/agro-nacional-soma-283-milhoes-de-trabalhadores-e-equivale-a-268-do-total-de-ocupacoes-no-brasil-diz-cna-usp\/#breadcrumb\",\"itemListElement\":[{\"@type\":\"ListItem\",\"position\":1,\"name\":\"In\u00edcio\",\"item\":\"https:\/\/bahiaeconomica.com.br\/wp\/\"},{\"@type\":\"ListItem\",\"position\":2,\"name\":\"AGRO NACIONAL SOMA 28,3 MILH\u00d5ES DE TRABALHADORES E EQUIVALE A 26,8% DO TOTAL DE OCUPA\u00c7\u00d5ES NO BRASIL, DIZ CNA\/USP\"}]},{\"@type\":\"WebSite\",\"@id\":\"https:\/\/bahiaeconomica.com.br\/wp\/#website\",\"url\":\"https:\/\/bahiaeconomica.com.br\/wp\/\",\"name\":\"Bahia Economica\",\"description\":\"O maior portal de Economia da Bahia\",\"publisher\":{\"@id\":\"https:\/\/bahiaeconomica.com.br\/wp\/#organization\"},\"potentialAction\":[{\"@type\":\"SearchAction\",\"target\":{\"@type\":\"EntryPoint\",\"urlTemplate\":\"https:\/\/bahiaeconomica.com.br\/wp\/?s={search_term_string}\"},\"query-input\":\"required name=search_term_string\"}],\"inLanguage\":\"pt-BR\"},{\"@type\":\"Organization\",\"@id\":\"https:\/\/bahiaeconomica.com.br\/wp\/#organization\",\"name\":\"Bahia Econ\u00f4mica\",\"url\":\"https:\/\/bahiaeconomica.com.br\/wp\/\",\"logo\":{\"@type\":\"ImageObject\",\"inLanguage\":\"pt-BR\",\"@id\":\"https:\/\/bahiaeconomica.com.br\/wp\/#\/schema\/logo\/image\/\",\"url\":\"https:\/\/bahiaeconomica.com.br\/wp\/wp-content\/uploads\/2020\/12\/cropped-BE.png\",\"contentUrl\":\"https:\/\/bahiaeconomica.com.br\/wp\/wp-content\/uploads\/2020\/12\/cropped-BE.png\",\"width\":512,\"height\":512,\"caption\":\"Bahia Econ\u00f4mica\"},\"image\":{\"@id\":\"https:\/\/bahiaeconomica.com.br\/wp\/#\/schema\/logo\/image\/\"},\"sameAs\":[\"https:\/\/www.facebook.com\/bahiaeconomica\"]},{\"@type\":\"Person\",\"@id\":\"https:\/\/bahiaeconomica.com.br\/wp\/#\/schema\/person\/0868b18bbfdd29723e44135140f35148\",\"name\":\"LIZANDRA MUNIZ\",\"sameAs\":[\"http:\/\/www.bahiaeconomica.com.br\"],\"url\":\"https:\/\/bahiaeconomica.com.br\/wp\/author\/lizandra-muniz\/\"}]}<\/script>\n<!-- \/ Yoast SEO plugin. -->","yoast_head_json":{"title":"AGRO NACIONAL SOMA 28,3 MILH\u00d5ES DE TRABALHADORES E EQUIVALE A 26,8% DO TOTAL DE OCUPA\u00c7\u00d5ES NO BRASIL, DIZ CNA\/USP - Bahia Economica","description":"O maior portal de Economia da Bahia ECONOMIA \/ POL\u00cdTICA Bahia Economica Em 2023, o n\u00famero de trabalhadores do agroneg\u00f3cio","robots":{"index":"index","follow":"follow","max-snippet":"max-snippet:-1","max-image-preview":"max-image-preview:large","max-video-preview":"max-video-preview:-1"},"canonical":"https:\/\/bahiaeconomica.com.br\/wp\/2024\/03\/14\/agro-nacional-soma-283-milhoes-de-trabalhadores-e-equivale-a-268-do-total-de-ocupacoes-no-brasil-diz-cna-usp\/","og_locale":"pt_BR","og_type":"article","og_title":"AGRO NACIONAL SOMA 28,3 MILH\u00d5ES DE TRABALHADORES E EQUIVALE A 26,8% DO TOTAL DE OCUPA\u00c7\u00d5ES NO BRASIL, DIZ CNA\/USP - Bahia Economica","og_description":"O maior portal de Economia da Bahia ECONOMIA \/ POL\u00cdTICA Bahia Economica Em 2023, o n\u00famero de trabalhadores do agroneg\u00f3cio","og_url":"https:\/\/bahiaeconomica.com.br\/wp\/2024\/03\/14\/agro-nacional-soma-283-milhoes-de-trabalhadores-e-equivale-a-268-do-total-de-ocupacoes-no-brasil-diz-cna-usp\/","og_site_name":"Bahia Economica","article_publisher":"https:\/\/www.facebook.com\/bahiaeconomica","article_published_time":"2024-03-14T22:53:07+00:00","article_modified_time":"2024-03-14T22:44:05+00:00","og_image":[{"width":2560,"height":1707,"url":"https:\/\/bahiaeconomica.com.br\/wp\/wp-content\/uploads\/2023\/07\/agricultor-agronomo-senior-trabalhador-no-campo-de-soja-verificando-as-colheitas-antes-da-colheita-scaled.jpg","type":"image\/jpeg"}],"author":"LIZANDRA MUNIZ","twitter_card":"summary_large_image","twitter_misc":{"Escrito por":"LIZANDRA MUNIZ","Est. tempo de leitura":"2 minutos"},"schema":{"@context":"https:\/\/schema.org","@graph":[{"@type":"Article","@id":"https:\/\/bahiaeconomica.com.br\/wp\/2024\/03\/14\/agro-nacional-soma-283-milhoes-de-trabalhadores-e-equivale-a-268-do-total-de-ocupacoes-no-brasil-diz-cna-usp\/#article","isPartOf":{"@id":"https:\/\/bahiaeconomica.com.br\/wp\/2024\/03\/14\/agro-nacional-soma-283-milhoes-de-trabalhadores-e-equivale-a-268-do-total-de-ocupacoes-no-brasil-diz-cna-usp\/"},"author":{"name":"LIZANDRA MUNIZ","@id":"https:\/\/bahiaeconomica.com.br\/wp\/#\/schema\/person\/0868b18bbfdd29723e44135140f35148"},"headline":"AGRO NACIONAL SOMA 28,3 MILH\u00d5ES DE TRABALHADORES E EQUIVALE A 26,8% DO TOTAL DE OCUPA\u00c7\u00d5ES NO BRASIL, DIZ CNA\/USP","datePublished":"2024-03-14T22:53:07+00:00","dateModified":"2024-03-14T22:44:05+00:00","mainEntityOfPage":{"@id":"https:\/\/bahiaeconomica.com.br\/wp\/2024\/03\/14\/agro-nacional-soma-283-milhoes-de-trabalhadores-e-equivale-a-268-do-total-de-ocupacoes-no-brasil-diz-cna-usp\/"},"wordCount":216,"publisher":{"@id":"https:\/\/bahiaeconomica.com.br\/wp\/#organization"},"keywords":["Brasil","Cepea","cna","Economia","usp"],"articleSection":["ECONOMIA \/ POL\u00cdTICA"],"inLanguage":"pt-BR"},{"@type":"WebPage","@id":"https:\/\/bahiaeconomica.com.br\/wp\/2024\/03\/14\/agro-nacional-soma-283-milhoes-de-trabalhadores-e-equivale-a-268-do-total-de-ocupacoes-no-brasil-diz-cna-usp\/","url":"https:\/\/bahiaeconomica.com.br\/wp\/2024\/03\/14\/agro-nacional-soma-283-milhoes-de-trabalhadores-e-equivale-a-268-do-total-de-ocupacoes-no-brasil-diz-cna-usp\/","name":"AGRO NACIONAL SOMA 28,3 MILH\u00d5ES DE TRABALHADORES E EQUIVALE A 26,8% DO TOTAL DE OCUPA\u00c7\u00d5ES NO BRASIL, DIZ CNA\/USP - Bahia Economica","isPartOf":{"@id":"https:\/\/bahiaeconomica.com.br\/wp\/#website"},"datePublished":"2024-03-14T22:53:07+00:00","dateModified":"2024-03-14T22:44:05+00:00","description":"O maior portal de Economia da Bahia ECONOMIA \/ POL\u00cdTICA Bahia Economica Em 2023, o n\u00famero de trabalhadores do agroneg\u00f3cio","breadcrumb":{"@id":"https:\/\/bahiaeconomica.com.br\/wp\/2024\/03\/14\/agro-nacional-soma-283-milhoes-de-trabalhadores-e-equivale-a-268-do-total-de-ocupacoes-no-brasil-diz-cna-usp\/#breadcrumb"},"inLanguage":"pt-BR","potentialAction":[{"@type":"ReadAction","target":["https:\/\/bahiaeconomica.com.br\/wp\/2024\/03\/14\/agro-nacional-soma-283-milhoes-de-trabalhadores-e-equivale-a-268-do-total-de-ocupacoes-no-brasil-diz-cna-usp\/"]}]},{"@type":"BreadcrumbList","@id":"https:\/\/bahiaeconomica.com.br\/wp\/2024\/03\/14\/agro-nacional-soma-283-milhoes-de-trabalhadores-e-equivale-a-268-do-total-de-ocupacoes-no-brasil-diz-cna-usp\/#breadcrumb","itemListElement":[{"@type":"ListItem","position":1,"name":"In\u00edcio","item":"https:\/\/bahiaeconomica.com.br\/wp\/"},{"@type":"ListItem","position":2,"name":"AGRO NACIONAL SOMA 28,3 MILH\u00d5ES DE TRABALHADORES E EQUIVALE A 26,8% DO TOTAL DE OCUPA\u00c7\u00d5ES NO BRASIL, DIZ CNA\/USP"}]},{"@type":"WebSite","@id":"https:\/\/bahiaeconomica.com.br\/wp\/#website","url":"https:\/\/bahiaeconomica.com.br\/wp\/","name":"Bahia Economica","description":"O maior portal de Economia da Bahia","publisher":{"@id":"https:\/\/bahiaeconomica.com.br\/wp\/#organization"},"potentialAction":[{"@type":"SearchAction","target":{"@type":"EntryPoint","urlTemplate":"https:\/\/bahiaeconomica.com.br\/wp\/?s={search_term_string}"},"query-input":"required name=search_term_string"}],"inLanguage":"pt-BR"},{"@type":"Organization","@id":"https:\/\/bahiaeconomica.com.br\/wp\/#organization","name":"Bahia Econ\u00f4mica","url":"https:\/\/bahiaeconomica.com.br\/wp\/","logo":{"@type":"ImageObject","inLanguage":"pt-BR","@id":"https:\/\/bahiaeconomica.com.br\/wp\/#\/schema\/logo\/image\/","url":"https:\/\/bahiaeconomica.com.br\/wp\/wp-content\/uploads\/2020\/12\/cropped-BE.png","contentUrl":"https:\/\/bahiaeconomica.com.br\/wp\/wp-content\/uploads\/2020\/12\/cropped-BE.png","width":512,"height":512,"caption":"Bahia Econ\u00f4mica"},"image":{"@id":"https:\/\/bahiaeconomica.com.br\/wp\/#\/schema\/logo\/image\/"},"sameAs":["https:\/\/www.facebook.com\/bahiaeconomica"]},{"@type":"Person","@id":"https:\/\/bahiaeconomica.com.br\/wp\/#\/schema\/person\/0868b18bbfdd29723e44135140f35148","name":"LIZANDRA MUNIZ","sameAs":["http:\/\/www.bahiaeconomica.com.br"],"url":"https:\/\/bahiaeconomica.com.br\/wp\/author\/lizandra-muniz\/"}]}},"views":5,"_links":{"self":[{"href":"https:\/\/bahiaeconomica.com.br\/wp\/wp-json\/wp\/v2\/posts\/804519"}],"collection":[{"href":"https:\/\/bahiaeconomica.com.br\/wp\/wp-json\/wp\/v2\/posts"}],"about":[{"href":"https:\/\/bahiaeconomica.com.br\/wp\/wp-json\/wp\/v2\/types\/post"}],"author":[{"embeddable":true,"href":"https:\/\/bahiaeconomica.com.br\/wp\/wp-json\/wp\/v2\/users\/19"}],"replies":[{"embeddable":true,"href":"https:\/\/bahiaeconomica.com.br\/wp\/wp-json\/wp\/v2\/comments?post=804519"}],"version-history":[{"count":1,"href":"https:\/\/bahiaeconomica.com.br\/wp\/wp-json\/wp\/v2\/posts\/804519\/revisions"}],"predecessor-version":[{"id":804528,"href":"https:\/\/bahiaeconomica.com.br\/wp\/wp-json\/wp\/v2\/posts\/804519\/revisions\/804528"}],"wp:featuredmedia":[{"embeddable":true,"href":"https:\/\/bahiaeconomica.com.br\/wp\/wp-json\/wp\/v2\/media\/749438"}],"wp:attachment":[{"href":"https:\/\/bahiaeconomica.com.br\/wp\/wp-json\/wp\/v2\/media?parent=804519"}],"wp:term":[{"taxonomy":"category","embeddable":true,"href":"https:\/\/bahiaeconomica.com.br\/wp\/wp-json\/wp\/v2\/categories?post=804519"},{"taxonomy":"post_tag","embeddable":true,"href":"https:\/\/bahiaeconomica.com.br\/wp\/wp-json\/wp\/v2\/tags?post=804519"}],"curies":[{"name":"wp","href":"https:\/\/api.w.org\/{rel}","templated":true}]}}