{"id":804497,"date":"2024-03-14T18:39:01","date_gmt":"2024-03-14T21:39:01","guid":{"rendered":"https:\/\/bahiaeconomica.com.br\/wp\/?p=804497"},"modified":"2024-03-14T18:49:05","modified_gmt":"2024-03-14T21:49:05","slug":"sao-sebastiao-do-passe-corpo-de-piloto-e-retirado-de-aviao-apos-acidente","status":"publish","type":"post","link":"https:\/\/bahiaeconomica.com.br\/wp\/2024\/03\/14\/sao-sebastiao-do-passe-corpo-de-piloto-e-retirado-de-aviao-apos-acidente\/","title":{"rendered":"S\u00c3O SEBASTI\u00c3O DO PASS\u00c9: CORPO DE PILOTO \u00c9 RETIRADO DE AVI\u00c3O AP\u00d3S ACIDENTE"},"content":{"rendered":"<div class=\"w-full text-token-text-primary\" data-testid=\"conversation-turn-4\">\n<div class=\"px-4 py-2 justify-center text-base md:gap-6 m-auto\">\n<div class=\"flex flex-1 text-base mx-auto gap-3 md:px-5 lg:px-1 xl:px-5 md:max-w-3xl lg:max-w-[40rem] xl:max-w-[48rem] group\">\n<div class=\"relative flex w-full flex-col\">\n<div class=\"flex-col gap-1 md:gap-3\">\n<div class=\"flex flex-grow flex-col max-w-full\">\n<div class=\"min-h-[20px] text-message flex flex-col items-start gap-3 whitespace-pre-wrap break-words [.text-message+&amp;]:mt-5 overflow-x-auto\" data-message-author-role=\"user\" data-message-id=\"aaa28c74-0655-480b-97b1-5f85fb0004c0\">\n<div class=\"\">O corpo de Jairo Souza, piloto do avi\u00e3o que caiu em S\u00e3o Sebasti\u00e3o do Pass\u00e9, foi retirado pelos bombeiros na tarde desta quinta-feira, 14. Ele estava sozinho na aeronave de pequeno porte Seneca PT-REY.<\/div>\n<div><\/div>\n<div class=\"\">Segundo o Corpo de Bombeiros (CBMBA), testemunhas informaram que o avi\u00e3o perdeu altitude, se chocou com o solo e pegou fogo. O inc\u00eandio foi debelado pelos militares. O caso aconteceu na na localidade da Sereia, zona rural do munic\u00edpio, em trecho da BR-110, no final da manh\u00e3.<\/div>\n<div><\/div>\n<div class=\"\">O corpo do piloto foi encaminhado para o Instituto M\u00e9dio Legal (IML) de Santo Amaro. Segundo um trabalhador rural, o avi\u00e3o teria batido em uma \u00e1rvore e caiu pegando fogo. No entanto, a informa\u00e7\u00e3o completa ainda n\u00e3o foi confirmada pelos \u00f3rg\u00e3os oficiais. A aeronave saiu de Caruaru, em Pernambuco, com destino a Guanambi.<\/div>\n<\/div>\n<\/div>\n<\/div>\n<\/div>\n<\/div>\n<\/div>\n<\/div>\n<div><\/div>\n<div class=\"w-full text-token-text-primary\" data-testid=\"conversation-turn-4\">\n<div class=\"flex items-center gap-1.5 text-xs\"><strong>Foto: Divulga\u00e7\u00e3o | Corpo de Bombeiros<\/strong><\/div>\n<\/div>\n<div class=\"w-full text-token-text-primary\" data-testid=\"conversation-turn-5\">\n<div class=\"px-4 py-2 justify-center text-base md:gap-6 m-auto\">\n<div class=\"flex flex-1 text-base mx-auto gap-3 md:px-5 lg:px-1 xl:px-5 md:max-w-3xl lg:max-w-[40rem] xl:max-w-[48rem] group final-completion\">\n<div class=\"flex-shrink-0 flex flex-col relative items-end\">\n<div>\n<div class=\"pt-0.5\">\n<div class=\"gizmo-shadow-stroke flex h-6 w-6 items-center justify-center overflow-hidden rounded-full\">\n<div class=\"relative p-1 rounded-sm h-9 w-9 text-white flex items-center justify-center\"><\/div>\n<\/div>\n<\/div>\n<\/div>\n<\/div>\n<\/div>\n<\/div>\n<\/div>\n","protected":false},"excerpt":{"rendered":"<p>O corpo de Jairo Souza, piloto do avi\u00e3o que caiu em S\u00e3o Sebasti\u00e3o do Pass\u00e9, foi retirado pelos bombeiros na tarde desta quinta-feira, 14. Ele estava sozinho na aeronave de pequeno porte Seneca PT-REY. Segundo o Corpo de Bombeiros (CBMBA), testemunhas informaram que o avi\u00e3o perdeu altitude, se chocou com o solo e pegou fogo. [&hellip;]<\/p>\n","protected":false},"author":18,"featured_media":804503,"comment_status":"closed","ping_status":"closed","sticky":false,"template":"","format":"standard","meta":[],"categories":[5],"tags":[28237,85,28236,11911],"acf":[],"yoast_head":"<!-- This site is optimized with the Yoast SEO plugin v20.8 - https:\/\/yoast.com\/wordpress\/plugins\/seo\/ -->\n<title>S\u00c3O SEBASTI\u00c3O DO PASS\u00c9: CORPO DE PILOTO \u00c9 RETIRADO DE AVI\u00c3O AP\u00d3S ACIDENTE - Bahia Economica<\/title>\n<meta name=\"description\" content=\"O maior portal de Economia da Bahia MUNIC\u00cdPIOS Bahia Economica O corpo de Jairo Souza, piloto do avi\u00e3o que caiu em S\u00e3o Sebasti\u00e3o do Pass\u00e9\" \/>\n<meta name=\"robots\" content=\"index, follow, max-snippet:-1, max-image-preview:large, max-video-preview:-1\" \/>\n<link rel=\"canonical\" href=\"https:\/\/bahiaeconomica.com.br\/wp\/2024\/03\/14\/sao-sebastiao-do-passe-corpo-de-piloto-e-retirado-de-aviao-apos-acidente\/\" \/>\n<meta property=\"og:locale\" content=\"pt_BR\" \/>\n<meta property=\"og:type\" content=\"article\" \/>\n<meta property=\"og:title\" content=\"S\u00c3O SEBASTI\u00c3O DO PASS\u00c9: CORPO DE PILOTO \u00c9 RETIRADO DE AVI\u00c3O AP\u00d3S ACIDENTE - Bahia Economica\" \/>\n<meta property=\"og:description\" content=\"O maior portal de Economia da Bahia MUNIC\u00cdPIOS Bahia Economica O corpo de Jairo Souza, piloto do avi\u00e3o que caiu em S\u00e3o Sebasti\u00e3o do Pass\u00e9\" \/>\n<meta property=\"og:url\" content=\"https:\/\/bahiaeconomica.com.br\/wp\/2024\/03\/14\/sao-sebastiao-do-passe-corpo-de-piloto-e-retirado-de-aviao-apos-acidente\/\" \/>\n<meta property=\"og:site_name\" content=\"Bahia Economica\" \/>\n<meta property=\"article:publisher\" content=\"https:\/\/www.facebook.com\/bahiaeconomica\" \/>\n<meta property=\"article:published_time\" content=\"2024-03-14T21:39:01+00:00\" \/>\n<meta property=\"article:modified_time\" content=\"2024-03-14T21:49:05+00:00\" \/>\n<meta property=\"og:image\" content=\"https:\/\/bahiaeconomica.com.br\/wp\/wp-content\/uploads\/2024\/03\/Corpo-do-piloto-que-morreu-em-acidente-aereo-e-ret0126242500202403141817-ScaleDownProportional.webp\" \/>\n\t<meta property=\"og:image:width\" content=\"1198\" \/>\n\t<meta property=\"og:image:height\" content=\"799\" \/>\n\t<meta property=\"og:image:type\" content=\"image\/webp\" \/>\n<meta name=\"author\" content=\"Emily Oliveira\" \/>\n<meta name=\"twitter:card\" content=\"summary_large_image\" \/>\n<meta name=\"twitter:label1\" content=\"Escrito por\" \/>\n\t<meta name=\"twitter:data1\" content=\"Emily Oliveira\" \/>\n\t<meta name=\"twitter:label2\" content=\"Est. tempo de leitura\" \/>\n\t<meta name=\"twitter:data2\" content=\"1 minuto\" \/>\n<script type=\"application\/ld+json\" class=\"yoast-schema-graph\">{\"@context\":\"https:\/\/schema.org\",\"@graph\":[{\"@type\":\"Article\",\"@id\":\"https:\/\/bahiaeconomica.com.br\/wp\/2024\/03\/14\/sao-sebastiao-do-passe-corpo-de-piloto-e-retirado-de-aviao-apos-acidente\/#article\",\"isPartOf\":{\"@id\":\"https:\/\/bahiaeconomica.com.br\/wp\/2024\/03\/14\/sao-sebastiao-do-passe-corpo-de-piloto-e-retirado-de-aviao-apos-acidente\/\"},\"author\":{\"name\":\"Emily Oliveira\",\"@id\":\"https:\/\/bahiaeconomica.com.br\/wp\/#\/schema\/person\/547396bb3b39ebb828ab5807d982c42f\"},\"headline\":\"S\u00c3O SEBASTI\u00c3O DO PASS\u00c9: CORPO DE PILOTO \u00c9 RETIRADO DE AVI\u00c3O AP\u00d3S ACIDENTE\",\"datePublished\":\"2024-03-14T21:39:01+00:00\",\"dateModified\":\"2024-03-14T21:49:05+00:00\",\"mainEntityOfPage\":{\"@id\":\"https:\/\/bahiaeconomica.com.br\/wp\/2024\/03\/14\/sao-sebastiao-do-passe-corpo-de-piloto-e-retirado-de-aviao-apos-acidente\/\"},\"wordCount\":166,\"publisher\":{\"@id\":\"https:\/\/bahiaeconomica.com.br\/wp\/#organization\"},\"keywords\":[\"acidente de avi\u00e3o\",\"Bahia\",\"corpo de piloto\",\"s\u00e3o sebasti\u00e3o do pass\u00e9\"],\"articleSection\":[\"MUNIC\u00cdPIOS\"],\"inLanguage\":\"pt-BR\"},{\"@type\":\"WebPage\",\"@id\":\"https:\/\/bahiaeconomica.com.br\/wp\/2024\/03\/14\/sao-sebastiao-do-passe-corpo-de-piloto-e-retirado-de-aviao-apos-acidente\/\",\"url\":\"https:\/\/bahiaeconomica.com.br\/wp\/2024\/03\/14\/sao-sebastiao-do-passe-corpo-de-piloto-e-retirado-de-aviao-apos-acidente\/\",\"name\":\"S\u00c3O SEBASTI\u00c3O DO PASS\u00c9: CORPO DE PILOTO \u00c9 RETIRADO DE AVI\u00c3O AP\u00d3S ACIDENTE - Bahia Economica\",\"isPartOf\":{\"@id\":\"https:\/\/bahiaeconomica.com.br\/wp\/#website\"},\"datePublished\":\"2024-03-14T21:39:01+00:00\",\"dateModified\":\"2024-03-14T21:49:05+00:00\",\"description\":\"O maior portal de Economia da Bahia MUNIC\u00cdPIOS Bahia Economica O corpo de Jairo Souza, piloto do avi\u00e3o que caiu em S\u00e3o Sebasti\u00e3o do Pass\u00e9\",\"breadcrumb\":{\"@id\":\"https:\/\/bahiaeconomica.com.br\/wp\/2024\/03\/14\/sao-sebastiao-do-passe-corpo-de-piloto-e-retirado-de-aviao-apos-acidente\/#breadcrumb\"},\"inLanguage\":\"pt-BR\",\"potentialAction\":[{\"@type\":\"ReadAction\",\"target\":[\"https:\/\/bahiaeconomica.com.br\/wp\/2024\/03\/14\/sao-sebastiao-do-passe-corpo-de-piloto-e-retirado-de-aviao-apos-acidente\/\"]}]},{\"@type\":\"BreadcrumbList\",\"@id\":\"https:\/\/bahiaeconomica.com.br\/wp\/2024\/03\/14\/sao-sebastiao-do-passe-corpo-de-piloto-e-retirado-de-aviao-apos-acidente\/#breadcrumb\",\"itemListElement\":[{\"@type\":\"ListItem\",\"position\":1,\"name\":\"In\u00edcio\",\"item\":\"https:\/\/bahiaeconomica.com.br\/wp\/\"},{\"@type\":\"ListItem\",\"position\":2,\"name\":\"S\u00c3O SEBASTI\u00c3O DO PASS\u00c9: CORPO DE PILOTO \u00c9 RETIRADO DE AVI\u00c3O AP\u00d3S ACIDENTE\"}]},{\"@type\":\"WebSite\",\"@id\":\"https:\/\/bahiaeconomica.com.br\/wp\/#website\",\"url\":\"https:\/\/bahiaeconomica.com.br\/wp\/\",\"name\":\"Bahia Economica\",\"description\":\"O maior portal de Economia da Bahia\",\"publisher\":{\"@id\":\"https:\/\/bahiaeconomica.com.br\/wp\/#organization\"},\"potentialAction\":[{\"@type\":\"SearchAction\",\"target\":{\"@type\":\"EntryPoint\",\"urlTemplate\":\"https:\/\/bahiaeconomica.com.br\/wp\/?s={search_term_string}\"},\"query-input\":\"required name=search_term_string\"}],\"inLanguage\":\"pt-BR\"},{\"@type\":\"Organization\",\"@id\":\"https:\/\/bahiaeconomica.com.br\/wp\/#organization\",\"name\":\"Bahia Econ\u00f4mica\",\"url\":\"https:\/\/bahiaeconomica.com.br\/wp\/\",\"logo\":{\"@type\":\"ImageObject\",\"inLanguage\":\"pt-BR\",\"@id\":\"https:\/\/bahiaeconomica.com.br\/wp\/#\/schema\/logo\/image\/\",\"url\":\"https:\/\/bahiaeconomica.com.br\/wp\/wp-content\/uploads\/2020\/12\/cropped-BE.png\",\"contentUrl\":\"https:\/\/bahiaeconomica.com.br\/wp\/wp-content\/uploads\/2020\/12\/cropped-BE.png\",\"width\":512,\"height\":512,\"caption\":\"Bahia Econ\u00f4mica\"},\"image\":{\"@id\":\"https:\/\/bahiaeconomica.com.br\/wp\/#\/schema\/logo\/image\/\"},\"sameAs\":[\"https:\/\/www.facebook.com\/bahiaeconomica\"]},{\"@type\":\"Person\",\"@id\":\"https:\/\/bahiaeconomica.com.br\/wp\/#\/schema\/person\/547396bb3b39ebb828ab5807d982c42f\",\"name\":\"Emily Oliveira\",\"sameAs\":[\"https:\/\/bahiaeconomica.com.br\/wp\/\"],\"url\":\"https:\/\/bahiaeconomica.com.br\/wp\/author\/emily-oliveira\/\"}]}<\/script>\n<!-- \/ Yoast SEO plugin. -->","yoast_head_json":{"title":"S\u00c3O SEBASTI\u00c3O DO PASS\u00c9: CORPO DE PILOTO \u00c9 RETIRADO DE AVI\u00c3O AP\u00d3S ACIDENTE - Bahia Economica","description":"O maior portal de Economia da Bahia MUNIC\u00cdPIOS Bahia Economica O corpo de Jairo Souza, piloto do avi\u00e3o que caiu em S\u00e3o Sebasti\u00e3o do Pass\u00e9","robots":{"index":"index","follow":"follow","max-snippet":"max-snippet:-1","max-image-preview":"max-image-preview:large","max-video-preview":"max-video-preview:-1"},"canonical":"https:\/\/bahiaeconomica.com.br\/wp\/2024\/03\/14\/sao-sebastiao-do-passe-corpo-de-piloto-e-retirado-de-aviao-apos-acidente\/","og_locale":"pt_BR","og_type":"article","og_title":"S\u00c3O SEBASTI\u00c3O DO PASS\u00c9: CORPO DE PILOTO \u00c9 RETIRADO DE AVI\u00c3O AP\u00d3S ACIDENTE - Bahia Economica","og_description":"O maior portal de Economia da Bahia MUNIC\u00cdPIOS Bahia Economica O corpo de Jairo Souza, piloto do avi\u00e3o que caiu em S\u00e3o Sebasti\u00e3o do Pass\u00e9","og_url":"https:\/\/bahiaeconomica.com.br\/wp\/2024\/03\/14\/sao-sebastiao-do-passe-corpo-de-piloto-e-retirado-de-aviao-apos-acidente\/","og_site_name":"Bahia Economica","article_publisher":"https:\/\/www.facebook.com\/bahiaeconomica","article_published_time":"2024-03-14T21:39:01+00:00","article_modified_time":"2024-03-14T21:49:05+00:00","og_image":[{"width":1198,"height":799,"url":"https:\/\/bahiaeconomica.com.br\/wp\/wp-content\/uploads\/2024\/03\/Corpo-do-piloto-que-morreu-em-acidente-aereo-e-ret0126242500202403141817-ScaleDownProportional.webp","type":"image\/webp"}],"author":"Emily Oliveira","twitter_card":"summary_large_image","twitter_misc":{"Escrito por":"Emily Oliveira","Est. tempo de leitura":"1 minuto"},"schema":{"@context":"https:\/\/schema.org","@graph":[{"@type":"Article","@id":"https:\/\/bahiaeconomica.com.br\/wp\/2024\/03\/14\/sao-sebastiao-do-passe-corpo-de-piloto-e-retirado-de-aviao-apos-acidente\/#article","isPartOf":{"@id":"https:\/\/bahiaeconomica.com.br\/wp\/2024\/03\/14\/sao-sebastiao-do-passe-corpo-de-piloto-e-retirado-de-aviao-apos-acidente\/"},"author":{"name":"Emily Oliveira","@id":"https:\/\/bahiaeconomica.com.br\/wp\/#\/schema\/person\/547396bb3b39ebb828ab5807d982c42f"},"headline":"S\u00c3O SEBASTI\u00c3O DO PASS\u00c9: CORPO DE PILOTO \u00c9 RETIRADO DE AVI\u00c3O AP\u00d3S ACIDENTE","datePublished":"2024-03-14T21:39:01+00:00","dateModified":"2024-03-14T21:49:05+00:00","mainEntityOfPage":{"@id":"https:\/\/bahiaeconomica.com.br\/wp\/2024\/03\/14\/sao-sebastiao-do-passe-corpo-de-piloto-e-retirado-de-aviao-apos-acidente\/"},"wordCount":166,"publisher":{"@id":"https:\/\/bahiaeconomica.com.br\/wp\/#organization"},"keywords":["acidente de avi\u00e3o","Bahia","corpo de piloto","s\u00e3o sebasti\u00e3o do pass\u00e9"],"articleSection":["MUNIC\u00cdPIOS"],"inLanguage":"pt-BR"},{"@type":"WebPage","@id":"https:\/\/bahiaeconomica.com.br\/wp\/2024\/03\/14\/sao-sebastiao-do-passe-corpo-de-piloto-e-retirado-de-aviao-apos-acidente\/","url":"https:\/\/bahiaeconomica.com.br\/wp\/2024\/03\/14\/sao-sebastiao-do-passe-corpo-de-piloto-e-retirado-de-aviao-apos-acidente\/","name":"S\u00c3O SEBASTI\u00c3O DO PASS\u00c9: CORPO DE PILOTO \u00c9 RETIRADO DE AVI\u00c3O AP\u00d3S ACIDENTE - Bahia Economica","isPartOf":{"@id":"https:\/\/bahiaeconomica.com.br\/wp\/#website"},"datePublished":"2024-03-14T21:39:01+00:00","dateModified":"2024-03-14T21:49:05+00:00","description":"O maior portal de Economia da Bahia MUNIC\u00cdPIOS Bahia Economica O corpo de Jairo Souza, piloto do avi\u00e3o que caiu em S\u00e3o Sebasti\u00e3o do Pass\u00e9","breadcrumb":{"@id":"https:\/\/bahiaeconomica.com.br\/wp\/2024\/03\/14\/sao-sebastiao-do-passe-corpo-de-piloto-e-retirado-de-aviao-apos-acidente\/#breadcrumb"},"inLanguage":"pt-BR","potentialAction":[{"@type":"ReadAction","target":["https:\/\/bahiaeconomica.com.br\/wp\/2024\/03\/14\/sao-sebastiao-do-passe-corpo-de-piloto-e-retirado-de-aviao-apos-acidente\/"]}]},{"@type":"BreadcrumbList","@id":"https:\/\/bahiaeconomica.com.br\/wp\/2024\/03\/14\/sao-sebastiao-do-passe-corpo-de-piloto-e-retirado-de-aviao-apos-acidente\/#breadcrumb","itemListElement":[{"@type":"ListItem","position":1,"name":"In\u00edcio","item":"https:\/\/bahiaeconomica.com.br\/wp\/"},{"@type":"ListItem","position":2,"name":"S\u00c3O SEBASTI\u00c3O DO PASS\u00c9: CORPO DE PILOTO \u00c9 RETIRADO DE AVI\u00c3O AP\u00d3S ACIDENTE"}]},{"@type":"WebSite","@id":"https:\/\/bahiaeconomica.com.br\/wp\/#website","url":"https:\/\/bahiaeconomica.com.br\/wp\/","name":"Bahia Economica","description":"O maior portal de Economia da Bahia","publisher":{"@id":"https:\/\/bahiaeconomica.com.br\/wp\/#organization"},"potentialAction":[{"@type":"SearchAction","target":{"@type":"EntryPoint","urlTemplate":"https:\/\/bahiaeconomica.com.br\/wp\/?s={search_term_string}"},"query-input":"required name=search_term_string"}],"inLanguage":"pt-BR"},{"@type":"Organization","@id":"https:\/\/bahiaeconomica.com.br\/wp\/#organization","name":"Bahia Econ\u00f4mica","url":"https:\/\/bahiaeconomica.com.br\/wp\/","logo":{"@type":"ImageObject","inLanguage":"pt-BR","@id":"https:\/\/bahiaeconomica.com.br\/wp\/#\/schema\/logo\/image\/","url":"https:\/\/bahiaeconomica.com.br\/wp\/wp-content\/uploads\/2020\/12\/cropped-BE.png","contentUrl":"https:\/\/bahiaeconomica.com.br\/wp\/wp-content\/uploads\/2020\/12\/cropped-BE.png","width":512,"height":512,"caption":"Bahia Econ\u00f4mica"},"image":{"@id":"https:\/\/bahiaeconomica.com.br\/wp\/#\/schema\/logo\/image\/"},"sameAs":["https:\/\/www.facebook.com\/bahiaeconomica"]},{"@type":"Person","@id":"https:\/\/bahiaeconomica.com.br\/wp\/#\/schema\/person\/547396bb3b39ebb828ab5807d982c42f","name":"Emily Oliveira","sameAs":["https:\/\/bahiaeconomica.com.br\/wp\/"],"url":"https:\/\/bahiaeconomica.com.br\/wp\/author\/emily-oliveira\/"}]}},"views":12,"_links":{"self":[{"href":"https:\/\/bahiaeconomica.com.br\/wp\/wp-json\/wp\/v2\/posts\/804497"}],"collection":[{"href":"https:\/\/bahiaeconomica.com.br\/wp\/wp-json\/wp\/v2\/posts"}],"about":[{"href":"https:\/\/bahiaeconomica.com.br\/wp\/wp-json\/wp\/v2\/types\/post"}],"author":[{"embeddable":true,"href":"https:\/\/bahiaeconomica.com.br\/wp\/wp-json\/wp\/v2\/users\/18"}],"replies":[{"embeddable":true,"href":"https:\/\/bahiaeconomica.com.br\/wp\/wp-json\/wp\/v2\/comments?post=804497"}],"version-history":[{"count":1,"href":"https:\/\/bahiaeconomica.com.br\/wp\/wp-json\/wp\/v2\/posts\/804497\/revisions"}],"predecessor-version":[{"id":804504,"href":"https:\/\/bahiaeconomica.com.br\/wp\/wp-json\/wp\/v2\/posts\/804497\/revisions\/804504"}],"wp:featuredmedia":[{"embeddable":true,"href":"https:\/\/bahiaeconomica.com.br\/wp\/wp-json\/wp\/v2\/media\/804503"}],"wp:attachment":[{"href":"https:\/\/bahiaeconomica.com.br\/wp\/wp-json\/wp\/v2\/media?parent=804497"}],"wp:term":[{"taxonomy":"category","embeddable":true,"href":"https:\/\/bahiaeconomica.com.br\/wp\/wp-json\/wp\/v2\/categories?post=804497"},{"taxonomy":"post_tag","embeddable":true,"href":"https:\/\/bahiaeconomica.com.br\/wp\/wp-json\/wp\/v2\/tags?post=804497"}],"curies":[{"name":"wp","href":"https:\/\/api.w.org\/{rel}","templated":true}]}}