{"id":804193,"date":"2024-03-14T09:20:29","date_gmt":"2024-03-14T12:20:29","guid":{"rendered":"https:\/\/bahiaeconomica.com.br\/wp\/?p=804193"},"modified":"2024-03-14T08:30:20","modified_gmt":"2024-03-14T11:30:20","slug":"estacao-aguas-claras-do-metro-supera-expectativas-de-circulacao","status":"publish","type":"post","link":"https:\/\/bahiaeconomica.com.br\/wp\/2024\/03\/14\/estacao-aguas-claras-do-metro-supera-expectativas-de-circulacao\/","title":{"rendered":"ESTA\u00c7\u00c3O \u00c1GUAS CLARAS DO METR\u00d4 SUPERA EXPECTATIVAS DE CIRCULA\u00c7\u00c3O"},"content":{"rendered":"<p>A Esta\u00e7\u00e3o \u00c1guas Claras, trecho mais recente constru\u00eddo pelo governo do estado no Sistema Metrovi\u00e1rio de Salvador e Lauro de Freitas (SMSL), j\u00e1 superou a m\u00e9dia de usu\u00e1rios prevista para 2024, alcan\u00e7ando a expectativa da CCR Metr\u00f4 Bahia \u2014 concession\u00e1ria do servi\u00e7o \u2014 para 2025. A informa\u00e7\u00e3o foi revelada pelo governador Jer\u00f4nimo Rodrigues (PT), que ainda sinalizou para um avan\u00e7o da constru\u00e7\u00e3o da Nova Rodovi\u00e1ria, a ser instalada pr\u00f3xima ao local.<\/p>\n<p>\u201cHoje tamb\u00e9m eu tive uma reuni\u00e3o com a empresa que dirige o metr\u00f4, a CCR, e n\u00f3s ali conversamos sobre outras frentes. Voc\u00eas j\u00e1 j\u00e1 ter\u00e3o novidades. Uma delas \u00e9 a avalia\u00e7\u00e3o positiva que n\u00f3s tivemos. Hoje, eu tive acesso ao relat\u00f3rio e o \u00faltimo tramo, o tramo 3 que fizemos, em \u00c1guas Claras, est\u00e1 dando super\u00e1vit de passageiros. J\u00e1 bateu a expectativa que era para 2025. Imagine quando a gente estiver com a rodovi\u00e1ria funcionando. E estamos trabalhando para isso. J\u00e1 j\u00e1 voc\u00eas tamb\u00e9m ter\u00e3o novidades sobre ela\u201d, contou Jer\u00f4nimo.<\/p>\n<p>A reuni\u00e3o entre Jer\u00f4nimo e a CCR tamb\u00e9m teria passado por outros debates, como a chamada \u201cExpans\u00e3o Sul\u201d, que levaria o metr\u00f4 de Salvador para o bairro do Campo Grande, no Centro da cidade, a partir da Esta\u00e7\u00e3o da Lapa. Conforme apura\u00e7\u00e3o do portal A TARDE, um projeto para essa amplia\u00e7\u00e3o deve ser apresentado pelo governo do estado ainda neste primeiro semestre.<\/p>\n<p>A Expans\u00e3o Sul \u00e9 um projeto que, segundo o ministro Rui Costa (PT), da Casa Civil, j\u00e1 estaria inscrito para receber verbas oriundas do Programa de Acelera\u00e7\u00e3o do Crescimento (PAC), do governo de Luiz In\u00e1cio Lula da Silva (PT). O investimento federal no sistema de transporte de Salvador pode chegar a R$ 7 bilh\u00f5es.<\/p>\n<p>Outro tema abordado no encontro entre Jer\u00f4nimo e a CCR foi a elabora\u00e7\u00e3o de estudos de viabilidade para a implanta\u00e7\u00e3o de um trem regional entre Salvador e Feira de Santana. Nesta quarta, o governador citou ainda a possibilidade desse novo sistema ferrovi\u00e1rio passar pelo munic\u00edpio de Cama\u00e7ari, o que ainda n\u00e3o havia sido especulado. \u201c[Discutimos] tamb\u00e9m um estudo sobre chegar at\u00e9 Feira de Santana, chegar a Cama\u00e7ari, ver se tem a possibilidade de implanta\u00e7\u00e3o de um sistema ferrovi\u00e1rio \u2014 um trem ou algo equivalente \u2014 que possa expandir e aumentar a capta\u00e7\u00e3o de passageiros\u201d, revelou o governador.<\/p>\n<p>Foto: Lula Bonfim | Ag. A TARDE<\/p>\n","protected":false},"excerpt":{"rendered":"<p>A Esta\u00e7\u00e3o \u00c1guas Claras, trecho mais recente constru\u00eddo pelo governo do estado no Sistema Metrovi\u00e1rio de Salvador e Lauro de Freitas (SMSL), j\u00e1 superou a m\u00e9dia de usu\u00e1rios prevista para 2024, alcan\u00e7ando a expectativa da CCR Metr\u00f4 Bahia \u2014 concession\u00e1ria do servi\u00e7o \u2014 para 2025. A informa\u00e7\u00e3o foi revelada pelo governador Jer\u00f4nimo Rodrigues (PT), que [&hellip;]<\/p>\n","protected":false},"author":8,"featured_media":804194,"comment_status":"closed","ping_status":"closed","sticky":false,"template":"","format":"standard","meta":[],"categories":[5],"tags":[52,1544,100],"acf":[],"yoast_head":"<!-- This site is optimized with the Yoast SEO plugin v20.8 - https:\/\/yoast.com\/wordpress\/plugins\/seo\/ -->\n<title>ESTA\u00c7\u00c3O \u00c1GUAS CLARAS DO METR\u00d4 SUPERA EXPECTATIVAS DE CIRCULA\u00c7\u00c3O - Bahia Economica<\/title>\n<meta name=\"description\" content=\"O maior portal de Economia da Bahia MUNIC\u00cdPIOS Bahia Economica elabora\u00e7\u00e3o de estudos de viabilidade para a implanta\u00e7\u00e3o de um\" \/>\n<meta name=\"robots\" content=\"index, follow, max-snippet:-1, max-image-preview:large, max-video-preview:-1\" \/>\n<link rel=\"canonical\" href=\"https:\/\/bahiaeconomica.com.br\/wp\/2024\/03\/14\/estacao-aguas-claras-do-metro-supera-expectativas-de-circulacao\/\" \/>\n<meta property=\"og:locale\" content=\"pt_BR\" \/>\n<meta property=\"og:type\" content=\"article\" \/>\n<meta property=\"og:title\" content=\"ESTA\u00c7\u00c3O \u00c1GUAS CLARAS DO METR\u00d4 SUPERA EXPECTATIVAS DE CIRCULA\u00c7\u00c3O - Bahia Economica\" \/>\n<meta property=\"og:description\" content=\"O maior portal de Economia da Bahia MUNIC\u00cdPIOS Bahia Economica elabora\u00e7\u00e3o de estudos de viabilidade para a implanta\u00e7\u00e3o de um\" \/>\n<meta property=\"og:url\" content=\"https:\/\/bahiaeconomica.com.br\/wp\/2024\/03\/14\/estacao-aguas-claras-do-metro-supera-expectativas-de-circulacao\/\" \/>\n<meta property=\"og:site_name\" content=\"Bahia Economica\" \/>\n<meta property=\"article:publisher\" content=\"https:\/\/www.facebook.com\/bahiaeconomica\" \/>\n<meta property=\"article:published_time\" content=\"2024-03-14T12:20:29+00:00\" \/>\n<meta property=\"article:modified_time\" content=\"2024-03-14T11:30:20+00:00\" \/>\n<meta property=\"og:image\" content=\"https:\/\/bahiaeconomica.com.br\/wp\/wp-content\/uploads\/2024\/03\/Estacao-Aguas-Claras-do-metro-supera-expectativas-0126231500202403132106.webp\" \/>\n\t<meta property=\"og:image:width\" content=\"1600\" \/>\n\t<meta property=\"og:image:height\" content=\"1200\" \/>\n\t<meta property=\"og:image:type\" content=\"image\/webp\" \/>\n<meta name=\"author\" content=\"JP\" \/>\n<meta name=\"twitter:card\" content=\"summary_large_image\" \/>\n<meta name=\"twitter:label1\" content=\"Escrito por\" \/>\n\t<meta name=\"twitter:data1\" content=\"JP\" \/>\n\t<meta name=\"twitter:label2\" content=\"Est. tempo de leitura\" \/>\n\t<meta name=\"twitter:data2\" content=\"3 minutos\" \/>\n<script type=\"application\/ld+json\" class=\"yoast-schema-graph\">{\"@context\":\"https:\/\/schema.org\",\"@graph\":[{\"@type\":\"Article\",\"@id\":\"https:\/\/bahiaeconomica.com.br\/wp\/2024\/03\/14\/estacao-aguas-claras-do-metro-supera-expectativas-de-circulacao\/#article\",\"isPartOf\":{\"@id\":\"https:\/\/bahiaeconomica.com.br\/wp\/2024\/03\/14\/estacao-aguas-claras-do-metro-supera-expectativas-de-circulacao\/\"},\"author\":{\"name\":\"JP\",\"@id\":\"https:\/\/bahiaeconomica.com.br\/wp\/#\/schema\/person\/c86d3a3f8960425a0f9d0e5245991f4e\"},\"headline\":\"ESTA\u00c7\u00c3O \u00c1GUAS CLARAS DO METR\u00d4 SUPERA EXPECTATIVAS DE CIRCULA\u00c7\u00c3O\",\"datePublished\":\"2024-03-14T12:20:29+00:00\",\"dateModified\":\"2024-03-14T11:30:20+00:00\",\"mainEntityOfPage\":{\"@id\":\"https:\/\/bahiaeconomica.com.br\/wp\/2024\/03\/14\/estacao-aguas-claras-do-metro-supera-expectativas-de-circulacao\/\"},\"wordCount\":432,\"publisher\":{\"@id\":\"https:\/\/bahiaeconomica.com.br\/wp\/#organization\"},\"keywords\":[\"Brasil\",\"jeronimo\",\"Pol\u00edtica\"],\"articleSection\":[\"MUNIC\u00cdPIOS\"],\"inLanguage\":\"pt-BR\"},{\"@type\":\"WebPage\",\"@id\":\"https:\/\/bahiaeconomica.com.br\/wp\/2024\/03\/14\/estacao-aguas-claras-do-metro-supera-expectativas-de-circulacao\/\",\"url\":\"https:\/\/bahiaeconomica.com.br\/wp\/2024\/03\/14\/estacao-aguas-claras-do-metro-supera-expectativas-de-circulacao\/\",\"name\":\"ESTA\u00c7\u00c3O \u00c1GUAS CLARAS DO METR\u00d4 SUPERA EXPECTATIVAS DE CIRCULA\u00c7\u00c3O - Bahia Economica\",\"isPartOf\":{\"@id\":\"https:\/\/bahiaeconomica.com.br\/wp\/#website\"},\"datePublished\":\"2024-03-14T12:20:29+00:00\",\"dateModified\":\"2024-03-14T11:30:20+00:00\",\"description\":\"O maior portal de Economia da Bahia MUNIC\u00cdPIOS Bahia Economica elabora\u00e7\u00e3o de estudos de viabilidade para a implanta\u00e7\u00e3o de um\",\"breadcrumb\":{\"@id\":\"https:\/\/bahiaeconomica.com.br\/wp\/2024\/03\/14\/estacao-aguas-claras-do-metro-supera-expectativas-de-circulacao\/#breadcrumb\"},\"inLanguage\":\"pt-BR\",\"potentialAction\":[{\"@type\":\"ReadAction\",\"target\":[\"https:\/\/bahiaeconomica.com.br\/wp\/2024\/03\/14\/estacao-aguas-claras-do-metro-supera-expectativas-de-circulacao\/\"]}]},{\"@type\":\"BreadcrumbList\",\"@id\":\"https:\/\/bahiaeconomica.com.br\/wp\/2024\/03\/14\/estacao-aguas-claras-do-metro-supera-expectativas-de-circulacao\/#breadcrumb\",\"itemListElement\":[{\"@type\":\"ListItem\",\"position\":1,\"name\":\"In\u00edcio\",\"item\":\"https:\/\/bahiaeconomica.com.br\/wp\/\"},{\"@type\":\"ListItem\",\"position\":2,\"name\":\"ESTA\u00c7\u00c3O \u00c1GUAS CLARAS DO METR\u00d4 SUPERA EXPECTATIVAS DE CIRCULA\u00c7\u00c3O\"}]},{\"@type\":\"WebSite\",\"@id\":\"https:\/\/bahiaeconomica.com.br\/wp\/#website\",\"url\":\"https:\/\/bahiaeconomica.com.br\/wp\/\",\"name\":\"Bahia Economica\",\"description\":\"O maior portal de Economia da Bahia\",\"publisher\":{\"@id\":\"https:\/\/bahiaeconomica.com.br\/wp\/#organization\"},\"potentialAction\":[{\"@type\":\"SearchAction\",\"target\":{\"@type\":\"EntryPoint\",\"urlTemplate\":\"https:\/\/bahiaeconomica.com.br\/wp\/?s={search_term_string}\"},\"query-input\":\"required name=search_term_string\"}],\"inLanguage\":\"pt-BR\"},{\"@type\":\"Organization\",\"@id\":\"https:\/\/bahiaeconomica.com.br\/wp\/#organization\",\"name\":\"Bahia Econ\u00f4mica\",\"url\":\"https:\/\/bahiaeconomica.com.br\/wp\/\",\"logo\":{\"@type\":\"ImageObject\",\"inLanguage\":\"pt-BR\",\"@id\":\"https:\/\/bahiaeconomica.com.br\/wp\/#\/schema\/logo\/image\/\",\"url\":\"https:\/\/bahiaeconomica.com.br\/wp\/wp-content\/uploads\/2020\/12\/cropped-BE.png\",\"contentUrl\":\"https:\/\/bahiaeconomica.com.br\/wp\/wp-content\/uploads\/2020\/12\/cropped-BE.png\",\"width\":512,\"height\":512,\"caption\":\"Bahia Econ\u00f4mica\"},\"image\":{\"@id\":\"https:\/\/bahiaeconomica.com.br\/wp\/#\/schema\/logo\/image\/\"},\"sameAs\":[\"https:\/\/www.facebook.com\/bahiaeconomica\"]},{\"@type\":\"Person\",\"@id\":\"https:\/\/bahiaeconomica.com.br\/wp\/#\/schema\/person\/c86d3a3f8960425a0f9d0e5245991f4e\",\"name\":\"JP\",\"sameAs\":[\"https:\/\/bahiaeconomica.com.br\/wp\/beta\/\"],\"url\":\"https:\/\/bahiaeconomica.com.br\/wp\/author\/jp\/\"}]}<\/script>\n<!-- \/ Yoast SEO plugin. -->","yoast_head_json":{"title":"ESTA\u00c7\u00c3O \u00c1GUAS CLARAS DO METR\u00d4 SUPERA EXPECTATIVAS DE CIRCULA\u00c7\u00c3O - Bahia Economica","description":"O maior portal de Economia da Bahia MUNIC\u00cdPIOS Bahia Economica elabora\u00e7\u00e3o de estudos de viabilidade para a implanta\u00e7\u00e3o de um","robots":{"index":"index","follow":"follow","max-snippet":"max-snippet:-1","max-image-preview":"max-image-preview:large","max-video-preview":"max-video-preview:-1"},"canonical":"https:\/\/bahiaeconomica.com.br\/wp\/2024\/03\/14\/estacao-aguas-claras-do-metro-supera-expectativas-de-circulacao\/","og_locale":"pt_BR","og_type":"article","og_title":"ESTA\u00c7\u00c3O \u00c1GUAS CLARAS DO METR\u00d4 SUPERA EXPECTATIVAS DE CIRCULA\u00c7\u00c3O - Bahia Economica","og_description":"O maior portal de Economia da Bahia MUNIC\u00cdPIOS Bahia Economica elabora\u00e7\u00e3o de estudos de viabilidade para a implanta\u00e7\u00e3o de um","og_url":"https:\/\/bahiaeconomica.com.br\/wp\/2024\/03\/14\/estacao-aguas-claras-do-metro-supera-expectativas-de-circulacao\/","og_site_name":"Bahia Economica","article_publisher":"https:\/\/www.facebook.com\/bahiaeconomica","article_published_time":"2024-03-14T12:20:29+00:00","article_modified_time":"2024-03-14T11:30:20+00:00","og_image":[{"width":1600,"height":1200,"url":"https:\/\/bahiaeconomica.com.br\/wp\/wp-content\/uploads\/2024\/03\/Estacao-Aguas-Claras-do-metro-supera-expectativas-0126231500202403132106.webp","type":"image\/webp"}],"author":"JP","twitter_card":"summary_large_image","twitter_misc":{"Escrito por":"JP","Est. tempo de leitura":"3 minutos"},"schema":{"@context":"https:\/\/schema.org","@graph":[{"@type":"Article","@id":"https:\/\/bahiaeconomica.com.br\/wp\/2024\/03\/14\/estacao-aguas-claras-do-metro-supera-expectativas-de-circulacao\/#article","isPartOf":{"@id":"https:\/\/bahiaeconomica.com.br\/wp\/2024\/03\/14\/estacao-aguas-claras-do-metro-supera-expectativas-de-circulacao\/"},"author":{"name":"JP","@id":"https:\/\/bahiaeconomica.com.br\/wp\/#\/schema\/person\/c86d3a3f8960425a0f9d0e5245991f4e"},"headline":"ESTA\u00c7\u00c3O \u00c1GUAS CLARAS DO METR\u00d4 SUPERA EXPECTATIVAS DE CIRCULA\u00c7\u00c3O","datePublished":"2024-03-14T12:20:29+00:00","dateModified":"2024-03-14T11:30:20+00:00","mainEntityOfPage":{"@id":"https:\/\/bahiaeconomica.com.br\/wp\/2024\/03\/14\/estacao-aguas-claras-do-metro-supera-expectativas-de-circulacao\/"},"wordCount":432,"publisher":{"@id":"https:\/\/bahiaeconomica.com.br\/wp\/#organization"},"keywords":["Brasil","jeronimo","Pol\u00edtica"],"articleSection":["MUNIC\u00cdPIOS"],"inLanguage":"pt-BR"},{"@type":"WebPage","@id":"https:\/\/bahiaeconomica.com.br\/wp\/2024\/03\/14\/estacao-aguas-claras-do-metro-supera-expectativas-de-circulacao\/","url":"https:\/\/bahiaeconomica.com.br\/wp\/2024\/03\/14\/estacao-aguas-claras-do-metro-supera-expectativas-de-circulacao\/","name":"ESTA\u00c7\u00c3O \u00c1GUAS CLARAS DO METR\u00d4 SUPERA EXPECTATIVAS DE CIRCULA\u00c7\u00c3O - Bahia Economica","isPartOf":{"@id":"https:\/\/bahiaeconomica.com.br\/wp\/#website"},"datePublished":"2024-03-14T12:20:29+00:00","dateModified":"2024-03-14T11:30:20+00:00","description":"O maior portal de Economia da Bahia MUNIC\u00cdPIOS Bahia Economica elabora\u00e7\u00e3o de estudos de viabilidade para a implanta\u00e7\u00e3o de um","breadcrumb":{"@id":"https:\/\/bahiaeconomica.com.br\/wp\/2024\/03\/14\/estacao-aguas-claras-do-metro-supera-expectativas-de-circulacao\/#breadcrumb"},"inLanguage":"pt-BR","potentialAction":[{"@type":"ReadAction","target":["https:\/\/bahiaeconomica.com.br\/wp\/2024\/03\/14\/estacao-aguas-claras-do-metro-supera-expectativas-de-circulacao\/"]}]},{"@type":"BreadcrumbList","@id":"https:\/\/bahiaeconomica.com.br\/wp\/2024\/03\/14\/estacao-aguas-claras-do-metro-supera-expectativas-de-circulacao\/#breadcrumb","itemListElement":[{"@type":"ListItem","position":1,"name":"In\u00edcio","item":"https:\/\/bahiaeconomica.com.br\/wp\/"},{"@type":"ListItem","position":2,"name":"ESTA\u00c7\u00c3O \u00c1GUAS CLARAS DO METR\u00d4 SUPERA EXPECTATIVAS DE CIRCULA\u00c7\u00c3O"}]},{"@type":"WebSite","@id":"https:\/\/bahiaeconomica.com.br\/wp\/#website","url":"https:\/\/bahiaeconomica.com.br\/wp\/","name":"Bahia Economica","description":"O maior portal de Economia da Bahia","publisher":{"@id":"https:\/\/bahiaeconomica.com.br\/wp\/#organization"},"potentialAction":[{"@type":"SearchAction","target":{"@type":"EntryPoint","urlTemplate":"https:\/\/bahiaeconomica.com.br\/wp\/?s={search_term_string}"},"query-input":"required name=search_term_string"}],"inLanguage":"pt-BR"},{"@type":"Organization","@id":"https:\/\/bahiaeconomica.com.br\/wp\/#organization","name":"Bahia Econ\u00f4mica","url":"https:\/\/bahiaeconomica.com.br\/wp\/","logo":{"@type":"ImageObject","inLanguage":"pt-BR","@id":"https:\/\/bahiaeconomica.com.br\/wp\/#\/schema\/logo\/image\/","url":"https:\/\/bahiaeconomica.com.br\/wp\/wp-content\/uploads\/2020\/12\/cropped-BE.png","contentUrl":"https:\/\/bahiaeconomica.com.br\/wp\/wp-content\/uploads\/2020\/12\/cropped-BE.png","width":512,"height":512,"caption":"Bahia Econ\u00f4mica"},"image":{"@id":"https:\/\/bahiaeconomica.com.br\/wp\/#\/schema\/logo\/image\/"},"sameAs":["https:\/\/www.facebook.com\/bahiaeconomica"]},{"@type":"Person","@id":"https:\/\/bahiaeconomica.com.br\/wp\/#\/schema\/person\/c86d3a3f8960425a0f9d0e5245991f4e","name":"JP","sameAs":["https:\/\/bahiaeconomica.com.br\/wp\/beta\/"],"url":"https:\/\/bahiaeconomica.com.br\/wp\/author\/jp\/"}]}},"views":22,"_links":{"self":[{"href":"https:\/\/bahiaeconomica.com.br\/wp\/wp-json\/wp\/v2\/posts\/804193"}],"collection":[{"href":"https:\/\/bahiaeconomica.com.br\/wp\/wp-json\/wp\/v2\/posts"}],"about":[{"href":"https:\/\/bahiaeconomica.com.br\/wp\/wp-json\/wp\/v2\/types\/post"}],"author":[{"embeddable":true,"href":"https:\/\/bahiaeconomica.com.br\/wp\/wp-json\/wp\/v2\/users\/8"}],"replies":[{"embeddable":true,"href":"https:\/\/bahiaeconomica.com.br\/wp\/wp-json\/wp\/v2\/comments?post=804193"}],"version-history":[{"count":1,"href":"https:\/\/bahiaeconomica.com.br\/wp\/wp-json\/wp\/v2\/posts\/804193\/revisions"}],"predecessor-version":[{"id":804195,"href":"https:\/\/bahiaeconomica.com.br\/wp\/wp-json\/wp\/v2\/posts\/804193\/revisions\/804195"}],"wp:featuredmedia":[{"embeddable":true,"href":"https:\/\/bahiaeconomica.com.br\/wp\/wp-json\/wp\/v2\/media\/804194"}],"wp:attachment":[{"href":"https:\/\/bahiaeconomica.com.br\/wp\/wp-json\/wp\/v2\/media?parent=804193"}],"wp:term":[{"taxonomy":"category","embeddable":true,"href":"https:\/\/bahiaeconomica.com.br\/wp\/wp-json\/wp\/v2\/categories?post=804193"},{"taxonomy":"post_tag","embeddable":true,"href":"https:\/\/bahiaeconomica.com.br\/wp\/wp-json\/wp\/v2\/tags?post=804193"}],"curies":[{"name":"wp","href":"https:\/\/api.w.org\/{rel}","templated":true}]}}