{"id":804050,"date":"2024-03-13T15:50:44","date_gmt":"2024-03-13T18:50:44","guid":{"rendered":"https:\/\/bahiaeconomica.com.br\/wp\/?p=804050"},"modified":"2024-03-13T16:02:35","modified_gmt":"2024-03-13T19:02:35","slug":"apos-insatisfacoes-com-marcinho-oliveira-robinho-assume-lideranca-do-uniao-brasil-na-alba","status":"publish","type":"post","link":"https:\/\/bahiaeconomica.com.br\/wp\/2024\/03\/13\/apos-insatisfacoes-com-marcinho-oliveira-robinho-assume-lideranca-do-uniao-brasil-na-alba\/","title":{"rendered":"AP\u00d3S INSATISFA\u00c7\u00d5ES COM MARCINHO OLIVEIRA, ROBINHO ASSUME LIDERAN\u00c7A DO UNI\u00c3O BRASIL NA ALBA"},"content":{"rendered":"<p>O deputado estadual Robinho teve seu nome oficializado, quarta-feira (13), para assumir a lideran\u00e7a do Uni\u00e3o Brasil na Assembleia Legislativa da Bahia (ALBA). A decis\u00e3o foi formalizada atrav\u00e9s da publica\u00e7\u00e3o no Di\u00e1rio Oficial do Legislativo (DOL), por indica\u00e7\u00e3o do l\u00edder da bancada da minoria, Alan Sanches.<\/p>\n<p>Robinho assume o posto deixado por seu correligion\u00e1rio, Marcinho Oliveira, que renunciou ao cargo ap\u00f3s participar de eventos ao lado do governador Jer\u00f4nimo Rodrigues (PT). A presen\u00e7a de Marcinho ao lado do chefe do Executivo estadual causou desconforto entre os membros do partido, levando \u00e0 press\u00e3o pela sua sa\u00edda da lideran\u00e7a, a pedido do deputado federal Elmar Nascimento.<\/p>\n<p>Na mesma edi\u00e7\u00e3o do documento, foram divulgados os nomes indicados por Sanches para compor o Conselho de \u00c9tica da Casa.<\/p>\n<p><strong>Foto: <span class=\"mw-image-description\"><label class=\"mw-image-author\">Reprodu\u00e7\u00e3o \/Facebook<\/label><\/span><\/strong><\/p>\n<div class=\"mw-article-general-options\"><\/div>\n","protected":false},"excerpt":{"rendered":"<p>O deputado estadual Robinho teve seu nome oficializado, quarta-feira (13), para assumir a lideran\u00e7a do Uni\u00e3o Brasil na Assembleia Legislativa da Bahia (ALBA). A decis\u00e3o foi formalizada atrav\u00e9s da publica\u00e7\u00e3o no Di\u00e1rio Oficial do Legislativo (DOL), por indica\u00e7\u00e3o do l\u00edder da bancada da minoria, Alan Sanches. Robinho assume o posto deixado por seu correligion\u00e1rio, Marcinho [&hellip;]<\/p>\n","protected":false},"author":18,"featured_media":804053,"comment_status":"closed","ping_status":"closed","sticky":false,"template":"","format":"standard","meta":[],"categories":[14601],"tags":[503,504,28122,28123,17082,28124],"acf":[],"yoast_head":"<!-- This site is optimized with the Yoast SEO plugin v20.8 - https:\/\/yoast.com\/wordpress\/plugins\/seo\/ -->\n<title>AP\u00d3S INSATISFA\u00c7\u00d5ES COM MARCINHO OLIVEIRA, ROBINHO ASSUME LIDERAN\u00c7A DO UNI\u00c3O BRASIL NA ALBA - Bahia Economica<\/title>\n<meta name=\"description\" content=\"O maior portal de Economia da Bahia Pol\u00edtica Bahia Economica O deputado estadual Robinho teve seu nome oficializado, quarta-feira (13)\" \/>\n<meta name=\"robots\" content=\"index, follow, max-snippet:-1, max-image-preview:large, max-video-preview:-1\" \/>\n<link rel=\"canonical\" href=\"https:\/\/bahiaeconomica.com.br\/wp\/2024\/03\/13\/apos-insatisfacoes-com-marcinho-oliveira-robinho-assume-lideranca-do-uniao-brasil-na-alba\/\" \/>\n<meta property=\"og:locale\" content=\"pt_BR\" \/>\n<meta property=\"og:type\" content=\"article\" \/>\n<meta property=\"og:title\" content=\"AP\u00d3S INSATISFA\u00c7\u00d5ES COM MARCINHO OLIVEIRA, ROBINHO ASSUME LIDERAN\u00c7A DO UNI\u00c3O BRASIL NA ALBA - Bahia Economica\" \/>\n<meta property=\"og:description\" content=\"O maior portal de Economia da Bahia Pol\u00edtica Bahia Economica O deputado estadual Robinho teve seu nome oficializado, quarta-feira (13)\" \/>\n<meta property=\"og:url\" content=\"https:\/\/bahiaeconomica.com.br\/wp\/2024\/03\/13\/apos-insatisfacoes-com-marcinho-oliveira-robinho-assume-lideranca-do-uniao-brasil-na-alba\/\" \/>\n<meta property=\"og:site_name\" content=\"Bahia Economica\" \/>\n<meta property=\"article:publisher\" content=\"https:\/\/www.facebook.com\/bahiaeconomica\" \/>\n<meta property=\"article:published_time\" content=\"2024-03-13T18:50:44+00:00\" \/>\n<meta property=\"article:modified_time\" content=\"2024-03-13T19:02:35+00:00\" \/>\n<meta property=\"og:image\" content=\"https:\/\/bahiaeconomica.com.br\/wp\/wp-content\/uploads\/2024\/03\/Deputado-Robinho-assume-lideranca-do-Uniao-Brasil-0126227500202403131544-ScaleDownProportional.webp\" \/>\n\t<meta property=\"og:image:width\" content=\"1200\" \/>\n\t<meta property=\"og:image:height\" content=\"564\" \/>\n\t<meta property=\"og:image:type\" content=\"image\/webp\" \/>\n<meta name=\"author\" content=\"Emily Oliveira\" \/>\n<meta name=\"twitter:card\" content=\"summary_large_image\" \/>\n<meta name=\"twitter:label1\" content=\"Escrito por\" \/>\n\t<meta name=\"twitter:data1\" content=\"Emily Oliveira\" \/>\n\t<meta name=\"twitter:label2\" content=\"Est. tempo de leitura\" \/>\n\t<meta name=\"twitter:data2\" content=\"1 minuto\" \/>\n<script type=\"application\/ld+json\" class=\"yoast-schema-graph\">{\"@context\":\"https:\/\/schema.org\",\"@graph\":[{\"@type\":\"Article\",\"@id\":\"https:\/\/bahiaeconomica.com.br\/wp\/2024\/03\/13\/apos-insatisfacoes-com-marcinho-oliveira-robinho-assume-lideranca-do-uniao-brasil-na-alba\/#article\",\"isPartOf\":{\"@id\":\"https:\/\/bahiaeconomica.com.br\/wp\/2024\/03\/13\/apos-insatisfacoes-com-marcinho-oliveira-robinho-assume-lideranca-do-uniao-brasil-na-alba\/\"},\"author\":{\"name\":\"Emily Oliveira\",\"@id\":\"https:\/\/bahiaeconomica.com.br\/wp\/#\/schema\/person\/547396bb3b39ebb828ab5807d982c42f\"},\"headline\":\"AP\u00d3S INSATISFA\u00c7\u00d5ES COM MARCINHO OLIVEIRA, ROBINHO ASSUME LIDERAN\u00c7A DO UNI\u00c3O BRASIL NA ALBA\",\"datePublished\":\"2024-03-13T18:50:44+00:00\",\"dateModified\":\"2024-03-13T19:02:35+00:00\",\"mainEntityOfPage\":{\"@id\":\"https:\/\/bahiaeconomica.com.br\/wp\/2024\/03\/13\/apos-insatisfacoes-com-marcinho-oliveira-robinho-assume-lideranca-do-uniao-brasil-na-alba\/\"},\"wordCount\":159,\"publisher\":{\"@id\":\"https:\/\/bahiaeconomica.com.br\/wp\/#organization\"},\"keywords\":[\"ALBA\",\"Assembleia Legislativa da Bahia\",\"deputado robinho\",\"lideran\u00e7a do uniao brasil\",\"marcinho oliveira\",\"uni\u00e3o brasil na alba\"],\"articleSection\":[\"Pol\u00edtica\"],\"inLanguage\":\"pt-BR\"},{\"@type\":\"WebPage\",\"@id\":\"https:\/\/bahiaeconomica.com.br\/wp\/2024\/03\/13\/apos-insatisfacoes-com-marcinho-oliveira-robinho-assume-lideranca-do-uniao-brasil-na-alba\/\",\"url\":\"https:\/\/bahiaeconomica.com.br\/wp\/2024\/03\/13\/apos-insatisfacoes-com-marcinho-oliveira-robinho-assume-lideranca-do-uniao-brasil-na-alba\/\",\"name\":\"AP\u00d3S INSATISFA\u00c7\u00d5ES COM MARCINHO OLIVEIRA, ROBINHO ASSUME LIDERAN\u00c7A DO UNI\u00c3O BRASIL NA ALBA - Bahia Economica\",\"isPartOf\":{\"@id\":\"https:\/\/bahiaeconomica.com.br\/wp\/#website\"},\"datePublished\":\"2024-03-13T18:50:44+00:00\",\"dateModified\":\"2024-03-13T19:02:35+00:00\",\"description\":\"O maior portal de Economia da Bahia Pol\u00edtica Bahia Economica O deputado estadual Robinho teve seu nome oficializado, quarta-feira (13)\",\"breadcrumb\":{\"@id\":\"https:\/\/bahiaeconomica.com.br\/wp\/2024\/03\/13\/apos-insatisfacoes-com-marcinho-oliveira-robinho-assume-lideranca-do-uniao-brasil-na-alba\/#breadcrumb\"},\"inLanguage\":\"pt-BR\",\"potentialAction\":[{\"@type\":\"ReadAction\",\"target\":[\"https:\/\/bahiaeconomica.com.br\/wp\/2024\/03\/13\/apos-insatisfacoes-com-marcinho-oliveira-robinho-assume-lideranca-do-uniao-brasil-na-alba\/\"]}]},{\"@type\":\"BreadcrumbList\",\"@id\":\"https:\/\/bahiaeconomica.com.br\/wp\/2024\/03\/13\/apos-insatisfacoes-com-marcinho-oliveira-robinho-assume-lideranca-do-uniao-brasil-na-alba\/#breadcrumb\",\"itemListElement\":[{\"@type\":\"ListItem\",\"position\":1,\"name\":\"In\u00edcio\",\"item\":\"https:\/\/bahiaeconomica.com.br\/wp\/\"},{\"@type\":\"ListItem\",\"position\":2,\"name\":\"AP\u00d3S INSATISFA\u00c7\u00d5ES COM MARCINHO OLIVEIRA, ROBINHO ASSUME LIDERAN\u00c7A DO UNI\u00c3O BRASIL NA ALBA\"}]},{\"@type\":\"WebSite\",\"@id\":\"https:\/\/bahiaeconomica.com.br\/wp\/#website\",\"url\":\"https:\/\/bahiaeconomica.com.br\/wp\/\",\"name\":\"Bahia Economica\",\"description\":\"O maior portal de Economia da Bahia\",\"publisher\":{\"@id\":\"https:\/\/bahiaeconomica.com.br\/wp\/#organization\"},\"potentialAction\":[{\"@type\":\"SearchAction\",\"target\":{\"@type\":\"EntryPoint\",\"urlTemplate\":\"https:\/\/bahiaeconomica.com.br\/wp\/?s={search_term_string}\"},\"query-input\":\"required name=search_term_string\"}],\"inLanguage\":\"pt-BR\"},{\"@type\":\"Organization\",\"@id\":\"https:\/\/bahiaeconomica.com.br\/wp\/#organization\",\"name\":\"Bahia Econ\u00f4mica\",\"url\":\"https:\/\/bahiaeconomica.com.br\/wp\/\",\"logo\":{\"@type\":\"ImageObject\",\"inLanguage\":\"pt-BR\",\"@id\":\"https:\/\/bahiaeconomica.com.br\/wp\/#\/schema\/logo\/image\/\",\"url\":\"https:\/\/bahiaeconomica.com.br\/wp\/wp-content\/uploads\/2020\/12\/cropped-BE.png\",\"contentUrl\":\"https:\/\/bahiaeconomica.com.br\/wp\/wp-content\/uploads\/2020\/12\/cropped-BE.png\",\"width\":512,\"height\":512,\"caption\":\"Bahia Econ\u00f4mica\"},\"image\":{\"@id\":\"https:\/\/bahiaeconomica.com.br\/wp\/#\/schema\/logo\/image\/\"},\"sameAs\":[\"https:\/\/www.facebook.com\/bahiaeconomica\"]},{\"@type\":\"Person\",\"@id\":\"https:\/\/bahiaeconomica.com.br\/wp\/#\/schema\/person\/547396bb3b39ebb828ab5807d982c42f\",\"name\":\"Emily Oliveira\",\"sameAs\":[\"https:\/\/bahiaeconomica.com.br\/wp\/\"],\"url\":\"https:\/\/bahiaeconomica.com.br\/wp\/author\/emily-oliveira\/\"}]}<\/script>\n<!-- \/ Yoast SEO plugin. -->","yoast_head_json":{"title":"AP\u00d3S INSATISFA\u00c7\u00d5ES COM MARCINHO OLIVEIRA, ROBINHO ASSUME LIDERAN\u00c7A DO UNI\u00c3O BRASIL NA ALBA - Bahia Economica","description":"O maior portal de Economia da Bahia Pol\u00edtica Bahia Economica O deputado estadual Robinho teve seu nome oficializado, quarta-feira (13)","robots":{"index":"index","follow":"follow","max-snippet":"max-snippet:-1","max-image-preview":"max-image-preview:large","max-video-preview":"max-video-preview:-1"},"canonical":"https:\/\/bahiaeconomica.com.br\/wp\/2024\/03\/13\/apos-insatisfacoes-com-marcinho-oliveira-robinho-assume-lideranca-do-uniao-brasil-na-alba\/","og_locale":"pt_BR","og_type":"article","og_title":"AP\u00d3S INSATISFA\u00c7\u00d5ES COM MARCINHO OLIVEIRA, ROBINHO ASSUME LIDERAN\u00c7A DO UNI\u00c3O BRASIL NA ALBA - Bahia Economica","og_description":"O maior portal de Economia da Bahia Pol\u00edtica Bahia Economica O deputado estadual Robinho teve seu nome oficializado, quarta-feira (13)","og_url":"https:\/\/bahiaeconomica.com.br\/wp\/2024\/03\/13\/apos-insatisfacoes-com-marcinho-oliveira-robinho-assume-lideranca-do-uniao-brasil-na-alba\/","og_site_name":"Bahia Economica","article_publisher":"https:\/\/www.facebook.com\/bahiaeconomica","article_published_time":"2024-03-13T18:50:44+00:00","article_modified_time":"2024-03-13T19:02:35+00:00","og_image":[{"width":1200,"height":564,"url":"https:\/\/bahiaeconomica.com.br\/wp\/wp-content\/uploads\/2024\/03\/Deputado-Robinho-assume-lideranca-do-Uniao-Brasil-0126227500202403131544-ScaleDownProportional.webp","type":"image\/webp"}],"author":"Emily Oliveira","twitter_card":"summary_large_image","twitter_misc":{"Escrito por":"Emily Oliveira","Est. tempo de leitura":"1 minuto"},"schema":{"@context":"https:\/\/schema.org","@graph":[{"@type":"Article","@id":"https:\/\/bahiaeconomica.com.br\/wp\/2024\/03\/13\/apos-insatisfacoes-com-marcinho-oliveira-robinho-assume-lideranca-do-uniao-brasil-na-alba\/#article","isPartOf":{"@id":"https:\/\/bahiaeconomica.com.br\/wp\/2024\/03\/13\/apos-insatisfacoes-com-marcinho-oliveira-robinho-assume-lideranca-do-uniao-brasil-na-alba\/"},"author":{"name":"Emily Oliveira","@id":"https:\/\/bahiaeconomica.com.br\/wp\/#\/schema\/person\/547396bb3b39ebb828ab5807d982c42f"},"headline":"AP\u00d3S INSATISFA\u00c7\u00d5ES COM MARCINHO OLIVEIRA, ROBINHO ASSUME LIDERAN\u00c7A DO UNI\u00c3O BRASIL NA ALBA","datePublished":"2024-03-13T18:50:44+00:00","dateModified":"2024-03-13T19:02:35+00:00","mainEntityOfPage":{"@id":"https:\/\/bahiaeconomica.com.br\/wp\/2024\/03\/13\/apos-insatisfacoes-com-marcinho-oliveira-robinho-assume-lideranca-do-uniao-brasil-na-alba\/"},"wordCount":159,"publisher":{"@id":"https:\/\/bahiaeconomica.com.br\/wp\/#organization"},"keywords":["ALBA","Assembleia Legislativa da Bahia","deputado robinho","lideran\u00e7a do uniao brasil","marcinho oliveira","uni\u00e3o brasil na alba"],"articleSection":["Pol\u00edtica"],"inLanguage":"pt-BR"},{"@type":"WebPage","@id":"https:\/\/bahiaeconomica.com.br\/wp\/2024\/03\/13\/apos-insatisfacoes-com-marcinho-oliveira-robinho-assume-lideranca-do-uniao-brasil-na-alba\/","url":"https:\/\/bahiaeconomica.com.br\/wp\/2024\/03\/13\/apos-insatisfacoes-com-marcinho-oliveira-robinho-assume-lideranca-do-uniao-brasil-na-alba\/","name":"AP\u00d3S INSATISFA\u00c7\u00d5ES COM MARCINHO OLIVEIRA, ROBINHO ASSUME LIDERAN\u00c7A DO UNI\u00c3O BRASIL NA ALBA - Bahia Economica","isPartOf":{"@id":"https:\/\/bahiaeconomica.com.br\/wp\/#website"},"datePublished":"2024-03-13T18:50:44+00:00","dateModified":"2024-03-13T19:02:35+00:00","description":"O maior portal de Economia da Bahia Pol\u00edtica Bahia Economica O deputado estadual Robinho teve seu nome oficializado, quarta-feira (13)","breadcrumb":{"@id":"https:\/\/bahiaeconomica.com.br\/wp\/2024\/03\/13\/apos-insatisfacoes-com-marcinho-oliveira-robinho-assume-lideranca-do-uniao-brasil-na-alba\/#breadcrumb"},"inLanguage":"pt-BR","potentialAction":[{"@type":"ReadAction","target":["https:\/\/bahiaeconomica.com.br\/wp\/2024\/03\/13\/apos-insatisfacoes-com-marcinho-oliveira-robinho-assume-lideranca-do-uniao-brasil-na-alba\/"]}]},{"@type":"BreadcrumbList","@id":"https:\/\/bahiaeconomica.com.br\/wp\/2024\/03\/13\/apos-insatisfacoes-com-marcinho-oliveira-robinho-assume-lideranca-do-uniao-brasil-na-alba\/#breadcrumb","itemListElement":[{"@type":"ListItem","position":1,"name":"In\u00edcio","item":"https:\/\/bahiaeconomica.com.br\/wp\/"},{"@type":"ListItem","position":2,"name":"AP\u00d3S INSATISFA\u00c7\u00d5ES COM MARCINHO OLIVEIRA, ROBINHO ASSUME LIDERAN\u00c7A DO UNI\u00c3O BRASIL NA ALBA"}]},{"@type":"WebSite","@id":"https:\/\/bahiaeconomica.com.br\/wp\/#website","url":"https:\/\/bahiaeconomica.com.br\/wp\/","name":"Bahia Economica","description":"O maior portal de Economia da Bahia","publisher":{"@id":"https:\/\/bahiaeconomica.com.br\/wp\/#organization"},"potentialAction":[{"@type":"SearchAction","target":{"@type":"EntryPoint","urlTemplate":"https:\/\/bahiaeconomica.com.br\/wp\/?s={search_term_string}"},"query-input":"required name=search_term_string"}],"inLanguage":"pt-BR"},{"@type":"Organization","@id":"https:\/\/bahiaeconomica.com.br\/wp\/#organization","name":"Bahia Econ\u00f4mica","url":"https:\/\/bahiaeconomica.com.br\/wp\/","logo":{"@type":"ImageObject","inLanguage":"pt-BR","@id":"https:\/\/bahiaeconomica.com.br\/wp\/#\/schema\/logo\/image\/","url":"https:\/\/bahiaeconomica.com.br\/wp\/wp-content\/uploads\/2020\/12\/cropped-BE.png","contentUrl":"https:\/\/bahiaeconomica.com.br\/wp\/wp-content\/uploads\/2020\/12\/cropped-BE.png","width":512,"height":512,"caption":"Bahia Econ\u00f4mica"},"image":{"@id":"https:\/\/bahiaeconomica.com.br\/wp\/#\/schema\/logo\/image\/"},"sameAs":["https:\/\/www.facebook.com\/bahiaeconomica"]},{"@type":"Person","@id":"https:\/\/bahiaeconomica.com.br\/wp\/#\/schema\/person\/547396bb3b39ebb828ab5807d982c42f","name":"Emily Oliveira","sameAs":["https:\/\/bahiaeconomica.com.br\/wp\/"],"url":"https:\/\/bahiaeconomica.com.br\/wp\/author\/emily-oliveira\/"}]}},"views":6,"_links":{"self":[{"href":"https:\/\/bahiaeconomica.com.br\/wp\/wp-json\/wp\/v2\/posts\/804050"}],"collection":[{"href":"https:\/\/bahiaeconomica.com.br\/wp\/wp-json\/wp\/v2\/posts"}],"about":[{"href":"https:\/\/bahiaeconomica.com.br\/wp\/wp-json\/wp\/v2\/types\/post"}],"author":[{"embeddable":true,"href":"https:\/\/bahiaeconomica.com.br\/wp\/wp-json\/wp\/v2\/users\/18"}],"replies":[{"embeddable":true,"href":"https:\/\/bahiaeconomica.com.br\/wp\/wp-json\/wp\/v2\/comments?post=804050"}],"version-history":[{"count":1,"href":"https:\/\/bahiaeconomica.com.br\/wp\/wp-json\/wp\/v2\/posts\/804050\/revisions"}],"predecessor-version":[{"id":804055,"href":"https:\/\/bahiaeconomica.com.br\/wp\/wp-json\/wp\/v2\/posts\/804050\/revisions\/804055"}],"wp:featuredmedia":[{"embeddable":true,"href":"https:\/\/bahiaeconomica.com.br\/wp\/wp-json\/wp\/v2\/media\/804053"}],"wp:attachment":[{"href":"https:\/\/bahiaeconomica.com.br\/wp\/wp-json\/wp\/v2\/media?parent=804050"}],"wp:term":[{"taxonomy":"category","embeddable":true,"href":"https:\/\/bahiaeconomica.com.br\/wp\/wp-json\/wp\/v2\/categories?post=804050"},{"taxonomy":"post_tag","embeddable":true,"href":"https:\/\/bahiaeconomica.com.br\/wp\/wp-json\/wp\/v2\/tags?post=804050"}],"curies":[{"name":"wp","href":"https:\/\/api.w.org\/{rel}","templated":true}]}}