{"id":803940,"date":"2024-03-13T09:50:09","date_gmt":"2024-03-13T12:50:09","guid":{"rendered":"https:\/\/bahiaeconomica.com.br\/wp\/?p=803940"},"modified":"2024-03-13T09:50:09","modified_gmt":"2024-03-13T12:50:09","slug":"codecon-notifica-embasa-para-prestar-esclarecimentos-sobre-desabastecimento-em-ate-48h","status":"publish","type":"post","link":"https:\/\/bahiaeconomica.com.br\/wp\/2024\/03\/13\/codecon-notifica-embasa-para-prestar-esclarecimentos-sobre-desabastecimento-em-ate-48h\/","title":{"rendered":"CODECON NOTIFICA EMBASA PARA PRESTAR ESCLARECIMENTOS SOBRE DESABASTECIMENTO EM AT\u00c9 48H"},"content":{"rendered":"<p>Ap\u00f3s receber den\u00fancias, a Diretoria de A\u00e7\u00f5es de Prote\u00e7\u00e3o e Defesa do Consumidor (Codecon) notificou a Embasa para prestar esclarecimentos sobre o desabastecimento de \u00e1gua que afeta diversos bairros de Salvador, incluindo Plataforma, Ilha Amarela, Terezinha e Federa\u00e7\u00e3o, entre outros. A empresa tem at\u00e9 48 horas, a partir da ter\u00e7a-feira (12), para apresentar um relat\u00f3rio detalhado sobre a falha na presta\u00e7\u00e3o de servi\u00e7o, al\u00e9m de um plano de a\u00e7\u00e3o para atender \u00e0 popula\u00e7\u00e3o e evitar reincid\u00eancias.<\/p>\n<p>&nbsp;<\/p>\n<p>O diretor-geral da Codecon, Zilton Netto, explicou que se a Embasa n\u00e3o fornecer os documentos solicitados dentro do prazo estipulado, ser\u00e1 autuada e poder\u00e1 ser multada. &#8220;As empresas de \u00e1gua e energia est\u00e3o entre as tr\u00eas mais reclamadas na Codecon, e n\u00f3s realizamos v\u00e1rias a\u00e7\u00f5es para combater pr\u00e1ticas abusivas que prejudicam os consumidores. No caso espec\u00edfico da Embasa, recebemos v\u00e1rias den\u00fancias sobre o desabastecimento de \u00e1gua na cidade hoje e agimos imediatamente, buscando informa\u00e7\u00f5es e uma solu\u00e7\u00e3o para o problema. Se os documentos exigidos n\u00e3o forem apresentados, a Embasa ser\u00e1 autuada e estar\u00e1 sujeita a multa&#8221;, enfatizou Netto.<\/p>\n<p>&nbsp;<\/p>\n<p>Para denunciar falha na presta\u00e7\u00e3o de servi\u00e7o, os canais oficiais s\u00e3o o Aplicativo Codecon Mobile, Aplicativo Fala Salvador, site (www.codecon.salvador.ba.gov.br), portal do Fala Salvador (www.falasalvador.ba.gov.br) ou atrav\u00e9s do n\u00famero 156. A Central Municipal de Atendimento ao Consumidor funciona de segunda a sexta-feira em dias \u00fateis, das 8h \u00e0s 17h, na Rua Chile, 3, Centro. O cidad\u00e3o tamb\u00e9m pode ligar para o n\u00famero (71) 3202-6270 para mais informa\u00e7\u00f5es.<\/p>\n<p>&nbsp;<\/p>\n<p>Foto: \u00a0Bruno Concha\/Secom PMS<\/p>\n","protected":false},"excerpt":{"rendered":"<p>Ap\u00f3s receber den\u00fancias, a Diretoria de A\u00e7\u00f5es de Prote\u00e7\u00e3o e Defesa do Consumidor (Codecon) notificou a Embasa para prestar esclarecimentos sobre o desabastecimento de \u00e1gua que afeta diversos bairros de Salvador, incluindo Plataforma, Ilha Amarela, Terezinha e Federa\u00e7\u00e3o, entre outros. A empresa tem at\u00e9 48 horas, a partir da ter\u00e7a-feira (12), para apresentar um relat\u00f3rio [&hellip;]<\/p>\n","protected":false},"author":15,"featured_media":803942,"comment_status":"closed","ping_status":"closed","sticky":false,"template":"","format":"standard","meta":[],"categories":[5],"tags":[6385,4716,2696,28091],"acf":[],"yoast_head":"<!-- This site is optimized with the Yoast SEO plugin v20.8 - https:\/\/yoast.com\/wordpress\/plugins\/seo\/ -->\n<title>CODECON NOTIFICA EMBASA PARA PRESTAR ESCLARECIMENTOS SOBRE DESABASTECIMENTO EM AT\u00c9 48H - Bahia Economica<\/title>\n<meta name=\"description\" content=\"O maior portal de Economia da Bahia MUNIC\u00cdPIOS Bahia Economica Ap\u00f3s receber den\u00fancias, a Diretoria de A\u00e7\u00f5es de Prote\u00e7\u00e3o e Defesa\" \/>\n<meta name=\"robots\" content=\"index, follow, max-snippet:-1, max-image-preview:large, max-video-preview:-1\" \/>\n<link rel=\"canonical\" href=\"https:\/\/bahiaeconomica.com.br\/wp\/2024\/03\/13\/codecon-notifica-embasa-para-prestar-esclarecimentos-sobre-desabastecimento-em-ate-48h\/\" \/>\n<meta property=\"og:locale\" content=\"pt_BR\" \/>\n<meta property=\"og:type\" content=\"article\" \/>\n<meta property=\"og:title\" content=\"CODECON NOTIFICA EMBASA PARA PRESTAR ESCLARECIMENTOS SOBRE DESABASTECIMENTO EM AT\u00c9 48H - Bahia Economica\" \/>\n<meta property=\"og:description\" content=\"O maior portal de Economia da Bahia MUNIC\u00cdPIOS Bahia Economica Ap\u00f3s receber den\u00fancias, a Diretoria de A\u00e7\u00f5es de Prote\u00e7\u00e3o e Defesa\" \/>\n<meta property=\"og:url\" content=\"https:\/\/bahiaeconomica.com.br\/wp\/2024\/03\/13\/codecon-notifica-embasa-para-prestar-esclarecimentos-sobre-desabastecimento-em-ate-48h\/\" \/>\n<meta property=\"og:site_name\" content=\"Bahia Economica\" \/>\n<meta property=\"article:publisher\" content=\"https:\/\/www.facebook.com\/bahiaeconomica\" \/>\n<meta property=\"article:published_time\" content=\"2024-03-13T12:50:09+00:00\" \/>\n<meta property=\"og:image\" content=\"https:\/\/bahiaeconomica.com.br\/wp\/wp-content\/uploads\/2024\/03\/Codecon_Fot-Bruno-Concha_Secom_Pms-1-1-scaled.jpg\" \/>\n\t<meta property=\"og:image:width\" content=\"2560\" \/>\n\t<meta property=\"og:image:height\" content=\"1707\" \/>\n\t<meta property=\"og:image:type\" content=\"image\/jpeg\" \/>\n<meta name=\"author\" content=\"VICTORIA ISABEL\" \/>\n<meta name=\"twitter:card\" content=\"summary_large_image\" \/>\n<meta name=\"twitter:label1\" content=\"Escrito por\" \/>\n\t<meta name=\"twitter:data1\" content=\"VICTORIA ISABEL\" \/>\n\t<meta name=\"twitter:label2\" content=\"Est. tempo de leitura\" \/>\n\t<meta name=\"twitter:data2\" content=\"2 minutos\" \/>\n<script type=\"application\/ld+json\" class=\"yoast-schema-graph\">{\"@context\":\"https:\/\/schema.org\",\"@graph\":[{\"@type\":\"Article\",\"@id\":\"https:\/\/bahiaeconomica.com.br\/wp\/2024\/03\/13\/codecon-notifica-embasa-para-prestar-esclarecimentos-sobre-desabastecimento-em-ate-48h\/#article\",\"isPartOf\":{\"@id\":\"https:\/\/bahiaeconomica.com.br\/wp\/2024\/03\/13\/codecon-notifica-embasa-para-prestar-esclarecimentos-sobre-desabastecimento-em-ate-48h\/\"},\"author\":{\"name\":\"VICTORIA ISABEL\",\"@id\":\"https:\/\/bahiaeconomica.com.br\/wp\/#\/schema\/person\/b719ce0fb1c09f3c7a00d9243ced4a6f\"},\"headline\":\"CODECON NOTIFICA EMBASA PARA PRESTAR ESCLARECIMENTOS SOBRE DESABASTECIMENTO EM AT\u00c9 48H\",\"datePublished\":\"2024-03-13T12:50:09+00:00\",\"dateModified\":\"2024-03-13T12:50:09+00:00\",\"mainEntityOfPage\":{\"@id\":\"https:\/\/bahiaeconomica.com.br\/wp\/2024\/03\/13\/codecon-notifica-embasa-para-prestar-esclarecimentos-sobre-desabastecimento-em-ate-48h\/\"},\"wordCount\":298,\"publisher\":{\"@id\":\"https:\/\/bahiaeconomica.com.br\/wp\/#organization\"},\"keywords\":[\"Codecon\",\"desabastecimento\",\"embasa\",\"esclarecimentos\"],\"articleSection\":[\"MUNIC\u00cdPIOS\"],\"inLanguage\":\"pt-BR\"},{\"@type\":\"WebPage\",\"@id\":\"https:\/\/bahiaeconomica.com.br\/wp\/2024\/03\/13\/codecon-notifica-embasa-para-prestar-esclarecimentos-sobre-desabastecimento-em-ate-48h\/\",\"url\":\"https:\/\/bahiaeconomica.com.br\/wp\/2024\/03\/13\/codecon-notifica-embasa-para-prestar-esclarecimentos-sobre-desabastecimento-em-ate-48h\/\",\"name\":\"CODECON NOTIFICA EMBASA PARA PRESTAR ESCLARECIMENTOS SOBRE DESABASTECIMENTO EM AT\u00c9 48H - Bahia Economica\",\"isPartOf\":{\"@id\":\"https:\/\/bahiaeconomica.com.br\/wp\/#website\"},\"datePublished\":\"2024-03-13T12:50:09+00:00\",\"dateModified\":\"2024-03-13T12:50:09+00:00\",\"description\":\"O maior portal de Economia da Bahia MUNIC\u00cdPIOS Bahia Economica Ap\u00f3s receber den\u00fancias, a Diretoria de A\u00e7\u00f5es de Prote\u00e7\u00e3o e Defesa\",\"breadcrumb\":{\"@id\":\"https:\/\/bahiaeconomica.com.br\/wp\/2024\/03\/13\/codecon-notifica-embasa-para-prestar-esclarecimentos-sobre-desabastecimento-em-ate-48h\/#breadcrumb\"},\"inLanguage\":\"pt-BR\",\"potentialAction\":[{\"@type\":\"ReadAction\",\"target\":[\"https:\/\/bahiaeconomica.com.br\/wp\/2024\/03\/13\/codecon-notifica-embasa-para-prestar-esclarecimentos-sobre-desabastecimento-em-ate-48h\/\"]}]},{\"@type\":\"BreadcrumbList\",\"@id\":\"https:\/\/bahiaeconomica.com.br\/wp\/2024\/03\/13\/codecon-notifica-embasa-para-prestar-esclarecimentos-sobre-desabastecimento-em-ate-48h\/#breadcrumb\",\"itemListElement\":[{\"@type\":\"ListItem\",\"position\":1,\"name\":\"In\u00edcio\",\"item\":\"https:\/\/bahiaeconomica.com.br\/wp\/\"},{\"@type\":\"ListItem\",\"position\":2,\"name\":\"CODECON NOTIFICA EMBASA PARA PRESTAR ESCLARECIMENTOS SOBRE DESABASTECIMENTO EM AT\u00c9 48H\"}]},{\"@type\":\"WebSite\",\"@id\":\"https:\/\/bahiaeconomica.com.br\/wp\/#website\",\"url\":\"https:\/\/bahiaeconomica.com.br\/wp\/\",\"name\":\"Bahia Economica\",\"description\":\"O maior portal de Economia da Bahia\",\"publisher\":{\"@id\":\"https:\/\/bahiaeconomica.com.br\/wp\/#organization\"},\"potentialAction\":[{\"@type\":\"SearchAction\",\"target\":{\"@type\":\"EntryPoint\",\"urlTemplate\":\"https:\/\/bahiaeconomica.com.br\/wp\/?s={search_term_string}\"},\"query-input\":\"required name=search_term_string\"}],\"inLanguage\":\"pt-BR\"},{\"@type\":\"Organization\",\"@id\":\"https:\/\/bahiaeconomica.com.br\/wp\/#organization\",\"name\":\"Bahia Econ\u00f4mica\",\"url\":\"https:\/\/bahiaeconomica.com.br\/wp\/\",\"logo\":{\"@type\":\"ImageObject\",\"inLanguage\":\"pt-BR\",\"@id\":\"https:\/\/bahiaeconomica.com.br\/wp\/#\/schema\/logo\/image\/\",\"url\":\"https:\/\/bahiaeconomica.com.br\/wp\/wp-content\/uploads\/2020\/12\/cropped-BE.png\",\"contentUrl\":\"https:\/\/bahiaeconomica.com.br\/wp\/wp-content\/uploads\/2020\/12\/cropped-BE.png\",\"width\":512,\"height\":512,\"caption\":\"Bahia Econ\u00f4mica\"},\"image\":{\"@id\":\"https:\/\/bahiaeconomica.com.br\/wp\/#\/schema\/logo\/image\/\"},\"sameAs\":[\"https:\/\/www.facebook.com\/bahiaeconomica\"]},{\"@type\":\"Person\",\"@id\":\"https:\/\/bahiaeconomica.com.br\/wp\/#\/schema\/person\/b719ce0fb1c09f3c7a00d9243ced4a6f\",\"name\":\"VICTORIA ISABEL\",\"sameAs\":[\"http:\/\/www.bahiaeconomica.com.br\"],\"url\":\"https:\/\/bahiaeconomica.com.br\/wp\/author\/victoria-isabel\/\"}]}<\/script>\n<!-- \/ Yoast SEO plugin. -->","yoast_head_json":{"title":"CODECON NOTIFICA EMBASA PARA PRESTAR ESCLARECIMENTOS SOBRE DESABASTECIMENTO EM AT\u00c9 48H - Bahia Economica","description":"O maior portal de Economia da Bahia MUNIC\u00cdPIOS Bahia Economica Ap\u00f3s receber den\u00fancias, a Diretoria de A\u00e7\u00f5es de Prote\u00e7\u00e3o e Defesa","robots":{"index":"index","follow":"follow","max-snippet":"max-snippet:-1","max-image-preview":"max-image-preview:large","max-video-preview":"max-video-preview:-1"},"canonical":"https:\/\/bahiaeconomica.com.br\/wp\/2024\/03\/13\/codecon-notifica-embasa-para-prestar-esclarecimentos-sobre-desabastecimento-em-ate-48h\/","og_locale":"pt_BR","og_type":"article","og_title":"CODECON NOTIFICA EMBASA PARA PRESTAR ESCLARECIMENTOS SOBRE DESABASTECIMENTO EM AT\u00c9 48H - Bahia Economica","og_description":"O maior portal de Economia da Bahia MUNIC\u00cdPIOS Bahia Economica Ap\u00f3s receber den\u00fancias, a Diretoria de A\u00e7\u00f5es de Prote\u00e7\u00e3o e Defesa","og_url":"https:\/\/bahiaeconomica.com.br\/wp\/2024\/03\/13\/codecon-notifica-embasa-para-prestar-esclarecimentos-sobre-desabastecimento-em-ate-48h\/","og_site_name":"Bahia Economica","article_publisher":"https:\/\/www.facebook.com\/bahiaeconomica","article_published_time":"2024-03-13T12:50:09+00:00","og_image":[{"width":2560,"height":1707,"url":"https:\/\/bahiaeconomica.com.br\/wp\/wp-content\/uploads\/2024\/03\/Codecon_Fot-Bruno-Concha_Secom_Pms-1-1-scaled.jpg","type":"image\/jpeg"}],"author":"VICTORIA ISABEL","twitter_card":"summary_large_image","twitter_misc":{"Escrito por":"VICTORIA ISABEL","Est. tempo de leitura":"2 minutos"},"schema":{"@context":"https:\/\/schema.org","@graph":[{"@type":"Article","@id":"https:\/\/bahiaeconomica.com.br\/wp\/2024\/03\/13\/codecon-notifica-embasa-para-prestar-esclarecimentos-sobre-desabastecimento-em-ate-48h\/#article","isPartOf":{"@id":"https:\/\/bahiaeconomica.com.br\/wp\/2024\/03\/13\/codecon-notifica-embasa-para-prestar-esclarecimentos-sobre-desabastecimento-em-ate-48h\/"},"author":{"name":"VICTORIA ISABEL","@id":"https:\/\/bahiaeconomica.com.br\/wp\/#\/schema\/person\/b719ce0fb1c09f3c7a00d9243ced4a6f"},"headline":"CODECON NOTIFICA EMBASA PARA PRESTAR ESCLARECIMENTOS SOBRE DESABASTECIMENTO EM AT\u00c9 48H","datePublished":"2024-03-13T12:50:09+00:00","dateModified":"2024-03-13T12:50:09+00:00","mainEntityOfPage":{"@id":"https:\/\/bahiaeconomica.com.br\/wp\/2024\/03\/13\/codecon-notifica-embasa-para-prestar-esclarecimentos-sobre-desabastecimento-em-ate-48h\/"},"wordCount":298,"publisher":{"@id":"https:\/\/bahiaeconomica.com.br\/wp\/#organization"},"keywords":["Codecon","desabastecimento","embasa","esclarecimentos"],"articleSection":["MUNIC\u00cdPIOS"],"inLanguage":"pt-BR"},{"@type":"WebPage","@id":"https:\/\/bahiaeconomica.com.br\/wp\/2024\/03\/13\/codecon-notifica-embasa-para-prestar-esclarecimentos-sobre-desabastecimento-em-ate-48h\/","url":"https:\/\/bahiaeconomica.com.br\/wp\/2024\/03\/13\/codecon-notifica-embasa-para-prestar-esclarecimentos-sobre-desabastecimento-em-ate-48h\/","name":"CODECON NOTIFICA EMBASA PARA PRESTAR ESCLARECIMENTOS SOBRE DESABASTECIMENTO EM AT\u00c9 48H - Bahia Economica","isPartOf":{"@id":"https:\/\/bahiaeconomica.com.br\/wp\/#website"},"datePublished":"2024-03-13T12:50:09+00:00","dateModified":"2024-03-13T12:50:09+00:00","description":"O maior portal de Economia da Bahia MUNIC\u00cdPIOS Bahia Economica Ap\u00f3s receber den\u00fancias, a Diretoria de A\u00e7\u00f5es de Prote\u00e7\u00e3o e Defesa","breadcrumb":{"@id":"https:\/\/bahiaeconomica.com.br\/wp\/2024\/03\/13\/codecon-notifica-embasa-para-prestar-esclarecimentos-sobre-desabastecimento-em-ate-48h\/#breadcrumb"},"inLanguage":"pt-BR","potentialAction":[{"@type":"ReadAction","target":["https:\/\/bahiaeconomica.com.br\/wp\/2024\/03\/13\/codecon-notifica-embasa-para-prestar-esclarecimentos-sobre-desabastecimento-em-ate-48h\/"]}]},{"@type":"BreadcrumbList","@id":"https:\/\/bahiaeconomica.com.br\/wp\/2024\/03\/13\/codecon-notifica-embasa-para-prestar-esclarecimentos-sobre-desabastecimento-em-ate-48h\/#breadcrumb","itemListElement":[{"@type":"ListItem","position":1,"name":"In\u00edcio","item":"https:\/\/bahiaeconomica.com.br\/wp\/"},{"@type":"ListItem","position":2,"name":"CODECON NOTIFICA EMBASA PARA PRESTAR ESCLARECIMENTOS SOBRE DESABASTECIMENTO EM AT\u00c9 48H"}]},{"@type":"WebSite","@id":"https:\/\/bahiaeconomica.com.br\/wp\/#website","url":"https:\/\/bahiaeconomica.com.br\/wp\/","name":"Bahia Economica","description":"O maior portal de Economia da Bahia","publisher":{"@id":"https:\/\/bahiaeconomica.com.br\/wp\/#organization"},"potentialAction":[{"@type":"SearchAction","target":{"@type":"EntryPoint","urlTemplate":"https:\/\/bahiaeconomica.com.br\/wp\/?s={search_term_string}"},"query-input":"required name=search_term_string"}],"inLanguage":"pt-BR"},{"@type":"Organization","@id":"https:\/\/bahiaeconomica.com.br\/wp\/#organization","name":"Bahia Econ\u00f4mica","url":"https:\/\/bahiaeconomica.com.br\/wp\/","logo":{"@type":"ImageObject","inLanguage":"pt-BR","@id":"https:\/\/bahiaeconomica.com.br\/wp\/#\/schema\/logo\/image\/","url":"https:\/\/bahiaeconomica.com.br\/wp\/wp-content\/uploads\/2020\/12\/cropped-BE.png","contentUrl":"https:\/\/bahiaeconomica.com.br\/wp\/wp-content\/uploads\/2020\/12\/cropped-BE.png","width":512,"height":512,"caption":"Bahia Econ\u00f4mica"},"image":{"@id":"https:\/\/bahiaeconomica.com.br\/wp\/#\/schema\/logo\/image\/"},"sameAs":["https:\/\/www.facebook.com\/bahiaeconomica"]},{"@type":"Person","@id":"https:\/\/bahiaeconomica.com.br\/wp\/#\/schema\/person\/b719ce0fb1c09f3c7a00d9243ced4a6f","name":"VICTORIA ISABEL","sameAs":["http:\/\/www.bahiaeconomica.com.br"],"url":"https:\/\/bahiaeconomica.com.br\/wp\/author\/victoria-isabel\/"}]}},"views":24,"_links":{"self":[{"href":"https:\/\/bahiaeconomica.com.br\/wp\/wp-json\/wp\/v2\/posts\/803940"}],"collection":[{"href":"https:\/\/bahiaeconomica.com.br\/wp\/wp-json\/wp\/v2\/posts"}],"about":[{"href":"https:\/\/bahiaeconomica.com.br\/wp\/wp-json\/wp\/v2\/types\/post"}],"author":[{"embeddable":true,"href":"https:\/\/bahiaeconomica.com.br\/wp\/wp-json\/wp\/v2\/users\/15"}],"replies":[{"embeddable":true,"href":"https:\/\/bahiaeconomica.com.br\/wp\/wp-json\/wp\/v2\/comments?post=803940"}],"version-history":[{"count":1,"href":"https:\/\/bahiaeconomica.com.br\/wp\/wp-json\/wp\/v2\/posts\/803940\/revisions"}],"predecessor-version":[{"id":803943,"href":"https:\/\/bahiaeconomica.com.br\/wp\/wp-json\/wp\/v2\/posts\/803940\/revisions\/803943"}],"wp:featuredmedia":[{"embeddable":true,"href":"https:\/\/bahiaeconomica.com.br\/wp\/wp-json\/wp\/v2\/media\/803942"}],"wp:attachment":[{"href":"https:\/\/bahiaeconomica.com.br\/wp\/wp-json\/wp\/v2\/media?parent=803940"}],"wp:term":[{"taxonomy":"category","embeddable":true,"href":"https:\/\/bahiaeconomica.com.br\/wp\/wp-json\/wp\/v2\/categories?post=803940"},{"taxonomy":"post_tag","embeddable":true,"href":"https:\/\/bahiaeconomica.com.br\/wp\/wp-json\/wp\/v2\/tags?post=803940"}],"curies":[{"name":"wp","href":"https:\/\/api.w.org\/{rel}","templated":true}]}}