{"id":803588,"date":"2024-03-12T07:00:39","date_gmt":"2024-03-12T10:00:39","guid":{"rendered":"https:\/\/bahiaeconomica.com.br\/wp\/?p=803588"},"modified":"2024-03-12T07:14:43","modified_gmt":"2024-03-12T10:14:43","slug":"atlasintel-a-tarde-bruno-reis-atinge-64-e-seria-reeleito-no-1o-turno","status":"publish","type":"post","link":"https:\/\/bahiaeconomica.com.br\/wp\/2024\/03\/12\/atlasintel-a-tarde-bruno-reis-atinge-64-e-seria-reeleito-no-1o-turno\/","title":{"rendered":"ATLASINTEL\/A TARDE: BRUNO REIS TEM 51.4%, GERALDO J\u00daNIOR TEM 18.4%, E KL\u00c9BER ROSA TEM 8.4%"},"content":{"rendered":"<p>Atual prefeito de Salvador, Bruno Reis (Uni\u00e3o Brasil) seria reeleito em primeiro turno nas elei\u00e7\u00f5es de outubro, de acordo com a primeira sondagem da pesquisa AtlasIntel\/A TARDE na capital baiana. Segundo o levantamento, caso a elei\u00e7\u00e3o fosse hoje, Bruno Reis teria 51,4% dos votos, mais que todos os demais candidatos somados. Geraldo Jr (MDB), com 18,4%, Kl\u00e9ber Rosa (PSOL), 8,4% e Luciana Buck (Novo), com 1,8%, completam a lista, que tem ainda 11,2% de votos brancos e nulos e 8,8% de indecisos. De acordo com a pesquisa, considerando apenas os votos v\u00e1lidos, Bruno Reis desponta com 64,4%, Geraldo Jr com 23%, Kleber Rosa 10,4% e Luciana Buck marca 2,2%.<\/p>\n<p>Os primeiros n\u00fameros apontam um cen\u00e1rio diferente em rela\u00e7\u00e3o ao observado na elei\u00e7\u00e3o para o Governo do Estado em 2022, quando Atlas projetou a vit\u00f3ria de Jer\u00f4nimo Rodrigues (PT). A polariza\u00e7\u00e3o verificada na ocasi\u00e3o, com alinhamentos evidentes entres candidatos ao governo com o presidente Lula (PT) ou o ex-presidente Jair Bolsonaro (PL), n\u00e3o se repete no novo cen\u00e1rio, ao sugerir uma prefer\u00eancia mais homog\u00eanea por Bruno Reis, acima das quest\u00f5es ideol\u00f3gicas que t\u00eam marcado o debate pol\u00edtico nacional.<\/p>\n<p>Segundo o executivo-chefe da AtlasIntel, Andrei Roman, isso se explica pela forte presen\u00e7a de votos do presidente Lula em ACM Neto nas \u00faltimas elei\u00e7\u00f5es e pela aprova\u00e7\u00e3o, tanto entre eleitores do governador Jer\u00f4nimo quanto por bolsonaristas, da gest\u00e3o do atual prefeito da capital. \u201cQuase metade dos eleitores do ACM Neto era lulista. Isso se reflete tamb\u00e9m no perfil do eleitorado de Bruno Reis, cujo eleitor n\u00e3o \u00e9 de direita. \u00c9 um eleitorado bastante diversificado. Talvez um pouco \u00e0 direita, mas certamente n\u00e3o \u00e9 um eleitorado bolsonarista\u201d, avalia Roman.<\/p>\n<p>Preferido por 38,8% dos votantes de Lula em 2022, Bruno Reis tamb\u00e9m angaria a simpatia majorit\u00e1ria de votantes de todos os outros candidatos do \u00faltimo pleito presidencial com 76,3% dos votantes de Jair Bolsonaro (PL), 71,3% dos votantes de Simone Tebet (MDB), 56,6 dos eleitores de Ciro Gomes (PDT) e 49,5% da prefer\u00eancia dos simpatizantes de outros candidatos. Bruno tamb\u00e9m tem a maioria entre os que votaram branco ou nulo, com 37,8%, e entre os que n\u00e3o votaram na elei\u00e7\u00e3o de 2022, com 67,2% da prefer\u00eancia deste grupo.<\/p>\n<p>Dos eleitores que votaram em seu antecessor, o ex-prefeito ACM Neto, em 2022, 78,8% declararam voto em Bruno Reis. J\u00e1 os eleitores de Jo\u00e3o Roma (PL), que deve abrir m\u00e3o da sua candidatura para apoiar a reelei\u00e7\u00e3o do prefeito, apontaram a transfer\u00eancia de 56,2% dos votos do bolsonarista. J\u00e1 entre os votantes da elei\u00e7\u00e3o de 2020, quando se sagrou vitorioso, Bruno angaria 79,2% dos votos que recebeu na ocasi\u00e3o, e possui a maioria entre os votantes de Cezar Leite (37,6%), Olivia Santana (27,8%) e entre os que n\u00e3o votaram (43,8%).<\/p>\n<p>Em segundo lugar na pesquisa, Geraldo Jr. recebe a maioria dos votos de Major Denice (54,5%), Pastor Sargento Isid\u00f3rio (62%) e Hilton Coelho (16,2%). O prefeito tamb\u00e9m domina os \u00edndices de inten\u00e7\u00e3o de voto em diversos grupos demogr\u00e1ficos com a prefer\u00eancia entre homens (49,4%), mulheres (53%) e em diversos grupos religiosos: Cat\u00f3licos (58,5%), Evang\u00e9lico (45,4%), Outra religi\u00e3o (38,7%), Agn\u00f3stico ou Ateu (46,1%).<\/p>\n<p>Foto: Bruno Reis, atual prefeito, Geraldo J\u00fanior, vice-governador da Bahia, e Kleber Rosa, aparecem na frente na pesquisa para a Prefeitura de Salvador<span class=\" credit\">Prefeitura de Salvador\/Jo\u00e1 Souza\/GOVBA\/Reprodu\u00e7\u00e3o\/Instagram<\/span><\/p>\n","protected":false},"excerpt":{"rendered":"<p>Atual prefeito de Salvador, Bruno Reis (Uni\u00e3o Brasil) seria reeleito em primeiro turno nas elei\u00e7\u00f5es de outubro, de acordo com a primeira sondagem da pesquisa AtlasIntel\/A TARDE na capital baiana. Segundo o levantamento, caso a elei\u00e7\u00e3o fosse hoje, Bruno Reis teria 51,4% dos votos, mais que todos os demais candidatos somados. Geraldo Jr (MDB), com [&hellip;]<\/p>\n","protected":false},"author":8,"featured_media":803605,"comment_status":"closed","ping_status":"closed","sticky":false,"template":"","format":"standard","meta":[],"categories":[14,3,14601],"tags":[2033,52,166,184,836],"acf":[],"yoast_head":"<!-- This site is optimized with the Yoast SEO plugin v20.8 - https:\/\/yoast.com\/wordpress\/plugins\/seo\/ -->\n<title>ATLASINTEL\/A TARDE: BRUNO REIS TEM 51.4%, GERALDO J\u00daNIOR TEM 18.4%, E KL\u00c9BER ROSA TEM 8.4% - Bahia Economica<\/title>\n<meta name=\"description\" content=\"O maior portal de Economia da Bahia DESTAQUE DO DIA, ECONOMIA \/ POL\u00cdTICA, Pol\u00edtica Bahia Economica \u00edndices de inten\u00e7\u00e3o de voto em diversos grupos demogr\u00e1ficos\" \/>\n<meta name=\"robots\" content=\"index, follow, max-snippet:-1, max-image-preview:large, max-video-preview:-1\" \/>\n<link rel=\"canonical\" href=\"https:\/\/bahiaeconomica.com.br\/wp\/2024\/03\/12\/atlasintel-a-tarde-bruno-reis-atinge-64-e-seria-reeleito-no-1o-turno\/\" \/>\n<meta property=\"og:locale\" content=\"pt_BR\" \/>\n<meta property=\"og:type\" content=\"article\" \/>\n<meta property=\"og:title\" content=\"ATLASINTEL\/A TARDE: BRUNO REIS TEM 51.4%, GERALDO J\u00daNIOR TEM 18.4%, E KL\u00c9BER ROSA TEM 8.4% - Bahia Economica\" \/>\n<meta property=\"og:description\" content=\"O maior portal de Economia da Bahia DESTAQUE DO DIA, ECONOMIA \/ POL\u00cdTICA, Pol\u00edtica Bahia Economica \u00edndices de inten\u00e7\u00e3o de voto em diversos grupos demogr\u00e1ficos\" \/>\n<meta property=\"og:url\" content=\"https:\/\/bahiaeconomica.com.br\/wp\/2024\/03\/12\/atlasintel-a-tarde-bruno-reis-atinge-64-e-seria-reeleito-no-1o-turno\/\" \/>\n<meta property=\"og:site_name\" content=\"Bahia Economica\" \/>\n<meta property=\"article:publisher\" content=\"https:\/\/www.facebook.com\/bahiaeconomica\" \/>\n<meta property=\"article:published_time\" content=\"2024-03-12T10:00:39+00:00\" \/>\n<meta property=\"article:modified_time\" content=\"2024-03-12T10:14:43+00:00\" \/>\n<meta property=\"og:image\" content=\"https:\/\/bahiaeconomica.com.br\/wp\/wp-content\/uploads\/2024\/03\/salvador-2SSSSSSSSSSSS.jpg\" \/>\n\t<meta property=\"og:image:width\" content=\"1219\" \/>\n\t<meta property=\"og:image:height\" content=\"538\" \/>\n\t<meta property=\"og:image:type\" content=\"image\/jpeg\" \/>\n<meta name=\"author\" content=\"JP\" \/>\n<meta name=\"twitter:card\" content=\"summary_large_image\" \/>\n<meta name=\"twitter:label1\" content=\"Escrito por\" \/>\n\t<meta name=\"twitter:data1\" content=\"JP\" \/>\n\t<meta name=\"twitter:label2\" content=\"Est. tempo de leitura\" \/>\n\t<meta name=\"twitter:data2\" content=\"3 minutos\" \/>\n<script type=\"application\/ld+json\" class=\"yoast-schema-graph\">{\"@context\":\"https:\/\/schema.org\",\"@graph\":[{\"@type\":\"Article\",\"@id\":\"https:\/\/bahiaeconomica.com.br\/wp\/2024\/03\/12\/atlasintel-a-tarde-bruno-reis-atinge-64-e-seria-reeleito-no-1o-turno\/#article\",\"isPartOf\":{\"@id\":\"https:\/\/bahiaeconomica.com.br\/wp\/2024\/03\/12\/atlasintel-a-tarde-bruno-reis-atinge-64-e-seria-reeleito-no-1o-turno\/\"},\"author\":{\"name\":\"JP\",\"@id\":\"https:\/\/bahiaeconomica.com.br\/wp\/#\/schema\/person\/c86d3a3f8960425a0f9d0e5245991f4e\"},\"headline\":\"ATLASINTEL\/A TARDE: BRUNO REIS TEM 51.4%, GERALDO J\u00daNIOR TEM 18.4%, E KL\u00c9BER ROSA TEM 8.4%\",\"datePublished\":\"2024-03-12T10:00:39+00:00\",\"dateModified\":\"2024-03-12T10:14:43+00:00\",\"mainEntityOfPage\":{\"@id\":\"https:\/\/bahiaeconomica.com.br\/wp\/2024\/03\/12\/atlasintel-a-tarde-bruno-reis-atinge-64-e-seria-reeleito-no-1o-turno\/\"},\"wordCount\":574,\"publisher\":{\"@id\":\"https:\/\/bahiaeconomica.com.br\/wp\/#organization\"},\"keywords\":[\"aprova\u00e7\u00e3o\",\"Brasil\",\"Bruno Reis\",\"Pesquisa\",\"prefeitura\"],\"articleSection\":[\"DESTAQUE DO DIA\",\"ECONOMIA \/ POL\u00cdTICA\",\"Pol\u00edtica\"],\"inLanguage\":\"pt-BR\"},{\"@type\":\"WebPage\",\"@id\":\"https:\/\/bahiaeconomica.com.br\/wp\/2024\/03\/12\/atlasintel-a-tarde-bruno-reis-atinge-64-e-seria-reeleito-no-1o-turno\/\",\"url\":\"https:\/\/bahiaeconomica.com.br\/wp\/2024\/03\/12\/atlasintel-a-tarde-bruno-reis-atinge-64-e-seria-reeleito-no-1o-turno\/\",\"name\":\"ATLASINTEL\/A TARDE: BRUNO REIS TEM 51.4%, GERALDO J\u00daNIOR TEM 18.4%, E KL\u00c9BER ROSA TEM 8.4% - Bahia Economica\",\"isPartOf\":{\"@id\":\"https:\/\/bahiaeconomica.com.br\/wp\/#website\"},\"datePublished\":\"2024-03-12T10:00:39+00:00\",\"dateModified\":\"2024-03-12T10:14:43+00:00\",\"description\":\"O maior portal de Economia da Bahia DESTAQUE DO DIA, ECONOMIA \/ POL\u00cdTICA, Pol\u00edtica Bahia Economica \u00edndices de inten\u00e7\u00e3o de voto em diversos grupos demogr\u00e1ficos\",\"breadcrumb\":{\"@id\":\"https:\/\/bahiaeconomica.com.br\/wp\/2024\/03\/12\/atlasintel-a-tarde-bruno-reis-atinge-64-e-seria-reeleito-no-1o-turno\/#breadcrumb\"},\"inLanguage\":\"pt-BR\",\"potentialAction\":[{\"@type\":\"ReadAction\",\"target\":[\"https:\/\/bahiaeconomica.com.br\/wp\/2024\/03\/12\/atlasintel-a-tarde-bruno-reis-atinge-64-e-seria-reeleito-no-1o-turno\/\"]}]},{\"@type\":\"BreadcrumbList\",\"@id\":\"https:\/\/bahiaeconomica.com.br\/wp\/2024\/03\/12\/atlasintel-a-tarde-bruno-reis-atinge-64-e-seria-reeleito-no-1o-turno\/#breadcrumb\",\"itemListElement\":[{\"@type\":\"ListItem\",\"position\":1,\"name\":\"In\u00edcio\",\"item\":\"https:\/\/bahiaeconomica.com.br\/wp\/\"},{\"@type\":\"ListItem\",\"position\":2,\"name\":\"ATLASINTEL\/A TARDE: BRUNO REIS TEM 51.4%, GERALDO J\u00daNIOR TEM 18.4%, E KL\u00c9BER ROSA TEM 8.4%\"}]},{\"@type\":\"WebSite\",\"@id\":\"https:\/\/bahiaeconomica.com.br\/wp\/#website\",\"url\":\"https:\/\/bahiaeconomica.com.br\/wp\/\",\"name\":\"Bahia Economica\",\"description\":\"O maior portal de Economia da Bahia\",\"publisher\":{\"@id\":\"https:\/\/bahiaeconomica.com.br\/wp\/#organization\"},\"potentialAction\":[{\"@type\":\"SearchAction\",\"target\":{\"@type\":\"EntryPoint\",\"urlTemplate\":\"https:\/\/bahiaeconomica.com.br\/wp\/?s={search_term_string}\"},\"query-input\":\"required name=search_term_string\"}],\"inLanguage\":\"pt-BR\"},{\"@type\":\"Organization\",\"@id\":\"https:\/\/bahiaeconomica.com.br\/wp\/#organization\",\"name\":\"Bahia Econ\u00f4mica\",\"url\":\"https:\/\/bahiaeconomica.com.br\/wp\/\",\"logo\":{\"@type\":\"ImageObject\",\"inLanguage\":\"pt-BR\",\"@id\":\"https:\/\/bahiaeconomica.com.br\/wp\/#\/schema\/logo\/image\/\",\"url\":\"https:\/\/bahiaeconomica.com.br\/wp\/wp-content\/uploads\/2020\/12\/cropped-BE.png\",\"contentUrl\":\"https:\/\/bahiaeconomica.com.br\/wp\/wp-content\/uploads\/2020\/12\/cropped-BE.png\",\"width\":512,\"height\":512,\"caption\":\"Bahia Econ\u00f4mica\"},\"image\":{\"@id\":\"https:\/\/bahiaeconomica.com.br\/wp\/#\/schema\/logo\/image\/\"},\"sameAs\":[\"https:\/\/www.facebook.com\/bahiaeconomica\"]},{\"@type\":\"Person\",\"@id\":\"https:\/\/bahiaeconomica.com.br\/wp\/#\/schema\/person\/c86d3a3f8960425a0f9d0e5245991f4e\",\"name\":\"JP\",\"sameAs\":[\"https:\/\/bahiaeconomica.com.br\/wp\/beta\/\"],\"url\":\"https:\/\/bahiaeconomica.com.br\/wp\/author\/jp\/\"}]}<\/script>\n<!-- \/ Yoast SEO plugin. -->","yoast_head_json":{"title":"ATLASINTEL\/A TARDE: BRUNO REIS TEM 51.4%, GERALDO J\u00daNIOR TEM 18.4%, E KL\u00c9BER ROSA TEM 8.4% - Bahia Economica","description":"O maior portal de Economia da Bahia DESTAQUE DO DIA, ECONOMIA \/ POL\u00cdTICA, Pol\u00edtica Bahia Economica \u00edndices de inten\u00e7\u00e3o de voto em diversos grupos demogr\u00e1ficos","robots":{"index":"index","follow":"follow","max-snippet":"max-snippet:-1","max-image-preview":"max-image-preview:large","max-video-preview":"max-video-preview:-1"},"canonical":"https:\/\/bahiaeconomica.com.br\/wp\/2024\/03\/12\/atlasintel-a-tarde-bruno-reis-atinge-64-e-seria-reeleito-no-1o-turno\/","og_locale":"pt_BR","og_type":"article","og_title":"ATLASINTEL\/A TARDE: BRUNO REIS TEM 51.4%, GERALDO J\u00daNIOR TEM 18.4%, E KL\u00c9BER ROSA TEM 8.4% - Bahia Economica","og_description":"O maior portal de Economia da Bahia DESTAQUE DO DIA, ECONOMIA \/ POL\u00cdTICA, Pol\u00edtica Bahia Economica \u00edndices de inten\u00e7\u00e3o de voto em diversos grupos demogr\u00e1ficos","og_url":"https:\/\/bahiaeconomica.com.br\/wp\/2024\/03\/12\/atlasintel-a-tarde-bruno-reis-atinge-64-e-seria-reeleito-no-1o-turno\/","og_site_name":"Bahia Economica","article_publisher":"https:\/\/www.facebook.com\/bahiaeconomica","article_published_time":"2024-03-12T10:00:39+00:00","article_modified_time":"2024-03-12T10:14:43+00:00","og_image":[{"width":1219,"height":538,"url":"https:\/\/bahiaeconomica.com.br\/wp\/wp-content\/uploads\/2024\/03\/salvador-2SSSSSSSSSSSS.jpg","type":"image\/jpeg"}],"author":"JP","twitter_card":"summary_large_image","twitter_misc":{"Escrito por":"JP","Est. tempo de leitura":"3 minutos"},"schema":{"@context":"https:\/\/schema.org","@graph":[{"@type":"Article","@id":"https:\/\/bahiaeconomica.com.br\/wp\/2024\/03\/12\/atlasintel-a-tarde-bruno-reis-atinge-64-e-seria-reeleito-no-1o-turno\/#article","isPartOf":{"@id":"https:\/\/bahiaeconomica.com.br\/wp\/2024\/03\/12\/atlasintel-a-tarde-bruno-reis-atinge-64-e-seria-reeleito-no-1o-turno\/"},"author":{"name":"JP","@id":"https:\/\/bahiaeconomica.com.br\/wp\/#\/schema\/person\/c86d3a3f8960425a0f9d0e5245991f4e"},"headline":"ATLASINTEL\/A TARDE: BRUNO REIS TEM 51.4%, GERALDO J\u00daNIOR TEM 18.4%, E KL\u00c9BER ROSA TEM 8.4%","datePublished":"2024-03-12T10:00:39+00:00","dateModified":"2024-03-12T10:14:43+00:00","mainEntityOfPage":{"@id":"https:\/\/bahiaeconomica.com.br\/wp\/2024\/03\/12\/atlasintel-a-tarde-bruno-reis-atinge-64-e-seria-reeleito-no-1o-turno\/"},"wordCount":574,"publisher":{"@id":"https:\/\/bahiaeconomica.com.br\/wp\/#organization"},"keywords":["aprova\u00e7\u00e3o","Brasil","Bruno Reis","Pesquisa","prefeitura"],"articleSection":["DESTAQUE DO DIA","ECONOMIA \/ POL\u00cdTICA","Pol\u00edtica"],"inLanguage":"pt-BR"},{"@type":"WebPage","@id":"https:\/\/bahiaeconomica.com.br\/wp\/2024\/03\/12\/atlasintel-a-tarde-bruno-reis-atinge-64-e-seria-reeleito-no-1o-turno\/","url":"https:\/\/bahiaeconomica.com.br\/wp\/2024\/03\/12\/atlasintel-a-tarde-bruno-reis-atinge-64-e-seria-reeleito-no-1o-turno\/","name":"ATLASINTEL\/A TARDE: BRUNO REIS TEM 51.4%, GERALDO J\u00daNIOR TEM 18.4%, E KL\u00c9BER ROSA TEM 8.4% - Bahia Economica","isPartOf":{"@id":"https:\/\/bahiaeconomica.com.br\/wp\/#website"},"datePublished":"2024-03-12T10:00:39+00:00","dateModified":"2024-03-12T10:14:43+00:00","description":"O maior portal de Economia da Bahia DESTAQUE DO DIA, ECONOMIA \/ POL\u00cdTICA, Pol\u00edtica Bahia Economica \u00edndices de inten\u00e7\u00e3o de voto em diversos grupos demogr\u00e1ficos","breadcrumb":{"@id":"https:\/\/bahiaeconomica.com.br\/wp\/2024\/03\/12\/atlasintel-a-tarde-bruno-reis-atinge-64-e-seria-reeleito-no-1o-turno\/#breadcrumb"},"inLanguage":"pt-BR","potentialAction":[{"@type":"ReadAction","target":["https:\/\/bahiaeconomica.com.br\/wp\/2024\/03\/12\/atlasintel-a-tarde-bruno-reis-atinge-64-e-seria-reeleito-no-1o-turno\/"]}]},{"@type":"BreadcrumbList","@id":"https:\/\/bahiaeconomica.com.br\/wp\/2024\/03\/12\/atlasintel-a-tarde-bruno-reis-atinge-64-e-seria-reeleito-no-1o-turno\/#breadcrumb","itemListElement":[{"@type":"ListItem","position":1,"name":"In\u00edcio","item":"https:\/\/bahiaeconomica.com.br\/wp\/"},{"@type":"ListItem","position":2,"name":"ATLASINTEL\/A TARDE: BRUNO REIS TEM 51.4%, GERALDO J\u00daNIOR TEM 18.4%, E KL\u00c9BER ROSA TEM 8.4%"}]},{"@type":"WebSite","@id":"https:\/\/bahiaeconomica.com.br\/wp\/#website","url":"https:\/\/bahiaeconomica.com.br\/wp\/","name":"Bahia Economica","description":"O maior portal de Economia da Bahia","publisher":{"@id":"https:\/\/bahiaeconomica.com.br\/wp\/#organization"},"potentialAction":[{"@type":"SearchAction","target":{"@type":"EntryPoint","urlTemplate":"https:\/\/bahiaeconomica.com.br\/wp\/?s={search_term_string}"},"query-input":"required name=search_term_string"}],"inLanguage":"pt-BR"},{"@type":"Organization","@id":"https:\/\/bahiaeconomica.com.br\/wp\/#organization","name":"Bahia Econ\u00f4mica","url":"https:\/\/bahiaeconomica.com.br\/wp\/","logo":{"@type":"ImageObject","inLanguage":"pt-BR","@id":"https:\/\/bahiaeconomica.com.br\/wp\/#\/schema\/logo\/image\/","url":"https:\/\/bahiaeconomica.com.br\/wp\/wp-content\/uploads\/2020\/12\/cropped-BE.png","contentUrl":"https:\/\/bahiaeconomica.com.br\/wp\/wp-content\/uploads\/2020\/12\/cropped-BE.png","width":512,"height":512,"caption":"Bahia Econ\u00f4mica"},"image":{"@id":"https:\/\/bahiaeconomica.com.br\/wp\/#\/schema\/logo\/image\/"},"sameAs":["https:\/\/www.facebook.com\/bahiaeconomica"]},{"@type":"Person","@id":"https:\/\/bahiaeconomica.com.br\/wp\/#\/schema\/person\/c86d3a3f8960425a0f9d0e5245991f4e","name":"JP","sameAs":["https:\/\/bahiaeconomica.com.br\/wp\/beta\/"],"url":"https:\/\/bahiaeconomica.com.br\/wp\/author\/jp\/"}]}},"views":35,"_links":{"self":[{"href":"https:\/\/bahiaeconomica.com.br\/wp\/wp-json\/wp\/v2\/posts\/803588"}],"collection":[{"href":"https:\/\/bahiaeconomica.com.br\/wp\/wp-json\/wp\/v2\/posts"}],"about":[{"href":"https:\/\/bahiaeconomica.com.br\/wp\/wp-json\/wp\/v2\/types\/post"}],"author":[{"embeddable":true,"href":"https:\/\/bahiaeconomica.com.br\/wp\/wp-json\/wp\/v2\/users\/8"}],"replies":[{"embeddable":true,"href":"https:\/\/bahiaeconomica.com.br\/wp\/wp-json\/wp\/v2\/comments?post=803588"}],"version-history":[{"count":3,"href":"https:\/\/bahiaeconomica.com.br\/wp\/wp-json\/wp\/v2\/posts\/803588\/revisions"}],"predecessor-version":[{"id":803604,"href":"https:\/\/bahiaeconomica.com.br\/wp\/wp-json\/wp\/v2\/posts\/803588\/revisions\/803604"}],"wp:featuredmedia":[{"embeddable":true,"href":"https:\/\/bahiaeconomica.com.br\/wp\/wp-json\/wp\/v2\/media\/803605"}],"wp:attachment":[{"href":"https:\/\/bahiaeconomica.com.br\/wp\/wp-json\/wp\/v2\/media?parent=803588"}],"wp:term":[{"taxonomy":"category","embeddable":true,"href":"https:\/\/bahiaeconomica.com.br\/wp\/wp-json\/wp\/v2\/categories?post=803588"},{"taxonomy":"post_tag","embeddable":true,"href":"https:\/\/bahiaeconomica.com.br\/wp\/wp-json\/wp\/v2\/tags?post=803588"}],"curies":[{"name":"wp","href":"https:\/\/api.w.org\/{rel}","templated":true}]}}