{"id":801249,"date":"2024-02-29T18:14:58","date_gmt":"2024-02-29T21:14:58","guid":{"rendered":"https:\/\/bahiaeconomica.com.br\/wp\/?p=801249"},"modified":"2024-02-29T18:18:07","modified_gmt":"2024-02-29T21:18:07","slug":"lauro-de-freitas-e-1o-municipio-baiano-a-adotar-tramitacao-eletronica","status":"publish","type":"post","link":"https:\/\/bahiaeconomica.com.br\/wp\/2024\/02\/29\/lauro-de-freitas-e-1o-municipio-baiano-a-adotar-tramitacao-eletronica\/","title":{"rendered":"LAURO DE FREITAS \u00c9 1\u00ba MUNIC\u00cdPIO BAIANO A ADOTAR TRAMITA\u00c7\u00c3O ELETR\u00d4NICA"},"content":{"rendered":"<p>Lauro de Freitas est\u00e1 prestes a se tornar o primeiro munic\u00edpio baiano a adotar o software de tramita\u00e7\u00e3o eletr\u00f4nica SEI (Sistema Eletr\u00f4nico de Informa\u00e7\u00f5es). A implanta\u00e7\u00e3o \u00e9 um dos primeiros resultados de um projeto de coopera\u00e7\u00e3o envolvendo o governo estadual e o Minist\u00e9rio de Gest\u00e3o e Inova\u00e7\u00e3o, que promete viabilizar a dissemina\u00e7\u00e3o nos munic\u00edpios baianos da ferramenta digital voltada para eliminar o uso de papel na administra\u00e7\u00e3o p\u00fablica.<\/p>\n<p>O SEI foi adotado em 2017 pelo Poder Executivo Estadual para a tramita\u00e7\u00e3o eletr\u00f4nica de processos e documentos administrativos. Desde ent\u00e3o, a solu\u00e7\u00e3o j\u00e1 permitiu ao governo baiano uma economia direta de mais de R$ 187 milh\u00f5es, al\u00e9m de proporcionar a preserva\u00e7\u00e3o de 46,8 mil \u00e1rvores com a redu\u00e7\u00e3o no consumo de papel.<\/p>\n<p>&#8220;A Bahia tem uma experi\u00eancia pioneira e muito exitosa com o SEI e a ideia agora \u00e9 levar esta experi\u00eancia e conhecimento para as prefeituras&#8221;, explica o superintendente de Gest\u00e3o e Inova\u00e7\u00e3o da Secretaria da Administra\u00e7\u00e3o do Estado (Saeb), Luis Fernando Leite.<\/p>\n<p>J\u00e1 para a prefeita de Lauro de Freitas, Moema Gramacho, a parceria com o Estado vai ao encontro de tudo o que a sua gest\u00e3o vem desenvolvendo em \u00e1reas como energia solar, \u00f4nibus el\u00e9tricos e reciclagem.<\/p>\n<p>&#8220;O SEI vai nos permitir adotar a pol\u00edtica do papel zero, trazendo economia, agilidade e mais efici\u00eancia para a gest\u00e3o, al\u00e9m de contribuir com a natureza, ao diminuirmos a derrubada de \u00e1rvores&#8221;, argumenta.<\/p>\n<p>Em paralelo, a equipe da coordena\u00e7\u00e3o do SEI Bahia j\u00e1 vem realizando encontros com lideran\u00e7as e corpo t\u00e9cnico da prefeitura de Lauro de Freitas, auxiliando-a no levantamento do diagn\u00f3stico e na elabora\u00e7\u00e3o do planejamento do processo de implanta\u00e7\u00e3o. Com o apoio da Companhia de Processamento de Dados do Estado da Bahia (Prodeb), o governo estadual est\u00e1 estudando alternativas para subsidiar para o munic\u00edpio os custos de implanta\u00e7\u00e3o relativos \u00e0 hospedagem de dados.<\/p>\n<p>Foto: Divulga\u00e7\u00e3o<\/p>\n","protected":false},"excerpt":{"rendered":"<p>Lauro de Freitas est\u00e1 prestes a se tornar o primeiro munic\u00edpio baiano a adotar o software de tramita\u00e7\u00e3o eletr\u00f4nica SEI (Sistema Eletr\u00f4nico de Informa\u00e7\u00f5es). A implanta\u00e7\u00e3o \u00e9 um dos primeiros resultados de um projeto de coopera\u00e7\u00e3o envolvendo o governo estadual e o Minist\u00e9rio de Gest\u00e3o e Inova\u00e7\u00e3o, que promete viabilizar a dissemina\u00e7\u00e3o nos munic\u00edpios baianos [&hellip;]<\/p>\n","protected":false},"author":16,"featured_media":801253,"comment_status":"closed","ping_status":"closed","sticky":false,"template":"","format":"standard","meta":[],"categories":[5],"tags":[88,330,599,27490],"acf":[],"yoast_head":"<!-- This site is optimized with the Yoast SEO plugin v20.8 - https:\/\/yoast.com\/wordpress\/plugins\/seo\/ -->\n<title>LAURO DE FREITAS \u00c9 1\u00ba MUNIC\u00cdPIO BAIANO A ADOTAR TRAMITA\u00c7\u00c3O ELETR\u00d4NICA - Bahia Economica<\/title>\n<meta name=\"description\" content=\"O maior portal de Economia da Bahia MUNIC\u00cdPIOS Bahia Economica Projeto \u00e9 uma parceria entre Governo Federal e Estadual.\" \/>\n<meta name=\"robots\" content=\"index, follow, max-snippet:-1, max-image-preview:large, max-video-preview:-1\" \/>\n<link rel=\"canonical\" href=\"https:\/\/bahiaeconomica.com.br\/wp\/2024\/02\/29\/lauro-de-freitas-e-1o-municipio-baiano-a-adotar-tramitacao-eletronica\/\" \/>\n<meta property=\"og:locale\" content=\"pt_BR\" \/>\n<meta property=\"og:type\" content=\"article\" \/>\n<meta property=\"og:title\" content=\"LAURO DE FREITAS \u00c9 1\u00ba MUNIC\u00cdPIO BAIANO A ADOTAR TRAMITA\u00c7\u00c3O ELETR\u00d4NICA - Bahia Economica\" \/>\n<meta property=\"og:description\" content=\"O maior portal de Economia da Bahia MUNIC\u00cdPIOS Bahia Economica Projeto \u00e9 uma parceria entre Governo Federal e Estadual.\" \/>\n<meta property=\"og:url\" content=\"https:\/\/bahiaeconomica.com.br\/wp\/2024\/02\/29\/lauro-de-freitas-e-1o-municipio-baiano-a-adotar-tramitacao-eletronica\/\" \/>\n<meta property=\"og:site_name\" content=\"Bahia Economica\" \/>\n<meta property=\"article:publisher\" content=\"https:\/\/www.facebook.com\/bahiaeconomica\" \/>\n<meta property=\"article:published_time\" content=\"2024-02-29T21:14:58+00:00\" \/>\n<meta property=\"article:modified_time\" content=\"2024-02-29T21:18:07+00:00\" \/>\n<meta property=\"og:image\" content=\"https:\/\/bahiaeconomica.com.br\/wp\/wp-content\/uploads\/2024\/02\/WhatsApp-Image-2024-02-21-at-09.10.57.jpeg\" \/>\n\t<meta property=\"og:image:width\" content=\"1600\" \/>\n\t<meta property=\"og:image:height\" content=\"1200\" \/>\n\t<meta property=\"og:image:type\" content=\"image\/jpeg\" \/>\n<meta name=\"author\" content=\"LUIZA NASCIMENTO\" \/>\n<meta name=\"twitter:card\" content=\"summary_large_image\" \/>\n<meta name=\"twitter:label1\" content=\"Escrito por\" \/>\n\t<meta name=\"twitter:data1\" content=\"LUIZA NASCIMENTO\" \/>\n\t<meta name=\"twitter:label2\" content=\"Est. tempo de leitura\" \/>\n\t<meta name=\"twitter:data2\" content=\"2 minutos\" \/>\n<script type=\"application\/ld+json\" class=\"yoast-schema-graph\">{\"@context\":\"https:\/\/schema.org\",\"@graph\":[{\"@type\":\"Article\",\"@id\":\"https:\/\/bahiaeconomica.com.br\/wp\/2024\/02\/29\/lauro-de-freitas-e-1o-municipio-baiano-a-adotar-tramitacao-eletronica\/#article\",\"isPartOf\":{\"@id\":\"https:\/\/bahiaeconomica.com.br\/wp\/2024\/02\/29\/lauro-de-freitas-e-1o-municipio-baiano-a-adotar-tramitacao-eletronica\/\"},\"author\":{\"name\":\"LUIZA NASCIMENTO\",\"@id\":\"https:\/\/bahiaeconomica.com.br\/wp\/#\/schema\/person\/18273ac0fe04bfd4e7b101bf17d40152\"},\"headline\":\"LAURO DE FREITAS \u00c9 1\u00ba MUNIC\u00cdPIO BAIANO A ADOTAR TRAMITA\u00c7\u00c3O ELETR\u00d4NICA\",\"datePublished\":\"2024-02-29T21:14:58+00:00\",\"dateModified\":\"2024-02-29T21:18:07+00:00\",\"mainEntityOfPage\":{\"@id\":\"https:\/\/bahiaeconomica.com.br\/wp\/2024\/02\/29\/lauro-de-freitas-e-1o-municipio-baiano-a-adotar-tramitacao-eletronica\/\"},\"wordCount\":354,\"publisher\":{\"@id\":\"https:\/\/bahiaeconomica.com.br\/wp\/#organization\"},\"keywords\":[\"governo da Bahia\",\"Lauro de Freitas\",\"SEI\",\"tramita\u00e7\u00e3o eletr\u00f4nica\"],\"articleSection\":[\"MUNIC\u00cdPIOS\"],\"inLanguage\":\"pt-BR\"},{\"@type\":\"WebPage\",\"@id\":\"https:\/\/bahiaeconomica.com.br\/wp\/2024\/02\/29\/lauro-de-freitas-e-1o-municipio-baiano-a-adotar-tramitacao-eletronica\/\",\"url\":\"https:\/\/bahiaeconomica.com.br\/wp\/2024\/02\/29\/lauro-de-freitas-e-1o-municipio-baiano-a-adotar-tramitacao-eletronica\/\",\"name\":\"LAURO DE FREITAS \u00c9 1\u00ba MUNIC\u00cdPIO BAIANO A ADOTAR TRAMITA\u00c7\u00c3O ELETR\u00d4NICA - Bahia Economica\",\"isPartOf\":{\"@id\":\"https:\/\/bahiaeconomica.com.br\/wp\/#website\"},\"datePublished\":\"2024-02-29T21:14:58+00:00\",\"dateModified\":\"2024-02-29T21:18:07+00:00\",\"description\":\"O maior portal de Economia da Bahia MUNIC\u00cdPIOS Bahia Economica Projeto \u00e9 uma parceria entre Governo Federal e Estadual.\",\"breadcrumb\":{\"@id\":\"https:\/\/bahiaeconomica.com.br\/wp\/2024\/02\/29\/lauro-de-freitas-e-1o-municipio-baiano-a-adotar-tramitacao-eletronica\/#breadcrumb\"},\"inLanguage\":\"pt-BR\",\"potentialAction\":[{\"@type\":\"ReadAction\",\"target\":[\"https:\/\/bahiaeconomica.com.br\/wp\/2024\/02\/29\/lauro-de-freitas-e-1o-municipio-baiano-a-adotar-tramitacao-eletronica\/\"]}]},{\"@type\":\"BreadcrumbList\",\"@id\":\"https:\/\/bahiaeconomica.com.br\/wp\/2024\/02\/29\/lauro-de-freitas-e-1o-municipio-baiano-a-adotar-tramitacao-eletronica\/#breadcrumb\",\"itemListElement\":[{\"@type\":\"ListItem\",\"position\":1,\"name\":\"In\u00edcio\",\"item\":\"https:\/\/bahiaeconomica.com.br\/wp\/\"},{\"@type\":\"ListItem\",\"position\":2,\"name\":\"LAURO DE FREITAS \u00c9 1\u00ba MUNIC\u00cdPIO BAIANO A ADOTAR TRAMITA\u00c7\u00c3O ELETR\u00d4NICA\"}]},{\"@type\":\"WebSite\",\"@id\":\"https:\/\/bahiaeconomica.com.br\/wp\/#website\",\"url\":\"https:\/\/bahiaeconomica.com.br\/wp\/\",\"name\":\"Bahia Economica\",\"description\":\"O maior portal de Economia da Bahia\",\"publisher\":{\"@id\":\"https:\/\/bahiaeconomica.com.br\/wp\/#organization\"},\"potentialAction\":[{\"@type\":\"SearchAction\",\"target\":{\"@type\":\"EntryPoint\",\"urlTemplate\":\"https:\/\/bahiaeconomica.com.br\/wp\/?s={search_term_string}\"},\"query-input\":\"required name=search_term_string\"}],\"inLanguage\":\"pt-BR\"},{\"@type\":\"Organization\",\"@id\":\"https:\/\/bahiaeconomica.com.br\/wp\/#organization\",\"name\":\"Bahia Econ\u00f4mica\",\"url\":\"https:\/\/bahiaeconomica.com.br\/wp\/\",\"logo\":{\"@type\":\"ImageObject\",\"inLanguage\":\"pt-BR\",\"@id\":\"https:\/\/bahiaeconomica.com.br\/wp\/#\/schema\/logo\/image\/\",\"url\":\"https:\/\/bahiaeconomica.com.br\/wp\/wp-content\/uploads\/2020\/12\/cropped-BE.png\",\"contentUrl\":\"https:\/\/bahiaeconomica.com.br\/wp\/wp-content\/uploads\/2020\/12\/cropped-BE.png\",\"width\":512,\"height\":512,\"caption\":\"Bahia Econ\u00f4mica\"},\"image\":{\"@id\":\"https:\/\/bahiaeconomica.com.br\/wp\/#\/schema\/logo\/image\/\"},\"sameAs\":[\"https:\/\/www.facebook.com\/bahiaeconomica\"]},{\"@type\":\"Person\",\"@id\":\"https:\/\/bahiaeconomica.com.br\/wp\/#\/schema\/person\/18273ac0fe04bfd4e7b101bf17d40152\",\"name\":\"LUIZA NASCIMENTO\",\"sameAs\":[\"http:\/\/www.bahiaeconomica.com.br\"],\"url\":\"https:\/\/bahiaeconomica.com.br\/wp\/author\/luiza-nascimento\/\"}]}<\/script>\n<!-- \/ Yoast SEO plugin. -->","yoast_head_json":{"title":"LAURO DE FREITAS \u00c9 1\u00ba MUNIC\u00cdPIO BAIANO A ADOTAR TRAMITA\u00c7\u00c3O ELETR\u00d4NICA - Bahia Economica","description":"O maior portal de Economia da Bahia MUNIC\u00cdPIOS Bahia Economica Projeto \u00e9 uma parceria entre Governo Federal e Estadual.","robots":{"index":"index","follow":"follow","max-snippet":"max-snippet:-1","max-image-preview":"max-image-preview:large","max-video-preview":"max-video-preview:-1"},"canonical":"https:\/\/bahiaeconomica.com.br\/wp\/2024\/02\/29\/lauro-de-freitas-e-1o-municipio-baiano-a-adotar-tramitacao-eletronica\/","og_locale":"pt_BR","og_type":"article","og_title":"LAURO DE FREITAS \u00c9 1\u00ba MUNIC\u00cdPIO BAIANO A ADOTAR TRAMITA\u00c7\u00c3O ELETR\u00d4NICA - Bahia Economica","og_description":"O maior portal de Economia da Bahia MUNIC\u00cdPIOS Bahia Economica Projeto \u00e9 uma parceria entre Governo Federal e Estadual.","og_url":"https:\/\/bahiaeconomica.com.br\/wp\/2024\/02\/29\/lauro-de-freitas-e-1o-municipio-baiano-a-adotar-tramitacao-eletronica\/","og_site_name":"Bahia Economica","article_publisher":"https:\/\/www.facebook.com\/bahiaeconomica","article_published_time":"2024-02-29T21:14:58+00:00","article_modified_time":"2024-02-29T21:18:07+00:00","og_image":[{"width":1600,"height":1200,"url":"https:\/\/bahiaeconomica.com.br\/wp\/wp-content\/uploads\/2024\/02\/WhatsApp-Image-2024-02-21-at-09.10.57.jpeg","type":"image\/jpeg"}],"author":"LUIZA NASCIMENTO","twitter_card":"summary_large_image","twitter_misc":{"Escrito por":"LUIZA NASCIMENTO","Est. tempo de leitura":"2 minutos"},"schema":{"@context":"https:\/\/schema.org","@graph":[{"@type":"Article","@id":"https:\/\/bahiaeconomica.com.br\/wp\/2024\/02\/29\/lauro-de-freitas-e-1o-municipio-baiano-a-adotar-tramitacao-eletronica\/#article","isPartOf":{"@id":"https:\/\/bahiaeconomica.com.br\/wp\/2024\/02\/29\/lauro-de-freitas-e-1o-municipio-baiano-a-adotar-tramitacao-eletronica\/"},"author":{"name":"LUIZA NASCIMENTO","@id":"https:\/\/bahiaeconomica.com.br\/wp\/#\/schema\/person\/18273ac0fe04bfd4e7b101bf17d40152"},"headline":"LAURO DE FREITAS \u00c9 1\u00ba MUNIC\u00cdPIO BAIANO A ADOTAR TRAMITA\u00c7\u00c3O ELETR\u00d4NICA","datePublished":"2024-02-29T21:14:58+00:00","dateModified":"2024-02-29T21:18:07+00:00","mainEntityOfPage":{"@id":"https:\/\/bahiaeconomica.com.br\/wp\/2024\/02\/29\/lauro-de-freitas-e-1o-municipio-baiano-a-adotar-tramitacao-eletronica\/"},"wordCount":354,"publisher":{"@id":"https:\/\/bahiaeconomica.com.br\/wp\/#organization"},"keywords":["governo da Bahia","Lauro de Freitas","SEI","tramita\u00e7\u00e3o eletr\u00f4nica"],"articleSection":["MUNIC\u00cdPIOS"],"inLanguage":"pt-BR"},{"@type":"WebPage","@id":"https:\/\/bahiaeconomica.com.br\/wp\/2024\/02\/29\/lauro-de-freitas-e-1o-municipio-baiano-a-adotar-tramitacao-eletronica\/","url":"https:\/\/bahiaeconomica.com.br\/wp\/2024\/02\/29\/lauro-de-freitas-e-1o-municipio-baiano-a-adotar-tramitacao-eletronica\/","name":"LAURO DE FREITAS \u00c9 1\u00ba MUNIC\u00cdPIO BAIANO A ADOTAR TRAMITA\u00c7\u00c3O ELETR\u00d4NICA - Bahia Economica","isPartOf":{"@id":"https:\/\/bahiaeconomica.com.br\/wp\/#website"},"datePublished":"2024-02-29T21:14:58+00:00","dateModified":"2024-02-29T21:18:07+00:00","description":"O maior portal de Economia da Bahia MUNIC\u00cdPIOS Bahia Economica Projeto \u00e9 uma parceria entre Governo Federal e Estadual.","breadcrumb":{"@id":"https:\/\/bahiaeconomica.com.br\/wp\/2024\/02\/29\/lauro-de-freitas-e-1o-municipio-baiano-a-adotar-tramitacao-eletronica\/#breadcrumb"},"inLanguage":"pt-BR","potentialAction":[{"@type":"ReadAction","target":["https:\/\/bahiaeconomica.com.br\/wp\/2024\/02\/29\/lauro-de-freitas-e-1o-municipio-baiano-a-adotar-tramitacao-eletronica\/"]}]},{"@type":"BreadcrumbList","@id":"https:\/\/bahiaeconomica.com.br\/wp\/2024\/02\/29\/lauro-de-freitas-e-1o-municipio-baiano-a-adotar-tramitacao-eletronica\/#breadcrumb","itemListElement":[{"@type":"ListItem","position":1,"name":"In\u00edcio","item":"https:\/\/bahiaeconomica.com.br\/wp\/"},{"@type":"ListItem","position":2,"name":"LAURO DE FREITAS \u00c9 1\u00ba MUNIC\u00cdPIO BAIANO A ADOTAR TRAMITA\u00c7\u00c3O ELETR\u00d4NICA"}]},{"@type":"WebSite","@id":"https:\/\/bahiaeconomica.com.br\/wp\/#website","url":"https:\/\/bahiaeconomica.com.br\/wp\/","name":"Bahia Economica","description":"O maior portal de Economia da Bahia","publisher":{"@id":"https:\/\/bahiaeconomica.com.br\/wp\/#organization"},"potentialAction":[{"@type":"SearchAction","target":{"@type":"EntryPoint","urlTemplate":"https:\/\/bahiaeconomica.com.br\/wp\/?s={search_term_string}"},"query-input":"required name=search_term_string"}],"inLanguage":"pt-BR"},{"@type":"Organization","@id":"https:\/\/bahiaeconomica.com.br\/wp\/#organization","name":"Bahia Econ\u00f4mica","url":"https:\/\/bahiaeconomica.com.br\/wp\/","logo":{"@type":"ImageObject","inLanguage":"pt-BR","@id":"https:\/\/bahiaeconomica.com.br\/wp\/#\/schema\/logo\/image\/","url":"https:\/\/bahiaeconomica.com.br\/wp\/wp-content\/uploads\/2020\/12\/cropped-BE.png","contentUrl":"https:\/\/bahiaeconomica.com.br\/wp\/wp-content\/uploads\/2020\/12\/cropped-BE.png","width":512,"height":512,"caption":"Bahia Econ\u00f4mica"},"image":{"@id":"https:\/\/bahiaeconomica.com.br\/wp\/#\/schema\/logo\/image\/"},"sameAs":["https:\/\/www.facebook.com\/bahiaeconomica"]},{"@type":"Person","@id":"https:\/\/bahiaeconomica.com.br\/wp\/#\/schema\/person\/18273ac0fe04bfd4e7b101bf17d40152","name":"LUIZA NASCIMENTO","sameAs":["http:\/\/www.bahiaeconomica.com.br"],"url":"https:\/\/bahiaeconomica.com.br\/wp\/author\/luiza-nascimento\/"}]}},"views":45,"_links":{"self":[{"href":"https:\/\/bahiaeconomica.com.br\/wp\/wp-json\/wp\/v2\/posts\/801249"}],"collection":[{"href":"https:\/\/bahiaeconomica.com.br\/wp\/wp-json\/wp\/v2\/posts"}],"about":[{"href":"https:\/\/bahiaeconomica.com.br\/wp\/wp-json\/wp\/v2\/types\/post"}],"author":[{"embeddable":true,"href":"https:\/\/bahiaeconomica.com.br\/wp\/wp-json\/wp\/v2\/users\/16"}],"replies":[{"embeddable":true,"href":"https:\/\/bahiaeconomica.com.br\/wp\/wp-json\/wp\/v2\/comments?post=801249"}],"version-history":[{"count":3,"href":"https:\/\/bahiaeconomica.com.br\/wp\/wp-json\/wp\/v2\/posts\/801249\/revisions"}],"predecessor-version":[{"id":801258,"href":"https:\/\/bahiaeconomica.com.br\/wp\/wp-json\/wp\/v2\/posts\/801249\/revisions\/801258"}],"wp:featuredmedia":[{"embeddable":true,"href":"https:\/\/bahiaeconomica.com.br\/wp\/wp-json\/wp\/v2\/media\/801253"}],"wp:attachment":[{"href":"https:\/\/bahiaeconomica.com.br\/wp\/wp-json\/wp\/v2\/media?parent=801249"}],"wp:term":[{"taxonomy":"category","embeddable":true,"href":"https:\/\/bahiaeconomica.com.br\/wp\/wp-json\/wp\/v2\/categories?post=801249"},{"taxonomy":"post_tag","embeddable":true,"href":"https:\/\/bahiaeconomica.com.br\/wp\/wp-json\/wp\/v2\/tags?post=801249"}],"curies":[{"name":"wp","href":"https:\/\/api.w.org\/{rel}","templated":true}]}}