{"id":801141,"date":"2024-02-29T06:00:24","date_gmt":"2024-02-29T09:00:24","guid":{"rendered":"https:\/\/bahiaeconomica.com.br\/wp\/?p=801141"},"modified":"2024-02-29T14:47:39","modified_gmt":"2024-02-29T17:47:39","slug":"acelen-fundacao-banco-do-brasil-e-avsi-brasil-iniciam-segunda-turma-do-projeto-jornada-jovem","status":"publish","type":"post","link":"https:\/\/bahiaeconomica.com.br\/wp\/2024\/02\/29\/acelen-fundacao-banco-do-brasil-e-avsi-brasil-iniciam-segunda-turma-do-projeto-jornada-jovem\/","title":{"rendered":"ACELEN, FUNDA\u00c7\u00c3O BANCO DO BRASIL E AVSI BRASIL INICIAM SEGUNDA TURMA DO PROJETO JORNADA JOVEM"},"content":{"rendered":"<p>A segunda turma do Jornada Jovem Acelen conta com 100 jovens de 15 a 29 anos, que j\u00e1 iniciaram as aulas este ano. O projeto de capacita\u00e7\u00e3o profissional, em parceria com a Acelen, Funda\u00e7\u00e3o Banco do Brasil e AVSI, seleciona jovens dos munic\u00edpios baianos de Candeias, Ilha de Bom Jesus dos Passos, Ilha de Mar\u00e9, Ilha dos Frades, Madre de Deus e S\u00e3o Francisco do Conde, e \u00e9 dividido em tr\u00eas m\u00f3dulos: Forma\u00e7\u00e3o para a Vida, Explora\u00e7\u00e3o do Mundo Profissional; e Tecnologia e Inova\u00e7\u00e3o.<\/p>\n<p>Os participantes t\u00eam atividades e disciplinas que abordam tanto conhecimentos essenciais para a vida quanto viv\u00eancias b\u00e1sicas relacionadas ao mercado de trabalho. Al\u00e9m de focar no desenvolvimento das habilidades t\u00e9cnicas individuais, a metodologia proporciona aos jovens uma reflex\u00e3o sobre os objetivos futuros que desejam alcan\u00e7ar. Os alunos recebem aux\u00edlio-transporte e alimenta\u00e7\u00e3o durante a fase de forma\u00e7\u00e3o, que tem dura\u00e7\u00e3o de cinco meses.<\/p>\n<p>A formatura da primeira turma Jornada Jovem Acelen, com 97 estudantes, aconteceu em dezembro, no Espa\u00e7o Acelen Acender, em Candeias (BA). A cada ciclo de qualifica\u00e7\u00e3o finalizado \u00e9 implementado um sistema de acompanhamento para identificar oportunidades e dar suporte aos jovens em sua busca por uma coloca\u00e7\u00e3o profissional.<\/p>\n<p>\u201cCom o encerramento desse primeiro ciclo, temos um banco de talentos com 97 jovens preparados para ingressar no mercado de trabalho. S\u00e3o jovens estudiosos, dedicados, em busca de uma oportunidade e de experi\u00eancia profissional. Para isso contamos com a parceria dos empres\u00e1rios, autoridades e demais moradores para juntos apoiarmos a empregabilidade jovem na regi\u00e3o\u201d, refor\u00e7a Vanessa Alonso, gerente especial da AVSI Brasil, respons\u00e1vel pela execu\u00e7\u00e3o da iniciativa.<\/p>\n<p>\u201cA Lohanna de quatro, cinco meses atr\u00e1s era uma Lohanna desacreditada, que tinha passado por muitas coisas e frustra\u00e7\u00f5es no mercado de trabalho. E hoje eu tenho um trabalho com benef\u00edcios. O projeto foi de extrema import\u00e2ncia, porque aprendi muito e desenvolvi habilidades que eu n\u00e3o conhecia. Aprendi a me comunicar, a conversar, trabalhar em equipe e lideran\u00e7a tamb\u00e9m\u201d, pontua Lohanna Lima, participante da primeira turma do projeto Jornada Jovem e que conseguiu uma vaga no mercado de trabalho.<\/p>\n<p>\u201cCom o Jornada Jovem Acelen, em parceria com a Funda\u00e7\u00e3o Banco do Brasil e AVSI Brasil, acendemos a esperan\u00e7a dos jovens na busca por melhores oportunidades no mercado de trabalho. Continuaremos investindo na educa\u00e7\u00e3o, na forma\u00e7\u00e3o profissional e no social para o desenvolvimento das comunidades do entorno da Refinaria de Mataripe.\u201d, declara o vice-presidente de Recursos Humanos da Acelen, Jo\u00e3o Raful.<\/p>\n","protected":false},"excerpt":{"rendered":"<p>A segunda turma do Jornada Jovem Acelen conta com 100 jovens de 15 a 29 anos, que j\u00e1 iniciaram as aulas este ano. O projeto de capacita\u00e7\u00e3o profissional, em parceria com a Acelen, Funda\u00e7\u00e3o Banco do Brasil e AVSI, seleciona jovens dos munic\u00edpios baianos de Candeias, Ilha de Bom Jesus dos Passos, Ilha de Mar\u00e9, [&hellip;]<\/p>\n","protected":false},"author":8,"featured_media":801142,"comment_status":"closed","ping_status":"closed","sticky":false,"template":"","format":"standard","meta":[],"categories":[5],"tags":[],"acf":[],"yoast_head":"<!-- This site is optimized with the Yoast SEO plugin v20.8 - https:\/\/yoast.com\/wordpress\/plugins\/seo\/ -->\n<title>ACELEN, FUNDA\u00c7\u00c3O BANCO DO BRASIL E AVSI BRASIL INICIAM SEGUNDA TURMA DO PROJETO JORNADA JOVEM - Bahia Economica<\/title>\n<meta name=\"description\" content=\"O maior portal de Economia da Bahia MUNIC\u00cdPIOS Bahia Economica 97 jovens preparados para ingressar no mercado de trabalho\" \/>\n<meta name=\"robots\" content=\"index, follow, max-snippet:-1, max-image-preview:large, max-video-preview:-1\" \/>\n<link rel=\"canonical\" href=\"https:\/\/bahiaeconomica.com.br\/wp\/2024\/02\/29\/acelen-fundacao-banco-do-brasil-e-avsi-brasil-iniciam-segunda-turma-do-projeto-jornada-jovem\/\" \/>\n<meta property=\"og:locale\" content=\"pt_BR\" \/>\n<meta property=\"og:type\" content=\"article\" \/>\n<meta property=\"og:title\" content=\"ACELEN, FUNDA\u00c7\u00c3O BANCO DO BRASIL E AVSI BRASIL INICIAM SEGUNDA TURMA DO PROJETO JORNADA JOVEM - Bahia Economica\" \/>\n<meta property=\"og:description\" content=\"O maior portal de Economia da Bahia MUNIC\u00cdPIOS Bahia Economica 97 jovens preparados para ingressar no mercado de trabalho\" \/>\n<meta property=\"og:url\" content=\"https:\/\/bahiaeconomica.com.br\/wp\/2024\/02\/29\/acelen-fundacao-banco-do-brasil-e-avsi-brasil-iniciam-segunda-turma-do-projeto-jornada-jovem\/\" \/>\n<meta property=\"og:site_name\" content=\"Bahia Economica\" \/>\n<meta property=\"article:publisher\" content=\"https:\/\/www.facebook.com\/bahiaeconomica\" \/>\n<meta property=\"article:published_time\" content=\"2024-02-29T09:00:24+00:00\" \/>\n<meta property=\"article:modified_time\" content=\"2024-02-29T17:47:39+00:00\" \/>\n<meta property=\"og:image\" content=\"https:\/\/bahiaeconomica.com.br\/wp\/wp-content\/uploads\/2024\/02\/WhatsApp-Image-2024-02-29-at-14.39.47.jpeg\" \/>\n\t<meta property=\"og:image:width\" content=\"1600\" \/>\n\t<meta property=\"og:image:height\" content=\"1200\" \/>\n\t<meta property=\"og:image:type\" content=\"image\/jpeg\" \/>\n<meta name=\"author\" content=\"JP\" \/>\n<meta name=\"twitter:card\" content=\"summary_large_image\" \/>\n<meta name=\"twitter:label1\" content=\"Escrito por\" \/>\n\t<meta name=\"twitter:data1\" content=\"JP\" \/>\n\t<meta name=\"twitter:label2\" content=\"Est. tempo de leitura\" \/>\n\t<meta name=\"twitter:data2\" content=\"3 minutos\" \/>\n<script type=\"application\/ld+json\" class=\"yoast-schema-graph\">{\"@context\":\"https:\/\/schema.org\",\"@graph\":[{\"@type\":\"Article\",\"@id\":\"https:\/\/bahiaeconomica.com.br\/wp\/2024\/02\/29\/acelen-fundacao-banco-do-brasil-e-avsi-brasil-iniciam-segunda-turma-do-projeto-jornada-jovem\/#article\",\"isPartOf\":{\"@id\":\"https:\/\/bahiaeconomica.com.br\/wp\/2024\/02\/29\/acelen-fundacao-banco-do-brasil-e-avsi-brasil-iniciam-segunda-turma-do-projeto-jornada-jovem\/\"},\"author\":{\"name\":\"JP\",\"@id\":\"https:\/\/bahiaeconomica.com.br\/wp\/#\/schema\/person\/c86d3a3f8960425a0f9d0e5245991f4e\"},\"headline\":\"ACELEN, FUNDA\u00c7\u00c3O BANCO DO BRASIL E AVSI BRASIL INICIAM SEGUNDA TURMA DO PROJETO JORNADA JOVEM\",\"datePublished\":\"2024-02-29T09:00:24+00:00\",\"dateModified\":\"2024-02-29T17:47:39+00:00\",\"mainEntityOfPage\":{\"@id\":\"https:\/\/bahiaeconomica.com.br\/wp\/2024\/02\/29\/acelen-fundacao-banco-do-brasil-e-avsi-brasil-iniciam-segunda-turma-do-projeto-jornada-jovem\/\"},\"wordCount\":452,\"publisher\":{\"@id\":\"https:\/\/bahiaeconomica.com.br\/wp\/#organization\"},\"articleSection\":[\"MUNIC\u00cdPIOS\"],\"inLanguage\":\"pt-BR\"},{\"@type\":\"WebPage\",\"@id\":\"https:\/\/bahiaeconomica.com.br\/wp\/2024\/02\/29\/acelen-fundacao-banco-do-brasil-e-avsi-brasil-iniciam-segunda-turma-do-projeto-jornada-jovem\/\",\"url\":\"https:\/\/bahiaeconomica.com.br\/wp\/2024\/02\/29\/acelen-fundacao-banco-do-brasil-e-avsi-brasil-iniciam-segunda-turma-do-projeto-jornada-jovem\/\",\"name\":\"ACELEN, FUNDA\u00c7\u00c3O BANCO DO BRASIL E AVSI BRASIL INICIAM SEGUNDA TURMA DO PROJETO JORNADA JOVEM - Bahia Economica\",\"isPartOf\":{\"@id\":\"https:\/\/bahiaeconomica.com.br\/wp\/#website\"},\"datePublished\":\"2024-02-29T09:00:24+00:00\",\"dateModified\":\"2024-02-29T17:47:39+00:00\",\"description\":\"O maior portal de Economia da Bahia MUNIC\u00cdPIOS Bahia Economica 97 jovens preparados para ingressar no mercado de trabalho\",\"breadcrumb\":{\"@id\":\"https:\/\/bahiaeconomica.com.br\/wp\/2024\/02\/29\/acelen-fundacao-banco-do-brasil-e-avsi-brasil-iniciam-segunda-turma-do-projeto-jornada-jovem\/#breadcrumb\"},\"inLanguage\":\"pt-BR\",\"potentialAction\":[{\"@type\":\"ReadAction\",\"target\":[\"https:\/\/bahiaeconomica.com.br\/wp\/2024\/02\/29\/acelen-fundacao-banco-do-brasil-e-avsi-brasil-iniciam-segunda-turma-do-projeto-jornada-jovem\/\"]}]},{\"@type\":\"BreadcrumbList\",\"@id\":\"https:\/\/bahiaeconomica.com.br\/wp\/2024\/02\/29\/acelen-fundacao-banco-do-brasil-e-avsi-brasil-iniciam-segunda-turma-do-projeto-jornada-jovem\/#breadcrumb\",\"itemListElement\":[{\"@type\":\"ListItem\",\"position\":1,\"name\":\"In\u00edcio\",\"item\":\"https:\/\/bahiaeconomica.com.br\/wp\/\"},{\"@type\":\"ListItem\",\"position\":2,\"name\":\"ACELEN, FUNDA\u00c7\u00c3O BANCO DO BRASIL E AVSI BRASIL INICIAM SEGUNDA TURMA DO PROJETO JORNADA JOVEM\"}]},{\"@type\":\"WebSite\",\"@id\":\"https:\/\/bahiaeconomica.com.br\/wp\/#website\",\"url\":\"https:\/\/bahiaeconomica.com.br\/wp\/\",\"name\":\"Bahia Economica\",\"description\":\"O maior portal de Economia da Bahia\",\"publisher\":{\"@id\":\"https:\/\/bahiaeconomica.com.br\/wp\/#organization\"},\"potentialAction\":[{\"@type\":\"SearchAction\",\"target\":{\"@type\":\"EntryPoint\",\"urlTemplate\":\"https:\/\/bahiaeconomica.com.br\/wp\/?s={search_term_string}\"},\"query-input\":\"required name=search_term_string\"}],\"inLanguage\":\"pt-BR\"},{\"@type\":\"Organization\",\"@id\":\"https:\/\/bahiaeconomica.com.br\/wp\/#organization\",\"name\":\"Bahia Econ\u00f4mica\",\"url\":\"https:\/\/bahiaeconomica.com.br\/wp\/\",\"logo\":{\"@type\":\"ImageObject\",\"inLanguage\":\"pt-BR\",\"@id\":\"https:\/\/bahiaeconomica.com.br\/wp\/#\/schema\/logo\/image\/\",\"url\":\"https:\/\/bahiaeconomica.com.br\/wp\/wp-content\/uploads\/2020\/12\/cropped-BE.png\",\"contentUrl\":\"https:\/\/bahiaeconomica.com.br\/wp\/wp-content\/uploads\/2020\/12\/cropped-BE.png\",\"width\":512,\"height\":512,\"caption\":\"Bahia Econ\u00f4mica\"},\"image\":{\"@id\":\"https:\/\/bahiaeconomica.com.br\/wp\/#\/schema\/logo\/image\/\"},\"sameAs\":[\"https:\/\/www.facebook.com\/bahiaeconomica\"]},{\"@type\":\"Person\",\"@id\":\"https:\/\/bahiaeconomica.com.br\/wp\/#\/schema\/person\/c86d3a3f8960425a0f9d0e5245991f4e\",\"name\":\"JP\",\"sameAs\":[\"https:\/\/bahiaeconomica.com.br\/wp\/beta\/\"],\"url\":\"https:\/\/bahiaeconomica.com.br\/wp\/author\/jp\/\"}]}<\/script>\n<!-- \/ Yoast SEO plugin. -->","yoast_head_json":{"title":"ACELEN, FUNDA\u00c7\u00c3O BANCO DO BRASIL E AVSI BRASIL INICIAM SEGUNDA TURMA DO PROJETO JORNADA JOVEM - Bahia Economica","description":"O maior portal de Economia da Bahia MUNIC\u00cdPIOS Bahia Economica 97 jovens preparados para ingressar no mercado de trabalho","robots":{"index":"index","follow":"follow","max-snippet":"max-snippet:-1","max-image-preview":"max-image-preview:large","max-video-preview":"max-video-preview:-1"},"canonical":"https:\/\/bahiaeconomica.com.br\/wp\/2024\/02\/29\/acelen-fundacao-banco-do-brasil-e-avsi-brasil-iniciam-segunda-turma-do-projeto-jornada-jovem\/","og_locale":"pt_BR","og_type":"article","og_title":"ACELEN, FUNDA\u00c7\u00c3O BANCO DO BRASIL E AVSI BRASIL INICIAM SEGUNDA TURMA DO PROJETO JORNADA JOVEM - Bahia Economica","og_description":"O maior portal de Economia da Bahia MUNIC\u00cdPIOS Bahia Economica 97 jovens preparados para ingressar no mercado de trabalho","og_url":"https:\/\/bahiaeconomica.com.br\/wp\/2024\/02\/29\/acelen-fundacao-banco-do-brasil-e-avsi-brasil-iniciam-segunda-turma-do-projeto-jornada-jovem\/","og_site_name":"Bahia Economica","article_publisher":"https:\/\/www.facebook.com\/bahiaeconomica","article_published_time":"2024-02-29T09:00:24+00:00","article_modified_time":"2024-02-29T17:47:39+00:00","og_image":[{"width":1600,"height":1200,"url":"https:\/\/bahiaeconomica.com.br\/wp\/wp-content\/uploads\/2024\/02\/WhatsApp-Image-2024-02-29-at-14.39.47.jpeg","type":"image\/jpeg"}],"author":"JP","twitter_card":"summary_large_image","twitter_misc":{"Escrito por":"JP","Est. tempo de leitura":"3 minutos"},"schema":{"@context":"https:\/\/schema.org","@graph":[{"@type":"Article","@id":"https:\/\/bahiaeconomica.com.br\/wp\/2024\/02\/29\/acelen-fundacao-banco-do-brasil-e-avsi-brasil-iniciam-segunda-turma-do-projeto-jornada-jovem\/#article","isPartOf":{"@id":"https:\/\/bahiaeconomica.com.br\/wp\/2024\/02\/29\/acelen-fundacao-banco-do-brasil-e-avsi-brasil-iniciam-segunda-turma-do-projeto-jornada-jovem\/"},"author":{"name":"JP","@id":"https:\/\/bahiaeconomica.com.br\/wp\/#\/schema\/person\/c86d3a3f8960425a0f9d0e5245991f4e"},"headline":"ACELEN, FUNDA\u00c7\u00c3O BANCO DO BRASIL E AVSI BRASIL INICIAM SEGUNDA TURMA DO PROJETO JORNADA JOVEM","datePublished":"2024-02-29T09:00:24+00:00","dateModified":"2024-02-29T17:47:39+00:00","mainEntityOfPage":{"@id":"https:\/\/bahiaeconomica.com.br\/wp\/2024\/02\/29\/acelen-fundacao-banco-do-brasil-e-avsi-brasil-iniciam-segunda-turma-do-projeto-jornada-jovem\/"},"wordCount":452,"publisher":{"@id":"https:\/\/bahiaeconomica.com.br\/wp\/#organization"},"articleSection":["MUNIC\u00cdPIOS"],"inLanguage":"pt-BR"},{"@type":"WebPage","@id":"https:\/\/bahiaeconomica.com.br\/wp\/2024\/02\/29\/acelen-fundacao-banco-do-brasil-e-avsi-brasil-iniciam-segunda-turma-do-projeto-jornada-jovem\/","url":"https:\/\/bahiaeconomica.com.br\/wp\/2024\/02\/29\/acelen-fundacao-banco-do-brasil-e-avsi-brasil-iniciam-segunda-turma-do-projeto-jornada-jovem\/","name":"ACELEN, FUNDA\u00c7\u00c3O BANCO DO BRASIL E AVSI BRASIL INICIAM SEGUNDA TURMA DO PROJETO JORNADA JOVEM - Bahia Economica","isPartOf":{"@id":"https:\/\/bahiaeconomica.com.br\/wp\/#website"},"datePublished":"2024-02-29T09:00:24+00:00","dateModified":"2024-02-29T17:47:39+00:00","description":"O maior portal de Economia da Bahia MUNIC\u00cdPIOS Bahia Economica 97 jovens preparados para ingressar no mercado de trabalho","breadcrumb":{"@id":"https:\/\/bahiaeconomica.com.br\/wp\/2024\/02\/29\/acelen-fundacao-banco-do-brasil-e-avsi-brasil-iniciam-segunda-turma-do-projeto-jornada-jovem\/#breadcrumb"},"inLanguage":"pt-BR","potentialAction":[{"@type":"ReadAction","target":["https:\/\/bahiaeconomica.com.br\/wp\/2024\/02\/29\/acelen-fundacao-banco-do-brasil-e-avsi-brasil-iniciam-segunda-turma-do-projeto-jornada-jovem\/"]}]},{"@type":"BreadcrumbList","@id":"https:\/\/bahiaeconomica.com.br\/wp\/2024\/02\/29\/acelen-fundacao-banco-do-brasil-e-avsi-brasil-iniciam-segunda-turma-do-projeto-jornada-jovem\/#breadcrumb","itemListElement":[{"@type":"ListItem","position":1,"name":"In\u00edcio","item":"https:\/\/bahiaeconomica.com.br\/wp\/"},{"@type":"ListItem","position":2,"name":"ACELEN, FUNDA\u00c7\u00c3O BANCO DO BRASIL E AVSI BRASIL INICIAM SEGUNDA TURMA DO PROJETO JORNADA JOVEM"}]},{"@type":"WebSite","@id":"https:\/\/bahiaeconomica.com.br\/wp\/#website","url":"https:\/\/bahiaeconomica.com.br\/wp\/","name":"Bahia Economica","description":"O maior portal de Economia da Bahia","publisher":{"@id":"https:\/\/bahiaeconomica.com.br\/wp\/#organization"},"potentialAction":[{"@type":"SearchAction","target":{"@type":"EntryPoint","urlTemplate":"https:\/\/bahiaeconomica.com.br\/wp\/?s={search_term_string}"},"query-input":"required name=search_term_string"}],"inLanguage":"pt-BR"},{"@type":"Organization","@id":"https:\/\/bahiaeconomica.com.br\/wp\/#organization","name":"Bahia Econ\u00f4mica","url":"https:\/\/bahiaeconomica.com.br\/wp\/","logo":{"@type":"ImageObject","inLanguage":"pt-BR","@id":"https:\/\/bahiaeconomica.com.br\/wp\/#\/schema\/logo\/image\/","url":"https:\/\/bahiaeconomica.com.br\/wp\/wp-content\/uploads\/2020\/12\/cropped-BE.png","contentUrl":"https:\/\/bahiaeconomica.com.br\/wp\/wp-content\/uploads\/2020\/12\/cropped-BE.png","width":512,"height":512,"caption":"Bahia Econ\u00f4mica"},"image":{"@id":"https:\/\/bahiaeconomica.com.br\/wp\/#\/schema\/logo\/image\/"},"sameAs":["https:\/\/www.facebook.com\/bahiaeconomica"]},{"@type":"Person","@id":"https:\/\/bahiaeconomica.com.br\/wp\/#\/schema\/person\/c86d3a3f8960425a0f9d0e5245991f4e","name":"JP","sameAs":["https:\/\/bahiaeconomica.com.br\/wp\/beta\/"],"url":"https:\/\/bahiaeconomica.com.br\/wp\/author\/jp\/"}]}},"views":24,"_links":{"self":[{"href":"https:\/\/bahiaeconomica.com.br\/wp\/wp-json\/wp\/v2\/posts\/801141"}],"collection":[{"href":"https:\/\/bahiaeconomica.com.br\/wp\/wp-json\/wp\/v2\/posts"}],"about":[{"href":"https:\/\/bahiaeconomica.com.br\/wp\/wp-json\/wp\/v2\/types\/post"}],"author":[{"embeddable":true,"href":"https:\/\/bahiaeconomica.com.br\/wp\/wp-json\/wp\/v2\/users\/8"}],"replies":[{"embeddable":true,"href":"https:\/\/bahiaeconomica.com.br\/wp\/wp-json\/wp\/v2\/comments?post=801141"}],"version-history":[{"count":1,"href":"https:\/\/bahiaeconomica.com.br\/wp\/wp-json\/wp\/v2\/posts\/801141\/revisions"}],"predecessor-version":[{"id":801143,"href":"https:\/\/bahiaeconomica.com.br\/wp\/wp-json\/wp\/v2\/posts\/801141\/revisions\/801143"}],"wp:featuredmedia":[{"embeddable":true,"href":"https:\/\/bahiaeconomica.com.br\/wp\/wp-json\/wp\/v2\/media\/801142"}],"wp:attachment":[{"href":"https:\/\/bahiaeconomica.com.br\/wp\/wp-json\/wp\/v2\/media?parent=801141"}],"wp:term":[{"taxonomy":"category","embeddable":true,"href":"https:\/\/bahiaeconomica.com.br\/wp\/wp-json\/wp\/v2\/categories?post=801141"},{"taxonomy":"post_tag","embeddable":true,"href":"https:\/\/bahiaeconomica.com.br\/wp\/wp-json\/wp\/v2\/tags?post=801141"}],"curies":[{"name":"wp","href":"https:\/\/api.w.org\/{rel}","templated":true}]}}