{"id":800930,"date":"2024-02-28T18:56:08","date_gmt":"2024-02-28T21:56:08","guid":{"rendered":"https:\/\/bahiaeconomica.com.br\/wp\/?p=800930"},"modified":"2024-02-28T18:56:08","modified_gmt":"2024-02-28T21:56:08","slug":"augusto-vasconcelos-reforca-importancia-do-pl-da-capoeira-nas-escolas","status":"publish","type":"post","link":"https:\/\/bahiaeconomica.com.br\/wp\/2024\/02\/28\/augusto-vasconcelos-reforca-importancia-do-pl-da-capoeira-nas-escolas\/","title":{"rendered":"AUGUSTO VASCONCELOS REFOR\u00c7A IMPORT\u00c2NCIA DO PL DA CAPOEIRA NAS ESCOLAS"},"content":{"rendered":"<p>A Associa\u00e7\u00e3o Classista de Educa\u00e7\u00e3o e Esporte da Bahia (ACEB), em parceria com a Superintend\u00eancia dos Desportos do Estado da Bahia (SUDESB) e a Secretaria do Trabalho, Emprego, Renda e Esporte do Estado da Bahia (SETRE), promoveu o Projeto &#8220;Capoeira Educa Em A\u00e7\u00e3o&#8221; nessa \u00faltima sexta-feira (23). A iniciativa, que ocorreu no Col\u00e9gio Estadual Professora Noemia Rego, no bairro de Val\u00e9ria, contou com a presen\u00e7a de capoeiristas, profissionais da educa\u00e7\u00e3o e membros do poder p\u00fablico.<\/p>\n<p>Durante o evento, o vereador Augusto Vasconcelos (PCdoB) refor\u00e7ou a import\u00e2ncia da capoeira como instrumento de transforma\u00e7\u00e3o social.<\/p>\n<p>&#8220;A capoeira que \u00e9 origin\u00e1ria desse processo de arte, luta, cultura, musicalidade e faz a s\u00edntese de resist\u00eancia do povo brasileiro, precisa ser valorizada e entrar pela porta da frente da escola. Por isso, apresentei o projeto de garantia da capoeira nas escolas da rede municipal&#8221;, disse ele.<\/p>\n<p>Em 2022, Augusto apresentou o Projeto de Lei n\u00ba 170, que visa a inclus\u00e3o do ensino de capoeira nas escolas da capital baiana. O projeto surgiu ap\u00f3s in\u00fameros di\u00e1logos e consultas aos mais diversos grupos de capoeira, que se mobilizaram em defesa da aprova\u00e7\u00e3o da mat\u00e9ria, criada em parceria com o coletivo Capoeira Em Movimento Bahia.<\/p>\n<p>&#8220;Quando falamos que a capoeira tem que estar nas escolas, n\u00e3o \u00e9 para substituir matem\u00e1tica, geografia, hist\u00f3ria&#8230; n\u00e3o! A capoeira pode ser utilizada como uma ferramenta interdisciplinar&#8221; refor\u00e7ou Augusto.<\/p>\n<p>Anteriormente, em 2021, o Governo do Estado aprovou a Lei Moa do Katend\u00ea (Lei n\u00b0 23.281\/2019), de autoria da deputada estadual Ol\u00edvia Santana (PCdoB), que tem como objetivo salvaguardar e incentivar a capoeira no estado, al\u00e9m de apoiar a forma\u00e7\u00e3o de capoeiristas e incorpor\u00e1-la ao curr\u00edculo escolar. Apesar de aprovado na C\u00e2mara Municipal, o PL de Vasconcelos foi vetado pelo atual prefeito de Salvador, Bruno Reis. Posteriormente, o veto foi mantido pela maioria dos membros da Casa Legislativa.<\/p>\n<p>Foto: Divulga\u00e7\u00e3o<\/p>\n","protected":false},"excerpt":{"rendered":"<p>A Associa\u00e7\u00e3o Classista de Educa\u00e7\u00e3o e Esporte da Bahia (ACEB), em parceria com a Superintend\u00eancia dos Desportos do Estado da Bahia (SUDESB) e a Secretaria do Trabalho, Emprego, Renda e Esporte do Estado da Bahia (SETRE), promoveu o Projeto &#8220;Capoeira Educa Em A\u00e7\u00e3o&#8221; nessa \u00faltima sexta-feira (23). A iniciativa, que ocorreu no Col\u00e9gio Estadual Professora [&hellip;]<\/p>\n","protected":false},"author":16,"featured_media":800934,"comment_status":"closed","ping_status":"closed","sticky":false,"template":"","format":"standard","meta":[],"categories":[14601],"tags":[6994,7812,3802],"acf":[],"yoast_head":"<!-- This site is optimized with the Yoast SEO plugin v20.8 - https:\/\/yoast.com\/wordpress\/plugins\/seo\/ -->\n<title>AUGUSTO VASCONCELOS REFOR\u00c7A IMPORT\u00c2NCIA DO PL DA CAPOEIRA NAS ESCOLAS - Bahia Economica<\/title>\n<meta name=\"description\" content=\"O maior portal de Economia da Bahia Pol\u00edtica Bahia Economica O projeto surgiu ap\u00f3s di\u00e1logos e consultas aos mais diversos grupos de capoeira.\" \/>\n<meta name=\"robots\" content=\"index, follow, max-snippet:-1, max-image-preview:large, max-video-preview:-1\" \/>\n<link rel=\"canonical\" href=\"https:\/\/bahiaeconomica.com.br\/wp\/2024\/02\/28\/augusto-vasconcelos-reforca-importancia-do-pl-da-capoeira-nas-escolas\/\" \/>\n<meta property=\"og:locale\" content=\"pt_BR\" \/>\n<meta property=\"og:type\" content=\"article\" \/>\n<meta property=\"og:title\" content=\"AUGUSTO VASCONCELOS REFOR\u00c7A IMPORT\u00c2NCIA DO PL DA CAPOEIRA NAS ESCOLAS - Bahia Economica\" \/>\n<meta property=\"og:description\" content=\"O maior portal de Economia da Bahia Pol\u00edtica Bahia Economica O projeto surgiu ap\u00f3s di\u00e1logos e consultas aos mais diversos grupos de capoeira.\" \/>\n<meta property=\"og:url\" content=\"https:\/\/bahiaeconomica.com.br\/wp\/2024\/02\/28\/augusto-vasconcelos-reforca-importancia-do-pl-da-capoeira-nas-escolas\/\" \/>\n<meta property=\"og:site_name\" content=\"Bahia Economica\" \/>\n<meta property=\"article:publisher\" content=\"https:\/\/www.facebook.com\/bahiaeconomica\" \/>\n<meta property=\"article:published_time\" content=\"2024-02-28T21:56:08+00:00\" \/>\n<meta property=\"og:image\" content=\"https:\/\/bahiaeconomica.com.br\/wp\/wp-content\/uploads\/2024\/02\/WhatsApp-Image-2024-02-28-at-16.24.15.jpeg\" \/>\n\t<meta property=\"og:image:width\" content=\"1600\" \/>\n\t<meta property=\"og:image:height\" content=\"1200\" \/>\n\t<meta property=\"og:image:type\" content=\"image\/jpeg\" \/>\n<meta name=\"author\" content=\"LUIZA NASCIMENTO\" \/>\n<meta name=\"twitter:card\" content=\"summary_large_image\" \/>\n<meta name=\"twitter:label1\" content=\"Escrito por\" \/>\n\t<meta name=\"twitter:data1\" content=\"LUIZA NASCIMENTO\" \/>\n\t<meta name=\"twitter:label2\" content=\"Est. tempo de leitura\" \/>\n\t<meta name=\"twitter:data2\" content=\"2 minutos\" \/>\n<script type=\"application\/ld+json\" class=\"yoast-schema-graph\">{\"@context\":\"https:\/\/schema.org\",\"@graph\":[{\"@type\":\"Article\",\"@id\":\"https:\/\/bahiaeconomica.com.br\/wp\/2024\/02\/28\/augusto-vasconcelos-reforca-importancia-do-pl-da-capoeira-nas-escolas\/#article\",\"isPartOf\":{\"@id\":\"https:\/\/bahiaeconomica.com.br\/wp\/2024\/02\/28\/augusto-vasconcelos-reforca-importancia-do-pl-da-capoeira-nas-escolas\/\"},\"author\":{\"name\":\"LUIZA NASCIMENTO\",\"@id\":\"https:\/\/bahiaeconomica.com.br\/wp\/#\/schema\/person\/18273ac0fe04bfd4e7b101bf17d40152\"},\"headline\":\"AUGUSTO VASCONCELOS REFOR\u00c7A IMPORT\u00c2NCIA DO PL DA CAPOEIRA NAS ESCOLAS\",\"datePublished\":\"2024-02-28T21:56:08+00:00\",\"dateModified\":\"2024-02-28T21:56:08+00:00\",\"mainEntityOfPage\":{\"@id\":\"https:\/\/bahiaeconomica.com.br\/wp\/2024\/02\/28\/augusto-vasconcelos-reforca-importancia-do-pl-da-capoeira-nas-escolas\/\"},\"wordCount\":344,\"publisher\":{\"@id\":\"https:\/\/bahiaeconomica.com.br\/wp\/#organization\"},\"keywords\":[\"Augusto vasconcelos\",\"capoeira\",\"valeria\"],\"articleSection\":[\"Pol\u00edtica\"],\"inLanguage\":\"pt-BR\"},{\"@type\":\"WebPage\",\"@id\":\"https:\/\/bahiaeconomica.com.br\/wp\/2024\/02\/28\/augusto-vasconcelos-reforca-importancia-do-pl-da-capoeira-nas-escolas\/\",\"url\":\"https:\/\/bahiaeconomica.com.br\/wp\/2024\/02\/28\/augusto-vasconcelos-reforca-importancia-do-pl-da-capoeira-nas-escolas\/\",\"name\":\"AUGUSTO VASCONCELOS REFOR\u00c7A IMPORT\u00c2NCIA DO PL DA CAPOEIRA NAS ESCOLAS - Bahia Economica\",\"isPartOf\":{\"@id\":\"https:\/\/bahiaeconomica.com.br\/wp\/#website\"},\"datePublished\":\"2024-02-28T21:56:08+00:00\",\"dateModified\":\"2024-02-28T21:56:08+00:00\",\"description\":\"O maior portal de Economia da Bahia Pol\u00edtica Bahia Economica O projeto surgiu ap\u00f3s di\u00e1logos e consultas aos mais diversos grupos de capoeira.\",\"breadcrumb\":{\"@id\":\"https:\/\/bahiaeconomica.com.br\/wp\/2024\/02\/28\/augusto-vasconcelos-reforca-importancia-do-pl-da-capoeira-nas-escolas\/#breadcrumb\"},\"inLanguage\":\"pt-BR\",\"potentialAction\":[{\"@type\":\"ReadAction\",\"target\":[\"https:\/\/bahiaeconomica.com.br\/wp\/2024\/02\/28\/augusto-vasconcelos-reforca-importancia-do-pl-da-capoeira-nas-escolas\/\"]}]},{\"@type\":\"BreadcrumbList\",\"@id\":\"https:\/\/bahiaeconomica.com.br\/wp\/2024\/02\/28\/augusto-vasconcelos-reforca-importancia-do-pl-da-capoeira-nas-escolas\/#breadcrumb\",\"itemListElement\":[{\"@type\":\"ListItem\",\"position\":1,\"name\":\"In\u00edcio\",\"item\":\"https:\/\/bahiaeconomica.com.br\/wp\/\"},{\"@type\":\"ListItem\",\"position\":2,\"name\":\"AUGUSTO VASCONCELOS REFOR\u00c7A IMPORT\u00c2NCIA DO PL DA CAPOEIRA NAS ESCOLAS\"}]},{\"@type\":\"WebSite\",\"@id\":\"https:\/\/bahiaeconomica.com.br\/wp\/#website\",\"url\":\"https:\/\/bahiaeconomica.com.br\/wp\/\",\"name\":\"Bahia Economica\",\"description\":\"O maior portal de Economia da Bahia\",\"publisher\":{\"@id\":\"https:\/\/bahiaeconomica.com.br\/wp\/#organization\"},\"potentialAction\":[{\"@type\":\"SearchAction\",\"target\":{\"@type\":\"EntryPoint\",\"urlTemplate\":\"https:\/\/bahiaeconomica.com.br\/wp\/?s={search_term_string}\"},\"query-input\":\"required name=search_term_string\"}],\"inLanguage\":\"pt-BR\"},{\"@type\":\"Organization\",\"@id\":\"https:\/\/bahiaeconomica.com.br\/wp\/#organization\",\"name\":\"Bahia Econ\u00f4mica\",\"url\":\"https:\/\/bahiaeconomica.com.br\/wp\/\",\"logo\":{\"@type\":\"ImageObject\",\"inLanguage\":\"pt-BR\",\"@id\":\"https:\/\/bahiaeconomica.com.br\/wp\/#\/schema\/logo\/image\/\",\"url\":\"https:\/\/bahiaeconomica.com.br\/wp\/wp-content\/uploads\/2020\/12\/cropped-BE.png\",\"contentUrl\":\"https:\/\/bahiaeconomica.com.br\/wp\/wp-content\/uploads\/2020\/12\/cropped-BE.png\",\"width\":512,\"height\":512,\"caption\":\"Bahia Econ\u00f4mica\"},\"image\":{\"@id\":\"https:\/\/bahiaeconomica.com.br\/wp\/#\/schema\/logo\/image\/\"},\"sameAs\":[\"https:\/\/www.facebook.com\/bahiaeconomica\"]},{\"@type\":\"Person\",\"@id\":\"https:\/\/bahiaeconomica.com.br\/wp\/#\/schema\/person\/18273ac0fe04bfd4e7b101bf17d40152\",\"name\":\"LUIZA NASCIMENTO\",\"sameAs\":[\"http:\/\/www.bahiaeconomica.com.br\"],\"url\":\"https:\/\/bahiaeconomica.com.br\/wp\/author\/luiza-nascimento\/\"}]}<\/script>\n<!-- \/ Yoast SEO plugin. -->","yoast_head_json":{"title":"AUGUSTO VASCONCELOS REFOR\u00c7A IMPORT\u00c2NCIA DO PL DA CAPOEIRA NAS ESCOLAS - Bahia Economica","description":"O maior portal de Economia da Bahia Pol\u00edtica Bahia Economica O projeto surgiu ap\u00f3s di\u00e1logos e consultas aos mais diversos grupos de capoeira.","robots":{"index":"index","follow":"follow","max-snippet":"max-snippet:-1","max-image-preview":"max-image-preview:large","max-video-preview":"max-video-preview:-1"},"canonical":"https:\/\/bahiaeconomica.com.br\/wp\/2024\/02\/28\/augusto-vasconcelos-reforca-importancia-do-pl-da-capoeira-nas-escolas\/","og_locale":"pt_BR","og_type":"article","og_title":"AUGUSTO VASCONCELOS REFOR\u00c7A IMPORT\u00c2NCIA DO PL DA CAPOEIRA NAS ESCOLAS - Bahia Economica","og_description":"O maior portal de Economia da Bahia Pol\u00edtica Bahia Economica O projeto surgiu ap\u00f3s di\u00e1logos e consultas aos mais diversos grupos de capoeira.","og_url":"https:\/\/bahiaeconomica.com.br\/wp\/2024\/02\/28\/augusto-vasconcelos-reforca-importancia-do-pl-da-capoeira-nas-escolas\/","og_site_name":"Bahia Economica","article_publisher":"https:\/\/www.facebook.com\/bahiaeconomica","article_published_time":"2024-02-28T21:56:08+00:00","og_image":[{"width":1600,"height":1200,"url":"https:\/\/bahiaeconomica.com.br\/wp\/wp-content\/uploads\/2024\/02\/WhatsApp-Image-2024-02-28-at-16.24.15.jpeg","type":"image\/jpeg"}],"author":"LUIZA NASCIMENTO","twitter_card":"summary_large_image","twitter_misc":{"Escrito por":"LUIZA NASCIMENTO","Est. tempo de leitura":"2 minutos"},"schema":{"@context":"https:\/\/schema.org","@graph":[{"@type":"Article","@id":"https:\/\/bahiaeconomica.com.br\/wp\/2024\/02\/28\/augusto-vasconcelos-reforca-importancia-do-pl-da-capoeira-nas-escolas\/#article","isPartOf":{"@id":"https:\/\/bahiaeconomica.com.br\/wp\/2024\/02\/28\/augusto-vasconcelos-reforca-importancia-do-pl-da-capoeira-nas-escolas\/"},"author":{"name":"LUIZA NASCIMENTO","@id":"https:\/\/bahiaeconomica.com.br\/wp\/#\/schema\/person\/18273ac0fe04bfd4e7b101bf17d40152"},"headline":"AUGUSTO VASCONCELOS REFOR\u00c7A IMPORT\u00c2NCIA DO PL DA CAPOEIRA NAS ESCOLAS","datePublished":"2024-02-28T21:56:08+00:00","dateModified":"2024-02-28T21:56:08+00:00","mainEntityOfPage":{"@id":"https:\/\/bahiaeconomica.com.br\/wp\/2024\/02\/28\/augusto-vasconcelos-reforca-importancia-do-pl-da-capoeira-nas-escolas\/"},"wordCount":344,"publisher":{"@id":"https:\/\/bahiaeconomica.com.br\/wp\/#organization"},"keywords":["Augusto vasconcelos","capoeira","valeria"],"articleSection":["Pol\u00edtica"],"inLanguage":"pt-BR"},{"@type":"WebPage","@id":"https:\/\/bahiaeconomica.com.br\/wp\/2024\/02\/28\/augusto-vasconcelos-reforca-importancia-do-pl-da-capoeira-nas-escolas\/","url":"https:\/\/bahiaeconomica.com.br\/wp\/2024\/02\/28\/augusto-vasconcelos-reforca-importancia-do-pl-da-capoeira-nas-escolas\/","name":"AUGUSTO VASCONCELOS REFOR\u00c7A IMPORT\u00c2NCIA DO PL DA CAPOEIRA NAS ESCOLAS - Bahia Economica","isPartOf":{"@id":"https:\/\/bahiaeconomica.com.br\/wp\/#website"},"datePublished":"2024-02-28T21:56:08+00:00","dateModified":"2024-02-28T21:56:08+00:00","description":"O maior portal de Economia da Bahia Pol\u00edtica Bahia Economica O projeto surgiu ap\u00f3s di\u00e1logos e consultas aos mais diversos grupos de capoeira.","breadcrumb":{"@id":"https:\/\/bahiaeconomica.com.br\/wp\/2024\/02\/28\/augusto-vasconcelos-reforca-importancia-do-pl-da-capoeira-nas-escolas\/#breadcrumb"},"inLanguage":"pt-BR","potentialAction":[{"@type":"ReadAction","target":["https:\/\/bahiaeconomica.com.br\/wp\/2024\/02\/28\/augusto-vasconcelos-reforca-importancia-do-pl-da-capoeira-nas-escolas\/"]}]},{"@type":"BreadcrumbList","@id":"https:\/\/bahiaeconomica.com.br\/wp\/2024\/02\/28\/augusto-vasconcelos-reforca-importancia-do-pl-da-capoeira-nas-escolas\/#breadcrumb","itemListElement":[{"@type":"ListItem","position":1,"name":"In\u00edcio","item":"https:\/\/bahiaeconomica.com.br\/wp\/"},{"@type":"ListItem","position":2,"name":"AUGUSTO VASCONCELOS REFOR\u00c7A IMPORT\u00c2NCIA DO PL DA CAPOEIRA NAS ESCOLAS"}]},{"@type":"WebSite","@id":"https:\/\/bahiaeconomica.com.br\/wp\/#website","url":"https:\/\/bahiaeconomica.com.br\/wp\/","name":"Bahia Economica","description":"O maior portal de Economia da Bahia","publisher":{"@id":"https:\/\/bahiaeconomica.com.br\/wp\/#organization"},"potentialAction":[{"@type":"SearchAction","target":{"@type":"EntryPoint","urlTemplate":"https:\/\/bahiaeconomica.com.br\/wp\/?s={search_term_string}"},"query-input":"required name=search_term_string"}],"inLanguage":"pt-BR"},{"@type":"Organization","@id":"https:\/\/bahiaeconomica.com.br\/wp\/#organization","name":"Bahia Econ\u00f4mica","url":"https:\/\/bahiaeconomica.com.br\/wp\/","logo":{"@type":"ImageObject","inLanguage":"pt-BR","@id":"https:\/\/bahiaeconomica.com.br\/wp\/#\/schema\/logo\/image\/","url":"https:\/\/bahiaeconomica.com.br\/wp\/wp-content\/uploads\/2020\/12\/cropped-BE.png","contentUrl":"https:\/\/bahiaeconomica.com.br\/wp\/wp-content\/uploads\/2020\/12\/cropped-BE.png","width":512,"height":512,"caption":"Bahia Econ\u00f4mica"},"image":{"@id":"https:\/\/bahiaeconomica.com.br\/wp\/#\/schema\/logo\/image\/"},"sameAs":["https:\/\/www.facebook.com\/bahiaeconomica"]},{"@type":"Person","@id":"https:\/\/bahiaeconomica.com.br\/wp\/#\/schema\/person\/18273ac0fe04bfd4e7b101bf17d40152","name":"LUIZA NASCIMENTO","sameAs":["http:\/\/www.bahiaeconomica.com.br"],"url":"https:\/\/bahiaeconomica.com.br\/wp\/author\/luiza-nascimento\/"}]}},"views":24,"_links":{"self":[{"href":"https:\/\/bahiaeconomica.com.br\/wp\/wp-json\/wp\/v2\/posts\/800930"}],"collection":[{"href":"https:\/\/bahiaeconomica.com.br\/wp\/wp-json\/wp\/v2\/posts"}],"about":[{"href":"https:\/\/bahiaeconomica.com.br\/wp\/wp-json\/wp\/v2\/types\/post"}],"author":[{"embeddable":true,"href":"https:\/\/bahiaeconomica.com.br\/wp\/wp-json\/wp\/v2\/users\/16"}],"replies":[{"embeddable":true,"href":"https:\/\/bahiaeconomica.com.br\/wp\/wp-json\/wp\/v2\/comments?post=800930"}],"version-history":[{"count":1,"href":"https:\/\/bahiaeconomica.com.br\/wp\/wp-json\/wp\/v2\/posts\/800930\/revisions"}],"predecessor-version":[{"id":800938,"href":"https:\/\/bahiaeconomica.com.br\/wp\/wp-json\/wp\/v2\/posts\/800930\/revisions\/800938"}],"wp:featuredmedia":[{"embeddable":true,"href":"https:\/\/bahiaeconomica.com.br\/wp\/wp-json\/wp\/v2\/media\/800934"}],"wp:attachment":[{"href":"https:\/\/bahiaeconomica.com.br\/wp\/wp-json\/wp\/v2\/media?parent=800930"}],"wp:term":[{"taxonomy":"category","embeddable":true,"href":"https:\/\/bahiaeconomica.com.br\/wp\/wp-json\/wp\/v2\/categories?post=800930"},{"taxonomy":"post_tag","embeddable":true,"href":"https:\/\/bahiaeconomica.com.br\/wp\/wp-json\/wp\/v2\/tags?post=800930"}],"curies":[{"name":"wp","href":"https:\/\/api.w.org\/{rel}","templated":true}]}}