{"id":800797,"date":"2024-02-28T15:00:34","date_gmt":"2024-02-28T18:00:34","guid":{"rendered":"https:\/\/bahiaeconomica.com.br\/wp\/?p=800797"},"modified":"2024-02-28T13:24:21","modified_gmt":"2024-02-28T16:24:21","slug":"cpi-da-braskem-convocara-presidente-da-empresa-e-diretor-geral-da-agencia-nacional-de-mineracao","status":"publish","type":"post","link":"https:\/\/bahiaeconomica.com.br\/wp\/2024\/02\/28\/cpi-da-braskem-convocara-presidente-da-empresa-e-diretor-geral-da-agencia-nacional-de-mineracao\/","title":{"rendered":"CPI DA BRASKEM CONVOCAR\u00c1 PRESIDENTE DA EMPRESA E DIRETOR-GERAL DA AG\u00caNCIA NACIONAL DE MINERA\u00c7\u00c3O"},"content":{"rendered":"<p>A Comiss\u00e3o Parlamentar de Inqu\u00e9rito (CPI) da Braskem aprovou, nesta quarta-feira (28), a convoca\u00e7\u00e3o do diretor-presidente da Braskem, Roberto Bischoff, e de mais sete pessoas para prestarem esclarecimentos no colegiado. Os requerimentos foram aprovados em bloco, por vota\u00e7\u00e3o simb\u00f3lica. Abel Galindo Marques \u2013 professor aposentado da Universidade Federal de Alagoas; Jos\u00e9 Geraldo Marques \u2013 m\u00e9dico e bi\u00f3logo, ex-chefe do \u00d3rg\u00e3o Ambiental de Alagoas; Natallya de Almeida Levino \u2013 professora da Universidade Federal de Alagoas, para falar a respeito da extra\u00e7\u00e3o irregular de sal-gema em Macei\u00f3; Thales Sampaio \u2013 ex-diretor-presidente do Servi\u00e7o Geol\u00f3gico do Brasil (SGB); Mauro Henrique Moreira Sousa \u2013 diretor-geral da Ag\u00eancia Nacional de Minera\u00e7\u00e3o (ANM); Marcelo Arantes \u2013 diretor global de Pessoas, Comunica\u00e7\u00e3o, Marketing e Rela\u00e7\u00f5es com a Imprensa da Braskem; Wolnei Wollf Barreiros \u2013 Secret\u00e1rio Nacional de Prote\u00e7\u00e3o e Defesa Civil (SEDEC).<\/p>\n<p>Os primeiros depoimentos est\u00e3o marcados para a pr\u00f3xima ter\u00e7a-feira (5), quando Abel Galindo Marques, Jos\u00e9 Geraldo Marques e Natallya de Almeida Levino ser\u00e3o ouvidos. Na quarta-feira (6), \u00e9 a vez das oitivas de Thales Sampaio e Mauro Henrique Moreira Sousa. Um dos objetivos da c\u00fapula da CPI \u00e9 esclarecer quando foram feitos os principais alertas sobre os riscos e danos da explora\u00e7\u00e3o do mineral na \u00e1rea ao longo de d\u00e9cadas. A CPI j\u00e1 aprovou a visita dos integrantes aos locais afetados pela explora\u00e7\u00e3o do sal-gema em Macei\u00f3. A comiss\u00e3o foi criada ap\u00f3s pedido apresentado pelo senador Renan Calheiros (MDB-AL) para investigar a responsabilidade da mineradora Braskem nas consequ\u00eancias ambientais provocadas pela explora\u00e7\u00e3o. A comiss\u00e3o tem 11 integrantes titulares e sete suplentes. O prazo de funcionamento da CPI \u00e9 at\u00e9 o dia 22 de maio. O colegiado foi instalado em 13 de dezembro de 2023, na reta final dos trabalhos no Legislativo.<\/p>\n<p>Foto: Reprodu\u00e7\u00e3o\/ TV Gazeta<\/p>\n","protected":false},"excerpt":{"rendered":"<p>A Comiss\u00e3o Parlamentar de Inqu\u00e9rito (CPI) da Braskem aprovou, nesta quarta-feira (28), a convoca\u00e7\u00e3o do diretor-presidente da Braskem, Roberto Bischoff, e de mais sete pessoas para prestarem esclarecimentos no colegiado. Os requerimentos foram aprovados em bloco, por vota\u00e7\u00e3o simb\u00f3lica. Abel Galindo Marques \u2013 professor aposentado da Universidade Federal de Alagoas; Jos\u00e9 Geraldo Marques \u2013 m\u00e9dico [&hellip;]<\/p>\n","protected":false},"author":8,"featured_media":800799,"comment_status":"closed","ping_status":"closed","sticky":false,"template":"","format":"standard","meta":[],"categories":[14,3],"tags":[52,1794,1048,100],"acf":[],"yoast_head":"<!-- This site is optimized with the Yoast SEO plugin v20.8 - https:\/\/yoast.com\/wordpress\/plugins\/seo\/ -->\n<title>CPI DA BRASKEM CONVOCAR\u00c1 PRESIDENTE DA EMPRESA E DIRETOR-GERAL DA AG\u00caNCIA NACIONAL DE MINERA\u00c7\u00c3O - Bahia Economica<\/title>\n<meta name=\"description\" content=\"O maior portal de Economia da Bahia DESTAQUE DO DIA, ECONOMIA \/ POL\u00cdTICA Bahia Economica A Comiss\u00e3o Parlamentar de Inqu\u00e9rito (CPI) da Braskem\" \/>\n<meta name=\"robots\" content=\"index, follow, max-snippet:-1, max-image-preview:large, max-video-preview:-1\" \/>\n<link rel=\"canonical\" href=\"https:\/\/bahiaeconomica.com.br\/wp\/2024\/02\/28\/cpi-da-braskem-convocara-presidente-da-empresa-e-diretor-geral-da-agencia-nacional-de-mineracao\/\" \/>\n<meta property=\"og:locale\" content=\"pt_BR\" \/>\n<meta property=\"og:type\" content=\"article\" \/>\n<meta property=\"og:title\" content=\"CPI DA BRASKEM CONVOCAR\u00c1 PRESIDENTE DA EMPRESA E DIRETOR-GERAL DA AG\u00caNCIA NACIONAL DE MINERA\u00c7\u00c3O - Bahia Economica\" \/>\n<meta property=\"og:description\" content=\"O maior portal de Economia da Bahia DESTAQUE DO DIA, ECONOMIA \/ POL\u00cdTICA Bahia Economica A Comiss\u00e3o Parlamentar de Inqu\u00e9rito (CPI) da Braskem\" \/>\n<meta property=\"og:url\" content=\"https:\/\/bahiaeconomica.com.br\/wp\/2024\/02\/28\/cpi-da-braskem-convocara-presidente-da-empresa-e-diretor-geral-da-agencia-nacional-de-mineracao\/\" \/>\n<meta property=\"og:site_name\" content=\"Bahia Economica\" \/>\n<meta property=\"article:publisher\" content=\"https:\/\/www.facebook.com\/bahiaeconomica\" \/>\n<meta property=\"article:published_time\" content=\"2024-02-28T18:00:34+00:00\" \/>\n<meta property=\"article:modified_time\" content=\"2024-02-28T16:24:21+00:00\" \/>\n<meta property=\"og:image\" content=\"https:\/\/bahiaeconomica.com.br\/wp\/wp-content\/uploads\/2024\/02\/ja03083.webp\" \/>\n\t<meta property=\"og:image:width\" content=\"1170\" \/>\n\t<meta property=\"og:image:height\" content=\"700\" \/>\n\t<meta property=\"og:image:type\" content=\"image\/webp\" \/>\n<meta name=\"author\" content=\"JP\" \/>\n<meta name=\"twitter:card\" content=\"summary_large_image\" \/>\n<meta name=\"twitter:label1\" content=\"Escrito por\" \/>\n\t<meta name=\"twitter:data1\" content=\"JP\" \/>\n\t<meta name=\"twitter:label2\" content=\"Est. tempo de leitura\" \/>\n\t<meta name=\"twitter:data2\" content=\"2 minutos\" \/>\n<script type=\"application\/ld+json\" class=\"yoast-schema-graph\">{\"@context\":\"https:\/\/schema.org\",\"@graph\":[{\"@type\":\"Article\",\"@id\":\"https:\/\/bahiaeconomica.com.br\/wp\/2024\/02\/28\/cpi-da-braskem-convocara-presidente-da-empresa-e-diretor-geral-da-agencia-nacional-de-mineracao\/#article\",\"isPartOf\":{\"@id\":\"https:\/\/bahiaeconomica.com.br\/wp\/2024\/02\/28\/cpi-da-braskem-convocara-presidente-da-empresa-e-diretor-geral-da-agencia-nacional-de-mineracao\/\"},\"author\":{\"name\":\"JP\",\"@id\":\"https:\/\/bahiaeconomica.com.br\/wp\/#\/schema\/person\/c86d3a3f8960425a0f9d0e5245991f4e\"},\"headline\":\"CPI DA BRASKEM CONVOCAR\u00c1 PRESIDENTE DA EMPRESA E DIRETOR-GERAL DA AG\u00caNCIA NACIONAL DE MINERA\u00c7\u00c3O\",\"datePublished\":\"2024-02-28T18:00:34+00:00\",\"dateModified\":\"2024-02-28T16:24:21+00:00\",\"mainEntityOfPage\":{\"@id\":\"https:\/\/bahiaeconomica.com.br\/wp\/2024\/02\/28\/cpi-da-braskem-convocara-presidente-da-empresa-e-diretor-geral-da-agencia-nacional-de-mineracao\/\"},\"wordCount\":320,\"publisher\":{\"@id\":\"https:\/\/bahiaeconomica.com.br\/wp\/#organization\"},\"keywords\":[\"Brasil\",\"braskem\",\"cpi\",\"Pol\u00edtica\"],\"articleSection\":[\"DESTAQUE DO DIA\",\"ECONOMIA \/ POL\u00cdTICA\"],\"inLanguage\":\"pt-BR\"},{\"@type\":\"WebPage\",\"@id\":\"https:\/\/bahiaeconomica.com.br\/wp\/2024\/02\/28\/cpi-da-braskem-convocara-presidente-da-empresa-e-diretor-geral-da-agencia-nacional-de-mineracao\/\",\"url\":\"https:\/\/bahiaeconomica.com.br\/wp\/2024\/02\/28\/cpi-da-braskem-convocara-presidente-da-empresa-e-diretor-geral-da-agencia-nacional-de-mineracao\/\",\"name\":\"CPI DA BRASKEM CONVOCAR\u00c1 PRESIDENTE DA EMPRESA E DIRETOR-GERAL DA AG\u00caNCIA NACIONAL DE MINERA\u00c7\u00c3O - Bahia Economica\",\"isPartOf\":{\"@id\":\"https:\/\/bahiaeconomica.com.br\/wp\/#website\"},\"datePublished\":\"2024-02-28T18:00:34+00:00\",\"dateModified\":\"2024-02-28T16:24:21+00:00\",\"description\":\"O maior portal de Economia da Bahia DESTAQUE DO DIA, ECONOMIA \/ POL\u00cdTICA Bahia Economica A Comiss\u00e3o Parlamentar de Inqu\u00e9rito (CPI) da Braskem\",\"breadcrumb\":{\"@id\":\"https:\/\/bahiaeconomica.com.br\/wp\/2024\/02\/28\/cpi-da-braskem-convocara-presidente-da-empresa-e-diretor-geral-da-agencia-nacional-de-mineracao\/#breadcrumb\"},\"inLanguage\":\"pt-BR\",\"potentialAction\":[{\"@type\":\"ReadAction\",\"target\":[\"https:\/\/bahiaeconomica.com.br\/wp\/2024\/02\/28\/cpi-da-braskem-convocara-presidente-da-empresa-e-diretor-geral-da-agencia-nacional-de-mineracao\/\"]}]},{\"@type\":\"BreadcrumbList\",\"@id\":\"https:\/\/bahiaeconomica.com.br\/wp\/2024\/02\/28\/cpi-da-braskem-convocara-presidente-da-empresa-e-diretor-geral-da-agencia-nacional-de-mineracao\/#breadcrumb\",\"itemListElement\":[{\"@type\":\"ListItem\",\"position\":1,\"name\":\"In\u00edcio\",\"item\":\"https:\/\/bahiaeconomica.com.br\/wp\/\"},{\"@type\":\"ListItem\",\"position\":2,\"name\":\"CPI DA BRASKEM CONVOCAR\u00c1 PRESIDENTE DA EMPRESA E DIRETOR-GERAL DA AG\u00caNCIA NACIONAL DE MINERA\u00c7\u00c3O\"}]},{\"@type\":\"WebSite\",\"@id\":\"https:\/\/bahiaeconomica.com.br\/wp\/#website\",\"url\":\"https:\/\/bahiaeconomica.com.br\/wp\/\",\"name\":\"Bahia Economica\",\"description\":\"O maior portal de Economia da Bahia\",\"publisher\":{\"@id\":\"https:\/\/bahiaeconomica.com.br\/wp\/#organization\"},\"potentialAction\":[{\"@type\":\"SearchAction\",\"target\":{\"@type\":\"EntryPoint\",\"urlTemplate\":\"https:\/\/bahiaeconomica.com.br\/wp\/?s={search_term_string}\"},\"query-input\":\"required name=search_term_string\"}],\"inLanguage\":\"pt-BR\"},{\"@type\":\"Organization\",\"@id\":\"https:\/\/bahiaeconomica.com.br\/wp\/#organization\",\"name\":\"Bahia Econ\u00f4mica\",\"url\":\"https:\/\/bahiaeconomica.com.br\/wp\/\",\"logo\":{\"@type\":\"ImageObject\",\"inLanguage\":\"pt-BR\",\"@id\":\"https:\/\/bahiaeconomica.com.br\/wp\/#\/schema\/logo\/image\/\",\"url\":\"https:\/\/bahiaeconomica.com.br\/wp\/wp-content\/uploads\/2020\/12\/cropped-BE.png\",\"contentUrl\":\"https:\/\/bahiaeconomica.com.br\/wp\/wp-content\/uploads\/2020\/12\/cropped-BE.png\",\"width\":512,\"height\":512,\"caption\":\"Bahia Econ\u00f4mica\"},\"image\":{\"@id\":\"https:\/\/bahiaeconomica.com.br\/wp\/#\/schema\/logo\/image\/\"},\"sameAs\":[\"https:\/\/www.facebook.com\/bahiaeconomica\"]},{\"@type\":\"Person\",\"@id\":\"https:\/\/bahiaeconomica.com.br\/wp\/#\/schema\/person\/c86d3a3f8960425a0f9d0e5245991f4e\",\"name\":\"JP\",\"sameAs\":[\"https:\/\/bahiaeconomica.com.br\/wp\/beta\/\"],\"url\":\"https:\/\/bahiaeconomica.com.br\/wp\/author\/jp\/\"}]}<\/script>\n<!-- \/ Yoast SEO plugin. -->","yoast_head_json":{"title":"CPI DA BRASKEM CONVOCAR\u00c1 PRESIDENTE DA EMPRESA E DIRETOR-GERAL DA AG\u00caNCIA NACIONAL DE MINERA\u00c7\u00c3O - Bahia Economica","description":"O maior portal de Economia da Bahia DESTAQUE DO DIA, ECONOMIA \/ POL\u00cdTICA Bahia Economica A Comiss\u00e3o Parlamentar de Inqu\u00e9rito (CPI) da Braskem","robots":{"index":"index","follow":"follow","max-snippet":"max-snippet:-1","max-image-preview":"max-image-preview:large","max-video-preview":"max-video-preview:-1"},"canonical":"https:\/\/bahiaeconomica.com.br\/wp\/2024\/02\/28\/cpi-da-braskem-convocara-presidente-da-empresa-e-diretor-geral-da-agencia-nacional-de-mineracao\/","og_locale":"pt_BR","og_type":"article","og_title":"CPI DA BRASKEM CONVOCAR\u00c1 PRESIDENTE DA EMPRESA E DIRETOR-GERAL DA AG\u00caNCIA NACIONAL DE MINERA\u00c7\u00c3O - Bahia Economica","og_description":"O maior portal de Economia da Bahia DESTAQUE DO DIA, ECONOMIA \/ POL\u00cdTICA Bahia Economica A Comiss\u00e3o Parlamentar de Inqu\u00e9rito (CPI) da Braskem","og_url":"https:\/\/bahiaeconomica.com.br\/wp\/2024\/02\/28\/cpi-da-braskem-convocara-presidente-da-empresa-e-diretor-geral-da-agencia-nacional-de-mineracao\/","og_site_name":"Bahia Economica","article_publisher":"https:\/\/www.facebook.com\/bahiaeconomica","article_published_time":"2024-02-28T18:00:34+00:00","article_modified_time":"2024-02-28T16:24:21+00:00","og_image":[{"width":1170,"height":700,"url":"https:\/\/bahiaeconomica.com.br\/wp\/wp-content\/uploads\/2024\/02\/ja03083.webp","type":"image\/webp"}],"author":"JP","twitter_card":"summary_large_image","twitter_misc":{"Escrito por":"JP","Est. tempo de leitura":"2 minutos"},"schema":{"@context":"https:\/\/schema.org","@graph":[{"@type":"Article","@id":"https:\/\/bahiaeconomica.com.br\/wp\/2024\/02\/28\/cpi-da-braskem-convocara-presidente-da-empresa-e-diretor-geral-da-agencia-nacional-de-mineracao\/#article","isPartOf":{"@id":"https:\/\/bahiaeconomica.com.br\/wp\/2024\/02\/28\/cpi-da-braskem-convocara-presidente-da-empresa-e-diretor-geral-da-agencia-nacional-de-mineracao\/"},"author":{"name":"JP","@id":"https:\/\/bahiaeconomica.com.br\/wp\/#\/schema\/person\/c86d3a3f8960425a0f9d0e5245991f4e"},"headline":"CPI DA BRASKEM CONVOCAR\u00c1 PRESIDENTE DA EMPRESA E DIRETOR-GERAL DA AG\u00caNCIA NACIONAL DE MINERA\u00c7\u00c3O","datePublished":"2024-02-28T18:00:34+00:00","dateModified":"2024-02-28T16:24:21+00:00","mainEntityOfPage":{"@id":"https:\/\/bahiaeconomica.com.br\/wp\/2024\/02\/28\/cpi-da-braskem-convocara-presidente-da-empresa-e-diretor-geral-da-agencia-nacional-de-mineracao\/"},"wordCount":320,"publisher":{"@id":"https:\/\/bahiaeconomica.com.br\/wp\/#organization"},"keywords":["Brasil","braskem","cpi","Pol\u00edtica"],"articleSection":["DESTAQUE DO DIA","ECONOMIA \/ POL\u00cdTICA"],"inLanguage":"pt-BR"},{"@type":"WebPage","@id":"https:\/\/bahiaeconomica.com.br\/wp\/2024\/02\/28\/cpi-da-braskem-convocara-presidente-da-empresa-e-diretor-geral-da-agencia-nacional-de-mineracao\/","url":"https:\/\/bahiaeconomica.com.br\/wp\/2024\/02\/28\/cpi-da-braskem-convocara-presidente-da-empresa-e-diretor-geral-da-agencia-nacional-de-mineracao\/","name":"CPI DA BRASKEM CONVOCAR\u00c1 PRESIDENTE DA EMPRESA E DIRETOR-GERAL DA AG\u00caNCIA NACIONAL DE MINERA\u00c7\u00c3O - Bahia Economica","isPartOf":{"@id":"https:\/\/bahiaeconomica.com.br\/wp\/#website"},"datePublished":"2024-02-28T18:00:34+00:00","dateModified":"2024-02-28T16:24:21+00:00","description":"O maior portal de Economia da Bahia DESTAQUE DO DIA, ECONOMIA \/ POL\u00cdTICA Bahia Economica A Comiss\u00e3o Parlamentar de Inqu\u00e9rito (CPI) da Braskem","breadcrumb":{"@id":"https:\/\/bahiaeconomica.com.br\/wp\/2024\/02\/28\/cpi-da-braskem-convocara-presidente-da-empresa-e-diretor-geral-da-agencia-nacional-de-mineracao\/#breadcrumb"},"inLanguage":"pt-BR","potentialAction":[{"@type":"ReadAction","target":["https:\/\/bahiaeconomica.com.br\/wp\/2024\/02\/28\/cpi-da-braskem-convocara-presidente-da-empresa-e-diretor-geral-da-agencia-nacional-de-mineracao\/"]}]},{"@type":"BreadcrumbList","@id":"https:\/\/bahiaeconomica.com.br\/wp\/2024\/02\/28\/cpi-da-braskem-convocara-presidente-da-empresa-e-diretor-geral-da-agencia-nacional-de-mineracao\/#breadcrumb","itemListElement":[{"@type":"ListItem","position":1,"name":"In\u00edcio","item":"https:\/\/bahiaeconomica.com.br\/wp\/"},{"@type":"ListItem","position":2,"name":"CPI DA BRASKEM CONVOCAR\u00c1 PRESIDENTE DA EMPRESA E DIRETOR-GERAL DA AG\u00caNCIA NACIONAL DE MINERA\u00c7\u00c3O"}]},{"@type":"WebSite","@id":"https:\/\/bahiaeconomica.com.br\/wp\/#website","url":"https:\/\/bahiaeconomica.com.br\/wp\/","name":"Bahia Economica","description":"O maior portal de Economia da Bahia","publisher":{"@id":"https:\/\/bahiaeconomica.com.br\/wp\/#organization"},"potentialAction":[{"@type":"SearchAction","target":{"@type":"EntryPoint","urlTemplate":"https:\/\/bahiaeconomica.com.br\/wp\/?s={search_term_string}"},"query-input":"required name=search_term_string"}],"inLanguage":"pt-BR"},{"@type":"Organization","@id":"https:\/\/bahiaeconomica.com.br\/wp\/#organization","name":"Bahia Econ\u00f4mica","url":"https:\/\/bahiaeconomica.com.br\/wp\/","logo":{"@type":"ImageObject","inLanguage":"pt-BR","@id":"https:\/\/bahiaeconomica.com.br\/wp\/#\/schema\/logo\/image\/","url":"https:\/\/bahiaeconomica.com.br\/wp\/wp-content\/uploads\/2020\/12\/cropped-BE.png","contentUrl":"https:\/\/bahiaeconomica.com.br\/wp\/wp-content\/uploads\/2020\/12\/cropped-BE.png","width":512,"height":512,"caption":"Bahia Econ\u00f4mica"},"image":{"@id":"https:\/\/bahiaeconomica.com.br\/wp\/#\/schema\/logo\/image\/"},"sameAs":["https:\/\/www.facebook.com\/bahiaeconomica"]},{"@type":"Person","@id":"https:\/\/bahiaeconomica.com.br\/wp\/#\/schema\/person\/c86d3a3f8960425a0f9d0e5245991f4e","name":"JP","sameAs":["https:\/\/bahiaeconomica.com.br\/wp\/beta\/"],"url":"https:\/\/bahiaeconomica.com.br\/wp\/author\/jp\/"}]}},"views":6,"_links":{"self":[{"href":"https:\/\/bahiaeconomica.com.br\/wp\/wp-json\/wp\/v2\/posts\/800797"}],"collection":[{"href":"https:\/\/bahiaeconomica.com.br\/wp\/wp-json\/wp\/v2\/posts"}],"about":[{"href":"https:\/\/bahiaeconomica.com.br\/wp\/wp-json\/wp\/v2\/types\/post"}],"author":[{"embeddable":true,"href":"https:\/\/bahiaeconomica.com.br\/wp\/wp-json\/wp\/v2\/users\/8"}],"replies":[{"embeddable":true,"href":"https:\/\/bahiaeconomica.com.br\/wp\/wp-json\/wp\/v2\/comments?post=800797"}],"version-history":[{"count":1,"href":"https:\/\/bahiaeconomica.com.br\/wp\/wp-json\/wp\/v2\/posts\/800797\/revisions"}],"predecessor-version":[{"id":800800,"href":"https:\/\/bahiaeconomica.com.br\/wp\/wp-json\/wp\/v2\/posts\/800797\/revisions\/800800"}],"wp:featuredmedia":[{"embeddable":true,"href":"https:\/\/bahiaeconomica.com.br\/wp\/wp-json\/wp\/v2\/media\/800799"}],"wp:attachment":[{"href":"https:\/\/bahiaeconomica.com.br\/wp\/wp-json\/wp\/v2\/media?parent=800797"}],"wp:term":[{"taxonomy":"category","embeddable":true,"href":"https:\/\/bahiaeconomica.com.br\/wp\/wp-json\/wp\/v2\/categories?post=800797"},{"taxonomy":"post_tag","embeddable":true,"href":"https:\/\/bahiaeconomica.com.br\/wp\/wp-json\/wp\/v2\/tags?post=800797"}],"curies":[{"name":"wp","href":"https:\/\/api.w.org\/{rel}","templated":true}]}}