{"id":800789,"date":"2024-02-28T13:30:13","date_gmt":"2024-02-28T16:30:13","guid":{"rendered":"https:\/\/bahiaeconomica.com.br\/wp\/?p=800789"},"modified":"2024-02-28T13:21:31","modified_gmt":"2024-02-28T16:21:31","slug":"prefeitura-lanca-campanha-salvador-contra-a-dengue-com-abertura-de-duas-unidades-de-suporte-com-leitos-para-urgencias","status":"publish","type":"post","link":"https:\/\/bahiaeconomica.com.br\/wp\/2024\/02\/28\/prefeitura-lanca-campanha-salvador-contra-a-dengue-com-abertura-de-duas-unidades-de-suporte-com-leitos-para-urgencias\/","title":{"rendered":"PREFEITURA LAN\u00c7A CAMPANHA SALVADOR CONTRA A DENGUE COM ABERTURA DE DUAS UNIDADES DE SUPORTE COM LEITOS PARA URG\u00caNCIAS"},"content":{"rendered":"<p>A Prefeitura lan\u00e7ou nesta quarta-feira (28) a campanha Salvador Contra a Dengue, que ter\u00e1 a intensifica\u00e7\u00e3o de a\u00e7\u00f5es coordenadas entre as v\u00e1rias secretarias para prevenir o avan\u00e7o do v\u00edrus, o que historicamente ocorre entre mar\u00e7o e abril. O Brasil vive hoje uma epidemia da doen\u00e7a, por\u00e9m o munic\u00edpio est\u00e1 com a situa\u00e7\u00e3o controlada, em situa\u00e7\u00e3o de alerta. A capital baiana tem atualmente uma taxa de 44,3 casos por 100 mil habitantes, um d\u00e9cimo do que \u00e9 registrado no pa\u00eds, que alcan\u00e7a 479,3 casos, e abaixo tamb\u00e9m da Bahia, que tem 119,9 casos neste mesmo \u00edndice.<\/p>\n<p>Os detalhes da iniciativa foram apresentados pelo prefeito Bruno Reis e pela vice-prefeita e secret\u00e1ria municipal da Sa\u00fade (SMS) Ana Paula Matos. A apresenta\u00e7\u00e3o ocorreu durante a entrega da requalifica\u00e7\u00e3o do Centro de Especialidades Odontol\u00f3gicas (CEO) da Federa\u00e7\u00e3o. Como destaque das a\u00e7\u00f5es, est\u00e1 a implanta\u00e7\u00e3o de duas Unidades de Suporte &#8211; semelhante aos grip\u00e1rios no per\u00edodo pand\u00eamico -, sendo uma com 10 leitos em \u00e1rea cont\u00edgua \u00e0 UPA do Vale dos Barris e outra com cinco leitos no estacionamento da USF Itapu\u00e3, para ampliar a rede de atendimento de urg\u00eancias e emerg\u00eancias.<\/p>\n<p>Al\u00e9m disso, foram anunciados a utiliza\u00e7\u00e3o de tecnologia, com at\u00e9 2 mil armadilhas do tipo ovitrampa, para monitorar as regi\u00f5es priorit\u00e1rias para fazer o controle vetorial; a institui\u00e7\u00e3o do Comit\u00ea Municipal de Preven\u00e7\u00e3o e Controle de Arboviroses; o funcionamento do Centro de Opera\u00e7\u00f5es Especiais (COE), com a participa\u00e7\u00e3o de representantes de outras secretarias para melhor coordenar as a\u00e7\u00f5es intersetoriais; e um simulado de mesa em parceria com a Organiza\u00e7\u00e3o Pan-Americana de Sa\u00fade (Opas) para avaliar a resposta do munic\u00edpio a um cen\u00e1rio de emerg\u00eancia provocado pela doen\u00e7a.<\/p>\n<p>Bruno Reis destacou que o n\u00famero menor de casos em Salvador em compara\u00e7\u00e3o com o Brasil se d\u00e1 por conta dos trabalhos preventivos realizados pela Prefeitura. \u201cNa vida p\u00fablica n\u00e3o basta saber fazer, tem que saber a hora de fazer. N\u00f3s antecipamos o in\u00edcio dessa opera\u00e7\u00e3o para o m\u00eas de setembro, e de l\u00e1 para c\u00e1 uma s\u00e9rie de a\u00e7\u00f5es est\u00e3o sendo realizadas que permitiram hoje Salvador, quando se compara com a Bahia, com o Brasil, em especial com as outras cidades, ter o menor \u00edndice de infesta\u00e7\u00e3o\u201d, disse.<\/p>\n<p>O prefeito anunciou a amplia\u00e7\u00e3o da vacina\u00e7\u00e3o contra a dengue, em especial para as crian\u00e7as de 10 e 11 anos, de acordo com o protocolo do Minist\u00e9rio da Sa\u00fade. Neste final de semana, a Prefeitura vai promover um mutir\u00e3o nos shoppings de Salvador. At\u00e9 o momento, j\u00e1 foram aplicadas 9.668 doses. \u201cO lan\u00e7amento oficial desta campanha \u00e9 para, primeiro, mostrar o que n\u00f3s j\u00e1 realizamos e tudo o que ainda ser\u00e1 feito. Mas, tamb\u00e9m para orientar a popula\u00e7\u00e3o para juntos estarmos engajados e podermos enfrentar a doen\u00e7a. A Prefeitura n\u00e3o est\u00e1 medindo esfor\u00e7os\u201d, afirmou.<\/p>\n<p>\u201cOs dados mostram que 80% dos criadouros dos mosquitos est\u00e3o nas resid\u00eancias e nos estabelecimentos comerciais. Isso significa o qu\u00ea? Que a popula\u00e7\u00e3o tem um papel crucial nesse enfrentamento. Estamos distribuindo 7 mil cartilhas de educa\u00e7\u00e3o em sa\u00fade e fizemos a\u00e7\u00f5es de conscientiza\u00e7\u00e3o com os alunos da rede municipal. N\u00e3o d\u00e1 para brincar, o crucial \u00e9 a vida. Por isso, \u00e9 importante que todo mundo se mobilize\u201d, completou Bruno Reis.<\/p>\n<p>Alerta &#8211; Em janeiro deste ano, o Levantamento R\u00e1pido de \u00cdndice para o Aedes aegypti (LIRAa) de Salvador foi de 1,8 &#8211; o que significa que foram encontradas larvas do mosquito em quase dois de cada 100 im\u00f3veis vistoriados pelas equipes de sa\u00fade do munic\u00edpio. Este \u00edndice aponta um cen\u00e1rio de alerta, mas no comparativo ao mesmo per\u00edodo do ano passado houve uma melhora: em janeiro de 2023, a taxa era de 2,4.<\/p>\n<p>Segundo Ana Paula Matos, o resultado positivo do LIRAa aponta o sucesso da Opera\u00e7\u00e3o Ver\u00e3o Sem Mosquito, iniciada pela Prefeitura em setembro do ano passado. \u201cEstamos h\u00e1 seis meses intensificando as a\u00e7\u00f5es de rotina, como o controle tanto mec\u00e2nico, que \u00e9 retirar a \u00e1gua que est\u00e1 parada, como o qu\u00edmico; tamb\u00e9m com o ingresso compuls\u00f3rio em im\u00f3veis que est\u00e3o abandonados; com vistorias em barcos, em cemit\u00e9rios, em dep\u00f3sitos, em todos os locais em que pode ter \u00e1gua parada\u201d, disse.<\/p>\n<p>\u201cPor\u00e9m, eu refor\u00e7o: 80% dos criadouros do mosquito da dengue em Salvador est\u00e3o na casa das pessoas. Por isso, pe\u00e7o a todos os cidad\u00e3os que nos ajudem e que sejam multiplicadores. As pessoas ainda acabam fazendo descarte inadequado, temos im\u00f3veis em situa\u00e7\u00e3o de abandono, sucatas e borracharias que s\u00e3o focos. Nossas equipes est\u00e3o em campo diariamente agindo, j\u00e1 fizemos milhares e milhares de a\u00e7\u00f5es. Mas, se uma pessoa descuidar, ela pode prejudicar toda a sua coletividade e toda a sua vizinhan\u00e7a\u201d, completou.<\/p>\n<p>Desde setembro, a SMS inspecionou 6.766 im\u00f3veis na cidade, sendo que em 118 deles havia focos de reprodu\u00e7\u00e3o do Aedes aegypti. Al\u00e9m disso, foram inspecionados 31 mil dep\u00f3sitos e realizadas 959 a\u00e7\u00f5es do coletivo, sendo 260 em escolas, 240 em pra\u00e7as, 110 unidades de sa\u00fade e 89 em hot\u00e9is e outros estabelecimentos comerciais. Completando os dados, tamb\u00e9m foram realizadas no per\u00edodo 3.500 a\u00e7\u00f5es de educa\u00e7\u00e3o nos 12 distritos sanit\u00e1rios da capital baiana.<\/p>\n<p>Refor\u00e7o &#8211; Al\u00e9m da implanta\u00e7\u00e3o das Unidades de Suporte no Vale dos Barris e em Itapu\u00e3, a Rede de Urg\u00eancia e Emerg\u00eancia conta com a mobiliza\u00e7\u00e3o das 10 unidades de UPA e as oito de PA, inclusive a rec\u00e9m-inaugurada em Ilha de Mar\u00e9.<\/p>\n<p>A estrat\u00e9gia tamb\u00e9m envolve a prepara\u00e7\u00e3o das 160 unidades de Aten\u00e7\u00e3o Prim\u00e1ria com equipes capacitadas com manejo cl\u00ednico para casos da doen\u00e7a; a sele\u00e7\u00e3o de unidades sentinelas em cada um dos distritos sanit\u00e1rios com atendimento aos s\u00e1bados e domingos, sendo abertas de acordo com o cen\u00e1rio epidemiol\u00f3gico de cada distrito; e refor\u00e7o nas atividades educativas atrav\u00e9s dos Agentes Comunit\u00e1rios e equipes de sa\u00fade nas escolas.<\/p>\n<p>&nbsp;<\/p>\n<p>Fotos: Valter Pontes \/ Secom PMS<\/p>\n","protected":false},"excerpt":{"rendered":"<p>A Prefeitura lan\u00e7ou nesta quarta-feira (28) a campanha Salvador Contra a Dengue, que ter\u00e1 a intensifica\u00e7\u00e3o de a\u00e7\u00f5es coordenadas entre as v\u00e1rias secretarias para prevenir o avan\u00e7o do v\u00edrus, o que historicamente ocorre entre mar\u00e7o e abril. O Brasil vive hoje uma epidemia da doen\u00e7a, por\u00e9m o munic\u00edpio est\u00e1 com a situa\u00e7\u00e3o controlada, em situa\u00e7\u00e3o [&hellip;]<\/p>\n","protected":false},"author":15,"featured_media":800790,"comment_status":"closed","ping_status":"closed","sticky":false,"template":"","format":"standard","meta":[],"categories":[5,21],"tags":[526,836,27394],"acf":[],"yoast_head":"<!-- This site is optimized with the Yoast SEO plugin v20.8 - https:\/\/yoast.com\/wordpress\/plugins\/seo\/ -->\n<title>PREFEITURA LAN\u00c7A CAMPANHA SALVADOR CONTRA A DENGUE COM ABERTURA DE DUAS UNIDADES DE SUPORTE COM LEITOS PARA URG\u00caNCIAS - Bahia Economica<\/title>\n<meta name=\"description\" content=\"O maior portal de Economia da Bahia MUNIC\u00cdPIOS, Sa\u00fade \/ Educa\u00e7\u00e3o Bahia Economica A Prefeitura lan\u00e7ou nesta quarta-feira (28) a campanha\" \/>\n<meta name=\"robots\" content=\"index, follow, max-snippet:-1, max-image-preview:large, max-video-preview:-1\" \/>\n<link rel=\"canonical\" href=\"https:\/\/bahiaeconomica.com.br\/wp\/2024\/02\/28\/prefeitura-lanca-campanha-salvador-contra-a-dengue-com-abertura-de-duas-unidades-de-suporte-com-leitos-para-urgencias\/\" \/>\n<meta property=\"og:locale\" content=\"pt_BR\" \/>\n<meta property=\"og:type\" content=\"article\" \/>\n<meta property=\"og:title\" content=\"PREFEITURA LAN\u00c7A CAMPANHA SALVADOR CONTRA A DENGUE COM ABERTURA DE DUAS UNIDADES DE SUPORTE COM LEITOS PARA URG\u00caNCIAS - Bahia Economica\" \/>\n<meta property=\"og:description\" content=\"O maior portal de Economia da Bahia MUNIC\u00cdPIOS, Sa\u00fade \/ Educa\u00e7\u00e3o Bahia Economica A Prefeitura lan\u00e7ou nesta quarta-feira (28) a campanha\" \/>\n<meta property=\"og:url\" content=\"https:\/\/bahiaeconomica.com.br\/wp\/2024\/02\/28\/prefeitura-lanca-campanha-salvador-contra-a-dengue-com-abertura-de-duas-unidades-de-suporte-com-leitos-para-urgencias\/\" \/>\n<meta property=\"og:site_name\" content=\"Bahia Economica\" \/>\n<meta property=\"article:publisher\" content=\"https:\/\/www.facebook.com\/bahiaeconomica\" \/>\n<meta property=\"article:published_time\" content=\"2024-02-28T16:30:13+00:00\" \/>\n<meta property=\"article:modified_time\" content=\"2024-02-28T16:21:31+00:00\" \/>\n<meta property=\"og:image\" content=\"https:\/\/bahiaeconomica.com.br\/wp\/wp-content\/uploads\/2024\/02\/WhatsApp-Image-2024-02-28-at-12.49.27.jpeg\" \/>\n\t<meta property=\"og:image:width\" content=\"1600\" \/>\n\t<meta property=\"og:image:height\" content=\"1067\" \/>\n\t<meta property=\"og:image:type\" content=\"image\/jpeg\" \/>\n<meta name=\"author\" content=\"VICTORIA ISABEL\" \/>\n<meta name=\"twitter:card\" content=\"summary_large_image\" \/>\n<meta name=\"twitter:label1\" content=\"Escrito por\" \/>\n\t<meta name=\"twitter:data1\" content=\"VICTORIA ISABEL\" \/>\n\t<meta name=\"twitter:label2\" content=\"Est. tempo de leitura\" \/>\n\t<meta name=\"twitter:data2\" content=\"6 minutos\" \/>\n<script type=\"application\/ld+json\" class=\"yoast-schema-graph\">{\"@context\":\"https:\/\/schema.org\",\"@graph\":[{\"@type\":\"Article\",\"@id\":\"https:\/\/bahiaeconomica.com.br\/wp\/2024\/02\/28\/prefeitura-lanca-campanha-salvador-contra-a-dengue-com-abertura-de-duas-unidades-de-suporte-com-leitos-para-urgencias\/#article\",\"isPartOf\":{\"@id\":\"https:\/\/bahiaeconomica.com.br\/wp\/2024\/02\/28\/prefeitura-lanca-campanha-salvador-contra-a-dengue-com-abertura-de-duas-unidades-de-suporte-com-leitos-para-urgencias\/\"},\"author\":{\"name\":\"VICTORIA ISABEL\",\"@id\":\"https:\/\/bahiaeconomica.com.br\/wp\/#\/schema\/person\/b719ce0fb1c09f3c7a00d9243ced4a6f\"},\"headline\":\"PREFEITURA LAN\u00c7A CAMPANHA SALVADOR CONTRA A DENGUE COM ABERTURA DE DUAS UNIDADES DE SUPORTE COM LEITOS PARA URG\u00caNCIAS\",\"datePublished\":\"2024-02-28T16:30:13+00:00\",\"dateModified\":\"2024-02-28T16:21:31+00:00\",\"mainEntityOfPage\":{\"@id\":\"https:\/\/bahiaeconomica.com.br\/wp\/2024\/02\/28\/prefeitura-lanca-campanha-salvador-contra-a-dengue-com-abertura-de-duas-unidades-de-suporte-com-leitos-para-urgencias\/\"},\"wordCount\":1074,\"publisher\":{\"@id\":\"https:\/\/bahiaeconomica.com.br\/wp\/#organization\"},\"keywords\":[\"Campanha\",\"prefeitura\",\"Salvador Contra a Dengue\"],\"articleSection\":[\"MUNIC\u00cdPIOS\",\"Sa\u00fade \/ Educa\u00e7\u00e3o\"],\"inLanguage\":\"pt-BR\"},{\"@type\":\"WebPage\",\"@id\":\"https:\/\/bahiaeconomica.com.br\/wp\/2024\/02\/28\/prefeitura-lanca-campanha-salvador-contra-a-dengue-com-abertura-de-duas-unidades-de-suporte-com-leitos-para-urgencias\/\",\"url\":\"https:\/\/bahiaeconomica.com.br\/wp\/2024\/02\/28\/prefeitura-lanca-campanha-salvador-contra-a-dengue-com-abertura-de-duas-unidades-de-suporte-com-leitos-para-urgencias\/\",\"name\":\"PREFEITURA LAN\u00c7A CAMPANHA SALVADOR CONTRA A DENGUE COM ABERTURA DE DUAS UNIDADES DE SUPORTE COM LEITOS PARA URG\u00caNCIAS - Bahia Economica\",\"isPartOf\":{\"@id\":\"https:\/\/bahiaeconomica.com.br\/wp\/#website\"},\"datePublished\":\"2024-02-28T16:30:13+00:00\",\"dateModified\":\"2024-02-28T16:21:31+00:00\",\"description\":\"O maior portal de Economia da Bahia MUNIC\u00cdPIOS, Sa\u00fade \/ Educa\u00e7\u00e3o Bahia Economica A Prefeitura lan\u00e7ou nesta quarta-feira (28) a campanha\",\"breadcrumb\":{\"@id\":\"https:\/\/bahiaeconomica.com.br\/wp\/2024\/02\/28\/prefeitura-lanca-campanha-salvador-contra-a-dengue-com-abertura-de-duas-unidades-de-suporte-com-leitos-para-urgencias\/#breadcrumb\"},\"inLanguage\":\"pt-BR\",\"potentialAction\":[{\"@type\":\"ReadAction\",\"target\":[\"https:\/\/bahiaeconomica.com.br\/wp\/2024\/02\/28\/prefeitura-lanca-campanha-salvador-contra-a-dengue-com-abertura-de-duas-unidades-de-suporte-com-leitos-para-urgencias\/\"]}]},{\"@type\":\"BreadcrumbList\",\"@id\":\"https:\/\/bahiaeconomica.com.br\/wp\/2024\/02\/28\/prefeitura-lanca-campanha-salvador-contra-a-dengue-com-abertura-de-duas-unidades-de-suporte-com-leitos-para-urgencias\/#breadcrumb\",\"itemListElement\":[{\"@type\":\"ListItem\",\"position\":1,\"name\":\"In\u00edcio\",\"item\":\"https:\/\/bahiaeconomica.com.br\/wp\/\"},{\"@type\":\"ListItem\",\"position\":2,\"name\":\"PREFEITURA LAN\u00c7A CAMPANHA SALVADOR CONTRA A DENGUE COM ABERTURA DE DUAS UNIDADES DE SUPORTE COM LEITOS PARA URG\u00caNCIAS\"}]},{\"@type\":\"WebSite\",\"@id\":\"https:\/\/bahiaeconomica.com.br\/wp\/#website\",\"url\":\"https:\/\/bahiaeconomica.com.br\/wp\/\",\"name\":\"Bahia Economica\",\"description\":\"O maior portal de Economia da Bahia\",\"publisher\":{\"@id\":\"https:\/\/bahiaeconomica.com.br\/wp\/#organization\"},\"potentialAction\":[{\"@type\":\"SearchAction\",\"target\":{\"@type\":\"EntryPoint\",\"urlTemplate\":\"https:\/\/bahiaeconomica.com.br\/wp\/?s={search_term_string}\"},\"query-input\":\"required name=search_term_string\"}],\"inLanguage\":\"pt-BR\"},{\"@type\":\"Organization\",\"@id\":\"https:\/\/bahiaeconomica.com.br\/wp\/#organization\",\"name\":\"Bahia Econ\u00f4mica\",\"url\":\"https:\/\/bahiaeconomica.com.br\/wp\/\",\"logo\":{\"@type\":\"ImageObject\",\"inLanguage\":\"pt-BR\",\"@id\":\"https:\/\/bahiaeconomica.com.br\/wp\/#\/schema\/logo\/image\/\",\"url\":\"https:\/\/bahiaeconomica.com.br\/wp\/wp-content\/uploads\/2020\/12\/cropped-BE.png\",\"contentUrl\":\"https:\/\/bahiaeconomica.com.br\/wp\/wp-content\/uploads\/2020\/12\/cropped-BE.png\",\"width\":512,\"height\":512,\"caption\":\"Bahia Econ\u00f4mica\"},\"image\":{\"@id\":\"https:\/\/bahiaeconomica.com.br\/wp\/#\/schema\/logo\/image\/\"},\"sameAs\":[\"https:\/\/www.facebook.com\/bahiaeconomica\"]},{\"@type\":\"Person\",\"@id\":\"https:\/\/bahiaeconomica.com.br\/wp\/#\/schema\/person\/b719ce0fb1c09f3c7a00d9243ced4a6f\",\"name\":\"VICTORIA ISABEL\",\"sameAs\":[\"http:\/\/www.bahiaeconomica.com.br\"],\"url\":\"https:\/\/bahiaeconomica.com.br\/wp\/author\/victoria-isabel\/\"}]}<\/script>\n<!-- \/ Yoast SEO plugin. -->","yoast_head_json":{"title":"PREFEITURA LAN\u00c7A CAMPANHA SALVADOR CONTRA A DENGUE COM ABERTURA DE DUAS UNIDADES DE SUPORTE COM LEITOS PARA URG\u00caNCIAS - Bahia Economica","description":"O maior portal de Economia da Bahia MUNIC\u00cdPIOS, Sa\u00fade \/ Educa\u00e7\u00e3o Bahia Economica A Prefeitura lan\u00e7ou nesta quarta-feira (28) a campanha","robots":{"index":"index","follow":"follow","max-snippet":"max-snippet:-1","max-image-preview":"max-image-preview:large","max-video-preview":"max-video-preview:-1"},"canonical":"https:\/\/bahiaeconomica.com.br\/wp\/2024\/02\/28\/prefeitura-lanca-campanha-salvador-contra-a-dengue-com-abertura-de-duas-unidades-de-suporte-com-leitos-para-urgencias\/","og_locale":"pt_BR","og_type":"article","og_title":"PREFEITURA LAN\u00c7A CAMPANHA SALVADOR CONTRA A DENGUE COM ABERTURA DE DUAS UNIDADES DE SUPORTE COM LEITOS PARA URG\u00caNCIAS - Bahia Economica","og_description":"O maior portal de Economia da Bahia MUNIC\u00cdPIOS, Sa\u00fade \/ Educa\u00e7\u00e3o Bahia Economica A Prefeitura lan\u00e7ou nesta quarta-feira (28) a campanha","og_url":"https:\/\/bahiaeconomica.com.br\/wp\/2024\/02\/28\/prefeitura-lanca-campanha-salvador-contra-a-dengue-com-abertura-de-duas-unidades-de-suporte-com-leitos-para-urgencias\/","og_site_name":"Bahia Economica","article_publisher":"https:\/\/www.facebook.com\/bahiaeconomica","article_published_time":"2024-02-28T16:30:13+00:00","article_modified_time":"2024-02-28T16:21:31+00:00","og_image":[{"width":1600,"height":1067,"url":"https:\/\/bahiaeconomica.com.br\/wp\/wp-content\/uploads\/2024\/02\/WhatsApp-Image-2024-02-28-at-12.49.27.jpeg","type":"image\/jpeg"}],"author":"VICTORIA ISABEL","twitter_card":"summary_large_image","twitter_misc":{"Escrito por":"VICTORIA ISABEL","Est. tempo de leitura":"6 minutos"},"schema":{"@context":"https:\/\/schema.org","@graph":[{"@type":"Article","@id":"https:\/\/bahiaeconomica.com.br\/wp\/2024\/02\/28\/prefeitura-lanca-campanha-salvador-contra-a-dengue-com-abertura-de-duas-unidades-de-suporte-com-leitos-para-urgencias\/#article","isPartOf":{"@id":"https:\/\/bahiaeconomica.com.br\/wp\/2024\/02\/28\/prefeitura-lanca-campanha-salvador-contra-a-dengue-com-abertura-de-duas-unidades-de-suporte-com-leitos-para-urgencias\/"},"author":{"name":"VICTORIA ISABEL","@id":"https:\/\/bahiaeconomica.com.br\/wp\/#\/schema\/person\/b719ce0fb1c09f3c7a00d9243ced4a6f"},"headline":"PREFEITURA LAN\u00c7A CAMPANHA SALVADOR CONTRA A DENGUE COM ABERTURA DE DUAS UNIDADES DE SUPORTE COM LEITOS PARA URG\u00caNCIAS","datePublished":"2024-02-28T16:30:13+00:00","dateModified":"2024-02-28T16:21:31+00:00","mainEntityOfPage":{"@id":"https:\/\/bahiaeconomica.com.br\/wp\/2024\/02\/28\/prefeitura-lanca-campanha-salvador-contra-a-dengue-com-abertura-de-duas-unidades-de-suporte-com-leitos-para-urgencias\/"},"wordCount":1074,"publisher":{"@id":"https:\/\/bahiaeconomica.com.br\/wp\/#organization"},"keywords":["Campanha","prefeitura","Salvador Contra a Dengue"],"articleSection":["MUNIC\u00cdPIOS","Sa\u00fade \/ Educa\u00e7\u00e3o"],"inLanguage":"pt-BR"},{"@type":"WebPage","@id":"https:\/\/bahiaeconomica.com.br\/wp\/2024\/02\/28\/prefeitura-lanca-campanha-salvador-contra-a-dengue-com-abertura-de-duas-unidades-de-suporte-com-leitos-para-urgencias\/","url":"https:\/\/bahiaeconomica.com.br\/wp\/2024\/02\/28\/prefeitura-lanca-campanha-salvador-contra-a-dengue-com-abertura-de-duas-unidades-de-suporte-com-leitos-para-urgencias\/","name":"PREFEITURA LAN\u00c7A CAMPANHA SALVADOR CONTRA A DENGUE COM ABERTURA DE DUAS UNIDADES DE SUPORTE COM LEITOS PARA URG\u00caNCIAS - Bahia Economica","isPartOf":{"@id":"https:\/\/bahiaeconomica.com.br\/wp\/#website"},"datePublished":"2024-02-28T16:30:13+00:00","dateModified":"2024-02-28T16:21:31+00:00","description":"O maior portal de Economia da Bahia MUNIC\u00cdPIOS, Sa\u00fade \/ Educa\u00e7\u00e3o Bahia Economica A Prefeitura lan\u00e7ou nesta quarta-feira (28) a campanha","breadcrumb":{"@id":"https:\/\/bahiaeconomica.com.br\/wp\/2024\/02\/28\/prefeitura-lanca-campanha-salvador-contra-a-dengue-com-abertura-de-duas-unidades-de-suporte-com-leitos-para-urgencias\/#breadcrumb"},"inLanguage":"pt-BR","potentialAction":[{"@type":"ReadAction","target":["https:\/\/bahiaeconomica.com.br\/wp\/2024\/02\/28\/prefeitura-lanca-campanha-salvador-contra-a-dengue-com-abertura-de-duas-unidades-de-suporte-com-leitos-para-urgencias\/"]}]},{"@type":"BreadcrumbList","@id":"https:\/\/bahiaeconomica.com.br\/wp\/2024\/02\/28\/prefeitura-lanca-campanha-salvador-contra-a-dengue-com-abertura-de-duas-unidades-de-suporte-com-leitos-para-urgencias\/#breadcrumb","itemListElement":[{"@type":"ListItem","position":1,"name":"In\u00edcio","item":"https:\/\/bahiaeconomica.com.br\/wp\/"},{"@type":"ListItem","position":2,"name":"PREFEITURA LAN\u00c7A CAMPANHA SALVADOR CONTRA A DENGUE COM ABERTURA DE DUAS UNIDADES DE SUPORTE COM LEITOS PARA URG\u00caNCIAS"}]},{"@type":"WebSite","@id":"https:\/\/bahiaeconomica.com.br\/wp\/#website","url":"https:\/\/bahiaeconomica.com.br\/wp\/","name":"Bahia Economica","description":"O maior portal de Economia da Bahia","publisher":{"@id":"https:\/\/bahiaeconomica.com.br\/wp\/#organization"},"potentialAction":[{"@type":"SearchAction","target":{"@type":"EntryPoint","urlTemplate":"https:\/\/bahiaeconomica.com.br\/wp\/?s={search_term_string}"},"query-input":"required name=search_term_string"}],"inLanguage":"pt-BR"},{"@type":"Organization","@id":"https:\/\/bahiaeconomica.com.br\/wp\/#organization","name":"Bahia Econ\u00f4mica","url":"https:\/\/bahiaeconomica.com.br\/wp\/","logo":{"@type":"ImageObject","inLanguage":"pt-BR","@id":"https:\/\/bahiaeconomica.com.br\/wp\/#\/schema\/logo\/image\/","url":"https:\/\/bahiaeconomica.com.br\/wp\/wp-content\/uploads\/2020\/12\/cropped-BE.png","contentUrl":"https:\/\/bahiaeconomica.com.br\/wp\/wp-content\/uploads\/2020\/12\/cropped-BE.png","width":512,"height":512,"caption":"Bahia Econ\u00f4mica"},"image":{"@id":"https:\/\/bahiaeconomica.com.br\/wp\/#\/schema\/logo\/image\/"},"sameAs":["https:\/\/www.facebook.com\/bahiaeconomica"]},{"@type":"Person","@id":"https:\/\/bahiaeconomica.com.br\/wp\/#\/schema\/person\/b719ce0fb1c09f3c7a00d9243ced4a6f","name":"VICTORIA ISABEL","sameAs":["http:\/\/www.bahiaeconomica.com.br"],"url":"https:\/\/bahiaeconomica.com.br\/wp\/author\/victoria-isabel\/"}]}},"views":9,"_links":{"self":[{"href":"https:\/\/bahiaeconomica.com.br\/wp\/wp-json\/wp\/v2\/posts\/800789"}],"collection":[{"href":"https:\/\/bahiaeconomica.com.br\/wp\/wp-json\/wp\/v2\/posts"}],"about":[{"href":"https:\/\/bahiaeconomica.com.br\/wp\/wp-json\/wp\/v2\/types\/post"}],"author":[{"embeddable":true,"href":"https:\/\/bahiaeconomica.com.br\/wp\/wp-json\/wp\/v2\/users\/15"}],"replies":[{"embeddable":true,"href":"https:\/\/bahiaeconomica.com.br\/wp\/wp-json\/wp\/v2\/comments?post=800789"}],"version-history":[{"count":1,"href":"https:\/\/bahiaeconomica.com.br\/wp\/wp-json\/wp\/v2\/posts\/800789\/revisions"}],"predecessor-version":[{"id":800798,"href":"https:\/\/bahiaeconomica.com.br\/wp\/wp-json\/wp\/v2\/posts\/800789\/revisions\/800798"}],"wp:featuredmedia":[{"embeddable":true,"href":"https:\/\/bahiaeconomica.com.br\/wp\/wp-json\/wp\/v2\/media\/800790"}],"wp:attachment":[{"href":"https:\/\/bahiaeconomica.com.br\/wp\/wp-json\/wp\/v2\/media?parent=800789"}],"wp:term":[{"taxonomy":"category","embeddable":true,"href":"https:\/\/bahiaeconomica.com.br\/wp\/wp-json\/wp\/v2\/categories?post=800789"},{"taxonomy":"post_tag","embeddable":true,"href":"https:\/\/bahiaeconomica.com.br\/wp\/wp-json\/wp\/v2\/tags?post=800789"}],"curies":[{"name":"wp","href":"https:\/\/api.w.org\/{rel}","templated":true}]}}