{"id":800529,"date":"2024-02-27T16:58:47","date_gmt":"2024-02-27T19:58:47","guid":{"rendered":"https:\/\/bahiaeconomica.com.br\/wp\/?p=800529"},"modified":"2024-02-27T16:58:47","modified_gmt":"2024-02-27T19:58:47","slug":"proposta-que-amplia-isencao-de-impostos-a-igrejas-avanca-na-camara","status":"publish","type":"post","link":"https:\/\/bahiaeconomica.com.br\/wp\/2024\/02\/27\/proposta-que-amplia-isencao-de-impostos-a-igrejas-avanca-na-camara\/","title":{"rendered":"PROPOSTA QUE AMPLIA ISEN\u00c7\u00c3O DE IMPOSTOS A IGREJAS AVAN\u00c7A NA C\u00c2MARA"},"content":{"rendered":"<p>Durante uma comiss\u00e3o especial da C\u00e2mara dos Deputados, foi aprovado nesta ter\u00e7a-feira (27), o parecer de uma Proposta de Emenda \u00e0 Constitui\u00e7\u00e3o (PEC) que amplia a imunidade tribut\u00e1ria de entidades religiosas. O deputado Dr. Fernando M\u00e1ximo (Uni\u00e3o-RO), informa que o texto final foi acordado com o governo. A mat\u00e9ria agora est\u00e1 sob an\u00e1lise no plen\u00e1rio da Casa, onde precisa de tr\u00eas quintos dos votos, ou seja, 308 votos para ser aprovada, em cada um dos dois turnos de vota\u00e7\u00e3o.<\/p>\n<p>Segundo M\u00e1ximo, o texto pode ser votado ainda hoje. Conforme ele, o tema ser\u00e1 discutido na reuni\u00e3o de l\u00edderes com o presidente da C\u00e2mara, Arthur Lira (PP-AL).<\/p>\n<p>A PEC \u00e9 de autoria do deputado Marcelo Crivella (Republicanos-RJ), pastor licenciado e ex-prefeito do Rio de Janeiro. A Constitui\u00e7\u00e3o j\u00e1 permite a isen\u00e7\u00e3o ao patrim\u00f4nio, \u00e0 renda e aos servi\u00e7os \u201crelacionados \u00e0s finalidades essenciais\u201d de templos religiosos. A proposta de Crivella estende o benef\u00edcio \u00e0 aquisi\u00e7\u00e3o de bens e servi\u00e7os \u201cnecess\u00e1rios \u00e0 forma\u00e7\u00e3o\u201d de um patrim\u00f4nio, renda e servi\u00e7os dos templos.<\/p>\n<p>O texto apresenta possibilidade de estender a isen\u00e7\u00e3o, atualmente garantida nas tributa\u00e7\u00f5es diretas, passe a valer tamb\u00e9m para as tributa\u00e7\u00f5es indiretas, como a aquisi\u00e7\u00e3o de cimento para obras nas igrejas.<\/p>\n<p>Neste cen\u00e1rio, seriam inclu\u00eddos o Imposto sobre Produtos Industrializados (IPI), o Imposto sobre Circula\u00e7\u00e3o de Mercadorias e Servi\u00e7os (ICMS) e o Imposto sobre Servi\u00e7os de Qualquer Natureza (ISSQN).<\/p>\n<p>(Estad\u00e3o)<\/p>\n<p>&nbsp;<\/p>\n<p>Foto: Zeca Ribeiro\/C\u00e2mara dos Deputados<\/p>\n","protected":false},"excerpt":{"rendered":"<p>Durante uma comiss\u00e3o especial da C\u00e2mara dos Deputados, foi aprovado nesta ter\u00e7a-feira (27), o parecer de uma Proposta de Emenda \u00e0 Constitui\u00e7\u00e3o (PEC) que amplia a imunidade tribut\u00e1ria de entidades religiosas. O deputado Dr. Fernando M\u00e1ximo (Uni\u00e3o-RO), informa que o texto final foi acordado com o governo. A mat\u00e9ria agora est\u00e1 sob an\u00e1lise no plen\u00e1rio [&hellip;]<\/p>\n","protected":false},"author":19,"featured_media":800534,"comment_status":"closed","ping_status":"closed","sticky":false,"template":"","format":"standard","meta":[],"categories":[14601],"tags":[52,389,3337,27338,240,100,23385],"acf":[],"yoast_head":"<!-- This site is optimized with the Yoast SEO plugin v20.8 - https:\/\/yoast.com\/wordpress\/plugins\/seo\/ -->\n<title>PROPOSTA QUE AMPLIA ISEN\u00c7\u00c3O DE IMPOSTOS A IGREJAS AVAN\u00c7A NA C\u00c2MARA - Bahia Economica<\/title>\n<meta name=\"description\" content=\"O maior portal de Economia da Bahia Pol\u00edtica Bahia Economica\" \/>\n<meta name=\"robots\" content=\"index, follow, max-snippet:-1, max-image-preview:large, max-video-preview:-1\" \/>\n<link rel=\"canonical\" href=\"https:\/\/bahiaeconomica.com.br\/wp\/2024\/02\/27\/proposta-que-amplia-isencao-de-impostos-a-igrejas-avanca-na-camara\/\" \/>\n<meta property=\"og:locale\" content=\"pt_BR\" \/>\n<meta property=\"og:type\" content=\"article\" \/>\n<meta property=\"og:title\" content=\"PROPOSTA QUE AMPLIA ISEN\u00c7\u00c3O DE IMPOSTOS A IGREJAS AVAN\u00c7A NA C\u00c2MARA - Bahia Economica\" \/>\n<meta property=\"og:description\" content=\"O maior portal de Economia da Bahia Pol\u00edtica Bahia Economica\" \/>\n<meta property=\"og:url\" content=\"https:\/\/bahiaeconomica.com.br\/wp\/2024\/02\/27\/proposta-que-amplia-isencao-de-impostos-a-igrejas-avanca-na-camara\/\" \/>\n<meta property=\"og:site_name\" content=\"Bahia Economica\" \/>\n<meta property=\"article:publisher\" content=\"https:\/\/www.facebook.com\/bahiaeconomica\" \/>\n<meta property=\"article:published_time\" content=\"2024-02-27T19:58:47+00:00\" \/>\n<meta property=\"og:image\" content=\"https:\/\/bahiaeconomica.com.br\/wp\/wp-content\/uploads\/2024\/02\/deputado.jpg\" \/>\n\t<meta property=\"og:image:width\" content=\"960\" \/>\n\t<meta property=\"og:image:height\" content=\"540\" \/>\n\t<meta property=\"og:image:type\" content=\"image\/jpeg\" \/>\n<meta name=\"author\" content=\"LIZANDRA MUNIZ\" \/>\n<meta name=\"twitter:card\" content=\"summary_large_image\" \/>\n<meta name=\"twitter:label1\" content=\"Escrito por\" \/>\n\t<meta name=\"twitter:data1\" content=\"LIZANDRA MUNIZ\" \/>\n\t<meta name=\"twitter:label2\" content=\"Est. tempo de leitura\" \/>\n\t<meta name=\"twitter:data2\" content=\"2 minutos\" \/>\n<script type=\"application\/ld+json\" class=\"yoast-schema-graph\">{\"@context\":\"https:\/\/schema.org\",\"@graph\":[{\"@type\":\"Article\",\"@id\":\"https:\/\/bahiaeconomica.com.br\/wp\/2024\/02\/27\/proposta-que-amplia-isencao-de-impostos-a-igrejas-avanca-na-camara\/#article\",\"isPartOf\":{\"@id\":\"https:\/\/bahiaeconomica.com.br\/wp\/2024\/02\/27\/proposta-que-amplia-isencao-de-impostos-a-igrejas-avanca-na-camara\/\"},\"author\":{\"name\":\"LIZANDRA MUNIZ\",\"@id\":\"https:\/\/bahiaeconomica.com.br\/wp\/#\/schema\/person\/0868b18bbfdd29723e44135140f35148\"},\"headline\":\"PROPOSTA QUE AMPLIA ISEN\u00c7\u00c3O DE IMPOSTOS A IGREJAS AVAN\u00c7A NA C\u00c2MARA\",\"datePublished\":\"2024-02-27T19:58:47+00:00\",\"dateModified\":\"2024-02-27T19:58:47+00:00\",\"mainEntityOfPage\":{\"@id\":\"https:\/\/bahiaeconomica.com.br\/wp\/2024\/02\/27\/proposta-que-amplia-isencao-de-impostos-a-igrejas-avanca-na-camara\/\"},\"wordCount\":280,\"publisher\":{\"@id\":\"https:\/\/bahiaeconomica.com.br\/wp\/#organization\"},\"keywords\":[\"Brasil\",\"ICMS\",\"igrejas\",\"ISSQN\",\"PEC\",\"Pol\u00edtica\",\"PP-AL\"],\"articleSection\":[\"Pol\u00edtica\"],\"inLanguage\":\"pt-BR\"},{\"@type\":\"WebPage\",\"@id\":\"https:\/\/bahiaeconomica.com.br\/wp\/2024\/02\/27\/proposta-que-amplia-isencao-de-impostos-a-igrejas-avanca-na-camara\/\",\"url\":\"https:\/\/bahiaeconomica.com.br\/wp\/2024\/02\/27\/proposta-que-amplia-isencao-de-impostos-a-igrejas-avanca-na-camara\/\",\"name\":\"PROPOSTA QUE AMPLIA ISEN\u00c7\u00c3O DE IMPOSTOS A IGREJAS AVAN\u00c7A NA C\u00c2MARA - Bahia Economica\",\"isPartOf\":{\"@id\":\"https:\/\/bahiaeconomica.com.br\/wp\/#website\"},\"datePublished\":\"2024-02-27T19:58:47+00:00\",\"dateModified\":\"2024-02-27T19:58:47+00:00\",\"description\":\"O maior portal de Economia da Bahia Pol\u00edtica Bahia Economica\",\"breadcrumb\":{\"@id\":\"https:\/\/bahiaeconomica.com.br\/wp\/2024\/02\/27\/proposta-que-amplia-isencao-de-impostos-a-igrejas-avanca-na-camara\/#breadcrumb\"},\"inLanguage\":\"pt-BR\",\"potentialAction\":[{\"@type\":\"ReadAction\",\"target\":[\"https:\/\/bahiaeconomica.com.br\/wp\/2024\/02\/27\/proposta-que-amplia-isencao-de-impostos-a-igrejas-avanca-na-camara\/\"]}]},{\"@type\":\"BreadcrumbList\",\"@id\":\"https:\/\/bahiaeconomica.com.br\/wp\/2024\/02\/27\/proposta-que-amplia-isencao-de-impostos-a-igrejas-avanca-na-camara\/#breadcrumb\",\"itemListElement\":[{\"@type\":\"ListItem\",\"position\":1,\"name\":\"In\u00edcio\",\"item\":\"https:\/\/bahiaeconomica.com.br\/wp\/\"},{\"@type\":\"ListItem\",\"position\":2,\"name\":\"PROPOSTA QUE AMPLIA ISEN\u00c7\u00c3O DE IMPOSTOS A IGREJAS AVAN\u00c7A NA C\u00c2MARA\"}]},{\"@type\":\"WebSite\",\"@id\":\"https:\/\/bahiaeconomica.com.br\/wp\/#website\",\"url\":\"https:\/\/bahiaeconomica.com.br\/wp\/\",\"name\":\"Bahia Economica\",\"description\":\"O maior portal de Economia da Bahia\",\"publisher\":{\"@id\":\"https:\/\/bahiaeconomica.com.br\/wp\/#organization\"},\"potentialAction\":[{\"@type\":\"SearchAction\",\"target\":{\"@type\":\"EntryPoint\",\"urlTemplate\":\"https:\/\/bahiaeconomica.com.br\/wp\/?s={search_term_string}\"},\"query-input\":\"required name=search_term_string\"}],\"inLanguage\":\"pt-BR\"},{\"@type\":\"Organization\",\"@id\":\"https:\/\/bahiaeconomica.com.br\/wp\/#organization\",\"name\":\"Bahia Econ\u00f4mica\",\"url\":\"https:\/\/bahiaeconomica.com.br\/wp\/\",\"logo\":{\"@type\":\"ImageObject\",\"inLanguage\":\"pt-BR\",\"@id\":\"https:\/\/bahiaeconomica.com.br\/wp\/#\/schema\/logo\/image\/\",\"url\":\"https:\/\/bahiaeconomica.com.br\/wp\/wp-content\/uploads\/2020\/12\/cropped-BE.png\",\"contentUrl\":\"https:\/\/bahiaeconomica.com.br\/wp\/wp-content\/uploads\/2020\/12\/cropped-BE.png\",\"width\":512,\"height\":512,\"caption\":\"Bahia Econ\u00f4mica\"},\"image\":{\"@id\":\"https:\/\/bahiaeconomica.com.br\/wp\/#\/schema\/logo\/image\/\"},\"sameAs\":[\"https:\/\/www.facebook.com\/bahiaeconomica\"]},{\"@type\":\"Person\",\"@id\":\"https:\/\/bahiaeconomica.com.br\/wp\/#\/schema\/person\/0868b18bbfdd29723e44135140f35148\",\"name\":\"LIZANDRA MUNIZ\",\"sameAs\":[\"http:\/\/www.bahiaeconomica.com.br\"],\"url\":\"https:\/\/bahiaeconomica.com.br\/wp\/author\/lizandra-muniz\/\"}]}<\/script>\n<!-- \/ Yoast SEO plugin. -->","yoast_head_json":{"title":"PROPOSTA QUE AMPLIA ISEN\u00c7\u00c3O DE IMPOSTOS A IGREJAS AVAN\u00c7A NA C\u00c2MARA - Bahia Economica","description":"O maior portal de Economia da Bahia Pol\u00edtica Bahia Economica","robots":{"index":"index","follow":"follow","max-snippet":"max-snippet:-1","max-image-preview":"max-image-preview:large","max-video-preview":"max-video-preview:-1"},"canonical":"https:\/\/bahiaeconomica.com.br\/wp\/2024\/02\/27\/proposta-que-amplia-isencao-de-impostos-a-igrejas-avanca-na-camara\/","og_locale":"pt_BR","og_type":"article","og_title":"PROPOSTA QUE AMPLIA ISEN\u00c7\u00c3O DE IMPOSTOS A IGREJAS AVAN\u00c7A NA C\u00c2MARA - Bahia Economica","og_description":"O maior portal de Economia da Bahia Pol\u00edtica Bahia Economica","og_url":"https:\/\/bahiaeconomica.com.br\/wp\/2024\/02\/27\/proposta-que-amplia-isencao-de-impostos-a-igrejas-avanca-na-camara\/","og_site_name":"Bahia Economica","article_publisher":"https:\/\/www.facebook.com\/bahiaeconomica","article_published_time":"2024-02-27T19:58:47+00:00","og_image":[{"width":960,"height":540,"url":"https:\/\/bahiaeconomica.com.br\/wp\/wp-content\/uploads\/2024\/02\/deputado.jpg","type":"image\/jpeg"}],"author":"LIZANDRA MUNIZ","twitter_card":"summary_large_image","twitter_misc":{"Escrito por":"LIZANDRA MUNIZ","Est. tempo de leitura":"2 minutos"},"schema":{"@context":"https:\/\/schema.org","@graph":[{"@type":"Article","@id":"https:\/\/bahiaeconomica.com.br\/wp\/2024\/02\/27\/proposta-que-amplia-isencao-de-impostos-a-igrejas-avanca-na-camara\/#article","isPartOf":{"@id":"https:\/\/bahiaeconomica.com.br\/wp\/2024\/02\/27\/proposta-que-amplia-isencao-de-impostos-a-igrejas-avanca-na-camara\/"},"author":{"name":"LIZANDRA MUNIZ","@id":"https:\/\/bahiaeconomica.com.br\/wp\/#\/schema\/person\/0868b18bbfdd29723e44135140f35148"},"headline":"PROPOSTA QUE AMPLIA ISEN\u00c7\u00c3O DE IMPOSTOS A IGREJAS AVAN\u00c7A NA C\u00c2MARA","datePublished":"2024-02-27T19:58:47+00:00","dateModified":"2024-02-27T19:58:47+00:00","mainEntityOfPage":{"@id":"https:\/\/bahiaeconomica.com.br\/wp\/2024\/02\/27\/proposta-que-amplia-isencao-de-impostos-a-igrejas-avanca-na-camara\/"},"wordCount":280,"publisher":{"@id":"https:\/\/bahiaeconomica.com.br\/wp\/#organization"},"keywords":["Brasil","ICMS","igrejas","ISSQN","PEC","Pol\u00edtica","PP-AL"],"articleSection":["Pol\u00edtica"],"inLanguage":"pt-BR"},{"@type":"WebPage","@id":"https:\/\/bahiaeconomica.com.br\/wp\/2024\/02\/27\/proposta-que-amplia-isencao-de-impostos-a-igrejas-avanca-na-camara\/","url":"https:\/\/bahiaeconomica.com.br\/wp\/2024\/02\/27\/proposta-que-amplia-isencao-de-impostos-a-igrejas-avanca-na-camara\/","name":"PROPOSTA QUE AMPLIA ISEN\u00c7\u00c3O DE IMPOSTOS A IGREJAS AVAN\u00c7A NA C\u00c2MARA - Bahia Economica","isPartOf":{"@id":"https:\/\/bahiaeconomica.com.br\/wp\/#website"},"datePublished":"2024-02-27T19:58:47+00:00","dateModified":"2024-02-27T19:58:47+00:00","description":"O maior portal de Economia da Bahia Pol\u00edtica Bahia Economica","breadcrumb":{"@id":"https:\/\/bahiaeconomica.com.br\/wp\/2024\/02\/27\/proposta-que-amplia-isencao-de-impostos-a-igrejas-avanca-na-camara\/#breadcrumb"},"inLanguage":"pt-BR","potentialAction":[{"@type":"ReadAction","target":["https:\/\/bahiaeconomica.com.br\/wp\/2024\/02\/27\/proposta-que-amplia-isencao-de-impostos-a-igrejas-avanca-na-camara\/"]}]},{"@type":"BreadcrumbList","@id":"https:\/\/bahiaeconomica.com.br\/wp\/2024\/02\/27\/proposta-que-amplia-isencao-de-impostos-a-igrejas-avanca-na-camara\/#breadcrumb","itemListElement":[{"@type":"ListItem","position":1,"name":"In\u00edcio","item":"https:\/\/bahiaeconomica.com.br\/wp\/"},{"@type":"ListItem","position":2,"name":"PROPOSTA QUE AMPLIA ISEN\u00c7\u00c3O DE IMPOSTOS A IGREJAS AVAN\u00c7A NA C\u00c2MARA"}]},{"@type":"WebSite","@id":"https:\/\/bahiaeconomica.com.br\/wp\/#website","url":"https:\/\/bahiaeconomica.com.br\/wp\/","name":"Bahia Economica","description":"O maior portal de Economia da Bahia","publisher":{"@id":"https:\/\/bahiaeconomica.com.br\/wp\/#organization"},"potentialAction":[{"@type":"SearchAction","target":{"@type":"EntryPoint","urlTemplate":"https:\/\/bahiaeconomica.com.br\/wp\/?s={search_term_string}"},"query-input":"required name=search_term_string"}],"inLanguage":"pt-BR"},{"@type":"Organization","@id":"https:\/\/bahiaeconomica.com.br\/wp\/#organization","name":"Bahia Econ\u00f4mica","url":"https:\/\/bahiaeconomica.com.br\/wp\/","logo":{"@type":"ImageObject","inLanguage":"pt-BR","@id":"https:\/\/bahiaeconomica.com.br\/wp\/#\/schema\/logo\/image\/","url":"https:\/\/bahiaeconomica.com.br\/wp\/wp-content\/uploads\/2020\/12\/cropped-BE.png","contentUrl":"https:\/\/bahiaeconomica.com.br\/wp\/wp-content\/uploads\/2020\/12\/cropped-BE.png","width":512,"height":512,"caption":"Bahia Econ\u00f4mica"},"image":{"@id":"https:\/\/bahiaeconomica.com.br\/wp\/#\/schema\/logo\/image\/"},"sameAs":["https:\/\/www.facebook.com\/bahiaeconomica"]},{"@type":"Person","@id":"https:\/\/bahiaeconomica.com.br\/wp\/#\/schema\/person\/0868b18bbfdd29723e44135140f35148","name":"LIZANDRA MUNIZ","sameAs":["http:\/\/www.bahiaeconomica.com.br"],"url":"https:\/\/bahiaeconomica.com.br\/wp\/author\/lizandra-muniz\/"}]}},"views":5,"_links":{"self":[{"href":"https:\/\/bahiaeconomica.com.br\/wp\/wp-json\/wp\/v2\/posts\/800529"}],"collection":[{"href":"https:\/\/bahiaeconomica.com.br\/wp\/wp-json\/wp\/v2\/posts"}],"about":[{"href":"https:\/\/bahiaeconomica.com.br\/wp\/wp-json\/wp\/v2\/types\/post"}],"author":[{"embeddable":true,"href":"https:\/\/bahiaeconomica.com.br\/wp\/wp-json\/wp\/v2\/users\/19"}],"replies":[{"embeddable":true,"href":"https:\/\/bahiaeconomica.com.br\/wp\/wp-json\/wp\/v2\/comments?post=800529"}],"version-history":[{"count":1,"href":"https:\/\/bahiaeconomica.com.br\/wp\/wp-json\/wp\/v2\/posts\/800529\/revisions"}],"predecessor-version":[{"id":800536,"href":"https:\/\/bahiaeconomica.com.br\/wp\/wp-json\/wp\/v2\/posts\/800529\/revisions\/800536"}],"wp:featuredmedia":[{"embeddable":true,"href":"https:\/\/bahiaeconomica.com.br\/wp\/wp-json\/wp\/v2\/media\/800534"}],"wp:attachment":[{"href":"https:\/\/bahiaeconomica.com.br\/wp\/wp-json\/wp\/v2\/media?parent=800529"}],"wp:term":[{"taxonomy":"category","embeddable":true,"href":"https:\/\/bahiaeconomica.com.br\/wp\/wp-json\/wp\/v2\/categories?post=800529"},{"taxonomy":"post_tag","embeddable":true,"href":"https:\/\/bahiaeconomica.com.br\/wp\/wp-json\/wp\/v2\/tags?post=800529"}],"curies":[{"name":"wp","href":"https:\/\/api.w.org\/{rel}","templated":true}]}}