{"id":800070,"date":"2024-02-26T11:54:36","date_gmt":"2024-02-26T14:54:36","guid":{"rendered":"https:\/\/bahiaeconomica.com.br\/wp\/?p=800070"},"modified":"2024-02-26T11:54:36","modified_gmt":"2024-02-26T14:54:36","slug":"nova-linha-de-onibus-entra-em-operacao-na-regiao-de-aguas-claras","status":"publish","type":"post","link":"https:\/\/bahiaeconomica.com.br\/wp\/2024\/02\/26\/nova-linha-de-onibus-entra-em-operacao-na-regiao-de-aguas-claras\/","title":{"rendered":"NOVA LINHA DE \u00d4NIBUS ENTRA EM OPERA\u00c7\u00c3O NA REGI\u00c3O DE \u00c1GUAS CLARAS"},"content":{"rendered":"<p>Uma nova linha de \u00f4nibus, numerada de &#8220;1720&#8221;, entrou em opera\u00e7\u00e3o, nesta segunda-feira (26), entre as regi\u00f5es do Porto Seco Piraj\u00e1 e o bairro de \u00c1guas Claras, em Salvador. De acordo com a Secretaria de Mobilidade Urbana (Semob), o coletivo realizar\u00e1 43 viagens em dias \u00fateis.<\/p>\n<p>Ainda conforme a Semob, o intervalo m\u00e9dio dos trajetos \u00e9 de 15 minutos nos hor\u00e1rios de pico. A linha passa a atender precisamente entre a BR-324, no trecho entre a Brasilg\u00e1s, e no Porto Seco de Piraj\u00e1 at\u00e9 as imedia\u00e7\u00f5es de \u00c1guas Claras.<\/p>\n<p>A linha foi oficialmente institucionalizada nesta segunda, mas existia antes com outro n\u00famero, sendo conhecida pela popula\u00e7\u00e3o como &#8220;171501&#8221;. Com a an\u00e1lise dos \u00f3rg\u00e3os respons\u00e1veis, o roteiro ganhou numera\u00e7\u00e3o pr\u00f3pria.<\/p>\n<p>fonte: G1<br \/>\nfoto: Foto: Bruno Concha\/Secom PMS<\/p>\n","protected":false},"excerpt":{"rendered":"<p>Uma nova linha de \u00f4nibus, numerada de &#8220;1720&#8221;, entrou em opera\u00e7\u00e3o, nesta segunda-feira (26), entre as regi\u00f5es do Porto Seco Piraj\u00e1 e o bairro de \u00c1guas Claras, em Salvador. De acordo com a Secretaria de Mobilidade Urbana (Semob), o coletivo realizar\u00e1 43 viagens em dias \u00fateis. Ainda conforme a Semob, o intervalo m\u00e9dio dos trajetos [&hellip;]<\/p>\n","protected":false},"author":15,"featured_media":800081,"comment_status":"closed","ping_status":"closed","sticky":false,"template":"","format":"standard","meta":[],"categories":[5],"tags":[14387,22211,73],"acf":[],"yoast_head":"<!-- This site is optimized with the Yoast SEO plugin v20.8 - https:\/\/yoast.com\/wordpress\/plugins\/seo\/ -->\n<title>NOVA LINHA DE \u00d4NIBUS ENTRA EM OPERA\u00c7\u00c3O NA REGI\u00c3O DE \u00c1GUAS CLARAS - Bahia Economica<\/title>\n<meta name=\"description\" content=\"O maior portal de Economia da Bahia MUNIC\u00cdPIOS Bahia Economica Uma nova linha de \u00f4nibus, numerada de &quot;1720&quot;, entrou em opera\u00e7\u00e3o\" \/>\n<meta name=\"robots\" content=\"index, follow, max-snippet:-1, max-image-preview:large, max-video-preview:-1\" \/>\n<link rel=\"canonical\" href=\"https:\/\/bahiaeconomica.com.br\/wp\/2024\/02\/26\/nova-linha-de-onibus-entra-em-operacao-na-regiao-de-aguas-claras\/\" \/>\n<meta property=\"og:locale\" content=\"pt_BR\" \/>\n<meta property=\"og:type\" content=\"article\" \/>\n<meta property=\"og:title\" content=\"NOVA LINHA DE \u00d4NIBUS ENTRA EM OPERA\u00c7\u00c3O NA REGI\u00c3O DE \u00c1GUAS CLARAS - Bahia Economica\" \/>\n<meta property=\"og:description\" content=\"O maior portal de Economia da Bahia MUNIC\u00cdPIOS Bahia Economica Uma nova linha de \u00f4nibus, numerada de &quot;1720&quot;, entrou em opera\u00e7\u00e3o\" \/>\n<meta property=\"og:url\" content=\"https:\/\/bahiaeconomica.com.br\/wp\/2024\/02\/26\/nova-linha-de-onibus-entra-em-operacao-na-regiao-de-aguas-claras\/\" \/>\n<meta property=\"og:site_name\" content=\"Bahia Economica\" \/>\n<meta property=\"article:publisher\" content=\"https:\/\/www.facebook.com\/bahiaeconomica\" \/>\n<meta property=\"article:published_time\" content=\"2024-02-26T14:54:36+00:00\" \/>\n<meta property=\"og:image\" content=\"https:\/\/bahiaeconomica.com.br\/wp\/wp-content\/uploads\/2024\/02\/FF.webp\" \/>\n\t<meta property=\"og:image:width\" content=\"600\" \/>\n\t<meta property=\"og:image:height\" content=\"420\" \/>\n\t<meta property=\"og:image:type\" content=\"image\/webp\" \/>\n<meta name=\"author\" content=\"VICTORIA ISABEL\" \/>\n<meta name=\"twitter:card\" content=\"summary_large_image\" \/>\n<meta name=\"twitter:label1\" content=\"Escrito por\" \/>\n\t<meta name=\"twitter:data1\" content=\"VICTORIA ISABEL\" \/>\n\t<meta name=\"twitter:label2\" content=\"Est. tempo de leitura\" \/>\n\t<meta name=\"twitter:data2\" content=\"1 minuto\" \/>\n<script type=\"application\/ld+json\" class=\"yoast-schema-graph\">{\"@context\":\"https:\/\/schema.org\",\"@graph\":[{\"@type\":\"Article\",\"@id\":\"https:\/\/bahiaeconomica.com.br\/wp\/2024\/02\/26\/nova-linha-de-onibus-entra-em-operacao-na-regiao-de-aguas-claras\/#article\",\"isPartOf\":{\"@id\":\"https:\/\/bahiaeconomica.com.br\/wp\/2024\/02\/26\/nova-linha-de-onibus-entra-em-operacao-na-regiao-de-aguas-claras\/\"},\"author\":{\"name\":\"VICTORIA ISABEL\",\"@id\":\"https:\/\/bahiaeconomica.com.br\/wp\/#\/schema\/person\/b719ce0fb1c09f3c7a00d9243ced4a6f\"},\"headline\":\"NOVA LINHA DE \u00d4NIBUS ENTRA EM OPERA\u00c7\u00c3O NA REGI\u00c3O DE \u00c1GUAS CLARAS\",\"datePublished\":\"2024-02-26T14:54:36+00:00\",\"dateModified\":\"2024-02-26T14:54:36+00:00\",\"mainEntityOfPage\":{\"@id\":\"https:\/\/bahiaeconomica.com.br\/wp\/2024\/02\/26\/nova-linha-de-onibus-entra-em-operacao-na-regiao-de-aguas-claras\/\"},\"wordCount\":148,\"publisher\":{\"@id\":\"https:\/\/bahiaeconomica.com.br\/wp\/#organization\"},\"keywords\":[\"\u00c1guas Claras\",\"linha de \u00f4nibus\",\"Salvador\"],\"articleSection\":[\"MUNIC\u00cdPIOS\"],\"inLanguage\":\"pt-BR\"},{\"@type\":\"WebPage\",\"@id\":\"https:\/\/bahiaeconomica.com.br\/wp\/2024\/02\/26\/nova-linha-de-onibus-entra-em-operacao-na-regiao-de-aguas-claras\/\",\"url\":\"https:\/\/bahiaeconomica.com.br\/wp\/2024\/02\/26\/nova-linha-de-onibus-entra-em-operacao-na-regiao-de-aguas-claras\/\",\"name\":\"NOVA LINHA DE \u00d4NIBUS ENTRA EM OPERA\u00c7\u00c3O NA REGI\u00c3O DE \u00c1GUAS CLARAS - Bahia Economica\",\"isPartOf\":{\"@id\":\"https:\/\/bahiaeconomica.com.br\/wp\/#website\"},\"datePublished\":\"2024-02-26T14:54:36+00:00\",\"dateModified\":\"2024-02-26T14:54:36+00:00\",\"description\":\"O maior portal de Economia da Bahia MUNIC\u00cdPIOS Bahia Economica Uma nova linha de \u00f4nibus, numerada de \\\"1720\\\", entrou em opera\u00e7\u00e3o\",\"breadcrumb\":{\"@id\":\"https:\/\/bahiaeconomica.com.br\/wp\/2024\/02\/26\/nova-linha-de-onibus-entra-em-operacao-na-regiao-de-aguas-claras\/#breadcrumb\"},\"inLanguage\":\"pt-BR\",\"potentialAction\":[{\"@type\":\"ReadAction\",\"target\":[\"https:\/\/bahiaeconomica.com.br\/wp\/2024\/02\/26\/nova-linha-de-onibus-entra-em-operacao-na-regiao-de-aguas-claras\/\"]}]},{\"@type\":\"BreadcrumbList\",\"@id\":\"https:\/\/bahiaeconomica.com.br\/wp\/2024\/02\/26\/nova-linha-de-onibus-entra-em-operacao-na-regiao-de-aguas-claras\/#breadcrumb\",\"itemListElement\":[{\"@type\":\"ListItem\",\"position\":1,\"name\":\"In\u00edcio\",\"item\":\"https:\/\/bahiaeconomica.com.br\/wp\/\"},{\"@type\":\"ListItem\",\"position\":2,\"name\":\"NOVA LINHA DE \u00d4NIBUS ENTRA EM OPERA\u00c7\u00c3O NA REGI\u00c3O DE \u00c1GUAS CLARAS\"}]},{\"@type\":\"WebSite\",\"@id\":\"https:\/\/bahiaeconomica.com.br\/wp\/#website\",\"url\":\"https:\/\/bahiaeconomica.com.br\/wp\/\",\"name\":\"Bahia Economica\",\"description\":\"O maior portal de Economia da Bahia\",\"publisher\":{\"@id\":\"https:\/\/bahiaeconomica.com.br\/wp\/#organization\"},\"potentialAction\":[{\"@type\":\"SearchAction\",\"target\":{\"@type\":\"EntryPoint\",\"urlTemplate\":\"https:\/\/bahiaeconomica.com.br\/wp\/?s={search_term_string}\"},\"query-input\":\"required name=search_term_string\"}],\"inLanguage\":\"pt-BR\"},{\"@type\":\"Organization\",\"@id\":\"https:\/\/bahiaeconomica.com.br\/wp\/#organization\",\"name\":\"Bahia Econ\u00f4mica\",\"url\":\"https:\/\/bahiaeconomica.com.br\/wp\/\",\"logo\":{\"@type\":\"ImageObject\",\"inLanguage\":\"pt-BR\",\"@id\":\"https:\/\/bahiaeconomica.com.br\/wp\/#\/schema\/logo\/image\/\",\"url\":\"https:\/\/bahiaeconomica.com.br\/wp\/wp-content\/uploads\/2020\/12\/cropped-BE.png\",\"contentUrl\":\"https:\/\/bahiaeconomica.com.br\/wp\/wp-content\/uploads\/2020\/12\/cropped-BE.png\",\"width\":512,\"height\":512,\"caption\":\"Bahia Econ\u00f4mica\"},\"image\":{\"@id\":\"https:\/\/bahiaeconomica.com.br\/wp\/#\/schema\/logo\/image\/\"},\"sameAs\":[\"https:\/\/www.facebook.com\/bahiaeconomica\"]},{\"@type\":\"Person\",\"@id\":\"https:\/\/bahiaeconomica.com.br\/wp\/#\/schema\/person\/b719ce0fb1c09f3c7a00d9243ced4a6f\",\"name\":\"VICTORIA ISABEL\",\"sameAs\":[\"http:\/\/www.bahiaeconomica.com.br\"],\"url\":\"https:\/\/bahiaeconomica.com.br\/wp\/author\/victoria-isabel\/\"}]}<\/script>\n<!-- \/ Yoast SEO plugin. -->","yoast_head_json":{"title":"NOVA LINHA DE \u00d4NIBUS ENTRA EM OPERA\u00c7\u00c3O NA REGI\u00c3O DE \u00c1GUAS CLARAS - Bahia Economica","description":"O maior portal de Economia da Bahia MUNIC\u00cdPIOS Bahia Economica Uma nova linha de \u00f4nibus, numerada de \"1720\", entrou em opera\u00e7\u00e3o","robots":{"index":"index","follow":"follow","max-snippet":"max-snippet:-1","max-image-preview":"max-image-preview:large","max-video-preview":"max-video-preview:-1"},"canonical":"https:\/\/bahiaeconomica.com.br\/wp\/2024\/02\/26\/nova-linha-de-onibus-entra-em-operacao-na-regiao-de-aguas-claras\/","og_locale":"pt_BR","og_type":"article","og_title":"NOVA LINHA DE \u00d4NIBUS ENTRA EM OPERA\u00c7\u00c3O NA REGI\u00c3O DE \u00c1GUAS CLARAS - Bahia Economica","og_description":"O maior portal de Economia da Bahia MUNIC\u00cdPIOS Bahia Economica Uma nova linha de \u00f4nibus, numerada de \"1720\", entrou em opera\u00e7\u00e3o","og_url":"https:\/\/bahiaeconomica.com.br\/wp\/2024\/02\/26\/nova-linha-de-onibus-entra-em-operacao-na-regiao-de-aguas-claras\/","og_site_name":"Bahia Economica","article_publisher":"https:\/\/www.facebook.com\/bahiaeconomica","article_published_time":"2024-02-26T14:54:36+00:00","og_image":[{"width":600,"height":420,"url":"https:\/\/bahiaeconomica.com.br\/wp\/wp-content\/uploads\/2024\/02\/FF.webp","type":"image\/webp"}],"author":"VICTORIA ISABEL","twitter_card":"summary_large_image","twitter_misc":{"Escrito por":"VICTORIA ISABEL","Est. tempo de leitura":"1 minuto"},"schema":{"@context":"https:\/\/schema.org","@graph":[{"@type":"Article","@id":"https:\/\/bahiaeconomica.com.br\/wp\/2024\/02\/26\/nova-linha-de-onibus-entra-em-operacao-na-regiao-de-aguas-claras\/#article","isPartOf":{"@id":"https:\/\/bahiaeconomica.com.br\/wp\/2024\/02\/26\/nova-linha-de-onibus-entra-em-operacao-na-regiao-de-aguas-claras\/"},"author":{"name":"VICTORIA ISABEL","@id":"https:\/\/bahiaeconomica.com.br\/wp\/#\/schema\/person\/b719ce0fb1c09f3c7a00d9243ced4a6f"},"headline":"NOVA LINHA DE \u00d4NIBUS ENTRA EM OPERA\u00c7\u00c3O NA REGI\u00c3O DE \u00c1GUAS CLARAS","datePublished":"2024-02-26T14:54:36+00:00","dateModified":"2024-02-26T14:54:36+00:00","mainEntityOfPage":{"@id":"https:\/\/bahiaeconomica.com.br\/wp\/2024\/02\/26\/nova-linha-de-onibus-entra-em-operacao-na-regiao-de-aguas-claras\/"},"wordCount":148,"publisher":{"@id":"https:\/\/bahiaeconomica.com.br\/wp\/#organization"},"keywords":["\u00c1guas Claras","linha de \u00f4nibus","Salvador"],"articleSection":["MUNIC\u00cdPIOS"],"inLanguage":"pt-BR"},{"@type":"WebPage","@id":"https:\/\/bahiaeconomica.com.br\/wp\/2024\/02\/26\/nova-linha-de-onibus-entra-em-operacao-na-regiao-de-aguas-claras\/","url":"https:\/\/bahiaeconomica.com.br\/wp\/2024\/02\/26\/nova-linha-de-onibus-entra-em-operacao-na-regiao-de-aguas-claras\/","name":"NOVA LINHA DE \u00d4NIBUS ENTRA EM OPERA\u00c7\u00c3O NA REGI\u00c3O DE \u00c1GUAS CLARAS - Bahia Economica","isPartOf":{"@id":"https:\/\/bahiaeconomica.com.br\/wp\/#website"},"datePublished":"2024-02-26T14:54:36+00:00","dateModified":"2024-02-26T14:54:36+00:00","description":"O maior portal de Economia da Bahia MUNIC\u00cdPIOS Bahia Economica Uma nova linha de \u00f4nibus, numerada de \"1720\", entrou em opera\u00e7\u00e3o","breadcrumb":{"@id":"https:\/\/bahiaeconomica.com.br\/wp\/2024\/02\/26\/nova-linha-de-onibus-entra-em-operacao-na-regiao-de-aguas-claras\/#breadcrumb"},"inLanguage":"pt-BR","potentialAction":[{"@type":"ReadAction","target":["https:\/\/bahiaeconomica.com.br\/wp\/2024\/02\/26\/nova-linha-de-onibus-entra-em-operacao-na-regiao-de-aguas-claras\/"]}]},{"@type":"BreadcrumbList","@id":"https:\/\/bahiaeconomica.com.br\/wp\/2024\/02\/26\/nova-linha-de-onibus-entra-em-operacao-na-regiao-de-aguas-claras\/#breadcrumb","itemListElement":[{"@type":"ListItem","position":1,"name":"In\u00edcio","item":"https:\/\/bahiaeconomica.com.br\/wp\/"},{"@type":"ListItem","position":2,"name":"NOVA LINHA DE \u00d4NIBUS ENTRA EM OPERA\u00c7\u00c3O NA REGI\u00c3O DE \u00c1GUAS CLARAS"}]},{"@type":"WebSite","@id":"https:\/\/bahiaeconomica.com.br\/wp\/#website","url":"https:\/\/bahiaeconomica.com.br\/wp\/","name":"Bahia Economica","description":"O maior portal de Economia da Bahia","publisher":{"@id":"https:\/\/bahiaeconomica.com.br\/wp\/#organization"},"potentialAction":[{"@type":"SearchAction","target":{"@type":"EntryPoint","urlTemplate":"https:\/\/bahiaeconomica.com.br\/wp\/?s={search_term_string}"},"query-input":"required name=search_term_string"}],"inLanguage":"pt-BR"},{"@type":"Organization","@id":"https:\/\/bahiaeconomica.com.br\/wp\/#organization","name":"Bahia Econ\u00f4mica","url":"https:\/\/bahiaeconomica.com.br\/wp\/","logo":{"@type":"ImageObject","inLanguage":"pt-BR","@id":"https:\/\/bahiaeconomica.com.br\/wp\/#\/schema\/logo\/image\/","url":"https:\/\/bahiaeconomica.com.br\/wp\/wp-content\/uploads\/2020\/12\/cropped-BE.png","contentUrl":"https:\/\/bahiaeconomica.com.br\/wp\/wp-content\/uploads\/2020\/12\/cropped-BE.png","width":512,"height":512,"caption":"Bahia Econ\u00f4mica"},"image":{"@id":"https:\/\/bahiaeconomica.com.br\/wp\/#\/schema\/logo\/image\/"},"sameAs":["https:\/\/www.facebook.com\/bahiaeconomica"]},{"@type":"Person","@id":"https:\/\/bahiaeconomica.com.br\/wp\/#\/schema\/person\/b719ce0fb1c09f3c7a00d9243ced4a6f","name":"VICTORIA ISABEL","sameAs":["http:\/\/www.bahiaeconomica.com.br"],"url":"https:\/\/bahiaeconomica.com.br\/wp\/author\/victoria-isabel\/"}]}},"views":16,"_links":{"self":[{"href":"https:\/\/bahiaeconomica.com.br\/wp\/wp-json\/wp\/v2\/posts\/800070"}],"collection":[{"href":"https:\/\/bahiaeconomica.com.br\/wp\/wp-json\/wp\/v2\/posts"}],"about":[{"href":"https:\/\/bahiaeconomica.com.br\/wp\/wp-json\/wp\/v2\/types\/post"}],"author":[{"embeddable":true,"href":"https:\/\/bahiaeconomica.com.br\/wp\/wp-json\/wp\/v2\/users\/15"}],"replies":[{"embeddable":true,"href":"https:\/\/bahiaeconomica.com.br\/wp\/wp-json\/wp\/v2\/comments?post=800070"}],"version-history":[{"count":1,"href":"https:\/\/bahiaeconomica.com.br\/wp\/wp-json\/wp\/v2\/posts\/800070\/revisions"}],"predecessor-version":[{"id":800082,"href":"https:\/\/bahiaeconomica.com.br\/wp\/wp-json\/wp\/v2\/posts\/800070\/revisions\/800082"}],"wp:featuredmedia":[{"embeddable":true,"href":"https:\/\/bahiaeconomica.com.br\/wp\/wp-json\/wp\/v2\/media\/800081"}],"wp:attachment":[{"href":"https:\/\/bahiaeconomica.com.br\/wp\/wp-json\/wp\/v2\/media?parent=800070"}],"wp:term":[{"taxonomy":"category","embeddable":true,"href":"https:\/\/bahiaeconomica.com.br\/wp\/wp-json\/wp\/v2\/categories?post=800070"},{"taxonomy":"post_tag","embeddable":true,"href":"https:\/\/bahiaeconomica.com.br\/wp\/wp-json\/wp\/v2\/tags?post=800070"}],"curies":[{"name":"wp","href":"https:\/\/api.w.org\/{rel}","templated":true}]}}