{"id":799970,"date":"2024-02-26T07:45:05","date_gmt":"2024-02-26T10:45:05","guid":{"rendered":"https:\/\/bahiaeconomica.com.br\/wp\/?p=799970"},"modified":"2024-02-26T07:18:43","modified_gmt":"2024-02-26T10:18:43","slug":"ministros-de-financas-do-g20-se-reunem-em-sao-paulo-nesta-semana","status":"publish","type":"post","link":"https:\/\/bahiaeconomica.com.br\/wp\/2024\/02\/26\/ministros-de-financas-do-g20-se-reunem-em-sao-paulo-nesta-semana\/","title":{"rendered":"MINISTROS DE FINAN\u00c7AS DO G20 SE RE\u00daNEM EM S\u00c3O PAULO NESTA SEMANA"},"content":{"rendered":"<p>O combate \u00e0 desigualdade global e as reformas em institui\u00e7\u00f5es financeiras multilaterais ser\u00e3o os principais destaques da primeira reuni\u00e3o ministerial da Trilha de Finan\u00e7as do G20, grupo das 20 maiores economias do planeta. O encontro, que integra a agenda da presid\u00eancia brasileira do G20, ocorre nesta semana no Pavilh\u00e3o da Bienal, no Parque do Ibirapuera em S\u00e3o Paulo. O ministro da Fazenda, Fernando Haddad, e o presidente do Banco Central (BC), Roberto Campos Neto, representam o Brasil.<\/p>\n<p>Nesta segunda-feira (26) e ter\u00e7a-feira (27), representantes e secret\u00e1rios dos ministros de Finan\u00e7as e dos presidentes de Bancos Centrais far\u00e3o um encontro preparat\u00f3rio no mesmo local. Nessas datas, a embaixadora Tatiana Rosito, secret\u00e1ria de Assuntos Internacionais do Minist\u00e9rio da Fazenda e coordenadora da Trilha de Finan\u00e7as do G20, representar\u00e1 a pasta. Na quarta-feira (28), Haddad e Campos Neto participar\u00e3o das sess\u00f5es tem\u00e1ticas da reuni\u00e3o ministerial. Em paralelo, o ministro da Fazenda ter\u00e1 uma s\u00e9rie de encontros bilaterais e eventos \u00e0 margem da reuni\u00e3o ministerial.<\/p>\n<p>Eventos paralelos<\/p>\n<p>Na segunda, Haddad se reunir\u00e1, no gabinete do Minist\u00e9rio da Fazenda, em S\u00e3o Paulo, com o ministro das Finan\u00e7as da R\u00fassia, Anton Siluanov; e com o diretor do banco GFANZ (institui\u00e7\u00e3o que financia a transi\u00e7\u00e3o para a economia de zero carbono), Mark Carney. O ministro tamb\u00e9m se encontrar\u00e1 com o diretor-executivo do Brasil no Fundo Monet\u00e1rio Internacional (FMI), Afonso Bevilaqua; e com a diretora-gerente do FMI, Kristalina Georgieva.<\/p>\n<p>No mesmo dia, o ministro participar\u00e1 de dois eventos ligados ao plano de transi\u00e7\u00e3o ecol\u00f3gica. \u00c0s 11h, Haddad dar\u00e1 uma entrevista coletiva para a apresenta\u00e7\u00e3o do programa de prote\u00e7\u00e3o cambial para investimentos verdes sustent\u00e1veis, no pr\u00e9dio do Minist\u00e9rio da Fazenda na Avenida Paulista. \u00c0s 15h20, participar\u00e1 da mesa de abertura do F\u00f3rum de Mudan\u00e7as Clim\u00e1ticas, no Hotel Rosewood, evento com selo do G20 Social organizado por entidades da sociedade civil.<\/p>\n<p>Na ter\u00e7a, Haddad, se reunir\u00e1 com os ministros das Finan\u00e7as da Noruega, Trygve Vedum; e de Portugal, Fernando Medina, pela manh\u00e3. \u00c0s 11h, participa de evento da C\u00e2mara Americana de Com\u00e9rcio (Amcham), com a secret\u00e1ria norte-americana do Tesouro, Janet Yellen. O evento celebrar\u00e1 os 200 anos das rela\u00e7\u00f5es entre os Estados Unidos e o Brasil.<\/p>\n<p>\u00c0 tarde, Haddad ter\u00e1 uma reuni\u00e3o de trabalho fechada sobre o G20, no Pavilh\u00e3o da Bienal; e representar\u00e1 o Brasil na reuni\u00e3o dos governadores dos pa\u00edses que integram o Novo Banco de Desenvolvimento (NDB), tamb\u00e9m conhecido como Banco do Brics, no mesmo local. \u00c0s 17h, est\u00e1 previsto uma reuni\u00e3o a portas fechadas com a presidenta do NDB, Dilma Rousseff. \u00c0s 17h45, Haddad participa de uma reuni\u00e3o de ministros das Finan\u00e7as do Brics, que neste ano \u00e9 presidido pela R\u00fassia, tamb\u00e9m no Pavilh\u00e3o da Bienal.<\/p>\n<p>Na quarta-feira, Haddad se reunir\u00e1 com o ministro da Economia da Ar\u00e1bia Saudita, Faisal bin Fadhil al-Ibrahim, na Bienal. \u00c0s 9h45, o ministro far\u00e1 o discurso de abertura da reuni\u00e3o ministerial. \u00c0s 14h, Haddad comparecer\u00e1 a um evento do Banco Interamericano de Desenvolvimento (BID), no audit\u00f3rio do Ibirapuera. Est\u00e1 prevista uma declara\u00e7\u00e3o na companhia do presidente da diretora-geral do FMI; do presidente do Banco Mundial, Ajay Bang; e do presidente do BID, Ilan Goldfajn.<\/p>\n<p>\u00c0s 14h45, Haddad participa da segunda sess\u00e3o da reuni\u00e3o do G20, presidida por Campos Neto, que discutir\u00e1 perspectivas globais sobre crescimento, emprego, infla\u00e7\u00e3o e estabilidade financeira.<\/p>\n<p>Na quinta-feira (29), Haddad ter\u00e1 uma reuni\u00e3o bilateral como ministro da Economia da Fran\u00e7a, Bruno Le Maire, no pr\u00e9dio da Bienal. \u00c0s 10h, far\u00e1 um discurso sobre tributa\u00e7\u00e3o internacional. \u00c0s 13h30, o ministro presidir\u00e1 uma reuni\u00e3o com os ministros de Finan\u00e7as do G20 e ministros convidados de pa\u00edses africanos. \u00c0s 14h30, Haddad participa de um painel sobre\u00a0 endividamento global e desenvolvimento sustent\u00e1vel.<\/p>\n<p>A reuni\u00e3o do G20 acaba com as considera\u00e7\u00f5es finais dos ministros, \u00e0s 18h, e uma entrevista coletiva de encerramento, \u00e0s 18h30, concedida por Haddad e a embaixadora Tatiana Rosito.<\/p>\n<p>Temas<\/p>\n<p>A Trilha de Finan\u00e7as do G20 prop\u00f5e o debate sobre o papel de pol\u00edticas p\u00fablicas no combate \u00e0s desigualdades, em linha com as prioridades gerais do Brasil no G20. A reuni\u00e3o ministerial tamb\u00e9m tratar\u00e1 de perspectivas globais sobre crescimento, emprego, infla\u00e7\u00e3o e estabilidade financeira.<\/p>\n<p>Os debates, informou o Minist\u00e9rio da Fazenda, t\u00eam como objetivo estimular melhores pr\u00e1ticas para lidar com a d\u00edvida global crescente e financiar o desenvolvimento sustent\u00e1vel, al\u00e9m de discutir a taxa\u00e7\u00e3o internacional e as perspectivas dos pa\u00edses sobre o setor financeiro.<\/p>\n<p>Confirma\u00e7\u00f5es<\/p>\n<p>At\u00e9 agora, delega\u00e7\u00f5es de 27 pa\u00edses confirmaram presen\u00e7a no encontro. Entre os participantes anunciados, est\u00e3o a Secret\u00e1ria do Tesouro dos Estados Unidos, Janet Yellen; o Ministro de Finan\u00e7as da Alemanha, Christian Lindner; o comiss\u00e1rio para o Com\u00e9rcio e Ind\u00fastria da Uni\u00e3o Africana, Albert Muchanga; a ministra das Finan\u00e7as da Indon\u00e9sia, Sri Indrawati; e o ministro da Economia da Argentina, Luis \u201cToto\u201d Caputo. Al\u00e9m dos ministros de Finan\u00e7as e dos presidentes dos Bancos Centrais, o evento ter\u00e1 a presen\u00e7a de representantes de alto n\u00edvel de 16 de organiza\u00e7\u00f5es e bancos internacionais.<\/p>\n<p>Em dezembro do ano passado, ocorreu um encontro preparat\u00f3rio para a reuni\u00e3o ministerial do G20 no Pal\u00e1cio do Itamaraty, em Bras\u00edlia. O evento teve a participa\u00e7\u00e3o do presidente Luiz In\u00e1cio Lula da Silva, de Haddad e de Campos Neto. Confira a lista dos membros do G20 e das delega\u00e7\u00f5es convidadas que confirmaram presen\u00e7a na reuni\u00e3o ministerial:<\/p>\n<ul>\n<li>\u00c1frica do Sul;<\/li>\n<li>Alemanha;<\/li>\n<li>Angola;<\/li>\n<li>Ar\u00e1bia Saudita;<\/li>\n<li>Argentina;<\/li>\n<li>Austr\u00e1lia;<\/li>\n<li>Canad\u00e1;<\/li>\n<li>China;<\/li>\n<li>Coreia do Sul;<\/li>\n<li>Egito;<\/li>\n<li>Emirados \u00c1rabes;<\/li>\n<li>Espanha;<\/li>\n<li>Estados Unidos;<\/li>\n<li>Fran\u00e7a;<\/li>\n<li>\u00cdndia;<\/li>\n<li>Indon\u00e9sia;<\/li>\n<li>It\u00e1lia;<\/li>\n<li>Jap\u00e3o;<\/li>\n<li>M\u00e9xico;<\/li>\n<li>Nig\u00e9ria;<\/li>\n<li>Noruega;<\/li>\n<li>Portugal;<\/li>\n<li>Reino Unido;<\/li>\n<\/ul>\n<ul>\n<li>R\u00fassia;<\/li>\n<li>Singapura;<\/li>\n<li>Su\u00ed\u00e7a;<\/li>\n<li>Turquia;<\/li>\n<li>Uni\u00e3o Africana;<\/li>\n<li>Uni\u00e3o Europeia<\/li>\n<\/ul>\n<p>&nbsp;<\/p>\n<p>cr\u00e9dito: Ag\u00eancia Brasil<\/p>\n","protected":false},"excerpt":{"rendered":"<p>O combate \u00e0 desigualdade global e as reformas em institui\u00e7\u00f5es financeiras multilaterais ser\u00e3o os principais destaques da primeira reuni\u00e3o ministerial da Trilha de Finan\u00e7as do G20, grupo das 20 maiores economias do planeta. O encontro, que integra a agenda da presid\u00eancia brasileira do G20, ocorre nesta semana no Pavilh\u00e3o da Bienal, no Parque do Ibirapuera [&hellip;]<\/p>\n","protected":false},"author":8,"featured_media":799971,"comment_status":"closed","ping_status":"closed","sticky":false,"template":"","format":"standard","meta":[],"categories":[3],"tags":[],"acf":[],"yoast_head":"<!-- This site is optimized with the Yoast SEO plugin v20.8 - https:\/\/yoast.com\/wordpress\/plugins\/seo\/ -->\n<title>MINISTROS DE FINAN\u00c7AS DO G20 SE RE\u00daNEM EM S\u00c3O PAULO NESTA SEMANA - Bahia Economica<\/title>\n<meta name=\"description\" content=\"O maior portal de Economia da Bahia ECONOMIA \/ POL\u00cdTICA Bahia Economica reuni\u00e3o ministerial tamb\u00e9m tratar\u00e1 de perspectivas\" \/>\n<meta name=\"robots\" content=\"index, follow, max-snippet:-1, max-image-preview:large, max-video-preview:-1\" \/>\n<link rel=\"canonical\" href=\"https:\/\/bahiaeconomica.com.br\/wp\/2024\/02\/26\/ministros-de-financas-do-g20-se-reunem-em-sao-paulo-nesta-semana\/\" \/>\n<meta property=\"og:locale\" content=\"pt_BR\" \/>\n<meta property=\"og:type\" content=\"article\" \/>\n<meta property=\"og:title\" content=\"MINISTROS DE FINAN\u00c7AS DO G20 SE RE\u00daNEM EM S\u00c3O PAULO NESTA SEMANA - Bahia Economica\" \/>\n<meta property=\"og:description\" content=\"O maior portal de Economia da Bahia ECONOMIA \/ POL\u00cdTICA Bahia Economica reuni\u00e3o ministerial tamb\u00e9m tratar\u00e1 de perspectivas\" \/>\n<meta property=\"og:url\" content=\"https:\/\/bahiaeconomica.com.br\/wp\/2024\/02\/26\/ministros-de-financas-do-g20-se-reunem-em-sao-paulo-nesta-semana\/\" \/>\n<meta property=\"og:site_name\" content=\"Bahia Economica\" \/>\n<meta property=\"article:publisher\" content=\"https:\/\/www.facebook.com\/bahiaeconomica\" \/>\n<meta property=\"article:published_time\" content=\"2024-02-26T10:45:05+00:00\" \/>\n<meta property=\"article:modified_time\" content=\"2024-02-26T10:18:43+00:00\" \/>\n<meta property=\"og:image\" content=\"https:\/\/bahiaeconomica.com.br\/wp\/wp-content\/uploads\/2024\/02\/auto-upload-2024575.webp\" \/>\n\t<meta property=\"og:image:width\" content=\"1170\" \/>\n\t<meta property=\"og:image:height\" content=\"700\" \/>\n\t<meta property=\"og:image:type\" content=\"image\/webp\" \/>\n<meta name=\"author\" content=\"JP\" \/>\n<meta name=\"twitter:card\" content=\"summary_large_image\" \/>\n<meta name=\"twitter:label1\" content=\"Escrito por\" \/>\n\t<meta name=\"twitter:data1\" content=\"JP\" \/>\n\t<meta name=\"twitter:label2\" content=\"Est. tempo de leitura\" \/>\n\t<meta name=\"twitter:data2\" content=\"5 minutos\" \/>\n<script type=\"application\/ld+json\" class=\"yoast-schema-graph\">{\"@context\":\"https:\/\/schema.org\",\"@graph\":[{\"@type\":\"Article\",\"@id\":\"https:\/\/bahiaeconomica.com.br\/wp\/2024\/02\/26\/ministros-de-financas-do-g20-se-reunem-em-sao-paulo-nesta-semana\/#article\",\"isPartOf\":{\"@id\":\"https:\/\/bahiaeconomica.com.br\/wp\/2024\/02\/26\/ministros-de-financas-do-g20-se-reunem-em-sao-paulo-nesta-semana\/\"},\"author\":{\"name\":\"JP\",\"@id\":\"https:\/\/bahiaeconomica.com.br\/wp\/#\/schema\/person\/c86d3a3f8960425a0f9d0e5245991f4e\"},\"headline\":\"MINISTROS DE FINAN\u00c7AS DO G20 SE RE\u00daNEM EM S\u00c3O PAULO NESTA SEMANA\",\"datePublished\":\"2024-02-26T10:45:05+00:00\",\"dateModified\":\"2024-02-26T10:18:43+00:00\",\"mainEntityOfPage\":{\"@id\":\"https:\/\/bahiaeconomica.com.br\/wp\/2024\/02\/26\/ministros-de-financas-do-g20-se-reunem-em-sao-paulo-nesta-semana\/\"},\"wordCount\":1038,\"publisher\":{\"@id\":\"https:\/\/bahiaeconomica.com.br\/wp\/#organization\"},\"articleSection\":[\"ECONOMIA \/ POL\u00cdTICA\"],\"inLanguage\":\"pt-BR\"},{\"@type\":\"WebPage\",\"@id\":\"https:\/\/bahiaeconomica.com.br\/wp\/2024\/02\/26\/ministros-de-financas-do-g20-se-reunem-em-sao-paulo-nesta-semana\/\",\"url\":\"https:\/\/bahiaeconomica.com.br\/wp\/2024\/02\/26\/ministros-de-financas-do-g20-se-reunem-em-sao-paulo-nesta-semana\/\",\"name\":\"MINISTROS DE FINAN\u00c7AS DO G20 SE RE\u00daNEM EM S\u00c3O PAULO NESTA SEMANA - Bahia Economica\",\"isPartOf\":{\"@id\":\"https:\/\/bahiaeconomica.com.br\/wp\/#website\"},\"datePublished\":\"2024-02-26T10:45:05+00:00\",\"dateModified\":\"2024-02-26T10:18:43+00:00\",\"description\":\"O maior portal de Economia da Bahia ECONOMIA \/ POL\u00cdTICA Bahia Economica reuni\u00e3o ministerial tamb\u00e9m tratar\u00e1 de perspectivas\",\"breadcrumb\":{\"@id\":\"https:\/\/bahiaeconomica.com.br\/wp\/2024\/02\/26\/ministros-de-financas-do-g20-se-reunem-em-sao-paulo-nesta-semana\/#breadcrumb\"},\"inLanguage\":\"pt-BR\",\"potentialAction\":[{\"@type\":\"ReadAction\",\"target\":[\"https:\/\/bahiaeconomica.com.br\/wp\/2024\/02\/26\/ministros-de-financas-do-g20-se-reunem-em-sao-paulo-nesta-semana\/\"]}]},{\"@type\":\"BreadcrumbList\",\"@id\":\"https:\/\/bahiaeconomica.com.br\/wp\/2024\/02\/26\/ministros-de-financas-do-g20-se-reunem-em-sao-paulo-nesta-semana\/#breadcrumb\",\"itemListElement\":[{\"@type\":\"ListItem\",\"position\":1,\"name\":\"In\u00edcio\",\"item\":\"https:\/\/bahiaeconomica.com.br\/wp\/\"},{\"@type\":\"ListItem\",\"position\":2,\"name\":\"MINISTROS DE FINAN\u00c7AS DO G20 SE RE\u00daNEM EM S\u00c3O PAULO NESTA SEMANA\"}]},{\"@type\":\"WebSite\",\"@id\":\"https:\/\/bahiaeconomica.com.br\/wp\/#website\",\"url\":\"https:\/\/bahiaeconomica.com.br\/wp\/\",\"name\":\"Bahia Economica\",\"description\":\"O maior portal de Economia da Bahia\",\"publisher\":{\"@id\":\"https:\/\/bahiaeconomica.com.br\/wp\/#organization\"},\"potentialAction\":[{\"@type\":\"SearchAction\",\"target\":{\"@type\":\"EntryPoint\",\"urlTemplate\":\"https:\/\/bahiaeconomica.com.br\/wp\/?s={search_term_string}\"},\"query-input\":\"required name=search_term_string\"}],\"inLanguage\":\"pt-BR\"},{\"@type\":\"Organization\",\"@id\":\"https:\/\/bahiaeconomica.com.br\/wp\/#organization\",\"name\":\"Bahia Econ\u00f4mica\",\"url\":\"https:\/\/bahiaeconomica.com.br\/wp\/\",\"logo\":{\"@type\":\"ImageObject\",\"inLanguage\":\"pt-BR\",\"@id\":\"https:\/\/bahiaeconomica.com.br\/wp\/#\/schema\/logo\/image\/\",\"url\":\"https:\/\/bahiaeconomica.com.br\/wp\/wp-content\/uploads\/2020\/12\/cropped-BE.png\",\"contentUrl\":\"https:\/\/bahiaeconomica.com.br\/wp\/wp-content\/uploads\/2020\/12\/cropped-BE.png\",\"width\":512,\"height\":512,\"caption\":\"Bahia Econ\u00f4mica\"},\"image\":{\"@id\":\"https:\/\/bahiaeconomica.com.br\/wp\/#\/schema\/logo\/image\/\"},\"sameAs\":[\"https:\/\/www.facebook.com\/bahiaeconomica\"]},{\"@type\":\"Person\",\"@id\":\"https:\/\/bahiaeconomica.com.br\/wp\/#\/schema\/person\/c86d3a3f8960425a0f9d0e5245991f4e\",\"name\":\"JP\",\"sameAs\":[\"https:\/\/bahiaeconomica.com.br\/wp\/beta\/\"],\"url\":\"https:\/\/bahiaeconomica.com.br\/wp\/author\/jp\/\"}]}<\/script>\n<!-- \/ Yoast SEO plugin. -->","yoast_head_json":{"title":"MINISTROS DE FINAN\u00c7AS DO G20 SE RE\u00daNEM EM S\u00c3O PAULO NESTA SEMANA - Bahia Economica","description":"O maior portal de Economia da Bahia ECONOMIA \/ POL\u00cdTICA Bahia Economica reuni\u00e3o ministerial tamb\u00e9m tratar\u00e1 de perspectivas","robots":{"index":"index","follow":"follow","max-snippet":"max-snippet:-1","max-image-preview":"max-image-preview:large","max-video-preview":"max-video-preview:-1"},"canonical":"https:\/\/bahiaeconomica.com.br\/wp\/2024\/02\/26\/ministros-de-financas-do-g20-se-reunem-em-sao-paulo-nesta-semana\/","og_locale":"pt_BR","og_type":"article","og_title":"MINISTROS DE FINAN\u00c7AS DO G20 SE RE\u00daNEM EM S\u00c3O PAULO NESTA SEMANA - Bahia Economica","og_description":"O maior portal de Economia da Bahia ECONOMIA \/ POL\u00cdTICA Bahia Economica reuni\u00e3o ministerial tamb\u00e9m tratar\u00e1 de perspectivas","og_url":"https:\/\/bahiaeconomica.com.br\/wp\/2024\/02\/26\/ministros-de-financas-do-g20-se-reunem-em-sao-paulo-nesta-semana\/","og_site_name":"Bahia Economica","article_publisher":"https:\/\/www.facebook.com\/bahiaeconomica","article_published_time":"2024-02-26T10:45:05+00:00","article_modified_time":"2024-02-26T10:18:43+00:00","og_image":[{"width":1170,"height":700,"url":"https:\/\/bahiaeconomica.com.br\/wp\/wp-content\/uploads\/2024\/02\/auto-upload-2024575.webp","type":"image\/webp"}],"author":"JP","twitter_card":"summary_large_image","twitter_misc":{"Escrito por":"JP","Est. tempo de leitura":"5 minutos"},"schema":{"@context":"https:\/\/schema.org","@graph":[{"@type":"Article","@id":"https:\/\/bahiaeconomica.com.br\/wp\/2024\/02\/26\/ministros-de-financas-do-g20-se-reunem-em-sao-paulo-nesta-semana\/#article","isPartOf":{"@id":"https:\/\/bahiaeconomica.com.br\/wp\/2024\/02\/26\/ministros-de-financas-do-g20-se-reunem-em-sao-paulo-nesta-semana\/"},"author":{"name":"JP","@id":"https:\/\/bahiaeconomica.com.br\/wp\/#\/schema\/person\/c86d3a3f8960425a0f9d0e5245991f4e"},"headline":"MINISTROS DE FINAN\u00c7AS DO G20 SE RE\u00daNEM EM S\u00c3O PAULO NESTA SEMANA","datePublished":"2024-02-26T10:45:05+00:00","dateModified":"2024-02-26T10:18:43+00:00","mainEntityOfPage":{"@id":"https:\/\/bahiaeconomica.com.br\/wp\/2024\/02\/26\/ministros-de-financas-do-g20-se-reunem-em-sao-paulo-nesta-semana\/"},"wordCount":1038,"publisher":{"@id":"https:\/\/bahiaeconomica.com.br\/wp\/#organization"},"articleSection":["ECONOMIA \/ POL\u00cdTICA"],"inLanguage":"pt-BR"},{"@type":"WebPage","@id":"https:\/\/bahiaeconomica.com.br\/wp\/2024\/02\/26\/ministros-de-financas-do-g20-se-reunem-em-sao-paulo-nesta-semana\/","url":"https:\/\/bahiaeconomica.com.br\/wp\/2024\/02\/26\/ministros-de-financas-do-g20-se-reunem-em-sao-paulo-nesta-semana\/","name":"MINISTROS DE FINAN\u00c7AS DO G20 SE RE\u00daNEM EM S\u00c3O PAULO NESTA SEMANA - Bahia Economica","isPartOf":{"@id":"https:\/\/bahiaeconomica.com.br\/wp\/#website"},"datePublished":"2024-02-26T10:45:05+00:00","dateModified":"2024-02-26T10:18:43+00:00","description":"O maior portal de Economia da Bahia ECONOMIA \/ POL\u00cdTICA Bahia Economica reuni\u00e3o ministerial tamb\u00e9m tratar\u00e1 de perspectivas","breadcrumb":{"@id":"https:\/\/bahiaeconomica.com.br\/wp\/2024\/02\/26\/ministros-de-financas-do-g20-se-reunem-em-sao-paulo-nesta-semana\/#breadcrumb"},"inLanguage":"pt-BR","potentialAction":[{"@type":"ReadAction","target":["https:\/\/bahiaeconomica.com.br\/wp\/2024\/02\/26\/ministros-de-financas-do-g20-se-reunem-em-sao-paulo-nesta-semana\/"]}]},{"@type":"BreadcrumbList","@id":"https:\/\/bahiaeconomica.com.br\/wp\/2024\/02\/26\/ministros-de-financas-do-g20-se-reunem-em-sao-paulo-nesta-semana\/#breadcrumb","itemListElement":[{"@type":"ListItem","position":1,"name":"In\u00edcio","item":"https:\/\/bahiaeconomica.com.br\/wp\/"},{"@type":"ListItem","position":2,"name":"MINISTROS DE FINAN\u00c7AS DO G20 SE RE\u00daNEM EM S\u00c3O PAULO NESTA SEMANA"}]},{"@type":"WebSite","@id":"https:\/\/bahiaeconomica.com.br\/wp\/#website","url":"https:\/\/bahiaeconomica.com.br\/wp\/","name":"Bahia Economica","description":"O maior portal de Economia da Bahia","publisher":{"@id":"https:\/\/bahiaeconomica.com.br\/wp\/#organization"},"potentialAction":[{"@type":"SearchAction","target":{"@type":"EntryPoint","urlTemplate":"https:\/\/bahiaeconomica.com.br\/wp\/?s={search_term_string}"},"query-input":"required name=search_term_string"}],"inLanguage":"pt-BR"},{"@type":"Organization","@id":"https:\/\/bahiaeconomica.com.br\/wp\/#organization","name":"Bahia Econ\u00f4mica","url":"https:\/\/bahiaeconomica.com.br\/wp\/","logo":{"@type":"ImageObject","inLanguage":"pt-BR","@id":"https:\/\/bahiaeconomica.com.br\/wp\/#\/schema\/logo\/image\/","url":"https:\/\/bahiaeconomica.com.br\/wp\/wp-content\/uploads\/2020\/12\/cropped-BE.png","contentUrl":"https:\/\/bahiaeconomica.com.br\/wp\/wp-content\/uploads\/2020\/12\/cropped-BE.png","width":512,"height":512,"caption":"Bahia Econ\u00f4mica"},"image":{"@id":"https:\/\/bahiaeconomica.com.br\/wp\/#\/schema\/logo\/image\/"},"sameAs":["https:\/\/www.facebook.com\/bahiaeconomica"]},{"@type":"Person","@id":"https:\/\/bahiaeconomica.com.br\/wp\/#\/schema\/person\/c86d3a3f8960425a0f9d0e5245991f4e","name":"JP","sameAs":["https:\/\/bahiaeconomica.com.br\/wp\/beta\/"],"url":"https:\/\/bahiaeconomica.com.br\/wp\/author\/jp\/"}]}},"views":3,"_links":{"self":[{"href":"https:\/\/bahiaeconomica.com.br\/wp\/wp-json\/wp\/v2\/posts\/799970"}],"collection":[{"href":"https:\/\/bahiaeconomica.com.br\/wp\/wp-json\/wp\/v2\/posts"}],"about":[{"href":"https:\/\/bahiaeconomica.com.br\/wp\/wp-json\/wp\/v2\/types\/post"}],"author":[{"embeddable":true,"href":"https:\/\/bahiaeconomica.com.br\/wp\/wp-json\/wp\/v2\/users\/8"}],"replies":[{"embeddable":true,"href":"https:\/\/bahiaeconomica.com.br\/wp\/wp-json\/wp\/v2\/comments?post=799970"}],"version-history":[{"count":1,"href":"https:\/\/bahiaeconomica.com.br\/wp\/wp-json\/wp\/v2\/posts\/799970\/revisions"}],"predecessor-version":[{"id":799972,"href":"https:\/\/bahiaeconomica.com.br\/wp\/wp-json\/wp\/v2\/posts\/799970\/revisions\/799972"}],"wp:featuredmedia":[{"embeddable":true,"href":"https:\/\/bahiaeconomica.com.br\/wp\/wp-json\/wp\/v2\/media\/799971"}],"wp:attachment":[{"href":"https:\/\/bahiaeconomica.com.br\/wp\/wp-json\/wp\/v2\/media?parent=799970"}],"wp:term":[{"taxonomy":"category","embeddable":true,"href":"https:\/\/bahiaeconomica.com.br\/wp\/wp-json\/wp\/v2\/categories?post=799970"},{"taxonomy":"post_tag","embeddable":true,"href":"https:\/\/bahiaeconomica.com.br\/wp\/wp-json\/wp\/v2\/tags?post=799970"}],"curies":[{"name":"wp","href":"https:\/\/api.w.org\/{rel}","templated":true}]}}