{"id":799923,"date":"2024-02-24T10:00:11","date_gmt":"2024-02-24T13:00:11","guid":{"rendered":"https:\/\/bahiaeconomica.com.br\/wp\/?p=799923"},"modified":"2024-02-24T10:18:39","modified_gmt":"2024-02-24T13:18:39","slug":"marcharemos-com-bruno-para-salvador-continuar-avancando-diz-igor-dominguez-novo-presidente-do-dc","status":"publish","type":"post","link":"https:\/\/bahiaeconomica.com.br\/wp\/2024\/02\/24\/marcharemos-com-bruno-para-salvador-continuar-avancando-diz-igor-dominguez-novo-presidente-do-dc\/","title":{"rendered":"\u2018MARCHAREMOS COM BRUNO PARA SALVADOR CONTINUAR AVAN\u00c7ANDO\u201d, DIZ IGOR DOMINGUEZ, NOVO PRESIDENTE DO DC"},"content":{"rendered":"<p>Na segunda-feira (26) o novo presidente do Democracia Crist\u00e3 (DC) na Bahia, Igor Dominguez, assumir\u00e1\u00a0 oficialmente o cargo durante ato no Centro de Conven\u00e7\u00f5es de Salvador, na Boca do Rio, a partir das 18h. Secret\u00e1rio particular do prefeito Bruno Reis na gest\u00e3o municipal, Igor j\u00e1 informou que o DC marchar\u00e1 ao lado do chefe do Executivo municipal nas elei\u00e7\u00f5es de outubro e refor\u00e7ou a lideran\u00e7a pol\u00edtica do ex-prefeito ACM Neto.<\/p>\n<p>\u201cNosso trabalho \u00e9 fortalecer o partido na Bahia, com a elei\u00e7\u00e3o de prefeitos, vice-prefeitos e vereadores em v\u00e1rias cidades baianas. Manter nosso grupo pol\u00edtico unido e, claro, contribuir com a gest\u00e3o de Bruno Reis na capital. O prefeito tem realizado um grande trabalho por toda a cidade e, por isso, marcharemos junto com ele, para que Salvador continue avan\u00e7ando\u201d, destacou.<\/p>\n<p>O evento de segunda-feira marcar\u00e1 tamb\u00e9m a posse do secret\u00e1rio de Governo de Salvador, Cac\u00e1 Le\u00e3o, na presid\u00eancia municipal do Progressistas (PP), e de Francisco Elde, chefe de Gabinete da Prefeitura, no comando do Partido Renova\u00e7\u00e3o Democr\u00e1tica (PRD). O prefeito Bruno Reis e ACM Neto, ambos do Uni\u00e3o Brasil, confirmaram presen\u00e7a.<\/p>\n<p>Sobre o novo presidente<\/p>\n<p>Igor Dominguez \u00e9 formado em Administra\u00e7\u00e3o de Empresas, pela Faculdade Jorge Amado, e em Direito, pela Faculdade Dois de Julho. Iniciou a trajet\u00f3ria no servi\u00e7o p\u00fablico em 2003, atuando como assistente administrativo e agente de regula\u00e7\u00e3o na Agerba.<\/p>\n<p>Foi diretor-geral da Funda\u00e7\u00e3o Paulo Jackson, respons\u00e1vel pela TV e R\u00e1dio da Assembleia Legislativa da Bahia, at\u00e9 dezembro de 2020, quando assumiu a Secretaria Particular do prefeito Bruno Reis. Em 2011, quando o prefeito eleito Bruno Reis era deputado estadual, Igor o assessorou na Assembleia, onde tamb\u00e9m ocupou o cargo de diretor de Planejamento.<\/p>\n","protected":false},"excerpt":{"rendered":"<p>Na segunda-feira (26) o novo presidente do Democracia Crist\u00e3 (DC) na Bahia, Igor Dominguez, assumir\u00e1\u00a0 oficialmente o cargo durante ato no Centro de Conven\u00e7\u00f5es de Salvador, na Boca do Rio, a partir das 18h. Secret\u00e1rio particular do prefeito Bruno Reis na gest\u00e3o municipal, Igor j\u00e1 informou que o DC marchar\u00e1 ao lado do chefe do [&hellip;]<\/p>\n","protected":false},"author":8,"featured_media":799924,"comment_status":"closed","ping_status":"closed","sticky":false,"template":"","format":"standard","meta":[],"categories":[14601],"tags":[1176,486,100,533],"acf":[],"yoast_head":"<!-- This site is optimized with the Yoast SEO plugin v20.8 - https:\/\/yoast.com\/wordpress\/plugins\/seo\/ -->\n<title>\u2018MARCHAREMOS COM BRUNO PARA SALVADOR CONTINUAR AVAN\u00c7ANDO\u201d, DIZ IGOR DOMINGUEZ, NOVO PRESIDENTE DO DC - Bahia Economica<\/title>\n<meta name=\"description\" content=\"O maior portal de Economia da Bahia Pol\u00edtica Bahia Economica Na segunda-feira (26) o novo presidente do Democracia Crist\u00e3 (DC)\" \/>\n<meta name=\"robots\" content=\"index, follow, max-snippet:-1, max-image-preview:large, max-video-preview:-1\" \/>\n<link rel=\"canonical\" href=\"https:\/\/bahiaeconomica.com.br\/wp\/2024\/02\/24\/marcharemos-com-bruno-para-salvador-continuar-avancando-diz-igor-dominguez-novo-presidente-do-dc\/\" \/>\n<meta property=\"og:locale\" content=\"pt_BR\" \/>\n<meta property=\"og:type\" content=\"article\" \/>\n<meta property=\"og:title\" content=\"\u2018MARCHAREMOS COM BRUNO PARA SALVADOR CONTINUAR AVAN\u00c7ANDO\u201d, DIZ IGOR DOMINGUEZ, NOVO PRESIDENTE DO DC - Bahia Economica\" \/>\n<meta property=\"og:description\" content=\"O maior portal de Economia da Bahia Pol\u00edtica Bahia Economica Na segunda-feira (26) o novo presidente do Democracia Crist\u00e3 (DC)\" \/>\n<meta property=\"og:url\" content=\"https:\/\/bahiaeconomica.com.br\/wp\/2024\/02\/24\/marcharemos-com-bruno-para-salvador-continuar-avancando-diz-igor-dominguez-novo-presidente-do-dc\/\" \/>\n<meta property=\"og:site_name\" content=\"Bahia Economica\" \/>\n<meta property=\"article:publisher\" content=\"https:\/\/www.facebook.com\/bahiaeconomica\" \/>\n<meta property=\"article:published_time\" content=\"2024-02-24T13:00:11+00:00\" \/>\n<meta property=\"article:modified_time\" content=\"2024-02-24T13:18:39+00:00\" \/>\n<meta property=\"og:image\" content=\"https:\/\/bahiaeconomica.com.br\/wp\/wp-content\/uploads\/2024\/02\/WhatsApp-Image-2024-02-24-at-09.00.59.jpeg\" \/>\n\t<meta property=\"og:image:width\" content=\"724\" \/>\n\t<meta property=\"og:image:height\" content=\"507\" \/>\n\t<meta property=\"og:image:type\" content=\"image\/jpeg\" \/>\n<meta name=\"author\" content=\"JP\" \/>\n<meta name=\"twitter:card\" content=\"summary_large_image\" \/>\n<meta name=\"twitter:label1\" content=\"Escrito por\" \/>\n\t<meta name=\"twitter:data1\" content=\"JP\" \/>\n\t<meta name=\"twitter:label2\" content=\"Est. tempo de leitura\" \/>\n\t<meta name=\"twitter:data2\" content=\"2 minutos\" \/>\n<script type=\"application\/ld+json\" class=\"yoast-schema-graph\">{\"@context\":\"https:\/\/schema.org\",\"@graph\":[{\"@type\":\"Article\",\"@id\":\"https:\/\/bahiaeconomica.com.br\/wp\/2024\/02\/24\/marcharemos-com-bruno-para-salvador-continuar-avancando-diz-igor-dominguez-novo-presidente-do-dc\/#article\",\"isPartOf\":{\"@id\":\"https:\/\/bahiaeconomica.com.br\/wp\/2024\/02\/24\/marcharemos-com-bruno-para-salvador-continuar-avancando-diz-igor-dominguez-novo-presidente-do-dc\/\"},\"author\":{\"name\":\"JP\",\"@id\":\"https:\/\/bahiaeconomica.com.br\/wp\/#\/schema\/person\/c86d3a3f8960425a0f9d0e5245991f4e\"},\"headline\":\"\u2018MARCHAREMOS COM BRUNO PARA SALVADOR CONTINUAR AVAN\u00c7ANDO\u201d, DIZ IGOR DOMINGUEZ, NOVO PRESIDENTE DO DC\",\"datePublished\":\"2024-02-24T13:00:11+00:00\",\"dateModified\":\"2024-02-24T13:18:39+00:00\",\"mainEntityOfPage\":{\"@id\":\"https:\/\/bahiaeconomica.com.br\/wp\/2024\/02\/24\/marcharemos-com-bruno-para-salvador-continuar-avancando-diz-igor-dominguez-novo-presidente-do-dc\/\"},\"wordCount\":315,\"publisher\":{\"@id\":\"https:\/\/bahiaeconomica.com.br\/wp\/#organization\"},\"keywords\":[\"mudan\u00e7a\",\"Munic\u00edpios\",\"Pol\u00edtica\",\"Prefeito\"],\"articleSection\":[\"Pol\u00edtica\"],\"inLanguage\":\"pt-BR\"},{\"@type\":\"WebPage\",\"@id\":\"https:\/\/bahiaeconomica.com.br\/wp\/2024\/02\/24\/marcharemos-com-bruno-para-salvador-continuar-avancando-diz-igor-dominguez-novo-presidente-do-dc\/\",\"url\":\"https:\/\/bahiaeconomica.com.br\/wp\/2024\/02\/24\/marcharemos-com-bruno-para-salvador-continuar-avancando-diz-igor-dominguez-novo-presidente-do-dc\/\",\"name\":\"\u2018MARCHAREMOS COM BRUNO PARA SALVADOR CONTINUAR AVAN\u00c7ANDO\u201d, DIZ IGOR DOMINGUEZ, NOVO PRESIDENTE DO DC - Bahia Economica\",\"isPartOf\":{\"@id\":\"https:\/\/bahiaeconomica.com.br\/wp\/#website\"},\"datePublished\":\"2024-02-24T13:00:11+00:00\",\"dateModified\":\"2024-02-24T13:18:39+00:00\",\"description\":\"O maior portal de Economia da Bahia Pol\u00edtica Bahia Economica Na segunda-feira (26) o novo presidente do Democracia Crist\u00e3 (DC)\",\"breadcrumb\":{\"@id\":\"https:\/\/bahiaeconomica.com.br\/wp\/2024\/02\/24\/marcharemos-com-bruno-para-salvador-continuar-avancando-diz-igor-dominguez-novo-presidente-do-dc\/#breadcrumb\"},\"inLanguage\":\"pt-BR\",\"potentialAction\":[{\"@type\":\"ReadAction\",\"target\":[\"https:\/\/bahiaeconomica.com.br\/wp\/2024\/02\/24\/marcharemos-com-bruno-para-salvador-continuar-avancando-diz-igor-dominguez-novo-presidente-do-dc\/\"]}]},{\"@type\":\"BreadcrumbList\",\"@id\":\"https:\/\/bahiaeconomica.com.br\/wp\/2024\/02\/24\/marcharemos-com-bruno-para-salvador-continuar-avancando-diz-igor-dominguez-novo-presidente-do-dc\/#breadcrumb\",\"itemListElement\":[{\"@type\":\"ListItem\",\"position\":1,\"name\":\"In\u00edcio\",\"item\":\"https:\/\/bahiaeconomica.com.br\/wp\/\"},{\"@type\":\"ListItem\",\"position\":2,\"name\":\"\u2018MARCHAREMOS COM BRUNO PARA SALVADOR CONTINUAR AVAN\u00c7ANDO\u201d, DIZ IGOR DOMINGUEZ, NOVO PRESIDENTE DO DC\"}]},{\"@type\":\"WebSite\",\"@id\":\"https:\/\/bahiaeconomica.com.br\/wp\/#website\",\"url\":\"https:\/\/bahiaeconomica.com.br\/wp\/\",\"name\":\"Bahia Economica\",\"description\":\"O maior portal de Economia da Bahia\",\"publisher\":{\"@id\":\"https:\/\/bahiaeconomica.com.br\/wp\/#organization\"},\"potentialAction\":[{\"@type\":\"SearchAction\",\"target\":{\"@type\":\"EntryPoint\",\"urlTemplate\":\"https:\/\/bahiaeconomica.com.br\/wp\/?s={search_term_string}\"},\"query-input\":\"required name=search_term_string\"}],\"inLanguage\":\"pt-BR\"},{\"@type\":\"Organization\",\"@id\":\"https:\/\/bahiaeconomica.com.br\/wp\/#organization\",\"name\":\"Bahia Econ\u00f4mica\",\"url\":\"https:\/\/bahiaeconomica.com.br\/wp\/\",\"logo\":{\"@type\":\"ImageObject\",\"inLanguage\":\"pt-BR\",\"@id\":\"https:\/\/bahiaeconomica.com.br\/wp\/#\/schema\/logo\/image\/\",\"url\":\"https:\/\/bahiaeconomica.com.br\/wp\/wp-content\/uploads\/2020\/12\/cropped-BE.png\",\"contentUrl\":\"https:\/\/bahiaeconomica.com.br\/wp\/wp-content\/uploads\/2020\/12\/cropped-BE.png\",\"width\":512,\"height\":512,\"caption\":\"Bahia Econ\u00f4mica\"},\"image\":{\"@id\":\"https:\/\/bahiaeconomica.com.br\/wp\/#\/schema\/logo\/image\/\"},\"sameAs\":[\"https:\/\/www.facebook.com\/bahiaeconomica\"]},{\"@type\":\"Person\",\"@id\":\"https:\/\/bahiaeconomica.com.br\/wp\/#\/schema\/person\/c86d3a3f8960425a0f9d0e5245991f4e\",\"name\":\"JP\",\"sameAs\":[\"https:\/\/bahiaeconomica.com.br\/wp\/beta\/\"],\"url\":\"https:\/\/bahiaeconomica.com.br\/wp\/author\/jp\/\"}]}<\/script>\n<!-- \/ Yoast SEO plugin. -->","yoast_head_json":{"title":"\u2018MARCHAREMOS COM BRUNO PARA SALVADOR CONTINUAR AVAN\u00c7ANDO\u201d, DIZ IGOR DOMINGUEZ, NOVO PRESIDENTE DO DC - Bahia Economica","description":"O maior portal de Economia da Bahia Pol\u00edtica Bahia Economica Na segunda-feira (26) o novo presidente do Democracia Crist\u00e3 (DC)","robots":{"index":"index","follow":"follow","max-snippet":"max-snippet:-1","max-image-preview":"max-image-preview:large","max-video-preview":"max-video-preview:-1"},"canonical":"https:\/\/bahiaeconomica.com.br\/wp\/2024\/02\/24\/marcharemos-com-bruno-para-salvador-continuar-avancando-diz-igor-dominguez-novo-presidente-do-dc\/","og_locale":"pt_BR","og_type":"article","og_title":"\u2018MARCHAREMOS COM BRUNO PARA SALVADOR CONTINUAR AVAN\u00c7ANDO\u201d, DIZ IGOR DOMINGUEZ, NOVO PRESIDENTE DO DC - Bahia Economica","og_description":"O maior portal de Economia da Bahia Pol\u00edtica Bahia Economica Na segunda-feira (26) o novo presidente do Democracia Crist\u00e3 (DC)","og_url":"https:\/\/bahiaeconomica.com.br\/wp\/2024\/02\/24\/marcharemos-com-bruno-para-salvador-continuar-avancando-diz-igor-dominguez-novo-presidente-do-dc\/","og_site_name":"Bahia Economica","article_publisher":"https:\/\/www.facebook.com\/bahiaeconomica","article_published_time":"2024-02-24T13:00:11+00:00","article_modified_time":"2024-02-24T13:18:39+00:00","og_image":[{"width":724,"height":507,"url":"https:\/\/bahiaeconomica.com.br\/wp\/wp-content\/uploads\/2024\/02\/WhatsApp-Image-2024-02-24-at-09.00.59.jpeg","type":"image\/jpeg"}],"author":"JP","twitter_card":"summary_large_image","twitter_misc":{"Escrito por":"JP","Est. tempo de leitura":"2 minutos"},"schema":{"@context":"https:\/\/schema.org","@graph":[{"@type":"Article","@id":"https:\/\/bahiaeconomica.com.br\/wp\/2024\/02\/24\/marcharemos-com-bruno-para-salvador-continuar-avancando-diz-igor-dominguez-novo-presidente-do-dc\/#article","isPartOf":{"@id":"https:\/\/bahiaeconomica.com.br\/wp\/2024\/02\/24\/marcharemos-com-bruno-para-salvador-continuar-avancando-diz-igor-dominguez-novo-presidente-do-dc\/"},"author":{"name":"JP","@id":"https:\/\/bahiaeconomica.com.br\/wp\/#\/schema\/person\/c86d3a3f8960425a0f9d0e5245991f4e"},"headline":"\u2018MARCHAREMOS COM BRUNO PARA SALVADOR CONTINUAR AVAN\u00c7ANDO\u201d, DIZ IGOR DOMINGUEZ, NOVO PRESIDENTE DO DC","datePublished":"2024-02-24T13:00:11+00:00","dateModified":"2024-02-24T13:18:39+00:00","mainEntityOfPage":{"@id":"https:\/\/bahiaeconomica.com.br\/wp\/2024\/02\/24\/marcharemos-com-bruno-para-salvador-continuar-avancando-diz-igor-dominguez-novo-presidente-do-dc\/"},"wordCount":315,"publisher":{"@id":"https:\/\/bahiaeconomica.com.br\/wp\/#organization"},"keywords":["mudan\u00e7a","Munic\u00edpios","Pol\u00edtica","Prefeito"],"articleSection":["Pol\u00edtica"],"inLanguage":"pt-BR"},{"@type":"WebPage","@id":"https:\/\/bahiaeconomica.com.br\/wp\/2024\/02\/24\/marcharemos-com-bruno-para-salvador-continuar-avancando-diz-igor-dominguez-novo-presidente-do-dc\/","url":"https:\/\/bahiaeconomica.com.br\/wp\/2024\/02\/24\/marcharemos-com-bruno-para-salvador-continuar-avancando-diz-igor-dominguez-novo-presidente-do-dc\/","name":"\u2018MARCHAREMOS COM BRUNO PARA SALVADOR CONTINUAR AVAN\u00c7ANDO\u201d, DIZ IGOR DOMINGUEZ, NOVO PRESIDENTE DO DC - Bahia Economica","isPartOf":{"@id":"https:\/\/bahiaeconomica.com.br\/wp\/#website"},"datePublished":"2024-02-24T13:00:11+00:00","dateModified":"2024-02-24T13:18:39+00:00","description":"O maior portal de Economia da Bahia Pol\u00edtica Bahia Economica Na segunda-feira (26) o novo presidente do Democracia Crist\u00e3 (DC)","breadcrumb":{"@id":"https:\/\/bahiaeconomica.com.br\/wp\/2024\/02\/24\/marcharemos-com-bruno-para-salvador-continuar-avancando-diz-igor-dominguez-novo-presidente-do-dc\/#breadcrumb"},"inLanguage":"pt-BR","potentialAction":[{"@type":"ReadAction","target":["https:\/\/bahiaeconomica.com.br\/wp\/2024\/02\/24\/marcharemos-com-bruno-para-salvador-continuar-avancando-diz-igor-dominguez-novo-presidente-do-dc\/"]}]},{"@type":"BreadcrumbList","@id":"https:\/\/bahiaeconomica.com.br\/wp\/2024\/02\/24\/marcharemos-com-bruno-para-salvador-continuar-avancando-diz-igor-dominguez-novo-presidente-do-dc\/#breadcrumb","itemListElement":[{"@type":"ListItem","position":1,"name":"In\u00edcio","item":"https:\/\/bahiaeconomica.com.br\/wp\/"},{"@type":"ListItem","position":2,"name":"\u2018MARCHAREMOS COM BRUNO PARA SALVADOR CONTINUAR AVAN\u00c7ANDO\u201d, DIZ IGOR DOMINGUEZ, NOVO PRESIDENTE DO DC"}]},{"@type":"WebSite","@id":"https:\/\/bahiaeconomica.com.br\/wp\/#website","url":"https:\/\/bahiaeconomica.com.br\/wp\/","name":"Bahia Economica","description":"O maior portal de Economia da Bahia","publisher":{"@id":"https:\/\/bahiaeconomica.com.br\/wp\/#organization"},"potentialAction":[{"@type":"SearchAction","target":{"@type":"EntryPoint","urlTemplate":"https:\/\/bahiaeconomica.com.br\/wp\/?s={search_term_string}"},"query-input":"required name=search_term_string"}],"inLanguage":"pt-BR"},{"@type":"Organization","@id":"https:\/\/bahiaeconomica.com.br\/wp\/#organization","name":"Bahia Econ\u00f4mica","url":"https:\/\/bahiaeconomica.com.br\/wp\/","logo":{"@type":"ImageObject","inLanguage":"pt-BR","@id":"https:\/\/bahiaeconomica.com.br\/wp\/#\/schema\/logo\/image\/","url":"https:\/\/bahiaeconomica.com.br\/wp\/wp-content\/uploads\/2020\/12\/cropped-BE.png","contentUrl":"https:\/\/bahiaeconomica.com.br\/wp\/wp-content\/uploads\/2020\/12\/cropped-BE.png","width":512,"height":512,"caption":"Bahia Econ\u00f4mica"},"image":{"@id":"https:\/\/bahiaeconomica.com.br\/wp\/#\/schema\/logo\/image\/"},"sameAs":["https:\/\/www.facebook.com\/bahiaeconomica"]},{"@type":"Person","@id":"https:\/\/bahiaeconomica.com.br\/wp\/#\/schema\/person\/c86d3a3f8960425a0f9d0e5245991f4e","name":"JP","sameAs":["https:\/\/bahiaeconomica.com.br\/wp\/beta\/"],"url":"https:\/\/bahiaeconomica.com.br\/wp\/author\/jp\/"}]}},"views":29,"_links":{"self":[{"href":"https:\/\/bahiaeconomica.com.br\/wp\/wp-json\/wp\/v2\/posts\/799923"}],"collection":[{"href":"https:\/\/bahiaeconomica.com.br\/wp\/wp-json\/wp\/v2\/posts"}],"about":[{"href":"https:\/\/bahiaeconomica.com.br\/wp\/wp-json\/wp\/v2\/types\/post"}],"author":[{"embeddable":true,"href":"https:\/\/bahiaeconomica.com.br\/wp\/wp-json\/wp\/v2\/users\/8"}],"replies":[{"embeddable":true,"href":"https:\/\/bahiaeconomica.com.br\/wp\/wp-json\/wp\/v2\/comments?post=799923"}],"version-history":[{"count":1,"href":"https:\/\/bahiaeconomica.com.br\/wp\/wp-json\/wp\/v2\/posts\/799923\/revisions"}],"predecessor-version":[{"id":799925,"href":"https:\/\/bahiaeconomica.com.br\/wp\/wp-json\/wp\/v2\/posts\/799923\/revisions\/799925"}],"wp:featuredmedia":[{"embeddable":true,"href":"https:\/\/bahiaeconomica.com.br\/wp\/wp-json\/wp\/v2\/media\/799924"}],"wp:attachment":[{"href":"https:\/\/bahiaeconomica.com.br\/wp\/wp-json\/wp\/v2\/media?parent=799923"}],"wp:term":[{"taxonomy":"category","embeddable":true,"href":"https:\/\/bahiaeconomica.com.br\/wp\/wp-json\/wp\/v2\/categories?post=799923"},{"taxonomy":"post_tag","embeddable":true,"href":"https:\/\/bahiaeconomica.com.br\/wp\/wp-json\/wp\/v2\/tags?post=799923"}],"curies":[{"name":"wp","href":"https:\/\/api.w.org\/{rel}","templated":true}]}}