{"id":799744,"date":"2024-02-23T15:48:17","date_gmt":"2024-02-23T18:48:17","guid":{"rendered":"https:\/\/bahiaeconomica.com.br\/wp\/?p=799744"},"modified":"2024-02-23T15:48:17","modified_gmt":"2024-02-23T18:48:17","slug":"crea-ba-divulga-balanco-da-fiscalizacao-no-carnaval","status":"publish","type":"post","link":"https:\/\/bahiaeconomica.com.br\/wp\/2024\/02\/23\/crea-ba-divulga-balanco-da-fiscalizacao-no-carnaval\/","title":{"rendered":"CREA-BA DIVULGA BALAN\u00c7O DA FISCALIZA\u00c7\u00c3O NO CARNAVAL"},"content":{"rendered":"<p>Durante o Carnaval de Salvador, mais de 500 Anota\u00e7\u00f5es de Responsabilidade T\u00e9cnica (ARTs) e 200 Relat\u00f3rios de Fiscaliza\u00e7\u00e3o Preventiva foram emitidos pelo Conselho Regional de Engenharia e Agronomia da Bahia (Crea-BA).<\/p>\n<p>ART \u00e9 um documento que registra todas as atividades feitas pelos profissionais de engenharia. No total, mais de 100 profissionais e cerca de 45 empresas de engenharia inscritas no Crea-BA trabalharam durante o carnaval de Salvador.<\/p>\n<p>O trabalho do conselho cooperou para assegurar a seguran\u00e7a das estruturas de palcos, camarotes, pratic\u00e1veis e trios el\u00e9tricos no per\u00edodo do Carnaval, a partir da fiscaliza\u00e7\u00e3o do exerc\u00edcio legal da profiss\u00e3o da engenharia, para coibir pr\u00e1ticas que possam prejudicar a seguran\u00e7a das pessoas envolvidas.<\/p>\n<p>&#8220;Nossa atua\u00e7\u00e3o auxilia na preven\u00e7\u00e3o de acidentes e garante qualidade e seguran\u00e7a nas obras e servi\u00e7os t\u00e9cnicos, a medida em que faz exig\u00eancias quanto \u00e0 necess\u00e1ria participa\u00e7\u00e3o de profissionais devidamente habilitados no desenvolvimento das atividades de engenharia nos diversos empreendimentos visitados. Garantindo assim, a ado\u00e7\u00e3o de padr\u00f5es e normativos t\u00e9cnicos que contribuem para um ambiente seguro e de qualidade\u201d, afirmou o supervisor de fiscaliza\u00e7\u00e3o do Crea-BA, Arildson Ara\u00fajo.<\/p>\n<p>(Portal A Tarde)<\/p>\n<p>&nbsp;<\/p>\n<p>Foto: Divulga\u00e7\u00e3o \/ Crea-BA<\/p>\n","protected":false},"excerpt":{"rendered":"<p>Durante o Carnaval de Salvador, mais de 500 Anota\u00e7\u00f5es de Responsabilidade T\u00e9cnica (ARTs) e 200 Relat\u00f3rios de Fiscaliza\u00e7\u00e3o Preventiva foram emitidos pelo Conselho Regional de Engenharia e Agronomia da Bahia (Crea-BA). ART \u00e9 um documento que registra todas as atividades feitas pelos profissionais de engenharia. No total, mais de 100 profissionais e cerca de 45 [&hellip;]<\/p>\n","protected":false},"author":19,"featured_media":799752,"comment_status":"closed","ping_status":"closed","sticky":false,"template":"","format":"standard","meta":[],"categories":[3],"tags":[27179,1020,8654,213,73],"acf":[],"yoast_head":"<!-- This site is optimized with the Yoast SEO plugin v20.8 - https:\/\/yoast.com\/wordpress\/plugins\/seo\/ -->\n<title>CREA-BA DIVULGA BALAN\u00c7O DA FISCALIZA\u00c7\u00c3O NO CARNAVAL - Bahia Economica<\/title>\n<meta name=\"description\" content=\"O maior portal de Economia da Bahia ECONOMIA \/ POL\u00cdTICA Bahia Economica Durante o Carnaval de Salvador, mais de 500\" \/>\n<meta name=\"robots\" content=\"index, follow, max-snippet:-1, max-image-preview:large, max-video-preview:-1\" \/>\n<link rel=\"canonical\" href=\"https:\/\/bahiaeconomica.com.br\/wp\/2024\/02\/23\/crea-ba-divulga-balanco-da-fiscalizacao-no-carnaval\/\" \/>\n<meta property=\"og:locale\" content=\"pt_BR\" \/>\n<meta property=\"og:type\" content=\"article\" \/>\n<meta property=\"og:title\" content=\"CREA-BA DIVULGA BALAN\u00c7O DA FISCALIZA\u00c7\u00c3O NO CARNAVAL - Bahia Economica\" \/>\n<meta property=\"og:description\" content=\"O maior portal de Economia da Bahia ECONOMIA \/ POL\u00cdTICA Bahia Economica Durante o Carnaval de Salvador, mais de 500\" \/>\n<meta property=\"og:url\" content=\"https:\/\/bahiaeconomica.com.br\/wp\/2024\/02\/23\/crea-ba-divulga-balanco-da-fiscalizacao-no-carnaval\/\" \/>\n<meta property=\"og:site_name\" content=\"Bahia Economica\" \/>\n<meta property=\"article:publisher\" content=\"https:\/\/www.facebook.com\/bahiaeconomica\" \/>\n<meta property=\"article:published_time\" content=\"2024-02-23T18:48:17+00:00\" \/>\n<meta property=\"og:image\" content=\"https:\/\/bahiaeconomica.com.br\/wp\/wp-content\/uploads\/2024\/02\/crea-ba.webp\" \/>\n\t<meta property=\"og:image:width\" content=\"1200\" \/>\n\t<meta property=\"og:image:height\" content=\"675\" \/>\n\t<meta property=\"og:image:type\" content=\"image\/webp\" \/>\n<meta name=\"author\" content=\"LIZANDRA MUNIZ\" \/>\n<meta name=\"twitter:card\" content=\"summary_large_image\" \/>\n<meta name=\"twitter:label1\" content=\"Escrito por\" \/>\n\t<meta name=\"twitter:data1\" content=\"LIZANDRA MUNIZ\" \/>\n\t<meta name=\"twitter:label2\" content=\"Est. tempo de leitura\" \/>\n\t<meta name=\"twitter:data2\" content=\"2 minutos\" \/>\n<script type=\"application\/ld+json\" class=\"yoast-schema-graph\">{\"@context\":\"https:\/\/schema.org\",\"@graph\":[{\"@type\":\"Article\",\"@id\":\"https:\/\/bahiaeconomica.com.br\/wp\/2024\/02\/23\/crea-ba-divulga-balanco-da-fiscalizacao-no-carnaval\/#article\",\"isPartOf\":{\"@id\":\"https:\/\/bahiaeconomica.com.br\/wp\/2024\/02\/23\/crea-ba-divulga-balanco-da-fiscalizacao-no-carnaval\/\"},\"author\":{\"name\":\"LIZANDRA MUNIZ\",\"@id\":\"https:\/\/bahiaeconomica.com.br\/wp\/#\/schema\/person\/0868b18bbfdd29723e44135140f35148\"},\"headline\":\"CREA-BA DIVULGA BALAN\u00c7O DA FISCALIZA\u00c7\u00c3O NO CARNAVAL\",\"datePublished\":\"2024-02-23T18:48:17+00:00\",\"dateModified\":\"2024-02-23T18:48:17+00:00\",\"mainEntityOfPage\":{\"@id\":\"https:\/\/bahiaeconomica.com.br\/wp\/2024\/02\/23\/crea-ba-divulga-balanco-da-fiscalizacao-no-carnaval\/\"},\"wordCount\":216,\"publisher\":{\"@id\":\"https:\/\/bahiaeconomica.com.br\/wp\/#organization\"},\"keywords\":[\"ARTS\",\"carnaval\",\"CREA-BA\",\"Economia\",\"Salvador\"],\"articleSection\":[\"ECONOMIA \/ POL\u00cdTICA\"],\"inLanguage\":\"pt-BR\"},{\"@type\":\"WebPage\",\"@id\":\"https:\/\/bahiaeconomica.com.br\/wp\/2024\/02\/23\/crea-ba-divulga-balanco-da-fiscalizacao-no-carnaval\/\",\"url\":\"https:\/\/bahiaeconomica.com.br\/wp\/2024\/02\/23\/crea-ba-divulga-balanco-da-fiscalizacao-no-carnaval\/\",\"name\":\"CREA-BA DIVULGA BALAN\u00c7O DA FISCALIZA\u00c7\u00c3O NO CARNAVAL - Bahia Economica\",\"isPartOf\":{\"@id\":\"https:\/\/bahiaeconomica.com.br\/wp\/#website\"},\"datePublished\":\"2024-02-23T18:48:17+00:00\",\"dateModified\":\"2024-02-23T18:48:17+00:00\",\"description\":\"O maior portal de Economia da Bahia ECONOMIA \/ POL\u00cdTICA Bahia Economica Durante o Carnaval de Salvador, mais de 500\",\"breadcrumb\":{\"@id\":\"https:\/\/bahiaeconomica.com.br\/wp\/2024\/02\/23\/crea-ba-divulga-balanco-da-fiscalizacao-no-carnaval\/#breadcrumb\"},\"inLanguage\":\"pt-BR\",\"potentialAction\":[{\"@type\":\"ReadAction\",\"target\":[\"https:\/\/bahiaeconomica.com.br\/wp\/2024\/02\/23\/crea-ba-divulga-balanco-da-fiscalizacao-no-carnaval\/\"]}]},{\"@type\":\"BreadcrumbList\",\"@id\":\"https:\/\/bahiaeconomica.com.br\/wp\/2024\/02\/23\/crea-ba-divulga-balanco-da-fiscalizacao-no-carnaval\/#breadcrumb\",\"itemListElement\":[{\"@type\":\"ListItem\",\"position\":1,\"name\":\"In\u00edcio\",\"item\":\"https:\/\/bahiaeconomica.com.br\/wp\/\"},{\"@type\":\"ListItem\",\"position\":2,\"name\":\"CREA-BA DIVULGA BALAN\u00c7O DA FISCALIZA\u00c7\u00c3O NO CARNAVAL\"}]},{\"@type\":\"WebSite\",\"@id\":\"https:\/\/bahiaeconomica.com.br\/wp\/#website\",\"url\":\"https:\/\/bahiaeconomica.com.br\/wp\/\",\"name\":\"Bahia Economica\",\"description\":\"O maior portal de Economia da Bahia\",\"publisher\":{\"@id\":\"https:\/\/bahiaeconomica.com.br\/wp\/#organization\"},\"potentialAction\":[{\"@type\":\"SearchAction\",\"target\":{\"@type\":\"EntryPoint\",\"urlTemplate\":\"https:\/\/bahiaeconomica.com.br\/wp\/?s={search_term_string}\"},\"query-input\":\"required name=search_term_string\"}],\"inLanguage\":\"pt-BR\"},{\"@type\":\"Organization\",\"@id\":\"https:\/\/bahiaeconomica.com.br\/wp\/#organization\",\"name\":\"Bahia Econ\u00f4mica\",\"url\":\"https:\/\/bahiaeconomica.com.br\/wp\/\",\"logo\":{\"@type\":\"ImageObject\",\"inLanguage\":\"pt-BR\",\"@id\":\"https:\/\/bahiaeconomica.com.br\/wp\/#\/schema\/logo\/image\/\",\"url\":\"https:\/\/bahiaeconomica.com.br\/wp\/wp-content\/uploads\/2020\/12\/cropped-BE.png\",\"contentUrl\":\"https:\/\/bahiaeconomica.com.br\/wp\/wp-content\/uploads\/2020\/12\/cropped-BE.png\",\"width\":512,\"height\":512,\"caption\":\"Bahia Econ\u00f4mica\"},\"image\":{\"@id\":\"https:\/\/bahiaeconomica.com.br\/wp\/#\/schema\/logo\/image\/\"},\"sameAs\":[\"https:\/\/www.facebook.com\/bahiaeconomica\"]},{\"@type\":\"Person\",\"@id\":\"https:\/\/bahiaeconomica.com.br\/wp\/#\/schema\/person\/0868b18bbfdd29723e44135140f35148\",\"name\":\"LIZANDRA MUNIZ\",\"sameAs\":[\"http:\/\/www.bahiaeconomica.com.br\"],\"url\":\"https:\/\/bahiaeconomica.com.br\/wp\/author\/lizandra-muniz\/\"}]}<\/script>\n<!-- \/ Yoast SEO plugin. -->","yoast_head_json":{"title":"CREA-BA DIVULGA BALAN\u00c7O DA FISCALIZA\u00c7\u00c3O NO CARNAVAL - Bahia Economica","description":"O maior portal de Economia da Bahia ECONOMIA \/ POL\u00cdTICA Bahia Economica Durante o Carnaval de Salvador, mais de 500","robots":{"index":"index","follow":"follow","max-snippet":"max-snippet:-1","max-image-preview":"max-image-preview:large","max-video-preview":"max-video-preview:-1"},"canonical":"https:\/\/bahiaeconomica.com.br\/wp\/2024\/02\/23\/crea-ba-divulga-balanco-da-fiscalizacao-no-carnaval\/","og_locale":"pt_BR","og_type":"article","og_title":"CREA-BA DIVULGA BALAN\u00c7O DA FISCALIZA\u00c7\u00c3O NO CARNAVAL - Bahia Economica","og_description":"O maior portal de Economia da Bahia ECONOMIA \/ POL\u00cdTICA Bahia Economica Durante o Carnaval de Salvador, mais de 500","og_url":"https:\/\/bahiaeconomica.com.br\/wp\/2024\/02\/23\/crea-ba-divulga-balanco-da-fiscalizacao-no-carnaval\/","og_site_name":"Bahia Economica","article_publisher":"https:\/\/www.facebook.com\/bahiaeconomica","article_published_time":"2024-02-23T18:48:17+00:00","og_image":[{"width":1200,"height":675,"url":"https:\/\/bahiaeconomica.com.br\/wp\/wp-content\/uploads\/2024\/02\/crea-ba.webp","type":"image\/webp"}],"author":"LIZANDRA MUNIZ","twitter_card":"summary_large_image","twitter_misc":{"Escrito por":"LIZANDRA MUNIZ","Est. tempo de leitura":"2 minutos"},"schema":{"@context":"https:\/\/schema.org","@graph":[{"@type":"Article","@id":"https:\/\/bahiaeconomica.com.br\/wp\/2024\/02\/23\/crea-ba-divulga-balanco-da-fiscalizacao-no-carnaval\/#article","isPartOf":{"@id":"https:\/\/bahiaeconomica.com.br\/wp\/2024\/02\/23\/crea-ba-divulga-balanco-da-fiscalizacao-no-carnaval\/"},"author":{"name":"LIZANDRA MUNIZ","@id":"https:\/\/bahiaeconomica.com.br\/wp\/#\/schema\/person\/0868b18bbfdd29723e44135140f35148"},"headline":"CREA-BA DIVULGA BALAN\u00c7O DA FISCALIZA\u00c7\u00c3O NO CARNAVAL","datePublished":"2024-02-23T18:48:17+00:00","dateModified":"2024-02-23T18:48:17+00:00","mainEntityOfPage":{"@id":"https:\/\/bahiaeconomica.com.br\/wp\/2024\/02\/23\/crea-ba-divulga-balanco-da-fiscalizacao-no-carnaval\/"},"wordCount":216,"publisher":{"@id":"https:\/\/bahiaeconomica.com.br\/wp\/#organization"},"keywords":["ARTS","carnaval","CREA-BA","Economia","Salvador"],"articleSection":["ECONOMIA \/ POL\u00cdTICA"],"inLanguage":"pt-BR"},{"@type":"WebPage","@id":"https:\/\/bahiaeconomica.com.br\/wp\/2024\/02\/23\/crea-ba-divulga-balanco-da-fiscalizacao-no-carnaval\/","url":"https:\/\/bahiaeconomica.com.br\/wp\/2024\/02\/23\/crea-ba-divulga-balanco-da-fiscalizacao-no-carnaval\/","name":"CREA-BA DIVULGA BALAN\u00c7O DA FISCALIZA\u00c7\u00c3O NO CARNAVAL - Bahia Economica","isPartOf":{"@id":"https:\/\/bahiaeconomica.com.br\/wp\/#website"},"datePublished":"2024-02-23T18:48:17+00:00","dateModified":"2024-02-23T18:48:17+00:00","description":"O maior portal de Economia da Bahia ECONOMIA \/ POL\u00cdTICA Bahia Economica Durante o Carnaval de Salvador, mais de 500","breadcrumb":{"@id":"https:\/\/bahiaeconomica.com.br\/wp\/2024\/02\/23\/crea-ba-divulga-balanco-da-fiscalizacao-no-carnaval\/#breadcrumb"},"inLanguage":"pt-BR","potentialAction":[{"@type":"ReadAction","target":["https:\/\/bahiaeconomica.com.br\/wp\/2024\/02\/23\/crea-ba-divulga-balanco-da-fiscalizacao-no-carnaval\/"]}]},{"@type":"BreadcrumbList","@id":"https:\/\/bahiaeconomica.com.br\/wp\/2024\/02\/23\/crea-ba-divulga-balanco-da-fiscalizacao-no-carnaval\/#breadcrumb","itemListElement":[{"@type":"ListItem","position":1,"name":"In\u00edcio","item":"https:\/\/bahiaeconomica.com.br\/wp\/"},{"@type":"ListItem","position":2,"name":"CREA-BA DIVULGA BALAN\u00c7O DA FISCALIZA\u00c7\u00c3O NO CARNAVAL"}]},{"@type":"WebSite","@id":"https:\/\/bahiaeconomica.com.br\/wp\/#website","url":"https:\/\/bahiaeconomica.com.br\/wp\/","name":"Bahia Economica","description":"O maior portal de Economia da Bahia","publisher":{"@id":"https:\/\/bahiaeconomica.com.br\/wp\/#organization"},"potentialAction":[{"@type":"SearchAction","target":{"@type":"EntryPoint","urlTemplate":"https:\/\/bahiaeconomica.com.br\/wp\/?s={search_term_string}"},"query-input":"required name=search_term_string"}],"inLanguage":"pt-BR"},{"@type":"Organization","@id":"https:\/\/bahiaeconomica.com.br\/wp\/#organization","name":"Bahia Econ\u00f4mica","url":"https:\/\/bahiaeconomica.com.br\/wp\/","logo":{"@type":"ImageObject","inLanguage":"pt-BR","@id":"https:\/\/bahiaeconomica.com.br\/wp\/#\/schema\/logo\/image\/","url":"https:\/\/bahiaeconomica.com.br\/wp\/wp-content\/uploads\/2020\/12\/cropped-BE.png","contentUrl":"https:\/\/bahiaeconomica.com.br\/wp\/wp-content\/uploads\/2020\/12\/cropped-BE.png","width":512,"height":512,"caption":"Bahia Econ\u00f4mica"},"image":{"@id":"https:\/\/bahiaeconomica.com.br\/wp\/#\/schema\/logo\/image\/"},"sameAs":["https:\/\/www.facebook.com\/bahiaeconomica"]},{"@type":"Person","@id":"https:\/\/bahiaeconomica.com.br\/wp\/#\/schema\/person\/0868b18bbfdd29723e44135140f35148","name":"LIZANDRA MUNIZ","sameAs":["http:\/\/www.bahiaeconomica.com.br"],"url":"https:\/\/bahiaeconomica.com.br\/wp\/author\/lizandra-muniz\/"}]}},"views":9,"_links":{"self":[{"href":"https:\/\/bahiaeconomica.com.br\/wp\/wp-json\/wp\/v2\/posts\/799744"}],"collection":[{"href":"https:\/\/bahiaeconomica.com.br\/wp\/wp-json\/wp\/v2\/posts"}],"about":[{"href":"https:\/\/bahiaeconomica.com.br\/wp\/wp-json\/wp\/v2\/types\/post"}],"author":[{"embeddable":true,"href":"https:\/\/bahiaeconomica.com.br\/wp\/wp-json\/wp\/v2\/users\/19"}],"replies":[{"embeddable":true,"href":"https:\/\/bahiaeconomica.com.br\/wp\/wp-json\/wp\/v2\/comments?post=799744"}],"version-history":[{"count":1,"href":"https:\/\/bahiaeconomica.com.br\/wp\/wp-json\/wp\/v2\/posts\/799744\/revisions"}],"predecessor-version":[{"id":799753,"href":"https:\/\/bahiaeconomica.com.br\/wp\/wp-json\/wp\/v2\/posts\/799744\/revisions\/799753"}],"wp:featuredmedia":[{"embeddable":true,"href":"https:\/\/bahiaeconomica.com.br\/wp\/wp-json\/wp\/v2\/media\/799752"}],"wp:attachment":[{"href":"https:\/\/bahiaeconomica.com.br\/wp\/wp-json\/wp\/v2\/media?parent=799744"}],"wp:term":[{"taxonomy":"category","embeddable":true,"href":"https:\/\/bahiaeconomica.com.br\/wp\/wp-json\/wp\/v2\/categories?post=799744"},{"taxonomy":"post_tag","embeddable":true,"href":"https:\/\/bahiaeconomica.com.br\/wp\/wp-json\/wp\/v2\/tags?post=799744"}],"curies":[{"name":"wp","href":"https:\/\/api.w.org\/{rel}","templated":true}]}}