{"id":799348,"date":"2024-02-22T10:40:36","date_gmt":"2024-02-22T13:40:36","guid":{"rendered":"https:\/\/bahiaeconomica.com.br\/wp\/?p=799348"},"modified":"2024-02-22T10:43:29","modified_gmt":"2024-02-22T13:43:29","slug":"petrobras-anuncia-investimento-recorde-em-cultura","status":"publish","type":"post","link":"https:\/\/bahiaeconomica.com.br\/wp\/2024\/02\/22\/petrobras-anuncia-investimento-recorde-em-cultura\/","title":{"rendered":"PETROBRAS ANUNCIA INVESTIMENTO RECORDE EM CULTURA"},"content":{"rendered":"<p>Na pr\u00f3xima sexta-feira (23), o presidente da Rep\u00fablica, Luiz In\u00e1cio Lula da Silva, o presidente da Petrobras, Jean Paul Prates, a ministra da Cultura, Margareth Menezes, e o ministro da Secretaria de Comunica\u00e7\u00e3o Social, Paulo Pimenta, participar\u00e3o de cerim\u00f4nia, no Museu de Arte Moderna (MAM) do Rio de Janeiro, para anunciar investimento recorde em cultura na hist\u00f3ria da empresa de energia, por meio da Sele\u00e7\u00e3o Petrobras Cultural-Novos Eixos. O edital da companhia para patroc\u00ednio de projetos culturais abrir\u00e1 as inscri\u00e7\u00f5es no mesmo dia do evento.<\/p>\n<p>A iniciativa tem como objetivo compor os novos eixos do Programa Petrobras Cultural, rec\u00e9m-remodelado, com projetos que valorizem a diversidade e a economia criativa. A Sele\u00e7\u00e3o Petrobras Cultural ir\u00e1 valorizar as regionalidades, diversificando as oportunidades pelo territ\u00f3rio nacional atrav\u00e9s de mecanismos especiais do regulamento. O elemento brasilidade ser\u00e1 o norteador, junto aos novos eixos tem\u00e1ticos do programa, que ser\u00e3o anunciados no evento.<\/p>\n<p>A Sele\u00e7\u00e3o Petrobras Cultural tamb\u00e9m vai fomentar uma maior participa\u00e7\u00e3o de grupos sub-representados e segmentos \u00e9tnico-raciais em situa\u00e7\u00e3o de vulnerabilidade, prevendo reserva de vagas para projetos que sejam propostos, liderados ou que apresentem como escopo principal integrantes desses grupos.<\/p>\n<p>As inscri\u00e7\u00f5es s\u00e3o gratuitas e devem ser realizadas exclusivamente na plataforma digital petrobras.com.br\/cultural\/selecoes-publicas-culturais, de 23 de fevereiro a 8 de abril. O edital completo com todas as informa\u00e7\u00f5es ser\u00e1 divulgado tamb\u00e9m na pr\u00f3xima sexta-feira (23).<\/p>\n<p>Foto: divulga\u00e7\u00e3o<\/p>\n","protected":false},"excerpt":{"rendered":"<p>Na pr\u00f3xima sexta-feira (23), o presidente da Rep\u00fablica, Luiz In\u00e1cio Lula da Silva, o presidente da Petrobras, Jean Paul Prates, a ministra da Cultura, Margareth Menezes, e o ministro da Secretaria de Comunica\u00e7\u00e3o Social, Paulo Pimenta, participar\u00e3o de cerim\u00f4nia, no Museu de Arte Moderna (MAM) do Rio de Janeiro, para anunciar investimento recorde em cultura [&hellip;]<\/p>\n","protected":false},"author":15,"featured_media":799352,"comment_status":"closed","ping_status":"closed","sticky":false,"template":"","format":"standard","meta":[],"categories":[689,3],"tags":[933,27089,789],"acf":[],"yoast_head":"<!-- This site is optimized with the Yoast SEO plugin v20.8 - https:\/\/yoast.com\/wordpress\/plugins\/seo\/ -->\n<title>PETROBRAS ANUNCIA INVESTIMENTO RECORDE EM CULTURA - Bahia Economica<\/title>\n<meta name=\"description\" content=\"O maior portal de Economia da Bahia CULTURA E ARTE, ECONOMIA \/ POL\u00cdTICA Bahia Economica Na pr\u00f3xima sexta-feira (23), o presidente da Rep\u00fablica, Luiz\" \/>\n<meta name=\"robots\" content=\"index, follow, max-snippet:-1, max-image-preview:large, max-video-preview:-1\" \/>\n<link rel=\"canonical\" href=\"https:\/\/bahiaeconomica.com.br\/wp\/2024\/02\/22\/petrobras-anuncia-investimento-recorde-em-cultura\/\" \/>\n<meta property=\"og:locale\" content=\"pt_BR\" \/>\n<meta property=\"og:type\" content=\"article\" \/>\n<meta property=\"og:title\" content=\"PETROBRAS ANUNCIA INVESTIMENTO RECORDE EM CULTURA - Bahia Economica\" \/>\n<meta property=\"og:description\" content=\"O maior portal de Economia da Bahia CULTURA E ARTE, ECONOMIA \/ POL\u00cdTICA Bahia Economica Na pr\u00f3xima sexta-feira (23), o presidente da Rep\u00fablica, Luiz\" \/>\n<meta property=\"og:url\" content=\"https:\/\/bahiaeconomica.com.br\/wp\/2024\/02\/22\/petrobras-anuncia-investimento-recorde-em-cultura\/\" \/>\n<meta property=\"og:site_name\" content=\"Bahia Economica\" \/>\n<meta property=\"article:publisher\" content=\"https:\/\/www.facebook.com\/bahiaeconomica\" \/>\n<meta property=\"article:published_time\" content=\"2024-02-22T13:40:36+00:00\" \/>\n<meta property=\"article:modified_time\" content=\"2024-02-22T13:43:29+00:00\" \/>\n<meta property=\"og:image\" content=\"https:\/\/bahiaeconomica.com.br\/wp\/wp-content\/uploads\/2024\/02\/petrobras-petr4-1-1024x544-1.webp\" \/>\n\t<meta property=\"og:image:width\" content=\"1024\" \/>\n\t<meta property=\"og:image:height\" content=\"544\" \/>\n\t<meta property=\"og:image:type\" content=\"image\/webp\" \/>\n<meta name=\"author\" content=\"VICTORIA ISABEL\" \/>\n<meta name=\"twitter:card\" content=\"summary_large_image\" \/>\n<meta name=\"twitter:label1\" content=\"Escrito por\" \/>\n\t<meta name=\"twitter:data1\" content=\"VICTORIA ISABEL\" \/>\n\t<meta name=\"twitter:label2\" content=\"Est. tempo de leitura\" \/>\n\t<meta name=\"twitter:data2\" content=\"2 minutos\" \/>\n<script type=\"application\/ld+json\" class=\"yoast-schema-graph\">{\"@context\":\"https:\/\/schema.org\",\"@graph\":[{\"@type\":\"Article\",\"@id\":\"https:\/\/bahiaeconomica.com.br\/wp\/2024\/02\/22\/petrobras-anuncia-investimento-recorde-em-cultura\/#article\",\"isPartOf\":{\"@id\":\"https:\/\/bahiaeconomica.com.br\/wp\/2024\/02\/22\/petrobras-anuncia-investimento-recorde-em-cultura\/\"},\"author\":{\"name\":\"VICTORIA ISABEL\",\"@id\":\"https:\/\/bahiaeconomica.com.br\/wp\/#\/schema\/person\/b719ce0fb1c09f3c7a00d9243ced4a6f\"},\"headline\":\"PETROBRAS ANUNCIA INVESTIMENTO RECORDE EM CULTURA\",\"datePublished\":\"2024-02-22T13:40:36+00:00\",\"dateModified\":\"2024-02-22T13:43:29+00:00\",\"mainEntityOfPage\":{\"@id\":\"https:\/\/bahiaeconomica.com.br\/wp\/2024\/02\/22\/petrobras-anuncia-investimento-recorde-em-cultura\/\"},\"wordCount\":255,\"publisher\":{\"@id\":\"https:\/\/bahiaeconomica.com.br\/wp\/#organization\"},\"keywords\":[\"cultura\",\"investimento recorde\",\"Petrobras\"],\"articleSection\":[\"CULTURA E ARTE\",\"ECONOMIA \/ POL\u00cdTICA\"],\"inLanguage\":\"pt-BR\"},{\"@type\":\"WebPage\",\"@id\":\"https:\/\/bahiaeconomica.com.br\/wp\/2024\/02\/22\/petrobras-anuncia-investimento-recorde-em-cultura\/\",\"url\":\"https:\/\/bahiaeconomica.com.br\/wp\/2024\/02\/22\/petrobras-anuncia-investimento-recorde-em-cultura\/\",\"name\":\"PETROBRAS ANUNCIA INVESTIMENTO RECORDE EM CULTURA - Bahia Economica\",\"isPartOf\":{\"@id\":\"https:\/\/bahiaeconomica.com.br\/wp\/#website\"},\"datePublished\":\"2024-02-22T13:40:36+00:00\",\"dateModified\":\"2024-02-22T13:43:29+00:00\",\"description\":\"O maior portal de Economia da Bahia CULTURA E ARTE, ECONOMIA \/ POL\u00cdTICA Bahia Economica Na pr\u00f3xima sexta-feira (23), o presidente da Rep\u00fablica, Luiz\",\"breadcrumb\":{\"@id\":\"https:\/\/bahiaeconomica.com.br\/wp\/2024\/02\/22\/petrobras-anuncia-investimento-recorde-em-cultura\/#breadcrumb\"},\"inLanguage\":\"pt-BR\",\"potentialAction\":[{\"@type\":\"ReadAction\",\"target\":[\"https:\/\/bahiaeconomica.com.br\/wp\/2024\/02\/22\/petrobras-anuncia-investimento-recorde-em-cultura\/\"]}]},{\"@type\":\"BreadcrumbList\",\"@id\":\"https:\/\/bahiaeconomica.com.br\/wp\/2024\/02\/22\/petrobras-anuncia-investimento-recorde-em-cultura\/#breadcrumb\",\"itemListElement\":[{\"@type\":\"ListItem\",\"position\":1,\"name\":\"In\u00edcio\",\"item\":\"https:\/\/bahiaeconomica.com.br\/wp\/\"},{\"@type\":\"ListItem\",\"position\":2,\"name\":\"PETROBRAS ANUNCIA INVESTIMENTO RECORDE EM CULTURA\"}]},{\"@type\":\"WebSite\",\"@id\":\"https:\/\/bahiaeconomica.com.br\/wp\/#website\",\"url\":\"https:\/\/bahiaeconomica.com.br\/wp\/\",\"name\":\"Bahia Economica\",\"description\":\"O maior portal de Economia da Bahia\",\"publisher\":{\"@id\":\"https:\/\/bahiaeconomica.com.br\/wp\/#organization\"},\"potentialAction\":[{\"@type\":\"SearchAction\",\"target\":{\"@type\":\"EntryPoint\",\"urlTemplate\":\"https:\/\/bahiaeconomica.com.br\/wp\/?s={search_term_string}\"},\"query-input\":\"required name=search_term_string\"}],\"inLanguage\":\"pt-BR\"},{\"@type\":\"Organization\",\"@id\":\"https:\/\/bahiaeconomica.com.br\/wp\/#organization\",\"name\":\"Bahia Econ\u00f4mica\",\"url\":\"https:\/\/bahiaeconomica.com.br\/wp\/\",\"logo\":{\"@type\":\"ImageObject\",\"inLanguage\":\"pt-BR\",\"@id\":\"https:\/\/bahiaeconomica.com.br\/wp\/#\/schema\/logo\/image\/\",\"url\":\"https:\/\/bahiaeconomica.com.br\/wp\/wp-content\/uploads\/2020\/12\/cropped-BE.png\",\"contentUrl\":\"https:\/\/bahiaeconomica.com.br\/wp\/wp-content\/uploads\/2020\/12\/cropped-BE.png\",\"width\":512,\"height\":512,\"caption\":\"Bahia Econ\u00f4mica\"},\"image\":{\"@id\":\"https:\/\/bahiaeconomica.com.br\/wp\/#\/schema\/logo\/image\/\"},\"sameAs\":[\"https:\/\/www.facebook.com\/bahiaeconomica\"]},{\"@type\":\"Person\",\"@id\":\"https:\/\/bahiaeconomica.com.br\/wp\/#\/schema\/person\/b719ce0fb1c09f3c7a00d9243ced4a6f\",\"name\":\"VICTORIA ISABEL\",\"sameAs\":[\"http:\/\/www.bahiaeconomica.com.br\"],\"url\":\"https:\/\/bahiaeconomica.com.br\/wp\/author\/victoria-isabel\/\"}]}<\/script>\n<!-- \/ Yoast SEO plugin. -->","yoast_head_json":{"title":"PETROBRAS ANUNCIA INVESTIMENTO RECORDE EM CULTURA - Bahia Economica","description":"O maior portal de Economia da Bahia CULTURA E ARTE, ECONOMIA \/ POL\u00cdTICA Bahia Economica Na pr\u00f3xima sexta-feira (23), o presidente da Rep\u00fablica, Luiz","robots":{"index":"index","follow":"follow","max-snippet":"max-snippet:-1","max-image-preview":"max-image-preview:large","max-video-preview":"max-video-preview:-1"},"canonical":"https:\/\/bahiaeconomica.com.br\/wp\/2024\/02\/22\/petrobras-anuncia-investimento-recorde-em-cultura\/","og_locale":"pt_BR","og_type":"article","og_title":"PETROBRAS ANUNCIA INVESTIMENTO RECORDE EM CULTURA - Bahia Economica","og_description":"O maior portal de Economia da Bahia CULTURA E ARTE, ECONOMIA \/ POL\u00cdTICA Bahia Economica Na pr\u00f3xima sexta-feira (23), o presidente da Rep\u00fablica, Luiz","og_url":"https:\/\/bahiaeconomica.com.br\/wp\/2024\/02\/22\/petrobras-anuncia-investimento-recorde-em-cultura\/","og_site_name":"Bahia Economica","article_publisher":"https:\/\/www.facebook.com\/bahiaeconomica","article_published_time":"2024-02-22T13:40:36+00:00","article_modified_time":"2024-02-22T13:43:29+00:00","og_image":[{"width":1024,"height":544,"url":"https:\/\/bahiaeconomica.com.br\/wp\/wp-content\/uploads\/2024\/02\/petrobras-petr4-1-1024x544-1.webp","type":"image\/webp"}],"author":"VICTORIA ISABEL","twitter_card":"summary_large_image","twitter_misc":{"Escrito por":"VICTORIA ISABEL","Est. tempo de leitura":"2 minutos"},"schema":{"@context":"https:\/\/schema.org","@graph":[{"@type":"Article","@id":"https:\/\/bahiaeconomica.com.br\/wp\/2024\/02\/22\/petrobras-anuncia-investimento-recorde-em-cultura\/#article","isPartOf":{"@id":"https:\/\/bahiaeconomica.com.br\/wp\/2024\/02\/22\/petrobras-anuncia-investimento-recorde-em-cultura\/"},"author":{"name":"VICTORIA ISABEL","@id":"https:\/\/bahiaeconomica.com.br\/wp\/#\/schema\/person\/b719ce0fb1c09f3c7a00d9243ced4a6f"},"headline":"PETROBRAS ANUNCIA INVESTIMENTO RECORDE EM CULTURA","datePublished":"2024-02-22T13:40:36+00:00","dateModified":"2024-02-22T13:43:29+00:00","mainEntityOfPage":{"@id":"https:\/\/bahiaeconomica.com.br\/wp\/2024\/02\/22\/petrobras-anuncia-investimento-recorde-em-cultura\/"},"wordCount":255,"publisher":{"@id":"https:\/\/bahiaeconomica.com.br\/wp\/#organization"},"keywords":["cultura","investimento recorde","Petrobras"],"articleSection":["CULTURA E ARTE","ECONOMIA \/ POL\u00cdTICA"],"inLanguage":"pt-BR"},{"@type":"WebPage","@id":"https:\/\/bahiaeconomica.com.br\/wp\/2024\/02\/22\/petrobras-anuncia-investimento-recorde-em-cultura\/","url":"https:\/\/bahiaeconomica.com.br\/wp\/2024\/02\/22\/petrobras-anuncia-investimento-recorde-em-cultura\/","name":"PETROBRAS ANUNCIA INVESTIMENTO RECORDE EM CULTURA - Bahia Economica","isPartOf":{"@id":"https:\/\/bahiaeconomica.com.br\/wp\/#website"},"datePublished":"2024-02-22T13:40:36+00:00","dateModified":"2024-02-22T13:43:29+00:00","description":"O maior portal de Economia da Bahia CULTURA E ARTE, ECONOMIA \/ POL\u00cdTICA Bahia Economica Na pr\u00f3xima sexta-feira (23), o presidente da Rep\u00fablica, Luiz","breadcrumb":{"@id":"https:\/\/bahiaeconomica.com.br\/wp\/2024\/02\/22\/petrobras-anuncia-investimento-recorde-em-cultura\/#breadcrumb"},"inLanguage":"pt-BR","potentialAction":[{"@type":"ReadAction","target":["https:\/\/bahiaeconomica.com.br\/wp\/2024\/02\/22\/petrobras-anuncia-investimento-recorde-em-cultura\/"]}]},{"@type":"BreadcrumbList","@id":"https:\/\/bahiaeconomica.com.br\/wp\/2024\/02\/22\/petrobras-anuncia-investimento-recorde-em-cultura\/#breadcrumb","itemListElement":[{"@type":"ListItem","position":1,"name":"In\u00edcio","item":"https:\/\/bahiaeconomica.com.br\/wp\/"},{"@type":"ListItem","position":2,"name":"PETROBRAS ANUNCIA INVESTIMENTO RECORDE EM CULTURA"}]},{"@type":"WebSite","@id":"https:\/\/bahiaeconomica.com.br\/wp\/#website","url":"https:\/\/bahiaeconomica.com.br\/wp\/","name":"Bahia Economica","description":"O maior portal de Economia da Bahia","publisher":{"@id":"https:\/\/bahiaeconomica.com.br\/wp\/#organization"},"potentialAction":[{"@type":"SearchAction","target":{"@type":"EntryPoint","urlTemplate":"https:\/\/bahiaeconomica.com.br\/wp\/?s={search_term_string}"},"query-input":"required name=search_term_string"}],"inLanguage":"pt-BR"},{"@type":"Organization","@id":"https:\/\/bahiaeconomica.com.br\/wp\/#organization","name":"Bahia Econ\u00f4mica","url":"https:\/\/bahiaeconomica.com.br\/wp\/","logo":{"@type":"ImageObject","inLanguage":"pt-BR","@id":"https:\/\/bahiaeconomica.com.br\/wp\/#\/schema\/logo\/image\/","url":"https:\/\/bahiaeconomica.com.br\/wp\/wp-content\/uploads\/2020\/12\/cropped-BE.png","contentUrl":"https:\/\/bahiaeconomica.com.br\/wp\/wp-content\/uploads\/2020\/12\/cropped-BE.png","width":512,"height":512,"caption":"Bahia Econ\u00f4mica"},"image":{"@id":"https:\/\/bahiaeconomica.com.br\/wp\/#\/schema\/logo\/image\/"},"sameAs":["https:\/\/www.facebook.com\/bahiaeconomica"]},{"@type":"Person","@id":"https:\/\/bahiaeconomica.com.br\/wp\/#\/schema\/person\/b719ce0fb1c09f3c7a00d9243ced4a6f","name":"VICTORIA ISABEL","sameAs":["http:\/\/www.bahiaeconomica.com.br"],"url":"https:\/\/bahiaeconomica.com.br\/wp\/author\/victoria-isabel\/"}]}},"views":13,"_links":{"self":[{"href":"https:\/\/bahiaeconomica.com.br\/wp\/wp-json\/wp\/v2\/posts\/799348"}],"collection":[{"href":"https:\/\/bahiaeconomica.com.br\/wp\/wp-json\/wp\/v2\/posts"}],"about":[{"href":"https:\/\/bahiaeconomica.com.br\/wp\/wp-json\/wp\/v2\/types\/post"}],"author":[{"embeddable":true,"href":"https:\/\/bahiaeconomica.com.br\/wp\/wp-json\/wp\/v2\/users\/15"}],"replies":[{"embeddable":true,"href":"https:\/\/bahiaeconomica.com.br\/wp\/wp-json\/wp\/v2\/comments?post=799348"}],"version-history":[{"count":1,"href":"https:\/\/bahiaeconomica.com.br\/wp\/wp-json\/wp\/v2\/posts\/799348\/revisions"}],"predecessor-version":[{"id":799353,"href":"https:\/\/bahiaeconomica.com.br\/wp\/wp-json\/wp\/v2\/posts\/799348\/revisions\/799353"}],"wp:featuredmedia":[{"embeddable":true,"href":"https:\/\/bahiaeconomica.com.br\/wp\/wp-json\/wp\/v2\/media\/799352"}],"wp:attachment":[{"href":"https:\/\/bahiaeconomica.com.br\/wp\/wp-json\/wp\/v2\/media?parent=799348"}],"wp:term":[{"taxonomy":"category","embeddable":true,"href":"https:\/\/bahiaeconomica.com.br\/wp\/wp-json\/wp\/v2\/categories?post=799348"},{"taxonomy":"post_tag","embeddable":true,"href":"https:\/\/bahiaeconomica.com.br\/wp\/wp-json\/wp\/v2\/tags?post=799348"}],"curies":[{"name":"wp","href":"https:\/\/api.w.org\/{rel}","templated":true}]}}