{"id":797378,"date":"2024-02-13T16:47:20","date_gmt":"2024-02-13T19:47:20","guid":{"rendered":"https:\/\/bahiaeconomica.com.br\/wp\/?p=797378"},"modified":"2024-02-13T16:47:20","modified_gmt":"2024-02-13T19:47:20","slug":"assaltante-e-preso-no-carnaval-apos-descumprir-decisao-judicial","status":"publish","type":"post","link":"https:\/\/bahiaeconomica.com.br\/wp\/2024\/02\/13\/assaltante-e-preso-no-carnaval-apos-descumprir-decisao-judicial\/","title":{"rendered":"ASSALTANTE \u00c9 PRESO NO CARNAVAL AP\u00d3S DESCUMPRIR DECIS\u00c3O JUDICIAL"},"content":{"rendered":"<p class=\"p1\"><span class=\"s1\">A Pol\u00edcia Civil deteve um homem na noite de segunda-feira (12) por desrespeitar, pela segunda vez, uma decis\u00e3o judicial. Ele estava no circuito Dod\u00f4 (Barra\/Ondina) e teve o mandado de pris\u00e3o preventiva executado por policiais civis. A Justi\u00e7a havia proibido o suspeito de sair \u00e0 noite e nos finais de semana de casa.<\/span><\/p>\n<p class=\"p1\"><span class=\"s1\">Em 18 de janeiro, o homem foi detido por roubo, ap\u00f3s atacar dois passageiros de um coletivo na Rua Direta do Uruguai, na capital baiana. Apesar da pris\u00e3o, na audi\u00eancia de cust\u00f3dia, ele recebeu o benef\u00edcio da Liberdade Provis\u00f3ria, com condi\u00e7\u00f5es como recolhimento domiciliar noturno e nos finais de semana. No entanto, mesmo diante dessas condi\u00e7\u00f5es, no domingo de Carnaval (11), ele foi flagrado circulando no circuito carnavalesco, portando entorpecentes. Na ocasi\u00e3o, foi lavrado um Termo Circunstanciado de Ocorr\u00eancia (TCO) por posse de drogas, e o homem foi liberado.<\/span><\/p>\n<p class=\"p1\"><span class=\"s1\">Diante disso, a autoridade policial representou pela decreta\u00e7\u00e3o de sua Pris\u00e3o Preventiva, que foi deferida pelo plant\u00e3o judici\u00e1rio na segunda-feira (12). No mesmo dia, o homem retornou ao circuito e foi preso nas imedia\u00e7\u00f5es de Ondina. A r\u00e1pida a\u00e7\u00e3o foi realizada por investigadores do Departamento de Repress\u00e3o e Combate ao Crime Organizado (DRACO). O homem passou por exames de les\u00f5es corporais e agora est\u00e1 \u00e0 disposi\u00e7\u00e3o do Poder Judici\u00e1rio.<\/span><\/p>\n<p class=\"p1\"><span class=\"s1\">Foto: Ascom-PC\/Haeckel Dias<\/span><\/p>\n","protected":false},"excerpt":{"rendered":"<p>A Pol\u00edcia Civil deteve um homem na noite de segunda-feira (12) por desrespeitar, pela segunda vez, uma decis\u00e3o judicial. Ele estava no circuito Dod\u00f4 (Barra\/Ondina) e teve o mandado de pris\u00e3o preventiva executado por policiais civis. A Justi\u00e7a havia proibido o suspeito de sair \u00e0 noite e nos finais de semana de casa. Em 18 [&hellip;]<\/p>\n","protected":false},"author":18,"featured_media":797379,"comment_status":"closed","ping_status":"closed","sticky":false,"template":"","format":"standard","meta":[],"categories":[5],"tags":[1020,26681,451],"acf":[],"yoast_head":"<!-- This site is optimized with the Yoast SEO plugin v20.8 - https:\/\/yoast.com\/wordpress\/plugins\/seo\/ -->\n<title>ASSALTANTE \u00c9 PRESO NO CARNAVAL AP\u00d3S DESCUMPRIR DECIS\u00c3O JUDICIAL - Bahia Economica<\/title>\n<meta name=\"description\" content=\"O maior portal de Economia da Bahia MUNIC\u00cdPIOS Bahia Economica\" \/>\n<meta name=\"robots\" content=\"index, follow, max-snippet:-1, max-image-preview:large, max-video-preview:-1\" \/>\n<link rel=\"canonical\" href=\"https:\/\/bahiaeconomica.com.br\/wp\/2024\/02\/13\/assaltante-e-preso-no-carnaval-apos-descumprir-decisao-judicial\/\" \/>\n<meta property=\"og:locale\" content=\"pt_BR\" \/>\n<meta property=\"og:type\" content=\"article\" \/>\n<meta property=\"og:title\" content=\"ASSALTANTE \u00c9 PRESO NO CARNAVAL AP\u00d3S DESCUMPRIR DECIS\u00c3O JUDICIAL - Bahia Economica\" \/>\n<meta property=\"og:description\" content=\"O maior portal de Economia da Bahia MUNIC\u00cdPIOS Bahia Economica\" \/>\n<meta property=\"og:url\" content=\"https:\/\/bahiaeconomica.com.br\/wp\/2024\/02\/13\/assaltante-e-preso-no-carnaval-apos-descumprir-decisao-judicial\/\" \/>\n<meta property=\"og:site_name\" content=\"Bahia Economica\" \/>\n<meta property=\"article:publisher\" content=\"https:\/\/www.facebook.com\/bahiaeconomica\" \/>\n<meta property=\"article:published_time\" content=\"2024-02-13T19:47:20+00:00\" \/>\n<meta property=\"og:image\" content=\"https:\/\/bahiaeconomica.com.br\/wp\/wp-content\/uploads\/2024\/02\/6e7c4233-10f8-4a8e-9028-0e1b94010dda.jpeg\" \/>\n\t<meta property=\"og:image:width\" content=\"1280\" \/>\n\t<meta property=\"og:image:height\" content=\"960\" \/>\n\t<meta property=\"og:image:type\" content=\"image\/jpeg\" \/>\n<meta name=\"author\" content=\"Emily Oliveira\" \/>\n<meta name=\"twitter:card\" content=\"summary_large_image\" \/>\n<meta name=\"twitter:label1\" content=\"Escrito por\" \/>\n\t<meta name=\"twitter:data1\" content=\"Emily Oliveira\" \/>\n\t<meta name=\"twitter:label2\" content=\"Est. tempo de leitura\" \/>\n\t<meta name=\"twitter:data2\" content=\"2 minutos\" \/>\n<script type=\"application\/ld+json\" class=\"yoast-schema-graph\">{\"@context\":\"https:\/\/schema.org\",\"@graph\":[{\"@type\":\"Article\",\"@id\":\"https:\/\/bahiaeconomica.com.br\/wp\/2024\/02\/13\/assaltante-e-preso-no-carnaval-apos-descumprir-decisao-judicial\/#article\",\"isPartOf\":{\"@id\":\"https:\/\/bahiaeconomica.com.br\/wp\/2024\/02\/13\/assaltante-e-preso-no-carnaval-apos-descumprir-decisao-judicial\/\"},\"author\":{\"name\":\"Emily Oliveira\",\"@id\":\"https:\/\/bahiaeconomica.com.br\/wp\/#\/schema\/person\/547396bb3b39ebb828ab5807d982c42f\"},\"headline\":\"ASSALTANTE \u00c9 PRESO NO CARNAVAL AP\u00d3S DESCUMPRIR DECIS\u00c3O JUDICIAL\",\"datePublished\":\"2024-02-13T19:47:20+00:00\",\"dateModified\":\"2024-02-13T19:47:20+00:00\",\"mainEntityOfPage\":{\"@id\":\"https:\/\/bahiaeconomica.com.br\/wp\/2024\/02\/13\/assaltante-e-preso-no-carnaval-apos-descumprir-decisao-judicial\/\"},\"wordCount\":245,\"publisher\":{\"@id\":\"https:\/\/bahiaeconomica.com.br\/wp\/#organization\"},\"keywords\":[\"carnaval\",\"serguranca\",\"SSP\"],\"articleSection\":[\"MUNIC\u00cdPIOS\"],\"inLanguage\":\"pt-BR\"},{\"@type\":\"WebPage\",\"@id\":\"https:\/\/bahiaeconomica.com.br\/wp\/2024\/02\/13\/assaltante-e-preso-no-carnaval-apos-descumprir-decisao-judicial\/\",\"url\":\"https:\/\/bahiaeconomica.com.br\/wp\/2024\/02\/13\/assaltante-e-preso-no-carnaval-apos-descumprir-decisao-judicial\/\",\"name\":\"ASSALTANTE \u00c9 PRESO NO CARNAVAL AP\u00d3S DESCUMPRIR DECIS\u00c3O JUDICIAL - Bahia Economica\",\"isPartOf\":{\"@id\":\"https:\/\/bahiaeconomica.com.br\/wp\/#website\"},\"datePublished\":\"2024-02-13T19:47:20+00:00\",\"dateModified\":\"2024-02-13T19:47:20+00:00\",\"description\":\"O maior portal de Economia da Bahia MUNIC\u00cdPIOS Bahia Economica\",\"breadcrumb\":{\"@id\":\"https:\/\/bahiaeconomica.com.br\/wp\/2024\/02\/13\/assaltante-e-preso-no-carnaval-apos-descumprir-decisao-judicial\/#breadcrumb\"},\"inLanguage\":\"pt-BR\",\"potentialAction\":[{\"@type\":\"ReadAction\",\"target\":[\"https:\/\/bahiaeconomica.com.br\/wp\/2024\/02\/13\/assaltante-e-preso-no-carnaval-apos-descumprir-decisao-judicial\/\"]}]},{\"@type\":\"BreadcrumbList\",\"@id\":\"https:\/\/bahiaeconomica.com.br\/wp\/2024\/02\/13\/assaltante-e-preso-no-carnaval-apos-descumprir-decisao-judicial\/#breadcrumb\",\"itemListElement\":[{\"@type\":\"ListItem\",\"position\":1,\"name\":\"In\u00edcio\",\"item\":\"https:\/\/bahiaeconomica.com.br\/wp\/\"},{\"@type\":\"ListItem\",\"position\":2,\"name\":\"ASSALTANTE \u00c9 PRESO NO CARNAVAL AP\u00d3S DESCUMPRIR DECIS\u00c3O JUDICIAL\"}]},{\"@type\":\"WebSite\",\"@id\":\"https:\/\/bahiaeconomica.com.br\/wp\/#website\",\"url\":\"https:\/\/bahiaeconomica.com.br\/wp\/\",\"name\":\"Bahia Economica\",\"description\":\"O maior portal de Economia da Bahia\",\"publisher\":{\"@id\":\"https:\/\/bahiaeconomica.com.br\/wp\/#organization\"},\"potentialAction\":[{\"@type\":\"SearchAction\",\"target\":{\"@type\":\"EntryPoint\",\"urlTemplate\":\"https:\/\/bahiaeconomica.com.br\/wp\/?s={search_term_string}\"},\"query-input\":\"required name=search_term_string\"}],\"inLanguage\":\"pt-BR\"},{\"@type\":\"Organization\",\"@id\":\"https:\/\/bahiaeconomica.com.br\/wp\/#organization\",\"name\":\"Bahia Econ\u00f4mica\",\"url\":\"https:\/\/bahiaeconomica.com.br\/wp\/\",\"logo\":{\"@type\":\"ImageObject\",\"inLanguage\":\"pt-BR\",\"@id\":\"https:\/\/bahiaeconomica.com.br\/wp\/#\/schema\/logo\/image\/\",\"url\":\"https:\/\/bahiaeconomica.com.br\/wp\/wp-content\/uploads\/2020\/12\/cropped-BE.png\",\"contentUrl\":\"https:\/\/bahiaeconomica.com.br\/wp\/wp-content\/uploads\/2020\/12\/cropped-BE.png\",\"width\":512,\"height\":512,\"caption\":\"Bahia Econ\u00f4mica\"},\"image\":{\"@id\":\"https:\/\/bahiaeconomica.com.br\/wp\/#\/schema\/logo\/image\/\"},\"sameAs\":[\"https:\/\/www.facebook.com\/bahiaeconomica\"]},{\"@type\":\"Person\",\"@id\":\"https:\/\/bahiaeconomica.com.br\/wp\/#\/schema\/person\/547396bb3b39ebb828ab5807d982c42f\",\"name\":\"Emily Oliveira\",\"sameAs\":[\"https:\/\/bahiaeconomica.com.br\/wp\/\"],\"url\":\"https:\/\/bahiaeconomica.com.br\/wp\/author\/emily-oliveira\/\"}]}<\/script>\n<!-- \/ Yoast SEO plugin. -->","yoast_head_json":{"title":"ASSALTANTE \u00c9 PRESO NO CARNAVAL AP\u00d3S DESCUMPRIR DECIS\u00c3O JUDICIAL - Bahia Economica","description":"O maior portal de Economia da Bahia MUNIC\u00cdPIOS Bahia Economica","robots":{"index":"index","follow":"follow","max-snippet":"max-snippet:-1","max-image-preview":"max-image-preview:large","max-video-preview":"max-video-preview:-1"},"canonical":"https:\/\/bahiaeconomica.com.br\/wp\/2024\/02\/13\/assaltante-e-preso-no-carnaval-apos-descumprir-decisao-judicial\/","og_locale":"pt_BR","og_type":"article","og_title":"ASSALTANTE \u00c9 PRESO NO CARNAVAL AP\u00d3S DESCUMPRIR DECIS\u00c3O JUDICIAL - Bahia Economica","og_description":"O maior portal de Economia da Bahia MUNIC\u00cdPIOS Bahia Economica","og_url":"https:\/\/bahiaeconomica.com.br\/wp\/2024\/02\/13\/assaltante-e-preso-no-carnaval-apos-descumprir-decisao-judicial\/","og_site_name":"Bahia Economica","article_publisher":"https:\/\/www.facebook.com\/bahiaeconomica","article_published_time":"2024-02-13T19:47:20+00:00","og_image":[{"width":1280,"height":960,"url":"https:\/\/bahiaeconomica.com.br\/wp\/wp-content\/uploads\/2024\/02\/6e7c4233-10f8-4a8e-9028-0e1b94010dda.jpeg","type":"image\/jpeg"}],"author":"Emily Oliveira","twitter_card":"summary_large_image","twitter_misc":{"Escrito por":"Emily Oliveira","Est. tempo de leitura":"2 minutos"},"schema":{"@context":"https:\/\/schema.org","@graph":[{"@type":"Article","@id":"https:\/\/bahiaeconomica.com.br\/wp\/2024\/02\/13\/assaltante-e-preso-no-carnaval-apos-descumprir-decisao-judicial\/#article","isPartOf":{"@id":"https:\/\/bahiaeconomica.com.br\/wp\/2024\/02\/13\/assaltante-e-preso-no-carnaval-apos-descumprir-decisao-judicial\/"},"author":{"name":"Emily Oliveira","@id":"https:\/\/bahiaeconomica.com.br\/wp\/#\/schema\/person\/547396bb3b39ebb828ab5807d982c42f"},"headline":"ASSALTANTE \u00c9 PRESO NO CARNAVAL AP\u00d3S DESCUMPRIR DECIS\u00c3O JUDICIAL","datePublished":"2024-02-13T19:47:20+00:00","dateModified":"2024-02-13T19:47:20+00:00","mainEntityOfPage":{"@id":"https:\/\/bahiaeconomica.com.br\/wp\/2024\/02\/13\/assaltante-e-preso-no-carnaval-apos-descumprir-decisao-judicial\/"},"wordCount":245,"publisher":{"@id":"https:\/\/bahiaeconomica.com.br\/wp\/#organization"},"keywords":["carnaval","serguranca","SSP"],"articleSection":["MUNIC\u00cdPIOS"],"inLanguage":"pt-BR"},{"@type":"WebPage","@id":"https:\/\/bahiaeconomica.com.br\/wp\/2024\/02\/13\/assaltante-e-preso-no-carnaval-apos-descumprir-decisao-judicial\/","url":"https:\/\/bahiaeconomica.com.br\/wp\/2024\/02\/13\/assaltante-e-preso-no-carnaval-apos-descumprir-decisao-judicial\/","name":"ASSALTANTE \u00c9 PRESO NO CARNAVAL AP\u00d3S DESCUMPRIR DECIS\u00c3O JUDICIAL - Bahia Economica","isPartOf":{"@id":"https:\/\/bahiaeconomica.com.br\/wp\/#website"},"datePublished":"2024-02-13T19:47:20+00:00","dateModified":"2024-02-13T19:47:20+00:00","description":"O maior portal de Economia da Bahia MUNIC\u00cdPIOS Bahia Economica","breadcrumb":{"@id":"https:\/\/bahiaeconomica.com.br\/wp\/2024\/02\/13\/assaltante-e-preso-no-carnaval-apos-descumprir-decisao-judicial\/#breadcrumb"},"inLanguage":"pt-BR","potentialAction":[{"@type":"ReadAction","target":["https:\/\/bahiaeconomica.com.br\/wp\/2024\/02\/13\/assaltante-e-preso-no-carnaval-apos-descumprir-decisao-judicial\/"]}]},{"@type":"BreadcrumbList","@id":"https:\/\/bahiaeconomica.com.br\/wp\/2024\/02\/13\/assaltante-e-preso-no-carnaval-apos-descumprir-decisao-judicial\/#breadcrumb","itemListElement":[{"@type":"ListItem","position":1,"name":"In\u00edcio","item":"https:\/\/bahiaeconomica.com.br\/wp\/"},{"@type":"ListItem","position":2,"name":"ASSALTANTE \u00c9 PRESO NO CARNAVAL AP\u00d3S DESCUMPRIR DECIS\u00c3O JUDICIAL"}]},{"@type":"WebSite","@id":"https:\/\/bahiaeconomica.com.br\/wp\/#website","url":"https:\/\/bahiaeconomica.com.br\/wp\/","name":"Bahia Economica","description":"O maior portal de Economia da Bahia","publisher":{"@id":"https:\/\/bahiaeconomica.com.br\/wp\/#organization"},"potentialAction":[{"@type":"SearchAction","target":{"@type":"EntryPoint","urlTemplate":"https:\/\/bahiaeconomica.com.br\/wp\/?s={search_term_string}"},"query-input":"required name=search_term_string"}],"inLanguage":"pt-BR"},{"@type":"Organization","@id":"https:\/\/bahiaeconomica.com.br\/wp\/#organization","name":"Bahia Econ\u00f4mica","url":"https:\/\/bahiaeconomica.com.br\/wp\/","logo":{"@type":"ImageObject","inLanguage":"pt-BR","@id":"https:\/\/bahiaeconomica.com.br\/wp\/#\/schema\/logo\/image\/","url":"https:\/\/bahiaeconomica.com.br\/wp\/wp-content\/uploads\/2020\/12\/cropped-BE.png","contentUrl":"https:\/\/bahiaeconomica.com.br\/wp\/wp-content\/uploads\/2020\/12\/cropped-BE.png","width":512,"height":512,"caption":"Bahia Econ\u00f4mica"},"image":{"@id":"https:\/\/bahiaeconomica.com.br\/wp\/#\/schema\/logo\/image\/"},"sameAs":["https:\/\/www.facebook.com\/bahiaeconomica"]},{"@type":"Person","@id":"https:\/\/bahiaeconomica.com.br\/wp\/#\/schema\/person\/547396bb3b39ebb828ab5807d982c42f","name":"Emily Oliveira","sameAs":["https:\/\/bahiaeconomica.com.br\/wp\/"],"url":"https:\/\/bahiaeconomica.com.br\/wp\/author\/emily-oliveira\/"}]}},"views":4,"_links":{"self":[{"href":"https:\/\/bahiaeconomica.com.br\/wp\/wp-json\/wp\/v2\/posts\/797378"}],"collection":[{"href":"https:\/\/bahiaeconomica.com.br\/wp\/wp-json\/wp\/v2\/posts"}],"about":[{"href":"https:\/\/bahiaeconomica.com.br\/wp\/wp-json\/wp\/v2\/types\/post"}],"author":[{"embeddable":true,"href":"https:\/\/bahiaeconomica.com.br\/wp\/wp-json\/wp\/v2\/users\/18"}],"replies":[{"embeddable":true,"href":"https:\/\/bahiaeconomica.com.br\/wp\/wp-json\/wp\/v2\/comments?post=797378"}],"version-history":[{"count":1,"href":"https:\/\/bahiaeconomica.com.br\/wp\/wp-json\/wp\/v2\/posts\/797378\/revisions"}],"predecessor-version":[{"id":797380,"href":"https:\/\/bahiaeconomica.com.br\/wp\/wp-json\/wp\/v2\/posts\/797378\/revisions\/797380"}],"wp:featuredmedia":[{"embeddable":true,"href":"https:\/\/bahiaeconomica.com.br\/wp\/wp-json\/wp\/v2\/media\/797379"}],"wp:attachment":[{"href":"https:\/\/bahiaeconomica.com.br\/wp\/wp-json\/wp\/v2\/media?parent=797378"}],"wp:term":[{"taxonomy":"category","embeddable":true,"href":"https:\/\/bahiaeconomica.com.br\/wp\/wp-json\/wp\/v2\/categories?post=797378"},{"taxonomy":"post_tag","embeddable":true,"href":"https:\/\/bahiaeconomica.com.br\/wp\/wp-json\/wp\/v2\/tags?post=797378"}],"curies":[{"name":"wp","href":"https:\/\/api.w.org\/{rel}","templated":true}]}}