{"id":796658,"date":"2024-02-08T18:26:13","date_gmt":"2024-02-08T21:26:13","guid":{"rendered":"https:\/\/bahiaeconomica.com.br\/wp\/?p=796658"},"modified":"2024-02-08T18:27:03","modified_gmt":"2024-02-08T21:27:03","slug":"expresso-salvador-inicia-operacao-e-facilita-acesso-de-folioes-aos-circuitos-do-carnaval","status":"publish","type":"post","link":"https:\/\/bahiaeconomica.com.br\/wp\/2024\/02\/08\/expresso-salvador-inicia-operacao-e-facilita-acesso-de-folioes-aos-circuitos-do-carnaval\/","title":{"rendered":"EXPRESSO SALVADOR INICIA OPERA\u00c7\u00c3O E FACILITA ACESSO DE FOLI\u00d5ES AOS CIRCUITOS DO CARNAVAL"},"content":{"rendered":"<p>Op\u00e7\u00e3o de transporte para quem busca se locomover com mais comodidade para os circuitos do Carnaval, o Expresso Salvador iniciou as opera\u00e7\u00f5es nesta quinta-feira (8), facilitando o deslocamento dos foli\u00f5es. Moradora do Imbu\u00ed, a servidora p\u00fablica Luciana Pinheiro, de 51 anos, conta que sempre opta pelo modal criado durante a folia para curtir o bloco do cantor Bell Marques. &#8220;Isso \u00e9 muito mais seguro do que deixar o carro no meio do circuito. Com o expresso, tem \u00f4nibus saindo sempre, sem preocupa\u00e7\u00e3o&#8221;, avaliou.<\/p>\n<p>A Secretaria Municipal de Mobilidade (Semob) estima aumentar em 40% o n\u00famero de usu\u00e1rios do Expresso Salvador durante o Carnaval 2024. No ano passado, nos seis dias de festa, 120 mil pessoas utilizaram o sistema que disponibiliza linhas expressas para os circuitos Dod\u00f4 (Barra\/Ondina) e Osmar (Centro), com pontos de embarque nos shoppings Salvador, Norte e Paralela.<\/p>\n<p>Com valor de R$18 por trecho (ida ou volta), os \u00f4nibus partem com intervalos de sa\u00edda a cada 20 minutos. Os ve\u00edculos possuem ar-condicionado e s\u00e3o 100% adaptados. Quem optar por ir de carro at\u00e9 um dos shoppings de partida ter\u00e1 o estacionamento incluso no valor do bilhete.<\/p>\n<p>Para o secret\u00e1rio da Semob, Fabrizzio Muller, o Expresso Salvador tem se consolidado como a forma mais tranquila de chegar aos locais dos festejos. &#8220;Isso tem sido demonstrado pelos n\u00fameros que v\u00eam crescendo ano a ano em raz\u00e3o de uma melhor presta\u00e7\u00e3o de servi\u00e7o e de um cuidado que a Prefeitura vem tendo em proporcionar para a popula\u00e7\u00e3o formas seguras de chegar na festa&#8221;.<\/p>\n<p>Neste primeiro dia de Carnaval, o seguran\u00e7a Sidney Sousa, de 43 anos, tamb\u00e9m optou pelo servi\u00e7o. &#8220;Uso desde o primeiro ano do expresso e indico para todos. Foi a melhor iniciativa que a Prefeitura podia ter. Ainda n\u00e3o achei algo melhor para ir para o Carnaval. Deixo meu carro aqui no Shopping Salvador e vou curtir com a minha esposa sem preocupa\u00e7\u00e3o&#8221;.<\/p>\n<p>A novidade do sistema este ano \u00e9 que os usu\u00e1rios poder\u00e3o utilizar o aparelho celular para embarcar nos coletivos. No aplicativo KIM \u00e9 poss\u00edvel comprar a passagem e gerar um QR Code que \u00e9 lido pelo validador do \u00f4nibus ao ingressar no ve\u00edculo. Al\u00e9m da plataforma, passageiros podem comprar os cr\u00e9ditos em postos fixos montados nos shoppings.<\/p>\n<p>Em 2023, o sistema QR Code foi implementado no formato de teste para alguns usu\u00e1rios e, neste Carnaval, a alternativa foi ampliada para todo o p\u00fablico que desejar ir para a folia atrav\u00e9s do modal.<\/p>\n<p>Para quem escolher fazer uso do cart\u00e3o f\u00edsico, h\u00e1 op\u00e7\u00e3o de validar cart\u00f5es utilizados em anos anteriores, bastando recarrega-lo atrav\u00e9s do aplicativo ou nos postos do Expresso Salvador. A recomenda\u00e7\u00e3o \u00e9 de que a compra seja feita antecipadamente, para evitar filas e gerar mais comodidade aos foli\u00f5es.<\/p>\n<p>Fotos: Bruno Concha\/ Secom PMS<\/p>\n","protected":false},"excerpt":{"rendered":"<p>Op\u00e7\u00e3o de transporte para quem busca se locomover com mais comodidade para os circuitos do Carnaval, o Expresso Salvador iniciou as opera\u00e7\u00f5es nesta quinta-feira (8), facilitando o deslocamento dos foli\u00f5es. Moradora do Imbu\u00ed, a servidora p\u00fablica Luciana Pinheiro, de 51 anos, conta que sempre opta pelo modal criado durante a folia para curtir o bloco [&hellip;]<\/p>\n","protected":false},"author":15,"featured_media":796659,"comment_status":"closed","ping_status":"closed","sticky":false,"template":"","format":"standard","meta":[],"categories":[5],"tags":[1020,24882,1514,1552],"acf":[],"yoast_head":"<!-- This site is optimized with the Yoast SEO plugin v20.8 - https:\/\/yoast.com\/wordpress\/plugins\/seo\/ -->\n<title>EXPRESSO SALVADOR INICIA OPERA\u00c7\u00c3O E FACILITA ACESSO DE FOLI\u00d5ES AOS CIRCUITOS DO CARNAVAL - Bahia Economica<\/title>\n<meta name=\"description\" content=\"O maior portal de Economia da Bahia MUNIC\u00cdPIOS Bahia Economica Op\u00e7\u00e3o de transporte para quem busca se locomover\" \/>\n<meta name=\"robots\" content=\"index, follow, max-snippet:-1, max-image-preview:large, max-video-preview:-1\" \/>\n<link rel=\"canonical\" href=\"https:\/\/bahiaeconomica.com.br\/wp\/2024\/02\/08\/expresso-salvador-inicia-operacao-e-facilita-acesso-de-folioes-aos-circuitos-do-carnaval\/\" \/>\n<meta property=\"og:locale\" content=\"pt_BR\" \/>\n<meta property=\"og:type\" content=\"article\" \/>\n<meta property=\"og:title\" content=\"EXPRESSO SALVADOR INICIA OPERA\u00c7\u00c3O E FACILITA ACESSO DE FOLI\u00d5ES AOS CIRCUITOS DO CARNAVAL - Bahia Economica\" \/>\n<meta property=\"og:description\" content=\"O maior portal de Economia da Bahia MUNIC\u00cdPIOS Bahia Economica Op\u00e7\u00e3o de transporte para quem busca se locomover\" \/>\n<meta property=\"og:url\" content=\"https:\/\/bahiaeconomica.com.br\/wp\/2024\/02\/08\/expresso-salvador-inicia-operacao-e-facilita-acesso-de-folioes-aos-circuitos-do-carnaval\/\" \/>\n<meta property=\"og:site_name\" content=\"Bahia Economica\" \/>\n<meta property=\"article:publisher\" content=\"https:\/\/www.facebook.com\/bahiaeconomica\" \/>\n<meta property=\"article:published_time\" content=\"2024-02-08T21:26:13+00:00\" \/>\n<meta property=\"article:modified_time\" content=\"2024-02-08T21:27:03+00:00\" \/>\n<meta property=\"og:image\" content=\"https:\/\/bahiaeconomica.com.br\/wp\/wp-content\/uploads\/2024\/02\/Expresso-Carnaval-foto-Bruno-Concha-2.jpeg\" \/>\n\t<meta property=\"og:image:width\" content=\"1600\" \/>\n\t<meta property=\"og:image:height\" content=\"1066\" \/>\n\t<meta property=\"og:image:type\" content=\"image\/jpeg\" \/>\n<meta name=\"author\" content=\"VICTORIA ISABEL\" \/>\n<meta name=\"twitter:card\" content=\"summary_large_image\" \/>\n<meta name=\"twitter:label1\" content=\"Escrito por\" \/>\n\t<meta name=\"twitter:data1\" content=\"VICTORIA ISABEL\" \/>\n\t<meta name=\"twitter:label2\" content=\"Est. tempo de leitura\" \/>\n\t<meta name=\"twitter:data2\" content=\"3 minutos\" \/>\n<script type=\"application\/ld+json\" class=\"yoast-schema-graph\">{\"@context\":\"https:\/\/schema.org\",\"@graph\":[{\"@type\":\"Article\",\"@id\":\"https:\/\/bahiaeconomica.com.br\/wp\/2024\/02\/08\/expresso-salvador-inicia-operacao-e-facilita-acesso-de-folioes-aos-circuitos-do-carnaval\/#article\",\"isPartOf\":{\"@id\":\"https:\/\/bahiaeconomica.com.br\/wp\/2024\/02\/08\/expresso-salvador-inicia-operacao-e-facilita-acesso-de-folioes-aos-circuitos-do-carnaval\/\"},\"author\":{\"name\":\"VICTORIA ISABEL\",\"@id\":\"https:\/\/bahiaeconomica.com.br\/wp\/#\/schema\/person\/b719ce0fb1c09f3c7a00d9243ced4a6f\"},\"headline\":\"EXPRESSO SALVADOR INICIA OPERA\u00c7\u00c3O E FACILITA ACESSO DE FOLI\u00d5ES AOS CIRCUITOS DO CARNAVAL\",\"datePublished\":\"2024-02-08T21:26:13+00:00\",\"dateModified\":\"2024-02-08T21:27:03+00:00\",\"mainEntityOfPage\":{\"@id\":\"https:\/\/bahiaeconomica.com.br\/wp\/2024\/02\/08\/expresso-salvador-inicia-operacao-e-facilita-acesso-de-folioes-aos-circuitos-do-carnaval\/\"},\"wordCount\":498,\"publisher\":{\"@id\":\"https:\/\/bahiaeconomica.com.br\/wp\/#organization\"},\"keywords\":[\"carnaval\",\"expresso salvador\",\"ONIBUS\",\"transporte\"],\"articleSection\":[\"MUNIC\u00cdPIOS\"],\"inLanguage\":\"pt-BR\"},{\"@type\":\"WebPage\",\"@id\":\"https:\/\/bahiaeconomica.com.br\/wp\/2024\/02\/08\/expresso-salvador-inicia-operacao-e-facilita-acesso-de-folioes-aos-circuitos-do-carnaval\/\",\"url\":\"https:\/\/bahiaeconomica.com.br\/wp\/2024\/02\/08\/expresso-salvador-inicia-operacao-e-facilita-acesso-de-folioes-aos-circuitos-do-carnaval\/\",\"name\":\"EXPRESSO SALVADOR INICIA OPERA\u00c7\u00c3O E FACILITA ACESSO DE FOLI\u00d5ES AOS CIRCUITOS DO CARNAVAL - Bahia Economica\",\"isPartOf\":{\"@id\":\"https:\/\/bahiaeconomica.com.br\/wp\/#website\"},\"datePublished\":\"2024-02-08T21:26:13+00:00\",\"dateModified\":\"2024-02-08T21:27:03+00:00\",\"description\":\"O maior portal de Economia da Bahia MUNIC\u00cdPIOS Bahia Economica Op\u00e7\u00e3o de transporte para quem busca se locomover\",\"breadcrumb\":{\"@id\":\"https:\/\/bahiaeconomica.com.br\/wp\/2024\/02\/08\/expresso-salvador-inicia-operacao-e-facilita-acesso-de-folioes-aos-circuitos-do-carnaval\/#breadcrumb\"},\"inLanguage\":\"pt-BR\",\"potentialAction\":[{\"@type\":\"ReadAction\",\"target\":[\"https:\/\/bahiaeconomica.com.br\/wp\/2024\/02\/08\/expresso-salvador-inicia-operacao-e-facilita-acesso-de-folioes-aos-circuitos-do-carnaval\/\"]}]},{\"@type\":\"BreadcrumbList\",\"@id\":\"https:\/\/bahiaeconomica.com.br\/wp\/2024\/02\/08\/expresso-salvador-inicia-operacao-e-facilita-acesso-de-folioes-aos-circuitos-do-carnaval\/#breadcrumb\",\"itemListElement\":[{\"@type\":\"ListItem\",\"position\":1,\"name\":\"In\u00edcio\",\"item\":\"https:\/\/bahiaeconomica.com.br\/wp\/\"},{\"@type\":\"ListItem\",\"position\":2,\"name\":\"EXPRESSO SALVADOR INICIA OPERA\u00c7\u00c3O E FACILITA ACESSO DE FOLI\u00d5ES AOS CIRCUITOS DO CARNAVAL\"}]},{\"@type\":\"WebSite\",\"@id\":\"https:\/\/bahiaeconomica.com.br\/wp\/#website\",\"url\":\"https:\/\/bahiaeconomica.com.br\/wp\/\",\"name\":\"Bahia Economica\",\"description\":\"O maior portal de Economia da Bahia\",\"publisher\":{\"@id\":\"https:\/\/bahiaeconomica.com.br\/wp\/#organization\"},\"potentialAction\":[{\"@type\":\"SearchAction\",\"target\":{\"@type\":\"EntryPoint\",\"urlTemplate\":\"https:\/\/bahiaeconomica.com.br\/wp\/?s={search_term_string}\"},\"query-input\":\"required name=search_term_string\"}],\"inLanguage\":\"pt-BR\"},{\"@type\":\"Organization\",\"@id\":\"https:\/\/bahiaeconomica.com.br\/wp\/#organization\",\"name\":\"Bahia Econ\u00f4mica\",\"url\":\"https:\/\/bahiaeconomica.com.br\/wp\/\",\"logo\":{\"@type\":\"ImageObject\",\"inLanguage\":\"pt-BR\",\"@id\":\"https:\/\/bahiaeconomica.com.br\/wp\/#\/schema\/logo\/image\/\",\"url\":\"https:\/\/bahiaeconomica.com.br\/wp\/wp-content\/uploads\/2020\/12\/cropped-BE.png\",\"contentUrl\":\"https:\/\/bahiaeconomica.com.br\/wp\/wp-content\/uploads\/2020\/12\/cropped-BE.png\",\"width\":512,\"height\":512,\"caption\":\"Bahia Econ\u00f4mica\"},\"image\":{\"@id\":\"https:\/\/bahiaeconomica.com.br\/wp\/#\/schema\/logo\/image\/\"},\"sameAs\":[\"https:\/\/www.facebook.com\/bahiaeconomica\"]},{\"@type\":\"Person\",\"@id\":\"https:\/\/bahiaeconomica.com.br\/wp\/#\/schema\/person\/b719ce0fb1c09f3c7a00d9243ced4a6f\",\"name\":\"VICTORIA ISABEL\",\"sameAs\":[\"http:\/\/www.bahiaeconomica.com.br\"],\"url\":\"https:\/\/bahiaeconomica.com.br\/wp\/author\/victoria-isabel\/\"}]}<\/script>\n<!-- \/ Yoast SEO plugin. -->","yoast_head_json":{"title":"EXPRESSO SALVADOR INICIA OPERA\u00c7\u00c3O E FACILITA ACESSO DE FOLI\u00d5ES AOS CIRCUITOS DO CARNAVAL - Bahia Economica","description":"O maior portal de Economia da Bahia MUNIC\u00cdPIOS Bahia Economica Op\u00e7\u00e3o de transporte para quem busca se locomover","robots":{"index":"index","follow":"follow","max-snippet":"max-snippet:-1","max-image-preview":"max-image-preview:large","max-video-preview":"max-video-preview:-1"},"canonical":"https:\/\/bahiaeconomica.com.br\/wp\/2024\/02\/08\/expresso-salvador-inicia-operacao-e-facilita-acesso-de-folioes-aos-circuitos-do-carnaval\/","og_locale":"pt_BR","og_type":"article","og_title":"EXPRESSO SALVADOR INICIA OPERA\u00c7\u00c3O E FACILITA ACESSO DE FOLI\u00d5ES AOS CIRCUITOS DO CARNAVAL - Bahia Economica","og_description":"O maior portal de Economia da Bahia MUNIC\u00cdPIOS Bahia Economica Op\u00e7\u00e3o de transporte para quem busca se locomover","og_url":"https:\/\/bahiaeconomica.com.br\/wp\/2024\/02\/08\/expresso-salvador-inicia-operacao-e-facilita-acesso-de-folioes-aos-circuitos-do-carnaval\/","og_site_name":"Bahia Economica","article_publisher":"https:\/\/www.facebook.com\/bahiaeconomica","article_published_time":"2024-02-08T21:26:13+00:00","article_modified_time":"2024-02-08T21:27:03+00:00","og_image":[{"width":1600,"height":1066,"url":"https:\/\/bahiaeconomica.com.br\/wp\/wp-content\/uploads\/2024\/02\/Expresso-Carnaval-foto-Bruno-Concha-2.jpeg","type":"image\/jpeg"}],"author":"VICTORIA ISABEL","twitter_card":"summary_large_image","twitter_misc":{"Escrito por":"VICTORIA ISABEL","Est. tempo de leitura":"3 minutos"},"schema":{"@context":"https:\/\/schema.org","@graph":[{"@type":"Article","@id":"https:\/\/bahiaeconomica.com.br\/wp\/2024\/02\/08\/expresso-salvador-inicia-operacao-e-facilita-acesso-de-folioes-aos-circuitos-do-carnaval\/#article","isPartOf":{"@id":"https:\/\/bahiaeconomica.com.br\/wp\/2024\/02\/08\/expresso-salvador-inicia-operacao-e-facilita-acesso-de-folioes-aos-circuitos-do-carnaval\/"},"author":{"name":"VICTORIA ISABEL","@id":"https:\/\/bahiaeconomica.com.br\/wp\/#\/schema\/person\/b719ce0fb1c09f3c7a00d9243ced4a6f"},"headline":"EXPRESSO SALVADOR INICIA OPERA\u00c7\u00c3O E FACILITA ACESSO DE FOLI\u00d5ES AOS CIRCUITOS DO CARNAVAL","datePublished":"2024-02-08T21:26:13+00:00","dateModified":"2024-02-08T21:27:03+00:00","mainEntityOfPage":{"@id":"https:\/\/bahiaeconomica.com.br\/wp\/2024\/02\/08\/expresso-salvador-inicia-operacao-e-facilita-acesso-de-folioes-aos-circuitos-do-carnaval\/"},"wordCount":498,"publisher":{"@id":"https:\/\/bahiaeconomica.com.br\/wp\/#organization"},"keywords":["carnaval","expresso salvador","ONIBUS","transporte"],"articleSection":["MUNIC\u00cdPIOS"],"inLanguage":"pt-BR"},{"@type":"WebPage","@id":"https:\/\/bahiaeconomica.com.br\/wp\/2024\/02\/08\/expresso-salvador-inicia-operacao-e-facilita-acesso-de-folioes-aos-circuitos-do-carnaval\/","url":"https:\/\/bahiaeconomica.com.br\/wp\/2024\/02\/08\/expresso-salvador-inicia-operacao-e-facilita-acesso-de-folioes-aos-circuitos-do-carnaval\/","name":"EXPRESSO SALVADOR INICIA OPERA\u00c7\u00c3O E FACILITA ACESSO DE FOLI\u00d5ES AOS CIRCUITOS DO CARNAVAL - Bahia Economica","isPartOf":{"@id":"https:\/\/bahiaeconomica.com.br\/wp\/#website"},"datePublished":"2024-02-08T21:26:13+00:00","dateModified":"2024-02-08T21:27:03+00:00","description":"O maior portal de Economia da Bahia MUNIC\u00cdPIOS Bahia Economica Op\u00e7\u00e3o de transporte para quem busca se locomover","breadcrumb":{"@id":"https:\/\/bahiaeconomica.com.br\/wp\/2024\/02\/08\/expresso-salvador-inicia-operacao-e-facilita-acesso-de-folioes-aos-circuitos-do-carnaval\/#breadcrumb"},"inLanguage":"pt-BR","potentialAction":[{"@type":"ReadAction","target":["https:\/\/bahiaeconomica.com.br\/wp\/2024\/02\/08\/expresso-salvador-inicia-operacao-e-facilita-acesso-de-folioes-aos-circuitos-do-carnaval\/"]}]},{"@type":"BreadcrumbList","@id":"https:\/\/bahiaeconomica.com.br\/wp\/2024\/02\/08\/expresso-salvador-inicia-operacao-e-facilita-acesso-de-folioes-aos-circuitos-do-carnaval\/#breadcrumb","itemListElement":[{"@type":"ListItem","position":1,"name":"In\u00edcio","item":"https:\/\/bahiaeconomica.com.br\/wp\/"},{"@type":"ListItem","position":2,"name":"EXPRESSO SALVADOR INICIA OPERA\u00c7\u00c3O E FACILITA ACESSO DE FOLI\u00d5ES AOS CIRCUITOS DO CARNAVAL"}]},{"@type":"WebSite","@id":"https:\/\/bahiaeconomica.com.br\/wp\/#website","url":"https:\/\/bahiaeconomica.com.br\/wp\/","name":"Bahia Economica","description":"O maior portal de Economia da Bahia","publisher":{"@id":"https:\/\/bahiaeconomica.com.br\/wp\/#organization"},"potentialAction":[{"@type":"SearchAction","target":{"@type":"EntryPoint","urlTemplate":"https:\/\/bahiaeconomica.com.br\/wp\/?s={search_term_string}"},"query-input":"required name=search_term_string"}],"inLanguage":"pt-BR"},{"@type":"Organization","@id":"https:\/\/bahiaeconomica.com.br\/wp\/#organization","name":"Bahia Econ\u00f4mica","url":"https:\/\/bahiaeconomica.com.br\/wp\/","logo":{"@type":"ImageObject","inLanguage":"pt-BR","@id":"https:\/\/bahiaeconomica.com.br\/wp\/#\/schema\/logo\/image\/","url":"https:\/\/bahiaeconomica.com.br\/wp\/wp-content\/uploads\/2020\/12\/cropped-BE.png","contentUrl":"https:\/\/bahiaeconomica.com.br\/wp\/wp-content\/uploads\/2020\/12\/cropped-BE.png","width":512,"height":512,"caption":"Bahia Econ\u00f4mica"},"image":{"@id":"https:\/\/bahiaeconomica.com.br\/wp\/#\/schema\/logo\/image\/"},"sameAs":["https:\/\/www.facebook.com\/bahiaeconomica"]},{"@type":"Person","@id":"https:\/\/bahiaeconomica.com.br\/wp\/#\/schema\/person\/b719ce0fb1c09f3c7a00d9243ced4a6f","name":"VICTORIA ISABEL","sameAs":["http:\/\/www.bahiaeconomica.com.br"],"url":"https:\/\/bahiaeconomica.com.br\/wp\/author\/victoria-isabel\/"}]}},"views":107,"_links":{"self":[{"href":"https:\/\/bahiaeconomica.com.br\/wp\/wp-json\/wp\/v2\/posts\/796658"}],"collection":[{"href":"https:\/\/bahiaeconomica.com.br\/wp\/wp-json\/wp\/v2\/posts"}],"about":[{"href":"https:\/\/bahiaeconomica.com.br\/wp\/wp-json\/wp\/v2\/types\/post"}],"author":[{"embeddable":true,"href":"https:\/\/bahiaeconomica.com.br\/wp\/wp-json\/wp\/v2\/users\/15"}],"replies":[{"embeddable":true,"href":"https:\/\/bahiaeconomica.com.br\/wp\/wp-json\/wp\/v2\/comments?post=796658"}],"version-history":[{"count":1,"href":"https:\/\/bahiaeconomica.com.br\/wp\/wp-json\/wp\/v2\/posts\/796658\/revisions"}],"predecessor-version":[{"id":796663,"href":"https:\/\/bahiaeconomica.com.br\/wp\/wp-json\/wp\/v2\/posts\/796658\/revisions\/796663"}],"wp:featuredmedia":[{"embeddable":true,"href":"https:\/\/bahiaeconomica.com.br\/wp\/wp-json\/wp\/v2\/media\/796659"}],"wp:attachment":[{"href":"https:\/\/bahiaeconomica.com.br\/wp\/wp-json\/wp\/v2\/media?parent=796658"}],"wp:term":[{"taxonomy":"category","embeddable":true,"href":"https:\/\/bahiaeconomica.com.br\/wp\/wp-json\/wp\/v2\/categories?post=796658"},{"taxonomy":"post_tag","embeddable":true,"href":"https:\/\/bahiaeconomica.com.br\/wp\/wp-json\/wp\/v2\/tags?post=796658"}],"curies":[{"name":"wp","href":"https:\/\/api.w.org\/{rel}","templated":true}]}}