{"id":796624,"date":"2024-02-08T17:35:00","date_gmt":"2024-02-08T20:35:00","guid":{"rendered":"https:\/\/bahiaeconomica.com.br\/wp\/?p=796624"},"modified":"2024-02-08T17:35:00","modified_gmt":"2024-02-08T20:35:00","slug":"alba-abre-inscricao-para-escolher-novo-conselheiro-do-tcm","status":"publish","type":"post","link":"https:\/\/bahiaeconomica.com.br\/wp\/2024\/02\/08\/alba-abre-inscricao-para-escolher-novo-conselheiro-do-tcm\/","title":{"rendered":"ALBA ABRE INSCRI\u00c7\u00c3O PARA ESCOLHER NOVO CONSELHEIRO DO TCM"},"content":{"rendered":"<p>Nesta quinta-feira (8), a Assembleia Legislativa da Bahia (Alba) abriu as inscri\u00e7\u00f5es para a escolha de um novo conselheiro do Tribunal de Contas dos Munic\u00edpios (TCM). O novo membro da Corte ocupar\u00e1 a cadeira que era do conselheiro Fernando Vita, que se aposentou compulsoriamente.<\/p>\n<p>At\u00e9 agora, dois candidatos se inscreveram para a vaga: o deputado estadual Paulo Rangel (PT) e o ex-deputado federal Marcelo Nilo (Republicanos).<\/p>\n<p>A expectativa \u00e9 que o deputado estadual Fabr\u00edcio Falc\u00e3o (PCdoB) tamb\u00e9m concorra \u00e0 vaga. O PCdoB tem reivindicado um compromisso do governador Jer\u00f4nimo Rodrigues (PT), que prometeu, ap\u00f3s indicar a ex-primeira-dama Aline Peixoto ao TCM, que a pr\u00f3xima vaga seria dos comunistas.<\/p>\n<p>Para ser eleito conselheiro, em vota\u00e7\u00e3o secreta na comiss\u00e3o e no plen\u00e1rio, \u00e9 preciso obter no m\u00ednimo, 32 votos a favor, pois se trata de qu\u00f3rum qualificado. Se nenhum dos candidatos alcance esse qu\u00f3rum, poder\u00e3o ser realizados at\u00e9 tr\u00eas escrut\u00ednios, com os dois mais votados disputando a prefer\u00eancia do colegiado.<\/p>\n<p>(Correios)<\/p>\n<p>&nbsp;<\/p>\n<p>Foto: Sandra Travassos\/ALBA<\/p>\n<p>&nbsp;<\/p>\n","protected":false},"excerpt":{"rendered":"<p>Nesta quinta-feira (8), a Assembleia Legislativa da Bahia (Alba) abriu as inscri\u00e7\u00f5es para a escolha de um novo conselheiro do Tribunal de Contas dos Munic\u00edpios (TCM). O novo membro da Corte ocupar\u00e1 a cadeira que era do conselheiro Fernando Vita, que se aposentou compulsoriamente. At\u00e9 agora, dois candidatos se inscreveram para a vaga: o deputado [&hellip;]<\/p>\n","protected":false},"author":19,"featured_media":796630,"comment_status":"closed","ping_status":"closed","sticky":false,"template":"","format":"standard","meta":[],"categories":[14601],"tags":[503,85,3960,100,1116],"acf":[],"yoast_head":"<!-- This site is optimized with the Yoast SEO plugin v20.8 - https:\/\/yoast.com\/wordpress\/plugins\/seo\/ -->\n<title>ALBA ABRE INSCRI\u00c7\u00c3O PARA ESCOLHER NOVO CONSELHEIRO DO TCM - Bahia Economica<\/title>\n<meta name=\"description\" content=\"O maior portal de Economia da Bahia Pol\u00edtica Bahia Economica Nesta quinta-feira (8), a Assembleia Legislativa\" \/>\n<meta name=\"robots\" content=\"index, follow, max-snippet:-1, max-image-preview:large, max-video-preview:-1\" \/>\n<link rel=\"canonical\" href=\"https:\/\/bahiaeconomica.com.br\/wp\/2024\/02\/08\/alba-abre-inscricao-para-escolher-novo-conselheiro-do-tcm\/\" \/>\n<meta property=\"og:locale\" content=\"pt_BR\" \/>\n<meta property=\"og:type\" content=\"article\" \/>\n<meta property=\"og:title\" content=\"ALBA ABRE INSCRI\u00c7\u00c3O PARA ESCOLHER NOVO CONSELHEIRO DO TCM - Bahia Economica\" \/>\n<meta property=\"og:description\" content=\"O maior portal de Economia da Bahia Pol\u00edtica Bahia Economica Nesta quinta-feira (8), a Assembleia Legislativa\" \/>\n<meta property=\"og:url\" content=\"https:\/\/bahiaeconomica.com.br\/wp\/2024\/02\/08\/alba-abre-inscricao-para-escolher-novo-conselheiro-do-tcm\/\" \/>\n<meta property=\"og:site_name\" content=\"Bahia Economica\" \/>\n<meta property=\"article:publisher\" content=\"https:\/\/www.facebook.com\/bahiaeconomica\" \/>\n<meta property=\"article:published_time\" content=\"2024-02-08T20:35:00+00:00\" \/>\n<meta property=\"og:image\" content=\"https:\/\/bahiaeconomica.com.br\/wp\/wp-content\/uploads\/2024\/02\/Alba.webp\" \/>\n\t<meta property=\"og:image:width\" content=\"1200\" \/>\n\t<meta property=\"og:image:height\" content=\"800\" \/>\n\t<meta property=\"og:image:type\" content=\"image\/webp\" \/>\n<meta name=\"author\" content=\"LIZANDRA MUNIZ\" \/>\n<meta name=\"twitter:card\" content=\"summary_large_image\" \/>\n<meta name=\"twitter:label1\" content=\"Escrito por\" \/>\n\t<meta name=\"twitter:data1\" content=\"LIZANDRA MUNIZ\" \/>\n\t<meta name=\"twitter:label2\" content=\"Est. tempo de leitura\" \/>\n\t<meta name=\"twitter:data2\" content=\"1 minuto\" \/>\n<script type=\"application\/ld+json\" class=\"yoast-schema-graph\">{\"@context\":\"https:\/\/schema.org\",\"@graph\":[{\"@type\":\"Article\",\"@id\":\"https:\/\/bahiaeconomica.com.br\/wp\/2024\/02\/08\/alba-abre-inscricao-para-escolher-novo-conselheiro-do-tcm\/#article\",\"isPartOf\":{\"@id\":\"https:\/\/bahiaeconomica.com.br\/wp\/2024\/02\/08\/alba-abre-inscricao-para-escolher-novo-conselheiro-do-tcm\/\"},\"author\":{\"name\":\"LIZANDRA MUNIZ\",\"@id\":\"https:\/\/bahiaeconomica.com.br\/wp\/#\/schema\/person\/0868b18bbfdd29723e44135140f35148\"},\"headline\":\"ALBA ABRE INSCRI\u00c7\u00c3O PARA ESCOLHER NOVO CONSELHEIRO DO TCM\",\"datePublished\":\"2024-02-08T20:35:00+00:00\",\"dateModified\":\"2024-02-08T20:35:00+00:00\",\"mainEntityOfPage\":{\"@id\":\"https:\/\/bahiaeconomica.com.br\/wp\/2024\/02\/08\/alba-abre-inscricao-para-escolher-novo-conselheiro-do-tcm\/\"},\"wordCount\":188,\"publisher\":{\"@id\":\"https:\/\/bahiaeconomica.com.br\/wp\/#organization\"},\"keywords\":[\"ALBA\",\"Bahia\",\"PCdoB\",\"Pol\u00edtica\",\"TCM\"],\"articleSection\":[\"Pol\u00edtica\"],\"inLanguage\":\"pt-BR\"},{\"@type\":\"WebPage\",\"@id\":\"https:\/\/bahiaeconomica.com.br\/wp\/2024\/02\/08\/alba-abre-inscricao-para-escolher-novo-conselheiro-do-tcm\/\",\"url\":\"https:\/\/bahiaeconomica.com.br\/wp\/2024\/02\/08\/alba-abre-inscricao-para-escolher-novo-conselheiro-do-tcm\/\",\"name\":\"ALBA ABRE INSCRI\u00c7\u00c3O PARA ESCOLHER NOVO CONSELHEIRO DO TCM - Bahia Economica\",\"isPartOf\":{\"@id\":\"https:\/\/bahiaeconomica.com.br\/wp\/#website\"},\"datePublished\":\"2024-02-08T20:35:00+00:00\",\"dateModified\":\"2024-02-08T20:35:00+00:00\",\"description\":\"O maior portal de Economia da Bahia Pol\u00edtica Bahia Economica Nesta quinta-feira (8), a Assembleia Legislativa\",\"breadcrumb\":{\"@id\":\"https:\/\/bahiaeconomica.com.br\/wp\/2024\/02\/08\/alba-abre-inscricao-para-escolher-novo-conselheiro-do-tcm\/#breadcrumb\"},\"inLanguage\":\"pt-BR\",\"potentialAction\":[{\"@type\":\"ReadAction\",\"target\":[\"https:\/\/bahiaeconomica.com.br\/wp\/2024\/02\/08\/alba-abre-inscricao-para-escolher-novo-conselheiro-do-tcm\/\"]}]},{\"@type\":\"BreadcrumbList\",\"@id\":\"https:\/\/bahiaeconomica.com.br\/wp\/2024\/02\/08\/alba-abre-inscricao-para-escolher-novo-conselheiro-do-tcm\/#breadcrumb\",\"itemListElement\":[{\"@type\":\"ListItem\",\"position\":1,\"name\":\"In\u00edcio\",\"item\":\"https:\/\/bahiaeconomica.com.br\/wp\/\"},{\"@type\":\"ListItem\",\"position\":2,\"name\":\"ALBA ABRE INSCRI\u00c7\u00c3O PARA ESCOLHER NOVO CONSELHEIRO DO TCM\"}]},{\"@type\":\"WebSite\",\"@id\":\"https:\/\/bahiaeconomica.com.br\/wp\/#website\",\"url\":\"https:\/\/bahiaeconomica.com.br\/wp\/\",\"name\":\"Bahia Economica\",\"description\":\"O maior portal de Economia da Bahia\",\"publisher\":{\"@id\":\"https:\/\/bahiaeconomica.com.br\/wp\/#organization\"},\"potentialAction\":[{\"@type\":\"SearchAction\",\"target\":{\"@type\":\"EntryPoint\",\"urlTemplate\":\"https:\/\/bahiaeconomica.com.br\/wp\/?s={search_term_string}\"},\"query-input\":\"required name=search_term_string\"}],\"inLanguage\":\"pt-BR\"},{\"@type\":\"Organization\",\"@id\":\"https:\/\/bahiaeconomica.com.br\/wp\/#organization\",\"name\":\"Bahia Econ\u00f4mica\",\"url\":\"https:\/\/bahiaeconomica.com.br\/wp\/\",\"logo\":{\"@type\":\"ImageObject\",\"inLanguage\":\"pt-BR\",\"@id\":\"https:\/\/bahiaeconomica.com.br\/wp\/#\/schema\/logo\/image\/\",\"url\":\"https:\/\/bahiaeconomica.com.br\/wp\/wp-content\/uploads\/2020\/12\/cropped-BE.png\",\"contentUrl\":\"https:\/\/bahiaeconomica.com.br\/wp\/wp-content\/uploads\/2020\/12\/cropped-BE.png\",\"width\":512,\"height\":512,\"caption\":\"Bahia Econ\u00f4mica\"},\"image\":{\"@id\":\"https:\/\/bahiaeconomica.com.br\/wp\/#\/schema\/logo\/image\/\"},\"sameAs\":[\"https:\/\/www.facebook.com\/bahiaeconomica\"]},{\"@type\":\"Person\",\"@id\":\"https:\/\/bahiaeconomica.com.br\/wp\/#\/schema\/person\/0868b18bbfdd29723e44135140f35148\",\"name\":\"LIZANDRA MUNIZ\",\"sameAs\":[\"http:\/\/www.bahiaeconomica.com.br\"],\"url\":\"https:\/\/bahiaeconomica.com.br\/wp\/author\/lizandra-muniz\/\"}]}<\/script>\n<!-- \/ Yoast SEO plugin. -->","yoast_head_json":{"title":"ALBA ABRE INSCRI\u00c7\u00c3O PARA ESCOLHER NOVO CONSELHEIRO DO TCM - Bahia Economica","description":"O maior portal de Economia da Bahia Pol\u00edtica Bahia Economica Nesta quinta-feira (8), a Assembleia Legislativa","robots":{"index":"index","follow":"follow","max-snippet":"max-snippet:-1","max-image-preview":"max-image-preview:large","max-video-preview":"max-video-preview:-1"},"canonical":"https:\/\/bahiaeconomica.com.br\/wp\/2024\/02\/08\/alba-abre-inscricao-para-escolher-novo-conselheiro-do-tcm\/","og_locale":"pt_BR","og_type":"article","og_title":"ALBA ABRE INSCRI\u00c7\u00c3O PARA ESCOLHER NOVO CONSELHEIRO DO TCM - Bahia Economica","og_description":"O maior portal de Economia da Bahia Pol\u00edtica Bahia Economica Nesta quinta-feira (8), a Assembleia Legislativa","og_url":"https:\/\/bahiaeconomica.com.br\/wp\/2024\/02\/08\/alba-abre-inscricao-para-escolher-novo-conselheiro-do-tcm\/","og_site_name":"Bahia Economica","article_publisher":"https:\/\/www.facebook.com\/bahiaeconomica","article_published_time":"2024-02-08T20:35:00+00:00","og_image":[{"width":1200,"height":800,"url":"https:\/\/bahiaeconomica.com.br\/wp\/wp-content\/uploads\/2024\/02\/Alba.webp","type":"image\/webp"}],"author":"LIZANDRA MUNIZ","twitter_card":"summary_large_image","twitter_misc":{"Escrito por":"LIZANDRA MUNIZ","Est. tempo de leitura":"1 minuto"},"schema":{"@context":"https:\/\/schema.org","@graph":[{"@type":"Article","@id":"https:\/\/bahiaeconomica.com.br\/wp\/2024\/02\/08\/alba-abre-inscricao-para-escolher-novo-conselheiro-do-tcm\/#article","isPartOf":{"@id":"https:\/\/bahiaeconomica.com.br\/wp\/2024\/02\/08\/alba-abre-inscricao-para-escolher-novo-conselheiro-do-tcm\/"},"author":{"name":"LIZANDRA MUNIZ","@id":"https:\/\/bahiaeconomica.com.br\/wp\/#\/schema\/person\/0868b18bbfdd29723e44135140f35148"},"headline":"ALBA ABRE INSCRI\u00c7\u00c3O PARA ESCOLHER NOVO CONSELHEIRO DO TCM","datePublished":"2024-02-08T20:35:00+00:00","dateModified":"2024-02-08T20:35:00+00:00","mainEntityOfPage":{"@id":"https:\/\/bahiaeconomica.com.br\/wp\/2024\/02\/08\/alba-abre-inscricao-para-escolher-novo-conselheiro-do-tcm\/"},"wordCount":188,"publisher":{"@id":"https:\/\/bahiaeconomica.com.br\/wp\/#organization"},"keywords":["ALBA","Bahia","PCdoB","Pol\u00edtica","TCM"],"articleSection":["Pol\u00edtica"],"inLanguage":"pt-BR"},{"@type":"WebPage","@id":"https:\/\/bahiaeconomica.com.br\/wp\/2024\/02\/08\/alba-abre-inscricao-para-escolher-novo-conselheiro-do-tcm\/","url":"https:\/\/bahiaeconomica.com.br\/wp\/2024\/02\/08\/alba-abre-inscricao-para-escolher-novo-conselheiro-do-tcm\/","name":"ALBA ABRE INSCRI\u00c7\u00c3O PARA ESCOLHER NOVO CONSELHEIRO DO TCM - Bahia Economica","isPartOf":{"@id":"https:\/\/bahiaeconomica.com.br\/wp\/#website"},"datePublished":"2024-02-08T20:35:00+00:00","dateModified":"2024-02-08T20:35:00+00:00","description":"O maior portal de Economia da Bahia Pol\u00edtica Bahia Economica Nesta quinta-feira (8), a Assembleia Legislativa","breadcrumb":{"@id":"https:\/\/bahiaeconomica.com.br\/wp\/2024\/02\/08\/alba-abre-inscricao-para-escolher-novo-conselheiro-do-tcm\/#breadcrumb"},"inLanguage":"pt-BR","potentialAction":[{"@type":"ReadAction","target":["https:\/\/bahiaeconomica.com.br\/wp\/2024\/02\/08\/alba-abre-inscricao-para-escolher-novo-conselheiro-do-tcm\/"]}]},{"@type":"BreadcrumbList","@id":"https:\/\/bahiaeconomica.com.br\/wp\/2024\/02\/08\/alba-abre-inscricao-para-escolher-novo-conselheiro-do-tcm\/#breadcrumb","itemListElement":[{"@type":"ListItem","position":1,"name":"In\u00edcio","item":"https:\/\/bahiaeconomica.com.br\/wp\/"},{"@type":"ListItem","position":2,"name":"ALBA ABRE INSCRI\u00c7\u00c3O PARA ESCOLHER NOVO CONSELHEIRO DO TCM"}]},{"@type":"WebSite","@id":"https:\/\/bahiaeconomica.com.br\/wp\/#website","url":"https:\/\/bahiaeconomica.com.br\/wp\/","name":"Bahia Economica","description":"O maior portal de Economia da Bahia","publisher":{"@id":"https:\/\/bahiaeconomica.com.br\/wp\/#organization"},"potentialAction":[{"@type":"SearchAction","target":{"@type":"EntryPoint","urlTemplate":"https:\/\/bahiaeconomica.com.br\/wp\/?s={search_term_string}"},"query-input":"required name=search_term_string"}],"inLanguage":"pt-BR"},{"@type":"Organization","@id":"https:\/\/bahiaeconomica.com.br\/wp\/#organization","name":"Bahia Econ\u00f4mica","url":"https:\/\/bahiaeconomica.com.br\/wp\/","logo":{"@type":"ImageObject","inLanguage":"pt-BR","@id":"https:\/\/bahiaeconomica.com.br\/wp\/#\/schema\/logo\/image\/","url":"https:\/\/bahiaeconomica.com.br\/wp\/wp-content\/uploads\/2020\/12\/cropped-BE.png","contentUrl":"https:\/\/bahiaeconomica.com.br\/wp\/wp-content\/uploads\/2020\/12\/cropped-BE.png","width":512,"height":512,"caption":"Bahia Econ\u00f4mica"},"image":{"@id":"https:\/\/bahiaeconomica.com.br\/wp\/#\/schema\/logo\/image\/"},"sameAs":["https:\/\/www.facebook.com\/bahiaeconomica"]},{"@type":"Person","@id":"https:\/\/bahiaeconomica.com.br\/wp\/#\/schema\/person\/0868b18bbfdd29723e44135140f35148","name":"LIZANDRA MUNIZ","sameAs":["http:\/\/www.bahiaeconomica.com.br"],"url":"https:\/\/bahiaeconomica.com.br\/wp\/author\/lizandra-muniz\/"}]}},"views":11,"_links":{"self":[{"href":"https:\/\/bahiaeconomica.com.br\/wp\/wp-json\/wp\/v2\/posts\/796624"}],"collection":[{"href":"https:\/\/bahiaeconomica.com.br\/wp\/wp-json\/wp\/v2\/posts"}],"about":[{"href":"https:\/\/bahiaeconomica.com.br\/wp\/wp-json\/wp\/v2\/types\/post"}],"author":[{"embeddable":true,"href":"https:\/\/bahiaeconomica.com.br\/wp\/wp-json\/wp\/v2\/users\/19"}],"replies":[{"embeddable":true,"href":"https:\/\/bahiaeconomica.com.br\/wp\/wp-json\/wp\/v2\/comments?post=796624"}],"version-history":[{"count":1,"href":"https:\/\/bahiaeconomica.com.br\/wp\/wp-json\/wp\/v2\/posts\/796624\/revisions"}],"predecessor-version":[{"id":796632,"href":"https:\/\/bahiaeconomica.com.br\/wp\/wp-json\/wp\/v2\/posts\/796624\/revisions\/796632"}],"wp:featuredmedia":[{"embeddable":true,"href":"https:\/\/bahiaeconomica.com.br\/wp\/wp-json\/wp\/v2\/media\/796630"}],"wp:attachment":[{"href":"https:\/\/bahiaeconomica.com.br\/wp\/wp-json\/wp\/v2\/media?parent=796624"}],"wp:term":[{"taxonomy":"category","embeddable":true,"href":"https:\/\/bahiaeconomica.com.br\/wp\/wp-json\/wp\/v2\/categories?post=796624"},{"taxonomy":"post_tag","embeddable":true,"href":"https:\/\/bahiaeconomica.com.br\/wp\/wp-json\/wp\/v2\/tags?post=796624"}],"curies":[{"name":"wp","href":"https:\/\/api.w.org\/{rel}","templated":true}]}}