{"id":796129,"date":"2024-02-07T14:00:35","date_gmt":"2024-02-07T17:00:35","guid":{"rendered":"https:\/\/bahiaeconomica.com.br\/wp\/?p=796129"},"modified":"2024-02-07T14:25:01","modified_gmt":"2024-02-07T17:25:01","slug":"carnaval-de-salvador-tera-inventario-de-emissao-de-gases-estufa","status":"publish","type":"post","link":"https:\/\/bahiaeconomica.com.br\/wp\/2024\/02\/07\/carnaval-de-salvador-tera-inventario-de-emissao-de-gases-estufa\/","title":{"rendered":"CARNAVAL DE SALVADOR TER\u00c1 INVENT\u00c1RIO DE EMISS\u00c3O DE GASES ESTUFA"},"content":{"rendered":"<p>O invent\u00e1rio vai acompanhar e analisar a movimenta\u00e7\u00e3o de toda a frota de ve\u00edculos oficiais da prefeitura da cidade durante o evento, trios el\u00e9tricos, minitrios, pranch\u00f5es, al\u00e9m de geradores de energia utilizados nos palcos da prefeitura, banheiros qu\u00edmicos e cont\u00eainers, possibilitando o reconhecimento e a quantifica\u00e7\u00e3o das fontes de emiss\u00f5es. Segundo o diretor da empresa AC Consultoria, Augusto Cruz, respons\u00e1vel pela an\u00e1lise, o trabalho ser\u00e1 realizado durante cerca de vinte dias com um time multidisciplinar, incluindo profissionais da prefeitura e da consultoria.<\/p>\n<p>A partir do Invent\u00e1rio GEE, ser\u00e1 poss\u00edvel definir a\u00e7\u00f5es capazes de reduzir o impacto ambiental associado as emiss\u00f5es geradas. \u02dcEsta \u00e9 uma a\u00e7\u00e3o da prefeitura da cidade, dentro da sua agenda de mitiga\u00e7\u00e3o do aquecimento global\u201d, disse ele. Para realizar essa compensa\u00e7\u00e3o, com as emiss\u00f5es provenientes do Carnaval de Salvador, o invent\u00e1rio gerado vai quantificar as emiss\u00f5es de CO2, por meio da coleta de dados cedidos pela gest\u00e3o municipal. Essas informa\u00e7\u00f5es ser\u00e3o convertidas e calculadas utilizando metodologias reconhecidas pelo Comit\u00ea de Mudan\u00e7as Clim\u00e1ticas das Na\u00e7\u00f5es Unidas, garantindo a qualidade dos resultados.<\/p>\n<p>\u201cNeutralizar uma parte importante das emiss\u00f5es de carbono da maior festa popular do planeta, n\u00e3o s\u00f3 fortalece ainda mais nosso Carnaval, mas tamb\u00e9m demonstra o comprometimento do munic\u00edpio com a causa, e contribui para conscientizar mais pessoas quanto a quest\u00e3o das mudan\u00e7as clim\u00e1ticas\u201d, destaca o presidente da Secretaria de Turismo de Salvador (Saltur), Isaac Edington. A ideia \u00e9 fazer a compensa\u00e7\u00e3o com plantio de \u00e1rvores. O consultor Augusto Cruz lembra que este tipo de a\u00e7\u00e3o fortalece o profissionalismo do carnaval da capital baiana, que cada vez mais foca na sustentabilidade.<\/p>\n<p>Este invent\u00e1rio j\u00e1 foi realizado, pioneiramente, no \u00faltimo evento de r\u00e9veillon, o Virada Salvador 2024, na Arena Daniela Mercury, espa\u00e7o localizado no bairro da Boca do Rio, cidade de Salvador, onde durante cinco dias ocorreram dezenas de shows com a presen\u00e7a de cerca de dois milh\u00f5es de pessoas. O resultado da coleta parcial das emiss\u00f5es apontou para a gera\u00e7\u00e3o de 139,3 tCO2e durante o evento e para compensar essas emiss\u00f5es ser\u00e1 necess\u00e1rio o plantio de 1.548 mudas de \u00e1rvores. A conclus\u00e3o do invent\u00e1rio do carnaval ser\u00e1 entregue \u00e0 prefeitura no m\u00eas de mar\u00e7o.<\/p>\n","protected":false},"excerpt":{"rendered":"<p>O invent\u00e1rio vai acompanhar e analisar a movimenta\u00e7\u00e3o de toda a frota de ve\u00edculos oficiais da prefeitura da cidade durante o evento, trios el\u00e9tricos, minitrios, pranch\u00f5es, al\u00e9m de geradores de energia utilizados nos palcos da prefeitura, banheiros qu\u00edmicos e cont\u00eainers, possibilitando o reconhecimento e a quantifica\u00e7\u00e3o das fontes de emiss\u00f5es. Segundo o diretor da empresa [&hellip;]<\/p>\n","protected":false},"author":8,"featured_media":796131,"comment_status":"closed","ping_status":"closed","sticky":false,"template":"","format":"standard","meta":[],"categories":[5],"tags":[1020,73],"acf":[],"yoast_head":"<!-- This site is optimized with the Yoast SEO plugin v20.8 - https:\/\/yoast.com\/wordpress\/plugins\/seo\/ -->\n<title>CARNAVAL DE SALVADOR TER\u00c1 INVENT\u00c1RIO DE EMISS\u00c3O DE GASES ESTUFA - Bahia Economica<\/title>\n<meta name=\"description\" content=\"O maior portal de Economia da Bahia MUNIC\u00cdPIOS Bahia Economica o Virada Salvador 2024, na Arena Daniela Mercury\" \/>\n<meta name=\"robots\" content=\"index, follow, max-snippet:-1, max-image-preview:large, max-video-preview:-1\" \/>\n<link rel=\"canonical\" href=\"https:\/\/bahiaeconomica.com.br\/wp\/2024\/02\/07\/carnaval-de-salvador-tera-inventario-de-emissao-de-gases-estufa\/\" \/>\n<meta property=\"og:locale\" content=\"pt_BR\" \/>\n<meta property=\"og:type\" content=\"article\" \/>\n<meta property=\"og:title\" content=\"CARNAVAL DE SALVADOR TER\u00c1 INVENT\u00c1RIO DE EMISS\u00c3O DE GASES ESTUFA - Bahia Economica\" \/>\n<meta property=\"og:description\" content=\"O maior portal de Economia da Bahia MUNIC\u00cdPIOS Bahia Economica o Virada Salvador 2024, na Arena Daniela Mercury\" \/>\n<meta property=\"og:url\" content=\"https:\/\/bahiaeconomica.com.br\/wp\/2024\/02\/07\/carnaval-de-salvador-tera-inventario-de-emissao-de-gases-estufa\/\" \/>\n<meta property=\"og:site_name\" content=\"Bahia Economica\" \/>\n<meta property=\"article:publisher\" content=\"https:\/\/www.facebook.com\/bahiaeconomica\" \/>\n<meta property=\"article:published_time\" content=\"2024-02-07T17:00:35+00:00\" \/>\n<meta property=\"article:modified_time\" content=\"2024-02-07T17:25:01+00:00\" \/>\n<meta property=\"og:image\" content=\"https:\/\/bahiaeconomica.com.br\/wp\/wp-content\/uploads\/2024\/02\/WhatsApp-Image-2024-02-07-at-09.57.47eeeeeee.jpg\" \/>\n\t<meta property=\"og:image:width\" content=\"1061\" \/>\n\t<meta property=\"og:image:height\" content=\"652\" \/>\n\t<meta property=\"og:image:type\" content=\"image\/jpeg\" \/>\n<meta name=\"author\" content=\"JP\" \/>\n<meta name=\"twitter:card\" content=\"summary_large_image\" \/>\n<meta name=\"twitter:label1\" content=\"Escrito por\" \/>\n\t<meta name=\"twitter:data1\" content=\"JP\" \/>\n\t<meta name=\"twitter:label2\" content=\"Est. tempo de leitura\" \/>\n\t<meta name=\"twitter:data2\" content=\"2 minutos\" \/>\n<script type=\"application\/ld+json\" class=\"yoast-schema-graph\">{\"@context\":\"https:\/\/schema.org\",\"@graph\":[{\"@type\":\"Article\",\"@id\":\"https:\/\/bahiaeconomica.com.br\/wp\/2024\/02\/07\/carnaval-de-salvador-tera-inventario-de-emissao-de-gases-estufa\/#article\",\"isPartOf\":{\"@id\":\"https:\/\/bahiaeconomica.com.br\/wp\/2024\/02\/07\/carnaval-de-salvador-tera-inventario-de-emissao-de-gases-estufa\/\"},\"author\":{\"name\":\"JP\",\"@id\":\"https:\/\/bahiaeconomica.com.br\/wp\/#\/schema\/person\/c86d3a3f8960425a0f9d0e5245991f4e\"},\"headline\":\"CARNAVAL DE SALVADOR TER\u00c1 INVENT\u00c1RIO DE EMISS\u00c3O DE GASES ESTUFA\",\"datePublished\":\"2024-02-07T17:00:35+00:00\",\"dateModified\":\"2024-02-07T17:25:01+00:00\",\"mainEntityOfPage\":{\"@id\":\"https:\/\/bahiaeconomica.com.br\/wp\/2024\/02\/07\/carnaval-de-salvador-tera-inventario-de-emissao-de-gases-estufa\/\"},\"wordCount\":413,\"publisher\":{\"@id\":\"https:\/\/bahiaeconomica.com.br\/wp\/#organization\"},\"keywords\":[\"carnaval\",\"Salvador\"],\"articleSection\":[\"MUNIC\u00cdPIOS\"],\"inLanguage\":\"pt-BR\"},{\"@type\":\"WebPage\",\"@id\":\"https:\/\/bahiaeconomica.com.br\/wp\/2024\/02\/07\/carnaval-de-salvador-tera-inventario-de-emissao-de-gases-estufa\/\",\"url\":\"https:\/\/bahiaeconomica.com.br\/wp\/2024\/02\/07\/carnaval-de-salvador-tera-inventario-de-emissao-de-gases-estufa\/\",\"name\":\"CARNAVAL DE SALVADOR TER\u00c1 INVENT\u00c1RIO DE EMISS\u00c3O DE GASES ESTUFA - Bahia Economica\",\"isPartOf\":{\"@id\":\"https:\/\/bahiaeconomica.com.br\/wp\/#website\"},\"datePublished\":\"2024-02-07T17:00:35+00:00\",\"dateModified\":\"2024-02-07T17:25:01+00:00\",\"description\":\"O maior portal de Economia da Bahia MUNIC\u00cdPIOS Bahia Economica o Virada Salvador 2024, na Arena Daniela Mercury\",\"breadcrumb\":{\"@id\":\"https:\/\/bahiaeconomica.com.br\/wp\/2024\/02\/07\/carnaval-de-salvador-tera-inventario-de-emissao-de-gases-estufa\/#breadcrumb\"},\"inLanguage\":\"pt-BR\",\"potentialAction\":[{\"@type\":\"ReadAction\",\"target\":[\"https:\/\/bahiaeconomica.com.br\/wp\/2024\/02\/07\/carnaval-de-salvador-tera-inventario-de-emissao-de-gases-estufa\/\"]}]},{\"@type\":\"BreadcrumbList\",\"@id\":\"https:\/\/bahiaeconomica.com.br\/wp\/2024\/02\/07\/carnaval-de-salvador-tera-inventario-de-emissao-de-gases-estufa\/#breadcrumb\",\"itemListElement\":[{\"@type\":\"ListItem\",\"position\":1,\"name\":\"In\u00edcio\",\"item\":\"https:\/\/bahiaeconomica.com.br\/wp\/\"},{\"@type\":\"ListItem\",\"position\":2,\"name\":\"CARNAVAL DE SALVADOR TER\u00c1 INVENT\u00c1RIO DE EMISS\u00c3O DE GASES ESTUFA\"}]},{\"@type\":\"WebSite\",\"@id\":\"https:\/\/bahiaeconomica.com.br\/wp\/#website\",\"url\":\"https:\/\/bahiaeconomica.com.br\/wp\/\",\"name\":\"Bahia Economica\",\"description\":\"O maior portal de Economia da Bahia\",\"publisher\":{\"@id\":\"https:\/\/bahiaeconomica.com.br\/wp\/#organization\"},\"potentialAction\":[{\"@type\":\"SearchAction\",\"target\":{\"@type\":\"EntryPoint\",\"urlTemplate\":\"https:\/\/bahiaeconomica.com.br\/wp\/?s={search_term_string}\"},\"query-input\":\"required name=search_term_string\"}],\"inLanguage\":\"pt-BR\"},{\"@type\":\"Organization\",\"@id\":\"https:\/\/bahiaeconomica.com.br\/wp\/#organization\",\"name\":\"Bahia Econ\u00f4mica\",\"url\":\"https:\/\/bahiaeconomica.com.br\/wp\/\",\"logo\":{\"@type\":\"ImageObject\",\"inLanguage\":\"pt-BR\",\"@id\":\"https:\/\/bahiaeconomica.com.br\/wp\/#\/schema\/logo\/image\/\",\"url\":\"https:\/\/bahiaeconomica.com.br\/wp\/wp-content\/uploads\/2020\/12\/cropped-BE.png\",\"contentUrl\":\"https:\/\/bahiaeconomica.com.br\/wp\/wp-content\/uploads\/2020\/12\/cropped-BE.png\",\"width\":512,\"height\":512,\"caption\":\"Bahia Econ\u00f4mica\"},\"image\":{\"@id\":\"https:\/\/bahiaeconomica.com.br\/wp\/#\/schema\/logo\/image\/\"},\"sameAs\":[\"https:\/\/www.facebook.com\/bahiaeconomica\"]},{\"@type\":\"Person\",\"@id\":\"https:\/\/bahiaeconomica.com.br\/wp\/#\/schema\/person\/c86d3a3f8960425a0f9d0e5245991f4e\",\"name\":\"JP\",\"sameAs\":[\"https:\/\/bahiaeconomica.com.br\/wp\/beta\/\"],\"url\":\"https:\/\/bahiaeconomica.com.br\/wp\/author\/jp\/\"}]}<\/script>\n<!-- \/ Yoast SEO plugin. -->","yoast_head_json":{"title":"CARNAVAL DE SALVADOR TER\u00c1 INVENT\u00c1RIO DE EMISS\u00c3O DE GASES ESTUFA - Bahia Economica","description":"O maior portal de Economia da Bahia MUNIC\u00cdPIOS Bahia Economica o Virada Salvador 2024, na Arena Daniela Mercury","robots":{"index":"index","follow":"follow","max-snippet":"max-snippet:-1","max-image-preview":"max-image-preview:large","max-video-preview":"max-video-preview:-1"},"canonical":"https:\/\/bahiaeconomica.com.br\/wp\/2024\/02\/07\/carnaval-de-salvador-tera-inventario-de-emissao-de-gases-estufa\/","og_locale":"pt_BR","og_type":"article","og_title":"CARNAVAL DE SALVADOR TER\u00c1 INVENT\u00c1RIO DE EMISS\u00c3O DE GASES ESTUFA - Bahia Economica","og_description":"O maior portal de Economia da Bahia MUNIC\u00cdPIOS Bahia Economica o Virada Salvador 2024, na Arena Daniela Mercury","og_url":"https:\/\/bahiaeconomica.com.br\/wp\/2024\/02\/07\/carnaval-de-salvador-tera-inventario-de-emissao-de-gases-estufa\/","og_site_name":"Bahia Economica","article_publisher":"https:\/\/www.facebook.com\/bahiaeconomica","article_published_time":"2024-02-07T17:00:35+00:00","article_modified_time":"2024-02-07T17:25:01+00:00","og_image":[{"width":1061,"height":652,"url":"https:\/\/bahiaeconomica.com.br\/wp\/wp-content\/uploads\/2024\/02\/WhatsApp-Image-2024-02-07-at-09.57.47eeeeeee.jpg","type":"image\/jpeg"}],"author":"JP","twitter_card":"summary_large_image","twitter_misc":{"Escrito por":"JP","Est. tempo de leitura":"2 minutos"},"schema":{"@context":"https:\/\/schema.org","@graph":[{"@type":"Article","@id":"https:\/\/bahiaeconomica.com.br\/wp\/2024\/02\/07\/carnaval-de-salvador-tera-inventario-de-emissao-de-gases-estufa\/#article","isPartOf":{"@id":"https:\/\/bahiaeconomica.com.br\/wp\/2024\/02\/07\/carnaval-de-salvador-tera-inventario-de-emissao-de-gases-estufa\/"},"author":{"name":"JP","@id":"https:\/\/bahiaeconomica.com.br\/wp\/#\/schema\/person\/c86d3a3f8960425a0f9d0e5245991f4e"},"headline":"CARNAVAL DE SALVADOR TER\u00c1 INVENT\u00c1RIO DE EMISS\u00c3O DE GASES ESTUFA","datePublished":"2024-02-07T17:00:35+00:00","dateModified":"2024-02-07T17:25:01+00:00","mainEntityOfPage":{"@id":"https:\/\/bahiaeconomica.com.br\/wp\/2024\/02\/07\/carnaval-de-salvador-tera-inventario-de-emissao-de-gases-estufa\/"},"wordCount":413,"publisher":{"@id":"https:\/\/bahiaeconomica.com.br\/wp\/#organization"},"keywords":["carnaval","Salvador"],"articleSection":["MUNIC\u00cdPIOS"],"inLanguage":"pt-BR"},{"@type":"WebPage","@id":"https:\/\/bahiaeconomica.com.br\/wp\/2024\/02\/07\/carnaval-de-salvador-tera-inventario-de-emissao-de-gases-estufa\/","url":"https:\/\/bahiaeconomica.com.br\/wp\/2024\/02\/07\/carnaval-de-salvador-tera-inventario-de-emissao-de-gases-estufa\/","name":"CARNAVAL DE SALVADOR TER\u00c1 INVENT\u00c1RIO DE EMISS\u00c3O DE GASES ESTUFA - Bahia Economica","isPartOf":{"@id":"https:\/\/bahiaeconomica.com.br\/wp\/#website"},"datePublished":"2024-02-07T17:00:35+00:00","dateModified":"2024-02-07T17:25:01+00:00","description":"O maior portal de Economia da Bahia MUNIC\u00cdPIOS Bahia Economica o Virada Salvador 2024, na Arena Daniela Mercury","breadcrumb":{"@id":"https:\/\/bahiaeconomica.com.br\/wp\/2024\/02\/07\/carnaval-de-salvador-tera-inventario-de-emissao-de-gases-estufa\/#breadcrumb"},"inLanguage":"pt-BR","potentialAction":[{"@type":"ReadAction","target":["https:\/\/bahiaeconomica.com.br\/wp\/2024\/02\/07\/carnaval-de-salvador-tera-inventario-de-emissao-de-gases-estufa\/"]}]},{"@type":"BreadcrumbList","@id":"https:\/\/bahiaeconomica.com.br\/wp\/2024\/02\/07\/carnaval-de-salvador-tera-inventario-de-emissao-de-gases-estufa\/#breadcrumb","itemListElement":[{"@type":"ListItem","position":1,"name":"In\u00edcio","item":"https:\/\/bahiaeconomica.com.br\/wp\/"},{"@type":"ListItem","position":2,"name":"CARNAVAL DE SALVADOR TER\u00c1 INVENT\u00c1RIO DE EMISS\u00c3O DE GASES ESTUFA"}]},{"@type":"WebSite","@id":"https:\/\/bahiaeconomica.com.br\/wp\/#website","url":"https:\/\/bahiaeconomica.com.br\/wp\/","name":"Bahia Economica","description":"O maior portal de Economia da Bahia","publisher":{"@id":"https:\/\/bahiaeconomica.com.br\/wp\/#organization"},"potentialAction":[{"@type":"SearchAction","target":{"@type":"EntryPoint","urlTemplate":"https:\/\/bahiaeconomica.com.br\/wp\/?s={search_term_string}"},"query-input":"required name=search_term_string"}],"inLanguage":"pt-BR"},{"@type":"Organization","@id":"https:\/\/bahiaeconomica.com.br\/wp\/#organization","name":"Bahia Econ\u00f4mica","url":"https:\/\/bahiaeconomica.com.br\/wp\/","logo":{"@type":"ImageObject","inLanguage":"pt-BR","@id":"https:\/\/bahiaeconomica.com.br\/wp\/#\/schema\/logo\/image\/","url":"https:\/\/bahiaeconomica.com.br\/wp\/wp-content\/uploads\/2020\/12\/cropped-BE.png","contentUrl":"https:\/\/bahiaeconomica.com.br\/wp\/wp-content\/uploads\/2020\/12\/cropped-BE.png","width":512,"height":512,"caption":"Bahia Econ\u00f4mica"},"image":{"@id":"https:\/\/bahiaeconomica.com.br\/wp\/#\/schema\/logo\/image\/"},"sameAs":["https:\/\/www.facebook.com\/bahiaeconomica"]},{"@type":"Person","@id":"https:\/\/bahiaeconomica.com.br\/wp\/#\/schema\/person\/c86d3a3f8960425a0f9d0e5245991f4e","name":"JP","sameAs":["https:\/\/bahiaeconomica.com.br\/wp\/beta\/"],"url":"https:\/\/bahiaeconomica.com.br\/wp\/author\/jp\/"}]}},"views":12,"_links":{"self":[{"href":"https:\/\/bahiaeconomica.com.br\/wp\/wp-json\/wp\/v2\/posts\/796129"}],"collection":[{"href":"https:\/\/bahiaeconomica.com.br\/wp\/wp-json\/wp\/v2\/posts"}],"about":[{"href":"https:\/\/bahiaeconomica.com.br\/wp\/wp-json\/wp\/v2\/types\/post"}],"author":[{"embeddable":true,"href":"https:\/\/bahiaeconomica.com.br\/wp\/wp-json\/wp\/v2\/users\/8"}],"replies":[{"embeddable":true,"href":"https:\/\/bahiaeconomica.com.br\/wp\/wp-json\/wp\/v2\/comments?post=796129"}],"version-history":[{"count":1,"href":"https:\/\/bahiaeconomica.com.br\/wp\/wp-json\/wp\/v2\/posts\/796129\/revisions"}],"predecessor-version":[{"id":796132,"href":"https:\/\/bahiaeconomica.com.br\/wp\/wp-json\/wp\/v2\/posts\/796129\/revisions\/796132"}],"wp:featuredmedia":[{"embeddable":true,"href":"https:\/\/bahiaeconomica.com.br\/wp\/wp-json\/wp\/v2\/media\/796131"}],"wp:attachment":[{"href":"https:\/\/bahiaeconomica.com.br\/wp\/wp-json\/wp\/v2\/media?parent=796129"}],"wp:term":[{"taxonomy":"category","embeddable":true,"href":"https:\/\/bahiaeconomica.com.br\/wp\/wp-json\/wp\/v2\/categories?post=796129"},{"taxonomy":"post_tag","embeddable":true,"href":"https:\/\/bahiaeconomica.com.br\/wp\/wp-json\/wp\/v2\/tags?post=796129"}],"curies":[{"name":"wp","href":"https:\/\/api.w.org\/{rel}","templated":true}]}}