{"id":795967,"date":"2024-02-06T19:23:48","date_gmt":"2024-02-06T22:23:48","guid":{"rendered":"https:\/\/bahiaeconomica.com.br\/wp\/?p=795967"},"modified":"2024-02-06T18:30:15","modified_gmt":"2024-02-06T21:30:15","slug":"inauguracao-da-tenda-oxe-me-respeite-sera-realizada-amanha-07-02","status":"publish","type":"post","link":"https:\/\/bahiaeconomica.com.br\/wp\/2024\/02\/06\/inauguracao-da-tenda-oxe-me-respeite-sera-realizada-amanha-07-02\/","title":{"rendered":"INAUGURA\u00c7\u00c3O DA TENDA \u201cOXE, ME RESPEITE\u201d, SER\u00c1 REALIZADA AMANH\u00c3 07\/02"},"content":{"rendered":"<p class=\"v1MsoNormal\">Um espa\u00e7o reservado com foco na preven\u00e7\u00e3o e orienta\u00e7\u00e3o e que vai funcionar como ponto de apoio \u00e0s mulheres v\u00edtimas de viol\u00eancia durante o carnaval<!--more--><\/p>\n<p class=\"v1MsoNormal\">Contar\u00e1 com acolhimento e atendimento \u00e0s mulheres com equipes multidisciplinares, ofertando servi\u00e7os psicossociais, assessoramento jur\u00eddico, atendimento m\u00e9dico (espec\u00edfico para casos de viol\u00eancia f\u00edsica e sexual), registro de boletim de ocorr\u00eancia pela DEAM itinerante e plant\u00e3o da Defensoria P\u00fablica em caso de encaminhamentos de medida protetiva.<\/p>\n<p class=\"v1MsoNormal\">As tendas ser\u00e3o instaladas em dois pontos estrat\u00e9gicos<b><i>:<\/i><\/b> Ondina e Pra\u00e7a da C\u00e2mara de Vereadores, e contar\u00e1 com uma rede de atendimento multidisciplinar, disponibilizando servi\u00e7os integrados com o DETRAN, Defensoria P\u00fablica da Bahia, Batalh\u00e3o Maria da Penha, SESAB, Pol\u00edcia Civil e Delegacia Especial de Atendimento \u00e0 Mulher (DEAM).<\/p>\n<p class=\"v1MsoNormal\"><b>Profissionais dispon\u00edveis no local:<\/b>\u00a0psic\u00f3logos, assistentes sociais, advogados<\/p>\n<p class=\"v1MsoNormal\"><b>Servi\u00e7os:<\/b>\u00a0boletim de ocorr\u00eancia, medida protetiva, realiza\u00e7\u00e3o de testes r\u00e1pidos e distribui\u00e7\u00e3o de preservativos (SESAB), encaminhamento para encaminhamento e acolhimento para a Casa da Mulher Brasileira e\u00a0\u00a0Hospital da Mulher.<\/p>\n<p class=\"v1MsoNormal\"><b>O Qu\u00ea<\/b>: Inaugura\u00e7\u00e3o da Tenda &#8220;Oxe, Me Respeite!&#8221;<\/p>\n<p class=\"v1MsoNormal\"><b>Data:<\/b>\u00a007\/02 (Tenda Ondina)<\/p>\n<p class=\"v1MsoNormal\"><b>Hor\u00e1rio:<\/b>\u00a016h00<\/p>\n<p class=\"v1MsoNormal\"><b>Local:\u00a0<\/b>Av.Milton Santos, em frente a Drogaria S\u00e3o Paulo, pr\u00f3ximo ao\u00a0 Monumento as Meninas do Brasil (Gordinhas).<\/p>\n<p class=\"v1MsoNormal\"><b>Inaugura\u00e7\u00e3o Tenda Pelourinho<\/b><\/p>\n<p class=\"v1MsoNormal\"><b>Data :\u00a0<\/b>08\/02 ( Tenda Pelourinho)<\/p>\n<p class=\"v1MsoNormal\"><b>Hor\u00e1rio:\u00a0<\/b>10h00<\/p>\n<p class=\"v1MsoNormal\"><b>Local:\u00a0<\/b>Pelourinho ( Pra\u00e7a Municipal, C\u00e2mara de Vereadores)<\/p>\n<p class=\"v1MsoNormal\"><b>Fonte para entrevista:\u00a0<\/b>Elis\u00e2ngela Ara\u00fajo, Secret\u00e1ria de Pol\u00edticas Para as Mulheres<\/p>\n<p class=\"v1MsoNormal\"><b>Contato Imprensa:<\/b>\u00a0Thais Tosta (71) 99716-8711<\/p>\n<p>Foto\/Reprodu\u00e7\u00e3o: Divulga\u00e7\u00e3o<\/p>\n<p class=\"v1MsoNormal\">\n","protected":false},"excerpt":{"rendered":"<p>Um espa\u00e7o reservado com foco na preven\u00e7\u00e3o e orienta\u00e7\u00e3o e que vai funcionar como ponto de apoio \u00e0s mulheres v\u00edtimas de viol\u00eancia durante o carnaval<\/p>\n","protected":false},"author":12,"featured_media":795970,"comment_status":"closed","ping_status":"closed","sticky":false,"template":"","format":"standard","meta":[],"categories":[689],"tags":[764,26454],"acf":[],"yoast_head":"<!-- This site is optimized with the Yoast SEO plugin v20.8 - https:\/\/yoast.com\/wordpress\/plugins\/seo\/ -->\n<title>INAUGURA\u00c7\u00c3O DA TENDA \u201cOXE, ME RESPEITE\u201d, SER\u00c1 REALIZADA AMANH\u00c3 07\/02 - Bahia Economica<\/title>\n<meta name=\"description\" content=\"Um espa\u00e7o reservado com foco na preven\u00e7\u00e3o e orienta\u00e7\u00e3o e que vai funcionar como ponto de apoio \u00e0s mulheres v\u00edtimas de viol\u00eancia durante o carnaval\" \/>\n<meta name=\"robots\" content=\"index, follow, max-snippet:-1, max-image-preview:large, max-video-preview:-1\" \/>\n<link rel=\"canonical\" href=\"https:\/\/bahiaeconomica.com.br\/wp\/2024\/02\/06\/inauguracao-da-tenda-oxe-me-respeite-sera-realizada-amanha-07-02\/\" \/>\n<meta property=\"og:locale\" content=\"pt_BR\" \/>\n<meta property=\"og:type\" content=\"article\" \/>\n<meta property=\"og:title\" content=\"INAUGURA\u00c7\u00c3O DA TENDA \u201cOXE, ME RESPEITE\u201d, SER\u00c1 REALIZADA AMANH\u00c3 07\/02 - Bahia Economica\" \/>\n<meta property=\"og:description\" content=\"Um espa\u00e7o reservado com foco na preven\u00e7\u00e3o e orienta\u00e7\u00e3o e que vai funcionar como ponto de apoio \u00e0s mulheres v\u00edtimas de viol\u00eancia durante o carnaval\" \/>\n<meta property=\"og:url\" content=\"https:\/\/bahiaeconomica.com.br\/wp\/2024\/02\/06\/inauguracao-da-tenda-oxe-me-respeite-sera-realizada-amanha-07-02\/\" \/>\n<meta property=\"og:site_name\" content=\"Bahia Economica\" \/>\n<meta property=\"article:publisher\" content=\"https:\/\/www.facebook.com\/bahiaeconomica\" \/>\n<meta property=\"article:published_time\" content=\"2024-02-06T22:23:48+00:00\" \/>\n<meta property=\"article:modified_time\" content=\"2024-02-06T21:30:15+00:00\" \/>\n<meta property=\"og:image\" content=\"https:\/\/bahiaeconomica.com.br\/wp\/wp-content\/uploads\/2024\/02\/Card-TENDA-07.jpg\" \/>\n\t<meta property=\"og:image:width\" content=\"1080\" \/>\n\t<meta property=\"og:image:height\" content=\"1080\" \/>\n\t<meta property=\"og:image:type\" content=\"image\/jpeg\" \/>\n<meta name=\"author\" content=\"BA\" \/>\n<meta name=\"twitter:card\" content=\"summary_large_image\" \/>\n<meta name=\"twitter:label1\" content=\"Escrito por\" \/>\n\t<meta name=\"twitter:data1\" content=\"BA\" \/>\n\t<meta name=\"twitter:label2\" content=\"Est. tempo de leitura\" \/>\n\t<meta name=\"twitter:data2\" content=\"2 minutos\" \/>\n<script type=\"application\/ld+json\" class=\"yoast-schema-graph\">{\"@context\":\"https:\/\/schema.org\",\"@graph\":[{\"@type\":\"Article\",\"@id\":\"https:\/\/bahiaeconomica.com.br\/wp\/2024\/02\/06\/inauguracao-da-tenda-oxe-me-respeite-sera-realizada-amanha-07-02\/#article\",\"isPartOf\":{\"@id\":\"https:\/\/bahiaeconomica.com.br\/wp\/2024\/02\/06\/inauguracao-da-tenda-oxe-me-respeite-sera-realizada-amanha-07-02\/\"},\"author\":{\"name\":\"BA\",\"@id\":\"https:\/\/bahiaeconomica.com.br\/wp\/#\/schema\/person\/5a4570b96ef393d09329ca6448199c3e\"},\"headline\":\"INAUGURA\u00c7\u00c3O DA TENDA \u201cOXE, ME RESPEITE\u201d, SER\u00c1 REALIZADA AMANH\u00c3 07\/02\",\"datePublished\":\"2024-02-06T22:23:48+00:00\",\"dateModified\":\"2024-02-06T21:30:15+00:00\",\"mainEntityOfPage\":{\"@id\":\"https:\/\/bahiaeconomica.com.br\/wp\/2024\/02\/06\/inauguracao-da-tenda-oxe-me-respeite-sera-realizada-amanha-07-02\/\"},\"wordCount\":273,\"publisher\":{\"@id\":\"https:\/\/bahiaeconomica.com.br\/wp\/#organization\"},\"keywords\":[\"Ondina\",\"Pra\u00e7a da C\u00e2mara de Vereadores\"],\"articleSection\":[\"CULTURA E ARTE\"],\"inLanguage\":\"pt-BR\"},{\"@type\":\"WebPage\",\"@id\":\"https:\/\/bahiaeconomica.com.br\/wp\/2024\/02\/06\/inauguracao-da-tenda-oxe-me-respeite-sera-realizada-amanha-07-02\/\",\"url\":\"https:\/\/bahiaeconomica.com.br\/wp\/2024\/02\/06\/inauguracao-da-tenda-oxe-me-respeite-sera-realizada-amanha-07-02\/\",\"name\":\"INAUGURA\u00c7\u00c3O DA TENDA \u201cOXE, ME RESPEITE\u201d, SER\u00c1 REALIZADA AMANH\u00c3 07\/02 - Bahia Economica\",\"isPartOf\":{\"@id\":\"https:\/\/bahiaeconomica.com.br\/wp\/#website\"},\"datePublished\":\"2024-02-06T22:23:48+00:00\",\"dateModified\":\"2024-02-06T21:30:15+00:00\",\"description\":\"Um espa\u00e7o reservado com foco na preven\u00e7\u00e3o e orienta\u00e7\u00e3o e que vai funcionar como ponto de apoio \u00e0s mulheres v\u00edtimas de viol\u00eancia durante o carnaval\",\"breadcrumb\":{\"@id\":\"https:\/\/bahiaeconomica.com.br\/wp\/2024\/02\/06\/inauguracao-da-tenda-oxe-me-respeite-sera-realizada-amanha-07-02\/#breadcrumb\"},\"inLanguage\":\"pt-BR\",\"potentialAction\":[{\"@type\":\"ReadAction\",\"target\":[\"https:\/\/bahiaeconomica.com.br\/wp\/2024\/02\/06\/inauguracao-da-tenda-oxe-me-respeite-sera-realizada-amanha-07-02\/\"]}]},{\"@type\":\"BreadcrumbList\",\"@id\":\"https:\/\/bahiaeconomica.com.br\/wp\/2024\/02\/06\/inauguracao-da-tenda-oxe-me-respeite-sera-realizada-amanha-07-02\/#breadcrumb\",\"itemListElement\":[{\"@type\":\"ListItem\",\"position\":1,\"name\":\"In\u00edcio\",\"item\":\"https:\/\/bahiaeconomica.com.br\/wp\/\"},{\"@type\":\"ListItem\",\"position\":2,\"name\":\"INAUGURA\u00c7\u00c3O DA TENDA \u201cOXE, ME RESPEITE\u201d, SER\u00c1 REALIZADA AMANH\u00c3 07\/02\"}]},{\"@type\":\"WebSite\",\"@id\":\"https:\/\/bahiaeconomica.com.br\/wp\/#website\",\"url\":\"https:\/\/bahiaeconomica.com.br\/wp\/\",\"name\":\"Bahia Economica\",\"description\":\"O maior portal de Economia da Bahia\",\"publisher\":{\"@id\":\"https:\/\/bahiaeconomica.com.br\/wp\/#organization\"},\"potentialAction\":[{\"@type\":\"SearchAction\",\"target\":{\"@type\":\"EntryPoint\",\"urlTemplate\":\"https:\/\/bahiaeconomica.com.br\/wp\/?s={search_term_string}\"},\"query-input\":\"required name=search_term_string\"}],\"inLanguage\":\"pt-BR\"},{\"@type\":\"Organization\",\"@id\":\"https:\/\/bahiaeconomica.com.br\/wp\/#organization\",\"name\":\"Bahia Econ\u00f4mica\",\"url\":\"https:\/\/bahiaeconomica.com.br\/wp\/\",\"logo\":{\"@type\":\"ImageObject\",\"inLanguage\":\"pt-BR\",\"@id\":\"https:\/\/bahiaeconomica.com.br\/wp\/#\/schema\/logo\/image\/\",\"url\":\"https:\/\/bahiaeconomica.com.br\/wp\/wp-content\/uploads\/2020\/12\/cropped-BE.png\",\"contentUrl\":\"https:\/\/bahiaeconomica.com.br\/wp\/wp-content\/uploads\/2020\/12\/cropped-BE.png\",\"width\":512,\"height\":512,\"caption\":\"Bahia Econ\u00f4mica\"},\"image\":{\"@id\":\"https:\/\/bahiaeconomica.com.br\/wp\/#\/schema\/logo\/image\/\"},\"sameAs\":[\"https:\/\/www.facebook.com\/bahiaeconomica\"]},{\"@type\":\"Person\",\"@id\":\"https:\/\/bahiaeconomica.com.br\/wp\/#\/schema\/person\/5a4570b96ef393d09329ca6448199c3e\",\"name\":\"BA\",\"sameAs\":[\"https:\/\/bahiaeconomica.com.br\/wp\/beta\/\"],\"url\":\"https:\/\/bahiaeconomica.com.br\/wp\/author\/bruno-alves\/\"}]}<\/script>\n<!-- \/ Yoast SEO plugin. -->","yoast_head_json":{"title":"INAUGURA\u00c7\u00c3O DA TENDA \u201cOXE, ME RESPEITE\u201d, SER\u00c1 REALIZADA AMANH\u00c3 07\/02 - Bahia Economica","description":"Um espa\u00e7o reservado com foco na preven\u00e7\u00e3o e orienta\u00e7\u00e3o e que vai funcionar como ponto de apoio \u00e0s mulheres v\u00edtimas de viol\u00eancia durante o carnaval","robots":{"index":"index","follow":"follow","max-snippet":"max-snippet:-1","max-image-preview":"max-image-preview:large","max-video-preview":"max-video-preview:-1"},"canonical":"https:\/\/bahiaeconomica.com.br\/wp\/2024\/02\/06\/inauguracao-da-tenda-oxe-me-respeite-sera-realizada-amanha-07-02\/","og_locale":"pt_BR","og_type":"article","og_title":"INAUGURA\u00c7\u00c3O DA TENDA \u201cOXE, ME RESPEITE\u201d, SER\u00c1 REALIZADA AMANH\u00c3 07\/02 - Bahia Economica","og_description":"Um espa\u00e7o reservado com foco na preven\u00e7\u00e3o e orienta\u00e7\u00e3o e que vai funcionar como ponto de apoio \u00e0s mulheres v\u00edtimas de viol\u00eancia durante o carnaval","og_url":"https:\/\/bahiaeconomica.com.br\/wp\/2024\/02\/06\/inauguracao-da-tenda-oxe-me-respeite-sera-realizada-amanha-07-02\/","og_site_name":"Bahia Economica","article_publisher":"https:\/\/www.facebook.com\/bahiaeconomica","article_published_time":"2024-02-06T22:23:48+00:00","article_modified_time":"2024-02-06T21:30:15+00:00","og_image":[{"width":1080,"height":1080,"url":"https:\/\/bahiaeconomica.com.br\/wp\/wp-content\/uploads\/2024\/02\/Card-TENDA-07.jpg","type":"image\/jpeg"}],"author":"BA","twitter_card":"summary_large_image","twitter_misc":{"Escrito por":"BA","Est. tempo de leitura":"2 minutos"},"schema":{"@context":"https:\/\/schema.org","@graph":[{"@type":"Article","@id":"https:\/\/bahiaeconomica.com.br\/wp\/2024\/02\/06\/inauguracao-da-tenda-oxe-me-respeite-sera-realizada-amanha-07-02\/#article","isPartOf":{"@id":"https:\/\/bahiaeconomica.com.br\/wp\/2024\/02\/06\/inauguracao-da-tenda-oxe-me-respeite-sera-realizada-amanha-07-02\/"},"author":{"name":"BA","@id":"https:\/\/bahiaeconomica.com.br\/wp\/#\/schema\/person\/5a4570b96ef393d09329ca6448199c3e"},"headline":"INAUGURA\u00c7\u00c3O DA TENDA \u201cOXE, ME RESPEITE\u201d, SER\u00c1 REALIZADA AMANH\u00c3 07\/02","datePublished":"2024-02-06T22:23:48+00:00","dateModified":"2024-02-06T21:30:15+00:00","mainEntityOfPage":{"@id":"https:\/\/bahiaeconomica.com.br\/wp\/2024\/02\/06\/inauguracao-da-tenda-oxe-me-respeite-sera-realizada-amanha-07-02\/"},"wordCount":273,"publisher":{"@id":"https:\/\/bahiaeconomica.com.br\/wp\/#organization"},"keywords":["Ondina","Pra\u00e7a da C\u00e2mara de Vereadores"],"articleSection":["CULTURA E ARTE"],"inLanguage":"pt-BR"},{"@type":"WebPage","@id":"https:\/\/bahiaeconomica.com.br\/wp\/2024\/02\/06\/inauguracao-da-tenda-oxe-me-respeite-sera-realizada-amanha-07-02\/","url":"https:\/\/bahiaeconomica.com.br\/wp\/2024\/02\/06\/inauguracao-da-tenda-oxe-me-respeite-sera-realizada-amanha-07-02\/","name":"INAUGURA\u00c7\u00c3O DA TENDA \u201cOXE, ME RESPEITE\u201d, SER\u00c1 REALIZADA AMANH\u00c3 07\/02 - Bahia Economica","isPartOf":{"@id":"https:\/\/bahiaeconomica.com.br\/wp\/#website"},"datePublished":"2024-02-06T22:23:48+00:00","dateModified":"2024-02-06T21:30:15+00:00","description":"Um espa\u00e7o reservado com foco na preven\u00e7\u00e3o e orienta\u00e7\u00e3o e que vai funcionar como ponto de apoio \u00e0s mulheres v\u00edtimas de viol\u00eancia durante o carnaval","breadcrumb":{"@id":"https:\/\/bahiaeconomica.com.br\/wp\/2024\/02\/06\/inauguracao-da-tenda-oxe-me-respeite-sera-realizada-amanha-07-02\/#breadcrumb"},"inLanguage":"pt-BR","potentialAction":[{"@type":"ReadAction","target":["https:\/\/bahiaeconomica.com.br\/wp\/2024\/02\/06\/inauguracao-da-tenda-oxe-me-respeite-sera-realizada-amanha-07-02\/"]}]},{"@type":"BreadcrumbList","@id":"https:\/\/bahiaeconomica.com.br\/wp\/2024\/02\/06\/inauguracao-da-tenda-oxe-me-respeite-sera-realizada-amanha-07-02\/#breadcrumb","itemListElement":[{"@type":"ListItem","position":1,"name":"In\u00edcio","item":"https:\/\/bahiaeconomica.com.br\/wp\/"},{"@type":"ListItem","position":2,"name":"INAUGURA\u00c7\u00c3O DA TENDA \u201cOXE, ME RESPEITE\u201d, SER\u00c1 REALIZADA AMANH\u00c3 07\/02"}]},{"@type":"WebSite","@id":"https:\/\/bahiaeconomica.com.br\/wp\/#website","url":"https:\/\/bahiaeconomica.com.br\/wp\/","name":"Bahia Economica","description":"O maior portal de Economia da Bahia","publisher":{"@id":"https:\/\/bahiaeconomica.com.br\/wp\/#organization"},"potentialAction":[{"@type":"SearchAction","target":{"@type":"EntryPoint","urlTemplate":"https:\/\/bahiaeconomica.com.br\/wp\/?s={search_term_string}"},"query-input":"required name=search_term_string"}],"inLanguage":"pt-BR"},{"@type":"Organization","@id":"https:\/\/bahiaeconomica.com.br\/wp\/#organization","name":"Bahia Econ\u00f4mica","url":"https:\/\/bahiaeconomica.com.br\/wp\/","logo":{"@type":"ImageObject","inLanguage":"pt-BR","@id":"https:\/\/bahiaeconomica.com.br\/wp\/#\/schema\/logo\/image\/","url":"https:\/\/bahiaeconomica.com.br\/wp\/wp-content\/uploads\/2020\/12\/cropped-BE.png","contentUrl":"https:\/\/bahiaeconomica.com.br\/wp\/wp-content\/uploads\/2020\/12\/cropped-BE.png","width":512,"height":512,"caption":"Bahia Econ\u00f4mica"},"image":{"@id":"https:\/\/bahiaeconomica.com.br\/wp\/#\/schema\/logo\/image\/"},"sameAs":["https:\/\/www.facebook.com\/bahiaeconomica"]},{"@type":"Person","@id":"https:\/\/bahiaeconomica.com.br\/wp\/#\/schema\/person\/5a4570b96ef393d09329ca6448199c3e","name":"BA","sameAs":["https:\/\/bahiaeconomica.com.br\/wp\/beta\/"],"url":"https:\/\/bahiaeconomica.com.br\/wp\/author\/bruno-alves\/"}]}},"views":29,"_links":{"self":[{"href":"https:\/\/bahiaeconomica.com.br\/wp\/wp-json\/wp\/v2\/posts\/795967"}],"collection":[{"href":"https:\/\/bahiaeconomica.com.br\/wp\/wp-json\/wp\/v2\/posts"}],"about":[{"href":"https:\/\/bahiaeconomica.com.br\/wp\/wp-json\/wp\/v2\/types\/post"}],"author":[{"embeddable":true,"href":"https:\/\/bahiaeconomica.com.br\/wp\/wp-json\/wp\/v2\/users\/12"}],"replies":[{"embeddable":true,"href":"https:\/\/bahiaeconomica.com.br\/wp\/wp-json\/wp\/v2\/comments?post=795967"}],"version-history":[{"count":1,"href":"https:\/\/bahiaeconomica.com.br\/wp\/wp-json\/wp\/v2\/posts\/795967\/revisions"}],"predecessor-version":[{"id":795974,"href":"https:\/\/bahiaeconomica.com.br\/wp\/wp-json\/wp\/v2\/posts\/795967\/revisions\/795974"}],"wp:featuredmedia":[{"embeddable":true,"href":"https:\/\/bahiaeconomica.com.br\/wp\/wp-json\/wp\/v2\/media\/795970"}],"wp:attachment":[{"href":"https:\/\/bahiaeconomica.com.br\/wp\/wp-json\/wp\/v2\/media?parent=795967"}],"wp:term":[{"taxonomy":"category","embeddable":true,"href":"https:\/\/bahiaeconomica.com.br\/wp\/wp-json\/wp\/v2\/categories?post=795967"},{"taxonomy":"post_tag","embeddable":true,"href":"https:\/\/bahiaeconomica.com.br\/wp\/wp-json\/wp\/v2\/tags?post=795967"}],"curies":[{"name":"wp","href":"https:\/\/api.w.org\/{rel}","templated":true}]}}