{"id":795571,"date":"2024-02-05T17:15:45","date_gmt":"2024-02-05T20:15:45","guid":{"rendered":"https:\/\/bahiaeconomica.com.br\/wp\/?p=795571"},"modified":"2024-02-05T17:15:45","modified_gmt":"2024-02-05T20:15:45","slug":"abertura-de-micro-e-pequenas-empresas-tem-alta-de-66-em-2023","status":"publish","type":"post","link":"https:\/\/bahiaeconomica.com.br\/wp\/2024\/02\/05\/abertura-de-micro-e-pequenas-empresas-tem-alta-de-66-em-2023\/","title":{"rendered":"ABERTURA DE MICRO E PEQUENAS EMPRESAS TEM ALTA DE 6,6% EM 2023"},"content":{"rendered":"<p>O Brasil registrou a abertura de 859 mil micro e pequenas empresas em 2023, uma alta de 6,62% em rela\u00e7\u00e3o ao ano anterior, quando foram criados 805,6 mil empreendimentos. Os n\u00fameros apontam para uma m\u00e9dia de 2,3 mil novos neg\u00f3cios desse porte abertos por dia, segundo levantamento do Sebrae com base no Cadastro Nacional de Pessoa Jur\u00eddica (CNPJ) da Receita Federal do Brasil (RFB).<\/p>\n<p>No caso das novas microempresas (ME), categoria que fatura at\u00e9 R$ 360 mil por ano, o salto foi de 674,5 mil para 715 mil, de 2022 para 2023. J\u00e1 as novas empresas de pequeno porte (EPP), cujo faturamento anual vai de R$ 360 mil ao teto de R$ 4,8 milh\u00f5es, passaram de 131 mil para 143,7 mil no mesmo per\u00edodo. Juntas, ME e EPP formam as chamadas micro e pequenas empresas (MPE).<\/p>\n<p>Na an\u00e1lise temporal mais longa, \u00e9 poss\u00edvel ver o incremento sustent\u00e1vel de micro e pequenas empresas no Brasil. Em 2019 foram abertas 490 mil microempresas e 89 mil empresas de pequeno porte, contra 715 mil microempresas e 143 mil empresas de pequeno porte no ano passado, o que representou aumentos de 45,80% e 60,50%, respectivamente.<\/p>\n<p>Para o presidente do Sebrae, D\u00e9cio Lima, o significativo crescimento do n\u00famero de novas Microempresas e Empresas de Pequeno Porte \u00e9 demonstrativo da melhora da economia brasileira. \u201cOs n\u00fameros mostram que os empreendedores se sentem mais confiantes com os rumos da nossa economia. Eles est\u00e3o mais motivados a entrar no mundo do empreendedorismo com investimentos e fazendo a economia girar\u201d, avalia. \u201cPara o pa\u00eds, isso representa mais gera\u00e7\u00e3o de empregos, maior arrecada\u00e7\u00e3o e mais dinheiro em movimenta\u00e7\u00e3o e mais inclus\u00e3o\u201d, acrescenta o presidente do Sebrae.<\/p>\n<p>Segundo o levantamento do Sebrae, a abertura de novos microempreendedores individuais (MEI) ficou est\u00e1vel, caindo 0,9 % em compara\u00e7\u00e3o com 2022, o que \u00e9 considerado uma acomoda\u00e7\u00e3o sem relev\u00e2ncia estat\u00edstica. Foram 2.908.104 novos MEI em 2023, ante 2.933.809 em 2022. Somando os MEI \u00e0s micro e pequenas empresas, o total de novos pequenos neg\u00f3cios abertos no Brasil chegou a 3,77 milh\u00f5es no ano passado. Isso representa 96% do total de empresas, incluindo as de m\u00e9dio e grande porte, criadas no pa\u00eds em 2023.<\/p>\n<p>D\u00e9cio Lima destaca que os pequenos neg\u00f3cios t\u00eam sido fundamentais ao longo dos \u00faltimos anos para manter a economia brasileira em atividade. \u201cAs micro e pequenas empresas s\u00e3o as primeiras a reagir em momentos de crise. Gra\u00e7as principalmente a elas, o pa\u00eds consegue recuperar o n\u00edvel de emprego e a gera\u00e7\u00e3o de renda. Nossas pesquisas mostram que os pequenos neg\u00f3cios t\u00eam respondido por aproximadamente 7 em cada 10 empregos gerados\u201d, avalia.<\/p>\n<p>Em 2023, as atividades que registraram o maior volume de novos neg\u00f3cios estavam no setor de Servi\u00e7os, englobando nove das dez classes com a maior abertura de empresas durante esse per\u00edodo. O principal destaque foi \u201cAtividades de aten\u00e7\u00e3o ambulatorial executadas por m\u00e9dicos e odont\u00f3logos\u201d, liderando a abertura de MPE com um total de 48.782 novas empresas em 2023, representando 5,68% do total de microempresas e empresas de pequeno porte criadas nesse per\u00edodo. Juntas, as TOP 10 classes CNAE somam 277.449 novas MPE abertas no ano passado, correspondendo a 32,3% do total.<\/p>\n<p>Foto: T\u00e2nia R\u00eago\/Ag\u00eancia Brasil<\/p>\n","protected":false},"excerpt":{"rendered":"<p>O Brasil registrou a abertura de 859 mil micro e pequenas empresas em 2023, uma alta de 6,62% em rela\u00e7\u00e3o ao ano anterior, quando foram criados 805,6 mil empreendimentos. Os n\u00fameros apontam para uma m\u00e9dia de 2,3 mil novos neg\u00f3cios desse porte abertos por dia, segundo levantamento do Sebrae com base no Cadastro Nacional de [&hellip;]<\/p>\n","protected":false},"author":16,"featured_media":795582,"comment_status":"closed","ping_status":"closed","sticky":false,"template":"","format":"standard","meta":[],"categories":[3],"tags":[52,1918,6582],"acf":[],"yoast_head":"<!-- This site is optimized with the Yoast SEO plugin v20.8 - https:\/\/yoast.com\/wordpress\/plugins\/seo\/ -->\n<title>ABERTURA DE MICRO E PEQUENAS EMPRESAS TEM ALTA DE 6,6% EM 2023 - Bahia Economica<\/title>\n<meta name=\"description\" content=\"O maior portal de Economia da Bahia ECONOMIA \/ POL\u00cdTICA Bahia Economica\" \/>\n<meta name=\"robots\" content=\"index, follow, max-snippet:-1, max-image-preview:large, max-video-preview:-1\" \/>\n<link rel=\"canonical\" href=\"https:\/\/bahiaeconomica.com.br\/wp\/2024\/02\/05\/abertura-de-micro-e-pequenas-empresas-tem-alta-de-66-em-2023\/\" \/>\n<meta property=\"og:locale\" content=\"pt_BR\" \/>\n<meta property=\"og:type\" content=\"article\" \/>\n<meta property=\"og:title\" content=\"ABERTURA DE MICRO E PEQUENAS EMPRESAS TEM ALTA DE 6,6% EM 2023 - Bahia Economica\" \/>\n<meta property=\"og:description\" content=\"O maior portal de Economia da Bahia ECONOMIA \/ POL\u00cdTICA Bahia Economica\" \/>\n<meta property=\"og:url\" content=\"https:\/\/bahiaeconomica.com.br\/wp\/2024\/02\/05\/abertura-de-micro-e-pequenas-empresas-tem-alta-de-66-em-2023\/\" \/>\n<meta property=\"og:site_name\" content=\"Bahia Economica\" \/>\n<meta property=\"article:publisher\" content=\"https:\/\/www.facebook.com\/bahiaeconomica\" \/>\n<meta property=\"article:published_time\" content=\"2024-02-05T20:15:45+00:00\" \/>\n<meta property=\"og:image\" content=\"https:\/\/bahiaeconomica.com.br\/wp\/wp-content\/uploads\/2024\/02\/Comercio-1-1.webp\" \/>\n\t<meta property=\"og:image:width\" content=\"600\" \/>\n\t<meta property=\"og:image:height\" content=\"420\" \/>\n\t<meta property=\"og:image:type\" content=\"image\/webp\" \/>\n<meta name=\"author\" content=\"LUIZA NASCIMENTO\" \/>\n<meta name=\"twitter:card\" content=\"summary_large_image\" \/>\n<meta name=\"twitter:label1\" content=\"Escrito por\" \/>\n\t<meta name=\"twitter:data1\" content=\"LUIZA NASCIMENTO\" \/>\n\t<meta name=\"twitter:label2\" content=\"Est. tempo de leitura\" \/>\n\t<meta name=\"twitter:data2\" content=\"3 minutos\" \/>\n<script type=\"application\/ld+json\" class=\"yoast-schema-graph\">{\"@context\":\"https:\/\/schema.org\",\"@graph\":[{\"@type\":\"Article\",\"@id\":\"https:\/\/bahiaeconomica.com.br\/wp\/2024\/02\/05\/abertura-de-micro-e-pequenas-empresas-tem-alta-de-66-em-2023\/#article\",\"isPartOf\":{\"@id\":\"https:\/\/bahiaeconomica.com.br\/wp\/2024\/02\/05\/abertura-de-micro-e-pequenas-empresas-tem-alta-de-66-em-2023\/\"},\"author\":{\"name\":\"LUIZA NASCIMENTO\",\"@id\":\"https:\/\/bahiaeconomica.com.br\/wp\/#\/schema\/person\/18273ac0fe04bfd4e7b101bf17d40152\"},\"headline\":\"ABERTURA DE MICRO E PEQUENAS EMPRESAS TEM ALTA DE 6,6% EM 2023\",\"datePublished\":\"2024-02-05T20:15:45+00:00\",\"dateModified\":\"2024-02-05T20:15:45+00:00\",\"mainEntityOfPage\":{\"@id\":\"https:\/\/bahiaeconomica.com.br\/wp\/2024\/02\/05\/abertura-de-micro-e-pequenas-empresas-tem-alta-de-66-em-2023\/\"},\"wordCount\":541,\"publisher\":{\"@id\":\"https:\/\/bahiaeconomica.com.br\/wp\/#organization\"},\"keywords\":[\"Brasil\",\"empresas\",\"micro e pequenas empresas\"],\"articleSection\":[\"ECONOMIA \/ POL\u00cdTICA\"],\"inLanguage\":\"pt-BR\"},{\"@type\":\"WebPage\",\"@id\":\"https:\/\/bahiaeconomica.com.br\/wp\/2024\/02\/05\/abertura-de-micro-e-pequenas-empresas-tem-alta-de-66-em-2023\/\",\"url\":\"https:\/\/bahiaeconomica.com.br\/wp\/2024\/02\/05\/abertura-de-micro-e-pequenas-empresas-tem-alta-de-66-em-2023\/\",\"name\":\"ABERTURA DE MICRO E PEQUENAS EMPRESAS TEM ALTA DE 6,6% EM 2023 - Bahia Economica\",\"isPartOf\":{\"@id\":\"https:\/\/bahiaeconomica.com.br\/wp\/#website\"},\"datePublished\":\"2024-02-05T20:15:45+00:00\",\"dateModified\":\"2024-02-05T20:15:45+00:00\",\"description\":\"O maior portal de Economia da Bahia ECONOMIA \/ POL\u00cdTICA Bahia Economica\",\"breadcrumb\":{\"@id\":\"https:\/\/bahiaeconomica.com.br\/wp\/2024\/02\/05\/abertura-de-micro-e-pequenas-empresas-tem-alta-de-66-em-2023\/#breadcrumb\"},\"inLanguage\":\"pt-BR\",\"potentialAction\":[{\"@type\":\"ReadAction\",\"target\":[\"https:\/\/bahiaeconomica.com.br\/wp\/2024\/02\/05\/abertura-de-micro-e-pequenas-empresas-tem-alta-de-66-em-2023\/\"]}]},{\"@type\":\"BreadcrumbList\",\"@id\":\"https:\/\/bahiaeconomica.com.br\/wp\/2024\/02\/05\/abertura-de-micro-e-pequenas-empresas-tem-alta-de-66-em-2023\/#breadcrumb\",\"itemListElement\":[{\"@type\":\"ListItem\",\"position\":1,\"name\":\"In\u00edcio\",\"item\":\"https:\/\/bahiaeconomica.com.br\/wp\/\"},{\"@type\":\"ListItem\",\"position\":2,\"name\":\"ABERTURA DE MICRO E PEQUENAS EMPRESAS TEM ALTA DE 6,6% EM 2023\"}]},{\"@type\":\"WebSite\",\"@id\":\"https:\/\/bahiaeconomica.com.br\/wp\/#website\",\"url\":\"https:\/\/bahiaeconomica.com.br\/wp\/\",\"name\":\"Bahia Economica\",\"description\":\"O maior portal de Economia da Bahia\",\"publisher\":{\"@id\":\"https:\/\/bahiaeconomica.com.br\/wp\/#organization\"},\"potentialAction\":[{\"@type\":\"SearchAction\",\"target\":{\"@type\":\"EntryPoint\",\"urlTemplate\":\"https:\/\/bahiaeconomica.com.br\/wp\/?s={search_term_string}\"},\"query-input\":\"required name=search_term_string\"}],\"inLanguage\":\"pt-BR\"},{\"@type\":\"Organization\",\"@id\":\"https:\/\/bahiaeconomica.com.br\/wp\/#organization\",\"name\":\"Bahia Econ\u00f4mica\",\"url\":\"https:\/\/bahiaeconomica.com.br\/wp\/\",\"logo\":{\"@type\":\"ImageObject\",\"inLanguage\":\"pt-BR\",\"@id\":\"https:\/\/bahiaeconomica.com.br\/wp\/#\/schema\/logo\/image\/\",\"url\":\"https:\/\/bahiaeconomica.com.br\/wp\/wp-content\/uploads\/2020\/12\/cropped-BE.png\",\"contentUrl\":\"https:\/\/bahiaeconomica.com.br\/wp\/wp-content\/uploads\/2020\/12\/cropped-BE.png\",\"width\":512,\"height\":512,\"caption\":\"Bahia Econ\u00f4mica\"},\"image\":{\"@id\":\"https:\/\/bahiaeconomica.com.br\/wp\/#\/schema\/logo\/image\/\"},\"sameAs\":[\"https:\/\/www.facebook.com\/bahiaeconomica\"]},{\"@type\":\"Person\",\"@id\":\"https:\/\/bahiaeconomica.com.br\/wp\/#\/schema\/person\/18273ac0fe04bfd4e7b101bf17d40152\",\"name\":\"LUIZA NASCIMENTO\",\"sameAs\":[\"http:\/\/www.bahiaeconomica.com.br\"],\"url\":\"https:\/\/bahiaeconomica.com.br\/wp\/author\/luiza-nascimento\/\"}]}<\/script>\n<!-- \/ Yoast SEO plugin. -->","yoast_head_json":{"title":"ABERTURA DE MICRO E PEQUENAS EMPRESAS TEM ALTA DE 6,6% EM 2023 - Bahia Economica","description":"O maior portal de Economia da Bahia ECONOMIA \/ POL\u00cdTICA Bahia Economica","robots":{"index":"index","follow":"follow","max-snippet":"max-snippet:-1","max-image-preview":"max-image-preview:large","max-video-preview":"max-video-preview:-1"},"canonical":"https:\/\/bahiaeconomica.com.br\/wp\/2024\/02\/05\/abertura-de-micro-e-pequenas-empresas-tem-alta-de-66-em-2023\/","og_locale":"pt_BR","og_type":"article","og_title":"ABERTURA DE MICRO E PEQUENAS EMPRESAS TEM ALTA DE 6,6% EM 2023 - Bahia Economica","og_description":"O maior portal de Economia da Bahia ECONOMIA \/ POL\u00cdTICA Bahia Economica","og_url":"https:\/\/bahiaeconomica.com.br\/wp\/2024\/02\/05\/abertura-de-micro-e-pequenas-empresas-tem-alta-de-66-em-2023\/","og_site_name":"Bahia Economica","article_publisher":"https:\/\/www.facebook.com\/bahiaeconomica","article_published_time":"2024-02-05T20:15:45+00:00","og_image":[{"width":600,"height":420,"url":"https:\/\/bahiaeconomica.com.br\/wp\/wp-content\/uploads\/2024\/02\/Comercio-1-1.webp","type":"image\/webp"}],"author":"LUIZA NASCIMENTO","twitter_card":"summary_large_image","twitter_misc":{"Escrito por":"LUIZA NASCIMENTO","Est. tempo de leitura":"3 minutos"},"schema":{"@context":"https:\/\/schema.org","@graph":[{"@type":"Article","@id":"https:\/\/bahiaeconomica.com.br\/wp\/2024\/02\/05\/abertura-de-micro-e-pequenas-empresas-tem-alta-de-66-em-2023\/#article","isPartOf":{"@id":"https:\/\/bahiaeconomica.com.br\/wp\/2024\/02\/05\/abertura-de-micro-e-pequenas-empresas-tem-alta-de-66-em-2023\/"},"author":{"name":"LUIZA NASCIMENTO","@id":"https:\/\/bahiaeconomica.com.br\/wp\/#\/schema\/person\/18273ac0fe04bfd4e7b101bf17d40152"},"headline":"ABERTURA DE MICRO E PEQUENAS EMPRESAS TEM ALTA DE 6,6% EM 2023","datePublished":"2024-02-05T20:15:45+00:00","dateModified":"2024-02-05T20:15:45+00:00","mainEntityOfPage":{"@id":"https:\/\/bahiaeconomica.com.br\/wp\/2024\/02\/05\/abertura-de-micro-e-pequenas-empresas-tem-alta-de-66-em-2023\/"},"wordCount":541,"publisher":{"@id":"https:\/\/bahiaeconomica.com.br\/wp\/#organization"},"keywords":["Brasil","empresas","micro e pequenas empresas"],"articleSection":["ECONOMIA \/ POL\u00cdTICA"],"inLanguage":"pt-BR"},{"@type":"WebPage","@id":"https:\/\/bahiaeconomica.com.br\/wp\/2024\/02\/05\/abertura-de-micro-e-pequenas-empresas-tem-alta-de-66-em-2023\/","url":"https:\/\/bahiaeconomica.com.br\/wp\/2024\/02\/05\/abertura-de-micro-e-pequenas-empresas-tem-alta-de-66-em-2023\/","name":"ABERTURA DE MICRO E PEQUENAS EMPRESAS TEM ALTA DE 6,6% EM 2023 - Bahia Economica","isPartOf":{"@id":"https:\/\/bahiaeconomica.com.br\/wp\/#website"},"datePublished":"2024-02-05T20:15:45+00:00","dateModified":"2024-02-05T20:15:45+00:00","description":"O maior portal de Economia da Bahia ECONOMIA \/ POL\u00cdTICA Bahia Economica","breadcrumb":{"@id":"https:\/\/bahiaeconomica.com.br\/wp\/2024\/02\/05\/abertura-de-micro-e-pequenas-empresas-tem-alta-de-66-em-2023\/#breadcrumb"},"inLanguage":"pt-BR","potentialAction":[{"@type":"ReadAction","target":["https:\/\/bahiaeconomica.com.br\/wp\/2024\/02\/05\/abertura-de-micro-e-pequenas-empresas-tem-alta-de-66-em-2023\/"]}]},{"@type":"BreadcrumbList","@id":"https:\/\/bahiaeconomica.com.br\/wp\/2024\/02\/05\/abertura-de-micro-e-pequenas-empresas-tem-alta-de-66-em-2023\/#breadcrumb","itemListElement":[{"@type":"ListItem","position":1,"name":"In\u00edcio","item":"https:\/\/bahiaeconomica.com.br\/wp\/"},{"@type":"ListItem","position":2,"name":"ABERTURA DE MICRO E PEQUENAS EMPRESAS TEM ALTA DE 6,6% EM 2023"}]},{"@type":"WebSite","@id":"https:\/\/bahiaeconomica.com.br\/wp\/#website","url":"https:\/\/bahiaeconomica.com.br\/wp\/","name":"Bahia Economica","description":"O maior portal de Economia da Bahia","publisher":{"@id":"https:\/\/bahiaeconomica.com.br\/wp\/#organization"},"potentialAction":[{"@type":"SearchAction","target":{"@type":"EntryPoint","urlTemplate":"https:\/\/bahiaeconomica.com.br\/wp\/?s={search_term_string}"},"query-input":"required name=search_term_string"}],"inLanguage":"pt-BR"},{"@type":"Organization","@id":"https:\/\/bahiaeconomica.com.br\/wp\/#organization","name":"Bahia Econ\u00f4mica","url":"https:\/\/bahiaeconomica.com.br\/wp\/","logo":{"@type":"ImageObject","inLanguage":"pt-BR","@id":"https:\/\/bahiaeconomica.com.br\/wp\/#\/schema\/logo\/image\/","url":"https:\/\/bahiaeconomica.com.br\/wp\/wp-content\/uploads\/2020\/12\/cropped-BE.png","contentUrl":"https:\/\/bahiaeconomica.com.br\/wp\/wp-content\/uploads\/2020\/12\/cropped-BE.png","width":512,"height":512,"caption":"Bahia Econ\u00f4mica"},"image":{"@id":"https:\/\/bahiaeconomica.com.br\/wp\/#\/schema\/logo\/image\/"},"sameAs":["https:\/\/www.facebook.com\/bahiaeconomica"]},{"@type":"Person","@id":"https:\/\/bahiaeconomica.com.br\/wp\/#\/schema\/person\/18273ac0fe04bfd4e7b101bf17d40152","name":"LUIZA NASCIMENTO","sameAs":["http:\/\/www.bahiaeconomica.com.br"],"url":"https:\/\/bahiaeconomica.com.br\/wp\/author\/luiza-nascimento\/"}]}},"views":16,"_links":{"self":[{"href":"https:\/\/bahiaeconomica.com.br\/wp\/wp-json\/wp\/v2\/posts\/795571"}],"collection":[{"href":"https:\/\/bahiaeconomica.com.br\/wp\/wp-json\/wp\/v2\/posts"}],"about":[{"href":"https:\/\/bahiaeconomica.com.br\/wp\/wp-json\/wp\/v2\/types\/post"}],"author":[{"embeddable":true,"href":"https:\/\/bahiaeconomica.com.br\/wp\/wp-json\/wp\/v2\/users\/16"}],"replies":[{"embeddable":true,"href":"https:\/\/bahiaeconomica.com.br\/wp\/wp-json\/wp\/v2\/comments?post=795571"}],"version-history":[{"count":1,"href":"https:\/\/bahiaeconomica.com.br\/wp\/wp-json\/wp\/v2\/posts\/795571\/revisions"}],"predecessor-version":[{"id":795583,"href":"https:\/\/bahiaeconomica.com.br\/wp\/wp-json\/wp\/v2\/posts\/795571\/revisions\/795583"}],"wp:featuredmedia":[{"embeddable":true,"href":"https:\/\/bahiaeconomica.com.br\/wp\/wp-json\/wp\/v2\/media\/795582"}],"wp:attachment":[{"href":"https:\/\/bahiaeconomica.com.br\/wp\/wp-json\/wp\/v2\/media?parent=795571"}],"wp:term":[{"taxonomy":"category","embeddable":true,"href":"https:\/\/bahiaeconomica.com.br\/wp\/wp-json\/wp\/v2\/categories?post=795571"},{"taxonomy":"post_tag","embeddable":true,"href":"https:\/\/bahiaeconomica.com.br\/wp\/wp-json\/wp\/v2\/tags?post=795571"}],"curies":[{"name":"wp","href":"https:\/\/api.w.org\/{rel}","templated":true}]}}