{"id":794450,"date":"2024-01-31T14:55:40","date_gmt":"2024-01-31T17:55:40","guid":{"rendered":"https:\/\/bahiaeconomica.com.br\/wp\/?p=794450"},"modified":"2024-01-31T14:55:40","modified_gmt":"2024-01-31T17:55:40","slug":"governo-quer-diminuir-preco-do-combustivel-de-aviacao-e-defende-discussao-rigorosa-com-petrobras","status":"publish","type":"post","link":"https:\/\/bahiaeconomica.com.br\/wp\/2024\/01\/31\/governo-quer-diminuir-preco-do-combustivel-de-aviacao-e-defende-discussao-rigorosa-com-petrobras\/","title":{"rendered":"GOVERNO QUER DIMINUIR PRE\u00c7O DO COMBUST\u00cdVEL DE AVIA\u00c7\u00c3O E DEFENDE DISCUSS\u00c3O &#8216;RIGOROSA&#8217; COM PETROBRAS"},"content":{"rendered":"<p>O ministro de Minas e Energia, Alexandre Silveira, afirmou nesta quarta-feira (31), que o governo vai ter uma &#8220;discuss\u00e3o rigorosa&#8221; com a Petrobras sobre o pre\u00e7o do querosene de avia\u00e7\u00e3o.<\/p>\n<p>O governo planeja diminuir o pre\u00e7o do querosene para baixar o valor das passagens a\u00e9reas. O combust\u00edvel, utilizado pelos avi\u00f5es comerciais, \u00e9 um dos maiores custos do setor.<\/p>\n<p>&#8220;A Petrobras, por ser quase que a monopolista do QAV no Brasil, a discuss\u00e3o com ela deve ser mais rigorosa&#8221;, afirmou.<\/p>\n<p>De acordo com Silveira, o governo pretende ter uma &#8220;discuss\u00e3o franca e aberta, sem intervir na natureza jur\u00eddica das empresas&#8221; para reduzir as tarifas o setor a\u00e9reo.<\/p>\n<p>&#8220;O Querosene de Avia\u00e7\u00e3o faz parte disso, mas n\u00e3o \u00e9 s\u00f3 isso na nossa vis\u00e3o, precisamos discutir o que o QAV representa em uma pol\u00edtica vertical imprimida pelo Conselho Nacional de Pol\u00edtica Energ\u00e9tica a todos os fabricantes do Brasil&#8221;, disse.<\/p>\n<p>(G1)<\/p>\n<p>&nbsp;<\/p>\n<p>&nbsp;<\/p>\n<p>Foto: Divulga\u00e7\u00e3o<\/p>\n","protected":false},"excerpt":{"rendered":"<p>O ministro de Minas e Energia, Alexandre Silveira, afirmou nesta quarta-feira (31), que o governo vai ter uma &#8220;discuss\u00e3o rigorosa&#8221; com a Petrobras sobre o pre\u00e7o do querosene de avia\u00e7\u00e3o. O governo planeja diminuir o pre\u00e7o do querosene para baixar o valor das passagens a\u00e9reas. O combust\u00edvel, utilizado pelos avi\u00f5es comerciais, \u00e9 um dos maiores [&hellip;]<\/p>\n","protected":false},"author":19,"featured_media":790471,"comment_status":"closed","ping_status":"closed","sticky":false,"template":"","format":"standard","meta":[],"categories":[3],"tags":[2851,52,213,233,789,1181,8857],"acf":[],"yoast_head":"<!-- This site is optimized with the Yoast SEO plugin v20.8 - https:\/\/yoast.com\/wordpress\/plugins\/seo\/ -->\n<title>GOVERNO QUER DIMINUIR PRE\u00c7O DO COMBUST\u00cdVEL DE AVIA\u00c7\u00c3O E DEFENDE DISCUSS\u00c3O &#039;RIGOROSA&#039; COM PETROBRAS - Bahia Economica<\/title>\n<meta name=\"description\" content=\"O maior portal de Economia da Bahia ECONOMIA \/ POL\u00cdTICA Bahia Economica\" \/>\n<meta name=\"robots\" content=\"index, follow, max-snippet:-1, max-image-preview:large, max-video-preview:-1\" \/>\n<link rel=\"canonical\" href=\"https:\/\/bahiaeconomica.com.br\/wp\/2024\/01\/31\/governo-quer-diminuir-preco-do-combustivel-de-aviacao-e-defende-discussao-rigorosa-com-petrobras\/\" \/>\n<meta property=\"og:locale\" content=\"pt_BR\" \/>\n<meta property=\"og:type\" content=\"article\" \/>\n<meta property=\"og:title\" content=\"GOVERNO QUER DIMINUIR PRE\u00c7O DO COMBUST\u00cdVEL DE AVIA\u00c7\u00c3O E DEFENDE DISCUSS\u00c3O &#039;RIGOROSA&#039; COM PETROBRAS - Bahia Economica\" \/>\n<meta property=\"og:description\" content=\"O maior portal de Economia da Bahia ECONOMIA \/ POL\u00cdTICA Bahia Economica\" \/>\n<meta property=\"og:url\" content=\"https:\/\/bahiaeconomica.com.br\/wp\/2024\/01\/31\/governo-quer-diminuir-preco-do-combustivel-de-aviacao-e-defende-discussao-rigorosa-com-petrobras\/\" \/>\n<meta property=\"og:site_name\" content=\"Bahia Economica\" \/>\n<meta property=\"article:publisher\" content=\"https:\/\/www.facebook.com\/bahiaeconomica\" \/>\n<meta property=\"article:published_time\" content=\"2024-01-31T17:55:40+00:00\" \/>\n<meta property=\"og:image\" content=\"https:\/\/bahiaeconomica.com.br\/wp\/wp-content\/uploads\/2024\/01\/Petrobras.png\" \/>\n\t<meta property=\"og:image:width\" content=\"600\" \/>\n\t<meta property=\"og:image:height\" content=\"420\" \/>\n\t<meta property=\"og:image:type\" content=\"image\/png\" \/>\n<meta name=\"author\" content=\"LIZANDRA MUNIZ\" \/>\n<meta name=\"twitter:card\" content=\"summary_large_image\" \/>\n<meta name=\"twitter:label1\" content=\"Escrito por\" \/>\n\t<meta name=\"twitter:data1\" content=\"LIZANDRA MUNIZ\" \/>\n\t<meta name=\"twitter:label2\" content=\"Est. tempo de leitura\" \/>\n\t<meta name=\"twitter:data2\" content=\"1 minuto\" \/>\n<script type=\"application\/ld+json\" class=\"yoast-schema-graph\">{\"@context\":\"https:\/\/schema.org\",\"@graph\":[{\"@type\":\"Article\",\"@id\":\"https:\/\/bahiaeconomica.com.br\/wp\/2024\/01\/31\/governo-quer-diminuir-preco-do-combustivel-de-aviacao-e-defende-discussao-rigorosa-com-petrobras\/#article\",\"isPartOf\":{\"@id\":\"https:\/\/bahiaeconomica.com.br\/wp\/2024\/01\/31\/governo-quer-diminuir-preco-do-combustivel-de-aviacao-e-defende-discussao-rigorosa-com-petrobras\/\"},\"author\":{\"name\":\"LIZANDRA MUNIZ\",\"@id\":\"https:\/\/bahiaeconomica.com.br\/wp\/#\/schema\/person\/0868b18bbfdd29723e44135140f35148\"},\"headline\":\"GOVERNO QUER DIMINUIR PRE\u00c7O DO COMBUST\u00cdVEL DE AVIA\u00c7\u00c3O E DEFENDE DISCUSS\u00c3O &#8216;RIGOROSA&#8217; COM PETROBRAS\",\"datePublished\":\"2024-01-31T17:55:40+00:00\",\"dateModified\":\"2024-01-31T17:55:40+00:00\",\"mainEntityOfPage\":{\"@id\":\"https:\/\/bahiaeconomica.com.br\/wp\/2024\/01\/31\/governo-quer-diminuir-preco-do-combustivel-de-aviacao-e-defende-discussao-rigorosa-com-petrobras\/\"},\"wordCount\":184,\"publisher\":{\"@id\":\"https:\/\/bahiaeconomica.com.br\/wp\/#organization\"},\"keywords\":[\"avia\u00e7\u00e3o\",\"Brasil\",\"Economia\",\"Governo\",\"Petrobras\",\"preco\",\"QAV\"],\"articleSection\":[\"ECONOMIA \/ POL\u00cdTICA\"],\"inLanguage\":\"pt-BR\"},{\"@type\":\"WebPage\",\"@id\":\"https:\/\/bahiaeconomica.com.br\/wp\/2024\/01\/31\/governo-quer-diminuir-preco-do-combustivel-de-aviacao-e-defende-discussao-rigorosa-com-petrobras\/\",\"url\":\"https:\/\/bahiaeconomica.com.br\/wp\/2024\/01\/31\/governo-quer-diminuir-preco-do-combustivel-de-aviacao-e-defende-discussao-rigorosa-com-petrobras\/\",\"name\":\"GOVERNO QUER DIMINUIR PRE\u00c7O DO COMBUST\u00cdVEL DE AVIA\u00c7\u00c3O E DEFENDE DISCUSS\u00c3O 'RIGOROSA' COM PETROBRAS - Bahia Economica\",\"isPartOf\":{\"@id\":\"https:\/\/bahiaeconomica.com.br\/wp\/#website\"},\"datePublished\":\"2024-01-31T17:55:40+00:00\",\"dateModified\":\"2024-01-31T17:55:40+00:00\",\"description\":\"O maior portal de Economia da Bahia ECONOMIA \/ POL\u00cdTICA Bahia Economica\",\"breadcrumb\":{\"@id\":\"https:\/\/bahiaeconomica.com.br\/wp\/2024\/01\/31\/governo-quer-diminuir-preco-do-combustivel-de-aviacao-e-defende-discussao-rigorosa-com-petrobras\/#breadcrumb\"},\"inLanguage\":\"pt-BR\",\"potentialAction\":[{\"@type\":\"ReadAction\",\"target\":[\"https:\/\/bahiaeconomica.com.br\/wp\/2024\/01\/31\/governo-quer-diminuir-preco-do-combustivel-de-aviacao-e-defende-discussao-rigorosa-com-petrobras\/\"]}]},{\"@type\":\"BreadcrumbList\",\"@id\":\"https:\/\/bahiaeconomica.com.br\/wp\/2024\/01\/31\/governo-quer-diminuir-preco-do-combustivel-de-aviacao-e-defende-discussao-rigorosa-com-petrobras\/#breadcrumb\",\"itemListElement\":[{\"@type\":\"ListItem\",\"position\":1,\"name\":\"In\u00edcio\",\"item\":\"https:\/\/bahiaeconomica.com.br\/wp\/\"},{\"@type\":\"ListItem\",\"position\":2,\"name\":\"GOVERNO QUER DIMINUIR PRE\u00c7O DO COMBUST\u00cdVEL DE AVIA\u00c7\u00c3O E DEFENDE DISCUSS\u00c3O &#8216;RIGOROSA&#8217; COM PETROBRAS\"}]},{\"@type\":\"WebSite\",\"@id\":\"https:\/\/bahiaeconomica.com.br\/wp\/#website\",\"url\":\"https:\/\/bahiaeconomica.com.br\/wp\/\",\"name\":\"Bahia Economica\",\"description\":\"O maior portal de Economia da Bahia\",\"publisher\":{\"@id\":\"https:\/\/bahiaeconomica.com.br\/wp\/#organization\"},\"potentialAction\":[{\"@type\":\"SearchAction\",\"target\":{\"@type\":\"EntryPoint\",\"urlTemplate\":\"https:\/\/bahiaeconomica.com.br\/wp\/?s={search_term_string}\"},\"query-input\":\"required name=search_term_string\"}],\"inLanguage\":\"pt-BR\"},{\"@type\":\"Organization\",\"@id\":\"https:\/\/bahiaeconomica.com.br\/wp\/#organization\",\"name\":\"Bahia Econ\u00f4mica\",\"url\":\"https:\/\/bahiaeconomica.com.br\/wp\/\",\"logo\":{\"@type\":\"ImageObject\",\"inLanguage\":\"pt-BR\",\"@id\":\"https:\/\/bahiaeconomica.com.br\/wp\/#\/schema\/logo\/image\/\",\"url\":\"https:\/\/bahiaeconomica.com.br\/wp\/wp-content\/uploads\/2020\/12\/cropped-BE.png\",\"contentUrl\":\"https:\/\/bahiaeconomica.com.br\/wp\/wp-content\/uploads\/2020\/12\/cropped-BE.png\",\"width\":512,\"height\":512,\"caption\":\"Bahia Econ\u00f4mica\"},\"image\":{\"@id\":\"https:\/\/bahiaeconomica.com.br\/wp\/#\/schema\/logo\/image\/\"},\"sameAs\":[\"https:\/\/www.facebook.com\/bahiaeconomica\"]},{\"@type\":\"Person\",\"@id\":\"https:\/\/bahiaeconomica.com.br\/wp\/#\/schema\/person\/0868b18bbfdd29723e44135140f35148\",\"name\":\"LIZANDRA MUNIZ\",\"sameAs\":[\"http:\/\/www.bahiaeconomica.com.br\"],\"url\":\"https:\/\/bahiaeconomica.com.br\/wp\/author\/lizandra-muniz\/\"}]}<\/script>\n<!-- \/ Yoast SEO plugin. -->","yoast_head_json":{"title":"GOVERNO QUER DIMINUIR PRE\u00c7O DO COMBUST\u00cdVEL DE AVIA\u00c7\u00c3O E DEFENDE DISCUSS\u00c3O 'RIGOROSA' COM PETROBRAS - Bahia Economica","description":"O maior portal de Economia da Bahia ECONOMIA \/ POL\u00cdTICA Bahia Economica","robots":{"index":"index","follow":"follow","max-snippet":"max-snippet:-1","max-image-preview":"max-image-preview:large","max-video-preview":"max-video-preview:-1"},"canonical":"https:\/\/bahiaeconomica.com.br\/wp\/2024\/01\/31\/governo-quer-diminuir-preco-do-combustivel-de-aviacao-e-defende-discussao-rigorosa-com-petrobras\/","og_locale":"pt_BR","og_type":"article","og_title":"GOVERNO QUER DIMINUIR PRE\u00c7O DO COMBUST\u00cdVEL DE AVIA\u00c7\u00c3O E DEFENDE DISCUSS\u00c3O 'RIGOROSA' COM PETROBRAS - Bahia Economica","og_description":"O maior portal de Economia da Bahia ECONOMIA \/ POL\u00cdTICA Bahia Economica","og_url":"https:\/\/bahiaeconomica.com.br\/wp\/2024\/01\/31\/governo-quer-diminuir-preco-do-combustivel-de-aviacao-e-defende-discussao-rigorosa-com-petrobras\/","og_site_name":"Bahia Economica","article_publisher":"https:\/\/www.facebook.com\/bahiaeconomica","article_published_time":"2024-01-31T17:55:40+00:00","og_image":[{"width":600,"height":420,"url":"https:\/\/bahiaeconomica.com.br\/wp\/wp-content\/uploads\/2024\/01\/Petrobras.png","type":"image\/png"}],"author":"LIZANDRA MUNIZ","twitter_card":"summary_large_image","twitter_misc":{"Escrito por":"LIZANDRA MUNIZ","Est. tempo de leitura":"1 minuto"},"schema":{"@context":"https:\/\/schema.org","@graph":[{"@type":"Article","@id":"https:\/\/bahiaeconomica.com.br\/wp\/2024\/01\/31\/governo-quer-diminuir-preco-do-combustivel-de-aviacao-e-defende-discussao-rigorosa-com-petrobras\/#article","isPartOf":{"@id":"https:\/\/bahiaeconomica.com.br\/wp\/2024\/01\/31\/governo-quer-diminuir-preco-do-combustivel-de-aviacao-e-defende-discussao-rigorosa-com-petrobras\/"},"author":{"name":"LIZANDRA MUNIZ","@id":"https:\/\/bahiaeconomica.com.br\/wp\/#\/schema\/person\/0868b18bbfdd29723e44135140f35148"},"headline":"GOVERNO QUER DIMINUIR PRE\u00c7O DO COMBUST\u00cdVEL DE AVIA\u00c7\u00c3O E DEFENDE DISCUSS\u00c3O &#8216;RIGOROSA&#8217; COM PETROBRAS","datePublished":"2024-01-31T17:55:40+00:00","dateModified":"2024-01-31T17:55:40+00:00","mainEntityOfPage":{"@id":"https:\/\/bahiaeconomica.com.br\/wp\/2024\/01\/31\/governo-quer-diminuir-preco-do-combustivel-de-aviacao-e-defende-discussao-rigorosa-com-petrobras\/"},"wordCount":184,"publisher":{"@id":"https:\/\/bahiaeconomica.com.br\/wp\/#organization"},"keywords":["avia\u00e7\u00e3o","Brasil","Economia","Governo","Petrobras","preco","QAV"],"articleSection":["ECONOMIA \/ POL\u00cdTICA"],"inLanguage":"pt-BR"},{"@type":"WebPage","@id":"https:\/\/bahiaeconomica.com.br\/wp\/2024\/01\/31\/governo-quer-diminuir-preco-do-combustivel-de-aviacao-e-defende-discussao-rigorosa-com-petrobras\/","url":"https:\/\/bahiaeconomica.com.br\/wp\/2024\/01\/31\/governo-quer-diminuir-preco-do-combustivel-de-aviacao-e-defende-discussao-rigorosa-com-petrobras\/","name":"GOVERNO QUER DIMINUIR PRE\u00c7O DO COMBUST\u00cdVEL DE AVIA\u00c7\u00c3O E DEFENDE DISCUSS\u00c3O 'RIGOROSA' COM PETROBRAS - Bahia Economica","isPartOf":{"@id":"https:\/\/bahiaeconomica.com.br\/wp\/#website"},"datePublished":"2024-01-31T17:55:40+00:00","dateModified":"2024-01-31T17:55:40+00:00","description":"O maior portal de Economia da Bahia ECONOMIA \/ POL\u00cdTICA Bahia Economica","breadcrumb":{"@id":"https:\/\/bahiaeconomica.com.br\/wp\/2024\/01\/31\/governo-quer-diminuir-preco-do-combustivel-de-aviacao-e-defende-discussao-rigorosa-com-petrobras\/#breadcrumb"},"inLanguage":"pt-BR","potentialAction":[{"@type":"ReadAction","target":["https:\/\/bahiaeconomica.com.br\/wp\/2024\/01\/31\/governo-quer-diminuir-preco-do-combustivel-de-aviacao-e-defende-discussao-rigorosa-com-petrobras\/"]}]},{"@type":"BreadcrumbList","@id":"https:\/\/bahiaeconomica.com.br\/wp\/2024\/01\/31\/governo-quer-diminuir-preco-do-combustivel-de-aviacao-e-defende-discussao-rigorosa-com-petrobras\/#breadcrumb","itemListElement":[{"@type":"ListItem","position":1,"name":"In\u00edcio","item":"https:\/\/bahiaeconomica.com.br\/wp\/"},{"@type":"ListItem","position":2,"name":"GOVERNO QUER DIMINUIR PRE\u00c7O DO COMBUST\u00cdVEL DE AVIA\u00c7\u00c3O E DEFENDE DISCUSS\u00c3O &#8216;RIGOROSA&#8217; COM PETROBRAS"}]},{"@type":"WebSite","@id":"https:\/\/bahiaeconomica.com.br\/wp\/#website","url":"https:\/\/bahiaeconomica.com.br\/wp\/","name":"Bahia Economica","description":"O maior portal de Economia da Bahia","publisher":{"@id":"https:\/\/bahiaeconomica.com.br\/wp\/#organization"},"potentialAction":[{"@type":"SearchAction","target":{"@type":"EntryPoint","urlTemplate":"https:\/\/bahiaeconomica.com.br\/wp\/?s={search_term_string}"},"query-input":"required name=search_term_string"}],"inLanguage":"pt-BR"},{"@type":"Organization","@id":"https:\/\/bahiaeconomica.com.br\/wp\/#organization","name":"Bahia Econ\u00f4mica","url":"https:\/\/bahiaeconomica.com.br\/wp\/","logo":{"@type":"ImageObject","inLanguage":"pt-BR","@id":"https:\/\/bahiaeconomica.com.br\/wp\/#\/schema\/logo\/image\/","url":"https:\/\/bahiaeconomica.com.br\/wp\/wp-content\/uploads\/2020\/12\/cropped-BE.png","contentUrl":"https:\/\/bahiaeconomica.com.br\/wp\/wp-content\/uploads\/2020\/12\/cropped-BE.png","width":512,"height":512,"caption":"Bahia Econ\u00f4mica"},"image":{"@id":"https:\/\/bahiaeconomica.com.br\/wp\/#\/schema\/logo\/image\/"},"sameAs":["https:\/\/www.facebook.com\/bahiaeconomica"]},{"@type":"Person","@id":"https:\/\/bahiaeconomica.com.br\/wp\/#\/schema\/person\/0868b18bbfdd29723e44135140f35148","name":"LIZANDRA MUNIZ","sameAs":["http:\/\/www.bahiaeconomica.com.br"],"url":"https:\/\/bahiaeconomica.com.br\/wp\/author\/lizandra-muniz\/"}]}},"views":6,"_links":{"self":[{"href":"https:\/\/bahiaeconomica.com.br\/wp\/wp-json\/wp\/v2\/posts\/794450"}],"collection":[{"href":"https:\/\/bahiaeconomica.com.br\/wp\/wp-json\/wp\/v2\/posts"}],"about":[{"href":"https:\/\/bahiaeconomica.com.br\/wp\/wp-json\/wp\/v2\/types\/post"}],"author":[{"embeddable":true,"href":"https:\/\/bahiaeconomica.com.br\/wp\/wp-json\/wp\/v2\/users\/19"}],"replies":[{"embeddable":true,"href":"https:\/\/bahiaeconomica.com.br\/wp\/wp-json\/wp\/v2\/comments?post=794450"}],"version-history":[{"count":1,"href":"https:\/\/bahiaeconomica.com.br\/wp\/wp-json\/wp\/v2\/posts\/794450\/revisions"}],"predecessor-version":[{"id":794454,"href":"https:\/\/bahiaeconomica.com.br\/wp\/wp-json\/wp\/v2\/posts\/794450\/revisions\/794454"}],"wp:featuredmedia":[{"embeddable":true,"href":"https:\/\/bahiaeconomica.com.br\/wp\/wp-json\/wp\/v2\/media\/790471"}],"wp:attachment":[{"href":"https:\/\/bahiaeconomica.com.br\/wp\/wp-json\/wp\/v2\/media?parent=794450"}],"wp:term":[{"taxonomy":"category","embeddable":true,"href":"https:\/\/bahiaeconomica.com.br\/wp\/wp-json\/wp\/v2\/categories?post=794450"},{"taxonomy":"post_tag","embeddable":true,"href":"https:\/\/bahiaeconomica.com.br\/wp\/wp-json\/wp\/v2\/tags?post=794450"}],"curies":[{"name":"wp","href":"https:\/\/api.w.org\/{rel}","templated":true}]}}