{"id":794138,"date":"2024-01-30T14:34:48","date_gmt":"2024-01-30T17:34:48","guid":{"rendered":"https:\/\/bahiaeconomica.com.br\/wp\/?p=794138"},"modified":"2024-01-30T14:53:40","modified_gmt":"2024-01-30T17:53:40","slug":"otto-afirma-ter-sido-alvo-da-abin-ja-sabiamos-mas-nao-havia-comprovacao","status":"publish","type":"post","link":"https:\/\/bahiaeconomica.com.br\/wp\/2024\/01\/30\/otto-afirma-ter-sido-alvo-da-abin-ja-sabiamos-mas-nao-havia-comprovacao\/","title":{"rendered":"OTTO AFIRMA TER SIDO ALVO DA ABIN: &#8216;J\u00c1 SAB\u00cdAMOS, MAS N\u00c3O HAVIA COMPROVA\u00c7\u00c3O&#8217;"},"content":{"rendered":"<p>O senador Otto Alencar (PSD) afirmou, nesta ter\u00e7a-feira (30) que foi um dos alvos da chamada &#8220;Abin Paralela&#8221; no governo do ex-presidente Jair Bolsonaro (PL) \u00e0 \u00e9poca em que participou como membro da CPI da Covid e durante a elei\u00e7\u00e3o de 2022.<\/p>\n<p>\u201cJ\u00e1 sab\u00edamos, naquela \u00e9poca, mas n\u00e3o havia comprova\u00e7\u00e3o, que o presidente da Rep\u00fablica usava o aparelho do Estado para intimidar, para investigar, para ter informa\u00e7\u00f5es. Isso come\u00e7ou na Covid, quando ele sentiu o peso da Comiss\u00e3o Parlamentar de Inqu\u00e9rito e, consequentemente, come\u00e7ou a atuar para tentar inibir o processo. Aconteceu e foi comprovado, inclusive na Receita Federal. Minha vida foi totalmente vasculhada na Receita Federal\u201d, declarou Otto em entrevista \u00e0 R\u00e1dio Mix Salvador.<\/p>\n<p>Na segunda-feira (29), a Pol\u00edcia Federal cumpriu mandados de busca e apreens\u00e3o em endere\u00e7os do vereador Carlos Bolsonaro (Republicanos), na terceira opera\u00e7\u00e3o da investiga\u00e7\u00e3o sobre a \u201cAbin Paralela\u201d. Alexandre Ramagem, hoje deputado federal e tamb\u00e9m alvo das apura\u00e7\u00f5es, foi chefe da Abin no governo Bolsonaro e \u00e9 pr\u00f3ximo \u00e0 fam\u00edlia do ex-presidente da Rep\u00fablica.<\/p>\n<p>Relat\u00f3rios produzidos pela ag\u00eancia sob Bolsonaro e o uso do software espi\u00e3o FirstMile est\u00e3o no centro da investiga\u00e7\u00e3o da PF.<\/p>\n<p>\u201cO ex-presidente da Rep\u00fablica usou o aparelho do Estado com a Pol\u00edcia Rodovi\u00e1ria Federal nas elei\u00e7\u00f5es de 2022. A Pol\u00edcia Rodovi\u00e1ria Federal me parou, porque eu estava com adesivo do 13 no cap\u00f4 do carro, na entrada de Feira de Santana. Mandou eu esperar, aguardar um bocado de tempo, esperando uma carteirada, que eu n\u00e3o dei&#8221;, completou o parlamentar.<\/p>\n<p><strong>Foto: Roque de S\u00e1\/Ag\u00eancia Senado\u00a0<\/strong><\/p>\n","protected":false},"excerpt":{"rendered":"<p>O senador Otto Alencar (PSD) afirmou, nesta ter\u00e7a-feira (30) que foi um dos alvos da chamada &#8220;Abin Paralela&#8221; no governo do ex-presidente Jair Bolsonaro (PL) \u00e0 \u00e9poca em que participou como membro da CPI da Covid e durante a elei\u00e7\u00e3o de 2022. \u201cJ\u00e1 sab\u00edamos, naquela \u00e9poca, mas n\u00e3o havia comprova\u00e7\u00e3o, que o presidente da Rep\u00fablica [&hellip;]<\/p>\n","protected":false},"author":18,"featured_media":794140,"comment_status":"closed","ping_status":"closed","sticky":false,"template":"","format":"standard","meta":[],"categories":[14601],"tags":[26098,26099,3966,111,3656],"acf":[],"yoast_head":"<!-- This site is optimized with the Yoast SEO plugin v20.8 - https:\/\/yoast.com\/wordpress\/plugins\/seo\/ -->\n<title>OTTO AFIRMA TER SIDO ALVO DA ABIN: &#039;J\u00c1 SAB\u00cdAMOS, MAS N\u00c3O HAVIA COMPROVA\u00c7\u00c3O&#039; - Bahia Economica<\/title>\n<meta name=\"description\" content=\"O maior portal de Economia da Bahia Pol\u00edtica Bahia Economica O senador Otto Alencar (PSD) afirmou, nesta ter\u00e7a-feira (30)\" \/>\n<meta name=\"robots\" content=\"index, follow, max-snippet:-1, max-image-preview:large, max-video-preview:-1\" \/>\n<link rel=\"canonical\" href=\"https:\/\/bahiaeconomica.com.br\/wp\/2024\/01\/30\/otto-afirma-ter-sido-alvo-da-abin-ja-sabiamos-mas-nao-havia-comprovacao\/\" \/>\n<meta property=\"og:locale\" content=\"pt_BR\" \/>\n<meta property=\"og:type\" content=\"article\" \/>\n<meta property=\"og:title\" content=\"OTTO AFIRMA TER SIDO ALVO DA ABIN: &#039;J\u00c1 SAB\u00cdAMOS, MAS N\u00c3O HAVIA COMPROVA\u00c7\u00c3O&#039; - Bahia Economica\" \/>\n<meta property=\"og:description\" content=\"O maior portal de Economia da Bahia Pol\u00edtica Bahia Economica O senador Otto Alencar (PSD) afirmou, nesta ter\u00e7a-feira (30)\" \/>\n<meta property=\"og:url\" content=\"https:\/\/bahiaeconomica.com.br\/wp\/2024\/01\/30\/otto-afirma-ter-sido-alvo-da-abin-ja-sabiamos-mas-nao-havia-comprovacao\/\" \/>\n<meta property=\"og:site_name\" content=\"Bahia Economica\" \/>\n<meta property=\"article:publisher\" content=\"https:\/\/www.facebook.com\/bahiaeconomica\" \/>\n<meta property=\"article:published_time\" content=\"2024-01-30T17:34:48+00:00\" \/>\n<meta property=\"article:modified_time\" content=\"2024-01-30T17:53:40+00:00\" \/>\n<meta property=\"og:image\" content=\"https:\/\/bahiaeconomica.com.br\/wp\/wp-content\/uploads\/2024\/01\/96716935-6235-4d0b-bb9f-8b85b7b2c17a-1.jpeg\" \/>\n\t<meta property=\"og:image:width\" content=\"676\" \/>\n\t<meta property=\"og:image:height\" content=\"450\" \/>\n\t<meta property=\"og:image:type\" content=\"image\/jpeg\" \/>\n<meta name=\"author\" content=\"Emily Oliveira\" \/>\n<meta name=\"twitter:card\" content=\"summary_large_image\" \/>\n<meta name=\"twitter:label1\" content=\"Escrito por\" \/>\n\t<meta name=\"twitter:data1\" content=\"Emily Oliveira\" \/>\n\t<meta name=\"twitter:label2\" content=\"Est. tempo de leitura\" \/>\n\t<meta name=\"twitter:data2\" content=\"2 minutos\" \/>\n<script type=\"application\/ld+json\" class=\"yoast-schema-graph\">{\"@context\":\"https:\/\/schema.org\",\"@graph\":[{\"@type\":\"Article\",\"@id\":\"https:\/\/bahiaeconomica.com.br\/wp\/2024\/01\/30\/otto-afirma-ter-sido-alvo-da-abin-ja-sabiamos-mas-nao-havia-comprovacao\/#article\",\"isPartOf\":{\"@id\":\"https:\/\/bahiaeconomica.com.br\/wp\/2024\/01\/30\/otto-afirma-ter-sido-alvo-da-abin-ja-sabiamos-mas-nao-havia-comprovacao\/\"},\"author\":{\"name\":\"Emily Oliveira\",\"@id\":\"https:\/\/bahiaeconomica.com.br\/wp\/#\/schema\/person\/547396bb3b39ebb828ab5807d982c42f\"},\"headline\":\"OTTO AFIRMA TER SIDO ALVO DA ABIN: &#8216;J\u00c1 SAB\u00cdAMOS, MAS N\u00c3O HAVIA COMPROVA\u00c7\u00c3O&#8217;\",\"datePublished\":\"2024-01-30T17:34:48+00:00\",\"dateModified\":\"2024-01-30T17:53:40+00:00\",\"mainEntityOfPage\":{\"@id\":\"https:\/\/bahiaeconomica.com.br\/wp\/2024\/01\/30\/otto-afirma-ter-sido-alvo-da-abin-ja-sabiamos-mas-nao-havia-comprovacao\/\"},\"wordCount\":296,\"publisher\":{\"@id\":\"https:\/\/bahiaeconomica.com.br\/wp\/#organization\"},\"keywords\":[\"abin paralela\",\"alvo da abin\",\"ex-presidente\",\"governo Bolsonaro\",\"OTTO ALENCAR\"],\"articleSection\":[\"Pol\u00edtica\"],\"inLanguage\":\"pt-BR\"},{\"@type\":\"WebPage\",\"@id\":\"https:\/\/bahiaeconomica.com.br\/wp\/2024\/01\/30\/otto-afirma-ter-sido-alvo-da-abin-ja-sabiamos-mas-nao-havia-comprovacao\/\",\"url\":\"https:\/\/bahiaeconomica.com.br\/wp\/2024\/01\/30\/otto-afirma-ter-sido-alvo-da-abin-ja-sabiamos-mas-nao-havia-comprovacao\/\",\"name\":\"OTTO AFIRMA TER SIDO ALVO DA ABIN: 'J\u00c1 SAB\u00cdAMOS, MAS N\u00c3O HAVIA COMPROVA\u00c7\u00c3O' - Bahia Economica\",\"isPartOf\":{\"@id\":\"https:\/\/bahiaeconomica.com.br\/wp\/#website\"},\"datePublished\":\"2024-01-30T17:34:48+00:00\",\"dateModified\":\"2024-01-30T17:53:40+00:00\",\"description\":\"O maior portal de Economia da Bahia Pol\u00edtica Bahia Economica O senador Otto Alencar (PSD) afirmou, nesta ter\u00e7a-feira (30)\",\"breadcrumb\":{\"@id\":\"https:\/\/bahiaeconomica.com.br\/wp\/2024\/01\/30\/otto-afirma-ter-sido-alvo-da-abin-ja-sabiamos-mas-nao-havia-comprovacao\/#breadcrumb\"},\"inLanguage\":\"pt-BR\",\"potentialAction\":[{\"@type\":\"ReadAction\",\"target\":[\"https:\/\/bahiaeconomica.com.br\/wp\/2024\/01\/30\/otto-afirma-ter-sido-alvo-da-abin-ja-sabiamos-mas-nao-havia-comprovacao\/\"]}]},{\"@type\":\"BreadcrumbList\",\"@id\":\"https:\/\/bahiaeconomica.com.br\/wp\/2024\/01\/30\/otto-afirma-ter-sido-alvo-da-abin-ja-sabiamos-mas-nao-havia-comprovacao\/#breadcrumb\",\"itemListElement\":[{\"@type\":\"ListItem\",\"position\":1,\"name\":\"In\u00edcio\",\"item\":\"https:\/\/bahiaeconomica.com.br\/wp\/\"},{\"@type\":\"ListItem\",\"position\":2,\"name\":\"OTTO AFIRMA TER SIDO ALVO DA ABIN: &#8216;J\u00c1 SAB\u00cdAMOS, MAS N\u00c3O HAVIA COMPROVA\u00c7\u00c3O&#8217;\"}]},{\"@type\":\"WebSite\",\"@id\":\"https:\/\/bahiaeconomica.com.br\/wp\/#website\",\"url\":\"https:\/\/bahiaeconomica.com.br\/wp\/\",\"name\":\"Bahia Economica\",\"description\":\"O maior portal de Economia da Bahia\",\"publisher\":{\"@id\":\"https:\/\/bahiaeconomica.com.br\/wp\/#organization\"},\"potentialAction\":[{\"@type\":\"SearchAction\",\"target\":{\"@type\":\"EntryPoint\",\"urlTemplate\":\"https:\/\/bahiaeconomica.com.br\/wp\/?s={search_term_string}\"},\"query-input\":\"required name=search_term_string\"}],\"inLanguage\":\"pt-BR\"},{\"@type\":\"Organization\",\"@id\":\"https:\/\/bahiaeconomica.com.br\/wp\/#organization\",\"name\":\"Bahia Econ\u00f4mica\",\"url\":\"https:\/\/bahiaeconomica.com.br\/wp\/\",\"logo\":{\"@type\":\"ImageObject\",\"inLanguage\":\"pt-BR\",\"@id\":\"https:\/\/bahiaeconomica.com.br\/wp\/#\/schema\/logo\/image\/\",\"url\":\"https:\/\/bahiaeconomica.com.br\/wp\/wp-content\/uploads\/2020\/12\/cropped-BE.png\",\"contentUrl\":\"https:\/\/bahiaeconomica.com.br\/wp\/wp-content\/uploads\/2020\/12\/cropped-BE.png\",\"width\":512,\"height\":512,\"caption\":\"Bahia Econ\u00f4mica\"},\"image\":{\"@id\":\"https:\/\/bahiaeconomica.com.br\/wp\/#\/schema\/logo\/image\/\"},\"sameAs\":[\"https:\/\/www.facebook.com\/bahiaeconomica\"]},{\"@type\":\"Person\",\"@id\":\"https:\/\/bahiaeconomica.com.br\/wp\/#\/schema\/person\/547396bb3b39ebb828ab5807d982c42f\",\"name\":\"Emily Oliveira\",\"sameAs\":[\"https:\/\/bahiaeconomica.com.br\/wp\/\"],\"url\":\"https:\/\/bahiaeconomica.com.br\/wp\/author\/emily-oliveira\/\"}]}<\/script>\n<!-- \/ Yoast SEO plugin. -->","yoast_head_json":{"title":"OTTO AFIRMA TER SIDO ALVO DA ABIN: 'J\u00c1 SAB\u00cdAMOS, MAS N\u00c3O HAVIA COMPROVA\u00c7\u00c3O' - Bahia Economica","description":"O maior portal de Economia da Bahia Pol\u00edtica Bahia Economica O senador Otto Alencar (PSD) afirmou, nesta ter\u00e7a-feira (30)","robots":{"index":"index","follow":"follow","max-snippet":"max-snippet:-1","max-image-preview":"max-image-preview:large","max-video-preview":"max-video-preview:-1"},"canonical":"https:\/\/bahiaeconomica.com.br\/wp\/2024\/01\/30\/otto-afirma-ter-sido-alvo-da-abin-ja-sabiamos-mas-nao-havia-comprovacao\/","og_locale":"pt_BR","og_type":"article","og_title":"OTTO AFIRMA TER SIDO ALVO DA ABIN: 'J\u00c1 SAB\u00cdAMOS, MAS N\u00c3O HAVIA COMPROVA\u00c7\u00c3O' - Bahia Economica","og_description":"O maior portal de Economia da Bahia Pol\u00edtica Bahia Economica O senador Otto Alencar (PSD) afirmou, nesta ter\u00e7a-feira (30)","og_url":"https:\/\/bahiaeconomica.com.br\/wp\/2024\/01\/30\/otto-afirma-ter-sido-alvo-da-abin-ja-sabiamos-mas-nao-havia-comprovacao\/","og_site_name":"Bahia Economica","article_publisher":"https:\/\/www.facebook.com\/bahiaeconomica","article_published_time":"2024-01-30T17:34:48+00:00","article_modified_time":"2024-01-30T17:53:40+00:00","og_image":[{"width":676,"height":450,"url":"https:\/\/bahiaeconomica.com.br\/wp\/wp-content\/uploads\/2024\/01\/96716935-6235-4d0b-bb9f-8b85b7b2c17a-1.jpeg","type":"image\/jpeg"}],"author":"Emily Oliveira","twitter_card":"summary_large_image","twitter_misc":{"Escrito por":"Emily Oliveira","Est. tempo de leitura":"2 minutos"},"schema":{"@context":"https:\/\/schema.org","@graph":[{"@type":"Article","@id":"https:\/\/bahiaeconomica.com.br\/wp\/2024\/01\/30\/otto-afirma-ter-sido-alvo-da-abin-ja-sabiamos-mas-nao-havia-comprovacao\/#article","isPartOf":{"@id":"https:\/\/bahiaeconomica.com.br\/wp\/2024\/01\/30\/otto-afirma-ter-sido-alvo-da-abin-ja-sabiamos-mas-nao-havia-comprovacao\/"},"author":{"name":"Emily Oliveira","@id":"https:\/\/bahiaeconomica.com.br\/wp\/#\/schema\/person\/547396bb3b39ebb828ab5807d982c42f"},"headline":"OTTO AFIRMA TER SIDO ALVO DA ABIN: &#8216;J\u00c1 SAB\u00cdAMOS, MAS N\u00c3O HAVIA COMPROVA\u00c7\u00c3O&#8217;","datePublished":"2024-01-30T17:34:48+00:00","dateModified":"2024-01-30T17:53:40+00:00","mainEntityOfPage":{"@id":"https:\/\/bahiaeconomica.com.br\/wp\/2024\/01\/30\/otto-afirma-ter-sido-alvo-da-abin-ja-sabiamos-mas-nao-havia-comprovacao\/"},"wordCount":296,"publisher":{"@id":"https:\/\/bahiaeconomica.com.br\/wp\/#organization"},"keywords":["abin paralela","alvo da abin","ex-presidente","governo Bolsonaro","OTTO ALENCAR"],"articleSection":["Pol\u00edtica"],"inLanguage":"pt-BR"},{"@type":"WebPage","@id":"https:\/\/bahiaeconomica.com.br\/wp\/2024\/01\/30\/otto-afirma-ter-sido-alvo-da-abin-ja-sabiamos-mas-nao-havia-comprovacao\/","url":"https:\/\/bahiaeconomica.com.br\/wp\/2024\/01\/30\/otto-afirma-ter-sido-alvo-da-abin-ja-sabiamos-mas-nao-havia-comprovacao\/","name":"OTTO AFIRMA TER SIDO ALVO DA ABIN: 'J\u00c1 SAB\u00cdAMOS, MAS N\u00c3O HAVIA COMPROVA\u00c7\u00c3O' - Bahia Economica","isPartOf":{"@id":"https:\/\/bahiaeconomica.com.br\/wp\/#website"},"datePublished":"2024-01-30T17:34:48+00:00","dateModified":"2024-01-30T17:53:40+00:00","description":"O maior portal de Economia da Bahia Pol\u00edtica Bahia Economica O senador Otto Alencar (PSD) afirmou, nesta ter\u00e7a-feira (30)","breadcrumb":{"@id":"https:\/\/bahiaeconomica.com.br\/wp\/2024\/01\/30\/otto-afirma-ter-sido-alvo-da-abin-ja-sabiamos-mas-nao-havia-comprovacao\/#breadcrumb"},"inLanguage":"pt-BR","potentialAction":[{"@type":"ReadAction","target":["https:\/\/bahiaeconomica.com.br\/wp\/2024\/01\/30\/otto-afirma-ter-sido-alvo-da-abin-ja-sabiamos-mas-nao-havia-comprovacao\/"]}]},{"@type":"BreadcrumbList","@id":"https:\/\/bahiaeconomica.com.br\/wp\/2024\/01\/30\/otto-afirma-ter-sido-alvo-da-abin-ja-sabiamos-mas-nao-havia-comprovacao\/#breadcrumb","itemListElement":[{"@type":"ListItem","position":1,"name":"In\u00edcio","item":"https:\/\/bahiaeconomica.com.br\/wp\/"},{"@type":"ListItem","position":2,"name":"OTTO AFIRMA TER SIDO ALVO DA ABIN: &#8216;J\u00c1 SAB\u00cdAMOS, MAS N\u00c3O HAVIA COMPROVA\u00c7\u00c3O&#8217;"}]},{"@type":"WebSite","@id":"https:\/\/bahiaeconomica.com.br\/wp\/#website","url":"https:\/\/bahiaeconomica.com.br\/wp\/","name":"Bahia Economica","description":"O maior portal de Economia da Bahia","publisher":{"@id":"https:\/\/bahiaeconomica.com.br\/wp\/#organization"},"potentialAction":[{"@type":"SearchAction","target":{"@type":"EntryPoint","urlTemplate":"https:\/\/bahiaeconomica.com.br\/wp\/?s={search_term_string}"},"query-input":"required name=search_term_string"}],"inLanguage":"pt-BR"},{"@type":"Organization","@id":"https:\/\/bahiaeconomica.com.br\/wp\/#organization","name":"Bahia Econ\u00f4mica","url":"https:\/\/bahiaeconomica.com.br\/wp\/","logo":{"@type":"ImageObject","inLanguage":"pt-BR","@id":"https:\/\/bahiaeconomica.com.br\/wp\/#\/schema\/logo\/image\/","url":"https:\/\/bahiaeconomica.com.br\/wp\/wp-content\/uploads\/2020\/12\/cropped-BE.png","contentUrl":"https:\/\/bahiaeconomica.com.br\/wp\/wp-content\/uploads\/2020\/12\/cropped-BE.png","width":512,"height":512,"caption":"Bahia Econ\u00f4mica"},"image":{"@id":"https:\/\/bahiaeconomica.com.br\/wp\/#\/schema\/logo\/image\/"},"sameAs":["https:\/\/www.facebook.com\/bahiaeconomica"]},{"@type":"Person","@id":"https:\/\/bahiaeconomica.com.br\/wp\/#\/schema\/person\/547396bb3b39ebb828ab5807d982c42f","name":"Emily Oliveira","sameAs":["https:\/\/bahiaeconomica.com.br\/wp\/"],"url":"https:\/\/bahiaeconomica.com.br\/wp\/author\/emily-oliveira\/"}]}},"views":15,"_links":{"self":[{"href":"https:\/\/bahiaeconomica.com.br\/wp\/wp-json\/wp\/v2\/posts\/794138"}],"collection":[{"href":"https:\/\/bahiaeconomica.com.br\/wp\/wp-json\/wp\/v2\/posts"}],"about":[{"href":"https:\/\/bahiaeconomica.com.br\/wp\/wp-json\/wp\/v2\/types\/post"}],"author":[{"embeddable":true,"href":"https:\/\/bahiaeconomica.com.br\/wp\/wp-json\/wp\/v2\/users\/18"}],"replies":[{"embeddable":true,"href":"https:\/\/bahiaeconomica.com.br\/wp\/wp-json\/wp\/v2\/comments?post=794138"}],"version-history":[{"count":1,"href":"https:\/\/bahiaeconomica.com.br\/wp\/wp-json\/wp\/v2\/posts\/794138\/revisions"}],"predecessor-version":[{"id":794144,"href":"https:\/\/bahiaeconomica.com.br\/wp\/wp-json\/wp\/v2\/posts\/794138\/revisions\/794144"}],"wp:featuredmedia":[{"embeddable":true,"href":"https:\/\/bahiaeconomica.com.br\/wp\/wp-json\/wp\/v2\/media\/794140"}],"wp:attachment":[{"href":"https:\/\/bahiaeconomica.com.br\/wp\/wp-json\/wp\/v2\/media?parent=794138"}],"wp:term":[{"taxonomy":"category","embeddable":true,"href":"https:\/\/bahiaeconomica.com.br\/wp\/wp-json\/wp\/v2\/categories?post=794138"},{"taxonomy":"post_tag","embeddable":true,"href":"https:\/\/bahiaeconomica.com.br\/wp\/wp-json\/wp\/v2\/tags?post=794138"}],"curies":[{"name":"wp","href":"https:\/\/api.w.org\/{rel}","templated":true}]}}