{"id":793807,"date":"2024-01-29T13:45:38","date_gmt":"2024-01-29T16:45:38","guid":{"rendered":"https:\/\/bahiaeconomica.com.br\/wp\/?p=793807"},"modified":"2024-01-29T13:26:10","modified_gmt":"2024-01-29T16:26:10","slug":"resultado-de-selecionados-na-primeira-chamada-do-sisu-saem-nesta-terca","status":"publish","type":"post","link":"https:\/\/bahiaeconomica.com.br\/wp\/2024\/01\/29\/resultado-de-selecionados-na-primeira-chamada-do-sisu-saem-nesta-terca\/","title":{"rendered":"RESULTADO DE SELECIONADOS NA PRIMEIRA CHAMADA DO SISU SAEM NESTA TER\u00c7A"},"content":{"rendered":"<p>O Minist\u00e9rio da Educa\u00e7\u00e3o (MEC) divulga nesta ter\u00e7a-feira (30) o resultado dos selecionados na primeira chamada do processo seletivo de 2024 do Sistema de Sele\u00e7\u00e3o Unificada (Sisu). S\u00e3o, ao todo, 264.360 vagas dispon\u00edveis, distribu\u00eddas entre 127 institui\u00e7\u00f5es de educa\u00e7\u00e3o superior participantes do programa.<\/p>\n<p>As inscri\u00e7\u00f5es ocorreram de 22 a 25 de janeiro e as matr\u00edculas acontecem do dia 1\u00ba ao dia 7 de fevereiro. Entre 30 de janeiro e 7 de fevereiro, estudantes n\u00e3o selecionados devem manifestar interesse em participar da lista de espera.<\/p>\n<p>O Sisu \u00e9 um sistema eletr\u00f4nico gerido pelo MEC para as vagas ofertadas por institui\u00e7\u00f5es p\u00fablicas de ensino superior de todo o Brasil. O sistema executa a sele\u00e7\u00e3o dos estudantes com base na m\u00e9dia da nota do Exame Nacional do Ensino M\u00e9dio (Enem) at\u00e9 o limite da oferta das vagas, por curso e modalidade de concorr\u00eancia, de acordo com as escolhas dos candidatos inscritos e o perfil socioecon\u00f4mico para Lei de Cotas.<\/p>\n<p>Foto: Juca Varella\/ Fonte: Ag\u00eancia Brasil<\/p>\n","protected":false},"excerpt":{"rendered":"<p>O Minist\u00e9rio da Educa\u00e7\u00e3o (MEC) divulga nesta ter\u00e7a-feira (30) o resultado dos selecionados na primeira chamada do processo seletivo de 2024 do Sistema de Sele\u00e7\u00e3o Unificada (Sisu). S\u00e3o, ao todo, 264.360 vagas dispon\u00edveis, distribu\u00eddas entre 127 institui\u00e7\u00f5es de educa\u00e7\u00e3o superior participantes do programa. As inscri\u00e7\u00f5es ocorreram de 22 a 25 de janeiro e as matr\u00edculas [&hellip;]<\/p>\n","protected":false},"author":15,"featured_media":793808,"comment_status":"closed","ping_status":"closed","sticky":false,"template":"","format":"standard","meta":[],"categories":[21],"tags":[566,2825,929],"acf":[],"yoast_head":"<!-- This site is optimized with the Yoast SEO plugin v20.8 - https:\/\/yoast.com\/wordpress\/plugins\/seo\/ -->\n<title>RESULTADO DE SELECIONADOS NA PRIMEIRA CHAMADA DO SISU SAEM NESTA TER\u00c7A - Bahia Economica<\/title>\n<meta name=\"description\" content=\"O maior portal de Economia da Bahia Sa\u00fade \/ Educa\u00e7\u00e3o Bahia Economica O Minist\u00e9rio da Educa\u00e7\u00e3o (MEC) divulga nesta ter\u00e7a-feira (30)\" \/>\n<meta name=\"robots\" content=\"index, follow, max-snippet:-1, max-image-preview:large, max-video-preview:-1\" \/>\n<link rel=\"canonical\" href=\"https:\/\/bahiaeconomica.com.br\/wp\/2024\/01\/29\/resultado-de-selecionados-na-primeira-chamada-do-sisu-saem-nesta-terca\/\" \/>\n<meta property=\"og:locale\" content=\"pt_BR\" \/>\n<meta property=\"og:type\" content=\"article\" \/>\n<meta property=\"og:title\" content=\"RESULTADO DE SELECIONADOS NA PRIMEIRA CHAMADA DO SISU SAEM NESTA TER\u00c7A - Bahia Economica\" \/>\n<meta property=\"og:description\" content=\"O maior portal de Economia da Bahia Sa\u00fade \/ Educa\u00e7\u00e3o Bahia Economica O Minist\u00e9rio da Educa\u00e7\u00e3o (MEC) divulga nesta ter\u00e7a-feira (30)\" \/>\n<meta property=\"og:url\" content=\"https:\/\/bahiaeconomica.com.br\/wp\/2024\/01\/29\/resultado-de-selecionados-na-primeira-chamada-do-sisu-saem-nesta-terca\/\" \/>\n<meta property=\"og:site_name\" content=\"Bahia Economica\" \/>\n<meta property=\"article:publisher\" content=\"https:\/\/www.facebook.com\/bahiaeconomica\" \/>\n<meta property=\"article:published_time\" content=\"2024-01-29T16:45:38+00:00\" \/>\n<meta property=\"article:modified_time\" content=\"2024-01-29T16:26:10+00:00\" \/>\n<meta property=\"og:image\" content=\"https:\/\/bahiaeconomica.com.br\/wp\/wp-content\/uploads\/2024\/01\/img_2953.webp\" \/>\n\t<meta property=\"og:image:width\" content=\"1170\" \/>\n\t<meta property=\"og:image:height\" content=\"700\" \/>\n\t<meta property=\"og:image:type\" content=\"image\/webp\" \/>\n<meta name=\"author\" content=\"VICTORIA ISABEL\" \/>\n<meta name=\"twitter:card\" content=\"summary_large_image\" \/>\n<meta name=\"twitter:label1\" content=\"Escrito por\" \/>\n\t<meta name=\"twitter:data1\" content=\"VICTORIA ISABEL\" \/>\n\t<meta name=\"twitter:label2\" content=\"Est. tempo de leitura\" \/>\n\t<meta name=\"twitter:data2\" content=\"1 minuto\" \/>\n<script type=\"application\/ld+json\" class=\"yoast-schema-graph\">{\"@context\":\"https:\/\/schema.org\",\"@graph\":[{\"@type\":\"Article\",\"@id\":\"https:\/\/bahiaeconomica.com.br\/wp\/2024\/01\/29\/resultado-de-selecionados-na-primeira-chamada-do-sisu-saem-nesta-terca\/#article\",\"isPartOf\":{\"@id\":\"https:\/\/bahiaeconomica.com.br\/wp\/2024\/01\/29\/resultado-de-selecionados-na-primeira-chamada-do-sisu-saem-nesta-terca\/\"},\"author\":{\"name\":\"VICTORIA ISABEL\",\"@id\":\"https:\/\/bahiaeconomica.com.br\/wp\/#\/schema\/person\/b719ce0fb1c09f3c7a00d9243ced4a6f\"},\"headline\":\"RESULTADO DE SELECIONADOS NA PRIMEIRA CHAMADA DO SISU SAEM NESTA TER\u00c7A\",\"datePublished\":\"2024-01-29T16:45:38+00:00\",\"dateModified\":\"2024-01-29T16:26:10+00:00\",\"mainEntityOfPage\":{\"@id\":\"https:\/\/bahiaeconomica.com.br\/wp\/2024\/01\/29\/resultado-de-selecionados-na-primeira-chamada-do-sisu-saem-nesta-terca\/\"},\"wordCount\":184,\"publisher\":{\"@id\":\"https:\/\/bahiaeconomica.com.br\/wp\/#organization\"},\"keywords\":[\"Minist\u00e9rio da Educa\u00e7\u00e3o\",\"resultado\",\"Sisu\"],\"articleSection\":[\"Sa\u00fade \/ Educa\u00e7\u00e3o\"],\"inLanguage\":\"pt-BR\"},{\"@type\":\"WebPage\",\"@id\":\"https:\/\/bahiaeconomica.com.br\/wp\/2024\/01\/29\/resultado-de-selecionados-na-primeira-chamada-do-sisu-saem-nesta-terca\/\",\"url\":\"https:\/\/bahiaeconomica.com.br\/wp\/2024\/01\/29\/resultado-de-selecionados-na-primeira-chamada-do-sisu-saem-nesta-terca\/\",\"name\":\"RESULTADO DE SELECIONADOS NA PRIMEIRA CHAMADA DO SISU SAEM NESTA TER\u00c7A - Bahia Economica\",\"isPartOf\":{\"@id\":\"https:\/\/bahiaeconomica.com.br\/wp\/#website\"},\"datePublished\":\"2024-01-29T16:45:38+00:00\",\"dateModified\":\"2024-01-29T16:26:10+00:00\",\"description\":\"O maior portal de Economia da Bahia Sa\u00fade \/ Educa\u00e7\u00e3o Bahia Economica O Minist\u00e9rio da Educa\u00e7\u00e3o (MEC) divulga nesta ter\u00e7a-feira (30)\",\"breadcrumb\":{\"@id\":\"https:\/\/bahiaeconomica.com.br\/wp\/2024\/01\/29\/resultado-de-selecionados-na-primeira-chamada-do-sisu-saem-nesta-terca\/#breadcrumb\"},\"inLanguage\":\"pt-BR\",\"potentialAction\":[{\"@type\":\"ReadAction\",\"target\":[\"https:\/\/bahiaeconomica.com.br\/wp\/2024\/01\/29\/resultado-de-selecionados-na-primeira-chamada-do-sisu-saem-nesta-terca\/\"]}]},{\"@type\":\"BreadcrumbList\",\"@id\":\"https:\/\/bahiaeconomica.com.br\/wp\/2024\/01\/29\/resultado-de-selecionados-na-primeira-chamada-do-sisu-saem-nesta-terca\/#breadcrumb\",\"itemListElement\":[{\"@type\":\"ListItem\",\"position\":1,\"name\":\"In\u00edcio\",\"item\":\"https:\/\/bahiaeconomica.com.br\/wp\/\"},{\"@type\":\"ListItem\",\"position\":2,\"name\":\"RESULTADO DE SELECIONADOS NA PRIMEIRA CHAMADA DO SISU SAEM NESTA TER\u00c7A\"}]},{\"@type\":\"WebSite\",\"@id\":\"https:\/\/bahiaeconomica.com.br\/wp\/#website\",\"url\":\"https:\/\/bahiaeconomica.com.br\/wp\/\",\"name\":\"Bahia Economica\",\"description\":\"O maior portal de Economia da Bahia\",\"publisher\":{\"@id\":\"https:\/\/bahiaeconomica.com.br\/wp\/#organization\"},\"potentialAction\":[{\"@type\":\"SearchAction\",\"target\":{\"@type\":\"EntryPoint\",\"urlTemplate\":\"https:\/\/bahiaeconomica.com.br\/wp\/?s={search_term_string}\"},\"query-input\":\"required name=search_term_string\"}],\"inLanguage\":\"pt-BR\"},{\"@type\":\"Organization\",\"@id\":\"https:\/\/bahiaeconomica.com.br\/wp\/#organization\",\"name\":\"Bahia Econ\u00f4mica\",\"url\":\"https:\/\/bahiaeconomica.com.br\/wp\/\",\"logo\":{\"@type\":\"ImageObject\",\"inLanguage\":\"pt-BR\",\"@id\":\"https:\/\/bahiaeconomica.com.br\/wp\/#\/schema\/logo\/image\/\",\"url\":\"https:\/\/bahiaeconomica.com.br\/wp\/wp-content\/uploads\/2020\/12\/cropped-BE.png\",\"contentUrl\":\"https:\/\/bahiaeconomica.com.br\/wp\/wp-content\/uploads\/2020\/12\/cropped-BE.png\",\"width\":512,\"height\":512,\"caption\":\"Bahia Econ\u00f4mica\"},\"image\":{\"@id\":\"https:\/\/bahiaeconomica.com.br\/wp\/#\/schema\/logo\/image\/\"},\"sameAs\":[\"https:\/\/www.facebook.com\/bahiaeconomica\"]},{\"@type\":\"Person\",\"@id\":\"https:\/\/bahiaeconomica.com.br\/wp\/#\/schema\/person\/b719ce0fb1c09f3c7a00d9243ced4a6f\",\"name\":\"VICTORIA ISABEL\",\"sameAs\":[\"http:\/\/www.bahiaeconomica.com.br\"],\"url\":\"https:\/\/bahiaeconomica.com.br\/wp\/author\/victoria-isabel\/\"}]}<\/script>\n<!-- \/ Yoast SEO plugin. -->","yoast_head_json":{"title":"RESULTADO DE SELECIONADOS NA PRIMEIRA CHAMADA DO SISU SAEM NESTA TER\u00c7A - Bahia Economica","description":"O maior portal de Economia da Bahia Sa\u00fade \/ Educa\u00e7\u00e3o Bahia Economica O Minist\u00e9rio da Educa\u00e7\u00e3o (MEC) divulga nesta ter\u00e7a-feira (30)","robots":{"index":"index","follow":"follow","max-snippet":"max-snippet:-1","max-image-preview":"max-image-preview:large","max-video-preview":"max-video-preview:-1"},"canonical":"https:\/\/bahiaeconomica.com.br\/wp\/2024\/01\/29\/resultado-de-selecionados-na-primeira-chamada-do-sisu-saem-nesta-terca\/","og_locale":"pt_BR","og_type":"article","og_title":"RESULTADO DE SELECIONADOS NA PRIMEIRA CHAMADA DO SISU SAEM NESTA TER\u00c7A - Bahia Economica","og_description":"O maior portal de Economia da Bahia Sa\u00fade \/ Educa\u00e7\u00e3o Bahia Economica O Minist\u00e9rio da Educa\u00e7\u00e3o (MEC) divulga nesta ter\u00e7a-feira (30)","og_url":"https:\/\/bahiaeconomica.com.br\/wp\/2024\/01\/29\/resultado-de-selecionados-na-primeira-chamada-do-sisu-saem-nesta-terca\/","og_site_name":"Bahia Economica","article_publisher":"https:\/\/www.facebook.com\/bahiaeconomica","article_published_time":"2024-01-29T16:45:38+00:00","article_modified_time":"2024-01-29T16:26:10+00:00","og_image":[{"width":1170,"height":700,"url":"https:\/\/bahiaeconomica.com.br\/wp\/wp-content\/uploads\/2024\/01\/img_2953.webp","type":"image\/webp"}],"author":"VICTORIA ISABEL","twitter_card":"summary_large_image","twitter_misc":{"Escrito por":"VICTORIA ISABEL","Est. tempo de leitura":"1 minuto"},"schema":{"@context":"https:\/\/schema.org","@graph":[{"@type":"Article","@id":"https:\/\/bahiaeconomica.com.br\/wp\/2024\/01\/29\/resultado-de-selecionados-na-primeira-chamada-do-sisu-saem-nesta-terca\/#article","isPartOf":{"@id":"https:\/\/bahiaeconomica.com.br\/wp\/2024\/01\/29\/resultado-de-selecionados-na-primeira-chamada-do-sisu-saem-nesta-terca\/"},"author":{"name":"VICTORIA ISABEL","@id":"https:\/\/bahiaeconomica.com.br\/wp\/#\/schema\/person\/b719ce0fb1c09f3c7a00d9243ced4a6f"},"headline":"RESULTADO DE SELECIONADOS NA PRIMEIRA CHAMADA DO SISU SAEM NESTA TER\u00c7A","datePublished":"2024-01-29T16:45:38+00:00","dateModified":"2024-01-29T16:26:10+00:00","mainEntityOfPage":{"@id":"https:\/\/bahiaeconomica.com.br\/wp\/2024\/01\/29\/resultado-de-selecionados-na-primeira-chamada-do-sisu-saem-nesta-terca\/"},"wordCount":184,"publisher":{"@id":"https:\/\/bahiaeconomica.com.br\/wp\/#organization"},"keywords":["Minist\u00e9rio da Educa\u00e7\u00e3o","resultado","Sisu"],"articleSection":["Sa\u00fade \/ Educa\u00e7\u00e3o"],"inLanguage":"pt-BR"},{"@type":"WebPage","@id":"https:\/\/bahiaeconomica.com.br\/wp\/2024\/01\/29\/resultado-de-selecionados-na-primeira-chamada-do-sisu-saem-nesta-terca\/","url":"https:\/\/bahiaeconomica.com.br\/wp\/2024\/01\/29\/resultado-de-selecionados-na-primeira-chamada-do-sisu-saem-nesta-terca\/","name":"RESULTADO DE SELECIONADOS NA PRIMEIRA CHAMADA DO SISU SAEM NESTA TER\u00c7A - Bahia Economica","isPartOf":{"@id":"https:\/\/bahiaeconomica.com.br\/wp\/#website"},"datePublished":"2024-01-29T16:45:38+00:00","dateModified":"2024-01-29T16:26:10+00:00","description":"O maior portal de Economia da Bahia Sa\u00fade \/ Educa\u00e7\u00e3o Bahia Economica O Minist\u00e9rio da Educa\u00e7\u00e3o (MEC) divulga nesta ter\u00e7a-feira (30)","breadcrumb":{"@id":"https:\/\/bahiaeconomica.com.br\/wp\/2024\/01\/29\/resultado-de-selecionados-na-primeira-chamada-do-sisu-saem-nesta-terca\/#breadcrumb"},"inLanguage":"pt-BR","potentialAction":[{"@type":"ReadAction","target":["https:\/\/bahiaeconomica.com.br\/wp\/2024\/01\/29\/resultado-de-selecionados-na-primeira-chamada-do-sisu-saem-nesta-terca\/"]}]},{"@type":"BreadcrumbList","@id":"https:\/\/bahiaeconomica.com.br\/wp\/2024\/01\/29\/resultado-de-selecionados-na-primeira-chamada-do-sisu-saem-nesta-terca\/#breadcrumb","itemListElement":[{"@type":"ListItem","position":1,"name":"In\u00edcio","item":"https:\/\/bahiaeconomica.com.br\/wp\/"},{"@type":"ListItem","position":2,"name":"RESULTADO DE SELECIONADOS NA PRIMEIRA CHAMADA DO SISU SAEM NESTA TER\u00c7A"}]},{"@type":"WebSite","@id":"https:\/\/bahiaeconomica.com.br\/wp\/#website","url":"https:\/\/bahiaeconomica.com.br\/wp\/","name":"Bahia Economica","description":"O maior portal de Economia da Bahia","publisher":{"@id":"https:\/\/bahiaeconomica.com.br\/wp\/#organization"},"potentialAction":[{"@type":"SearchAction","target":{"@type":"EntryPoint","urlTemplate":"https:\/\/bahiaeconomica.com.br\/wp\/?s={search_term_string}"},"query-input":"required name=search_term_string"}],"inLanguage":"pt-BR"},{"@type":"Organization","@id":"https:\/\/bahiaeconomica.com.br\/wp\/#organization","name":"Bahia Econ\u00f4mica","url":"https:\/\/bahiaeconomica.com.br\/wp\/","logo":{"@type":"ImageObject","inLanguage":"pt-BR","@id":"https:\/\/bahiaeconomica.com.br\/wp\/#\/schema\/logo\/image\/","url":"https:\/\/bahiaeconomica.com.br\/wp\/wp-content\/uploads\/2020\/12\/cropped-BE.png","contentUrl":"https:\/\/bahiaeconomica.com.br\/wp\/wp-content\/uploads\/2020\/12\/cropped-BE.png","width":512,"height":512,"caption":"Bahia Econ\u00f4mica"},"image":{"@id":"https:\/\/bahiaeconomica.com.br\/wp\/#\/schema\/logo\/image\/"},"sameAs":["https:\/\/www.facebook.com\/bahiaeconomica"]},{"@type":"Person","@id":"https:\/\/bahiaeconomica.com.br\/wp\/#\/schema\/person\/b719ce0fb1c09f3c7a00d9243ced4a6f","name":"VICTORIA ISABEL","sameAs":["http:\/\/www.bahiaeconomica.com.br"],"url":"https:\/\/bahiaeconomica.com.br\/wp\/author\/victoria-isabel\/"}]}},"views":2,"_links":{"self":[{"href":"https:\/\/bahiaeconomica.com.br\/wp\/wp-json\/wp\/v2\/posts\/793807"}],"collection":[{"href":"https:\/\/bahiaeconomica.com.br\/wp\/wp-json\/wp\/v2\/posts"}],"about":[{"href":"https:\/\/bahiaeconomica.com.br\/wp\/wp-json\/wp\/v2\/types\/post"}],"author":[{"embeddable":true,"href":"https:\/\/bahiaeconomica.com.br\/wp\/wp-json\/wp\/v2\/users\/15"}],"replies":[{"embeddable":true,"href":"https:\/\/bahiaeconomica.com.br\/wp\/wp-json\/wp\/v2\/comments?post=793807"}],"version-history":[{"count":1,"href":"https:\/\/bahiaeconomica.com.br\/wp\/wp-json\/wp\/v2\/posts\/793807\/revisions"}],"predecessor-version":[{"id":793809,"href":"https:\/\/bahiaeconomica.com.br\/wp\/wp-json\/wp\/v2\/posts\/793807\/revisions\/793809"}],"wp:featuredmedia":[{"embeddable":true,"href":"https:\/\/bahiaeconomica.com.br\/wp\/wp-json\/wp\/v2\/media\/793808"}],"wp:attachment":[{"href":"https:\/\/bahiaeconomica.com.br\/wp\/wp-json\/wp\/v2\/media?parent=793807"}],"wp:term":[{"taxonomy":"category","embeddable":true,"href":"https:\/\/bahiaeconomica.com.br\/wp\/wp-json\/wp\/v2\/categories?post=793807"},{"taxonomy":"post_tag","embeddable":true,"href":"https:\/\/bahiaeconomica.com.br\/wp\/wp-json\/wp\/v2\/tags?post=793807"}],"curies":[{"name":"wp","href":"https:\/\/api.w.org\/{rel}","templated":true}]}}