{"id":793301,"date":"2024-01-26T09:00:26","date_gmt":"2024-01-26T12:00:26","guid":{"rendered":"https:\/\/bahiaeconomica.com.br\/wp\/?p=793301"},"modified":"2024-01-27T08:56:43","modified_gmt":"2024-01-27T11:56:43","slug":"defensores-publicos-aguardam-informacoes-sobre-a-votacao-do-plc-154-2023","status":"publish","type":"post","link":"https:\/\/bahiaeconomica.com.br\/wp\/2024\/01\/26\/defensores-publicos-aguardam-informacoes-sobre-a-votacao-do-plc-154-2023\/","title":{"rendered":"DEFENSORES P\u00daBLICOS AGUARDAM INFORMA\u00c7\u00d5ES SOBRE A VOTA\u00c7\u00c3O DO PLC 154\/2023"},"content":{"rendered":"<p>Ao longo de 2023, os dirigentes da Associa\u00e7\u00e3o das Defensoras e Defensores P\u00fablicos (ADEP-BA) tem adotado todas as medidas de di\u00e1logo junto aos Poderes Executivo e Legislativo, al\u00e9m de mobilizar toda a sociedade baiana, sobre a import\u00e2ncia da Defensoria P\u00fablica\u00a0 para o desenvolvimento da Bahia com inclus\u00e3o e justi\u00e7a social, sendo indispens\u00e1vel a valoriza\u00e7\u00e3o da carreira de defensor p\u00fablico estadual.<\/p>\n<p>Com este intuito, a Adep-BA lan\u00e7ou uma campanha de \u201cfortalecimento institucional e valoriza\u00e7\u00e3o da carreira\u201d, iniciada em abril de 2023 e que contou com apoio de organiza\u00e7\u00f5es dos movimentos sociais, ativistas, especialistas, juristas, usu\u00e1rios dos servi\u00e7os, membros de outras carreiras, a exemplo de magistrados, promotores e advogados.<\/p>\n<p>Tamb\u00e9m, foram promovidos debates institucionais de alto n\u00edvel, tanto atrav\u00e9s de audi\u00eancia p\u00fablica, quanto em reuni\u00f5es bilaterais, o que possibilitou a constru\u00e7\u00e3o dialogada do texto do Projeto de Lei Complementar 154\/2023, o qual somente foi enviado \u00e0 Assembleia Legislativa, pela Defensora Geral, ap\u00f3s o posicionamento do governo sobre a garantia dos recursos or\u00e7ament\u00e1rios necess\u00e1rios a sua aprova\u00e7\u00e3o, inclu\u00eddo o \u00f3rg\u00e3o de classe nessa defini\u00e7\u00e3o.<\/p>\n<p>Mesmo surpresos com a n\u00e3o aprova\u00e7\u00e3o do projeto, que foi retirado de pauta no final do ano legislativo de 2023, a presidente da Adep-BA, Dra. Tereza Cristina, afirmou que a Associa\u00e7\u00e3o est\u00e1 empenhado no retorno dos di\u00e1logos, j\u00e1 iniciados nesta semana, com representantes dos poderes executivo e legislativo. \u201c Acreditamos e confiamos no car\u00e1ter democr\u00e1tico das institui\u00e7\u00f5es baianas, bem como no respeito ao subteto constitucional e paridade das carreiras do sistema de justi\u00e7a, fazendo-se cumprir, na Bahia, o que disp\u00f5e o art. 37, XI da Constitui\u00e7\u00e3o\u201d, destacou a presidente da Adep.<\/p>\n<p>Na manh\u00e3 da \u00faltima ter\u00e7a-feira (23), Dra. Tereza\u00a0 reuniu-se com a DPG Firmiane\u00a0 Ven\u00e2ncio, na sede da Institui\u00e7\u00e3o, onde ficou definido que as estrat\u00e9gias de negocia\u00e7\u00e3o para aprova\u00e7\u00e3o do PLC ocorrer\u00e3o em constante di\u00e1logo, envolvendo a diretoria do \u00f3rg\u00e3o de classe e a Administra\u00e7\u00e3o Superior. A Classe ser\u00e1 informada sobre o rumo dos acontecimentos atrav\u00e9s dos canais de comunica\u00e7\u00e3o da Adep-BA, respeitando as possibilidades da negocia\u00e7\u00e3o.<\/p>\n","protected":false},"excerpt":{"rendered":"<p>Ao longo de 2023, os dirigentes da Associa\u00e7\u00e3o das Defensoras e Defensores P\u00fablicos (ADEP-BA) tem adotado todas as medidas de di\u00e1logo junto aos Poderes Executivo e Legislativo, al\u00e9m de mobilizar toda a sociedade baiana, sobre a import\u00e2ncia da Defensoria P\u00fablica\u00a0 para o desenvolvimento da Bahia com inclus\u00e3o e justi\u00e7a social, sendo indispens\u00e1vel a valoriza\u00e7\u00e3o da [&hellip;]<\/p>\n","protected":false},"author":8,"featured_media":793302,"comment_status":"closed","ping_status":"closed","sticky":false,"template":"","format":"standard","meta":[],"categories":[5],"tags":[25952,4616,1711],"acf":[],"yoast_head":"<!-- This site is optimized with the Yoast SEO plugin v20.8 - https:\/\/yoast.com\/wordpress\/plugins\/seo\/ -->\n<title>DEFENSORES P\u00daBLICOS AGUARDAM INFORMA\u00c7\u00d5ES SOBRE A VOTA\u00c7\u00c3O DO PLC 154\/2023 - Bahia Economica<\/title>\n<meta name=\"description\" content=\"O maior portal de Economia da Bahia MUNIC\u00cdPIOS Bahia Economica tanto atrav\u00e9s de audi\u00eancia p\u00fablica, quanto em reuni\u00f5es bilaterais\" \/>\n<meta name=\"robots\" content=\"index, follow, max-snippet:-1, max-image-preview:large, max-video-preview:-1\" \/>\n<link rel=\"canonical\" href=\"https:\/\/bahiaeconomica.com.br\/wp\/2024\/01\/26\/defensores-publicos-aguardam-informacoes-sobre-a-votacao-do-plc-154-2023\/\" \/>\n<meta property=\"og:locale\" content=\"pt_BR\" \/>\n<meta property=\"og:type\" content=\"article\" \/>\n<meta property=\"og:title\" content=\"DEFENSORES P\u00daBLICOS AGUARDAM INFORMA\u00c7\u00d5ES SOBRE A VOTA\u00c7\u00c3O DO PLC 154\/2023 - Bahia Economica\" \/>\n<meta property=\"og:description\" content=\"O maior portal de Economia da Bahia MUNIC\u00cdPIOS Bahia Economica tanto atrav\u00e9s de audi\u00eancia p\u00fablica, quanto em reuni\u00f5es bilaterais\" \/>\n<meta property=\"og:url\" content=\"https:\/\/bahiaeconomica.com.br\/wp\/2024\/01\/26\/defensores-publicos-aguardam-informacoes-sobre-a-votacao-do-plc-154-2023\/\" \/>\n<meta property=\"og:site_name\" content=\"Bahia Economica\" \/>\n<meta property=\"article:publisher\" content=\"https:\/\/www.facebook.com\/bahiaeconomica\" \/>\n<meta property=\"article:published_time\" content=\"2024-01-26T12:00:26+00:00\" \/>\n<meta property=\"article:modified_time\" content=\"2024-01-27T11:56:43+00:00\" \/>\n<meta property=\"og:image\" content=\"https:\/\/bahiaeconomica.com.br\/wp\/wp-content\/uploads\/2024\/01\/WhatsApp-Image-2024-01-25-at-18.45.10.jpeg\" \/>\n\t<meta property=\"og:image:width\" content=\"600\" \/>\n\t<meta property=\"og:image:height\" content=\"400\" \/>\n\t<meta property=\"og:image:type\" content=\"image\/jpeg\" \/>\n<meta name=\"author\" content=\"JP\" \/>\n<meta name=\"twitter:card\" content=\"summary_large_image\" \/>\n<meta name=\"twitter:label1\" content=\"Escrito por\" \/>\n\t<meta name=\"twitter:data1\" content=\"JP\" \/>\n\t<meta name=\"twitter:label2\" content=\"Est. tempo de leitura\" \/>\n\t<meta name=\"twitter:data2\" content=\"2 minutos\" \/>\n<script type=\"application\/ld+json\" class=\"yoast-schema-graph\">{\"@context\":\"https:\/\/schema.org\",\"@graph\":[{\"@type\":\"Article\",\"@id\":\"https:\/\/bahiaeconomica.com.br\/wp\/2024\/01\/26\/defensores-publicos-aguardam-informacoes-sobre-a-votacao-do-plc-154-2023\/#article\",\"isPartOf\":{\"@id\":\"https:\/\/bahiaeconomica.com.br\/wp\/2024\/01\/26\/defensores-publicos-aguardam-informacoes-sobre-a-votacao-do-plc-154-2023\/\"},\"author\":{\"name\":\"JP\",\"@id\":\"https:\/\/bahiaeconomica.com.br\/wp\/#\/schema\/person\/c86d3a3f8960425a0f9d0e5245991f4e\"},\"headline\":\"DEFENSORES P\u00daBLICOS AGUARDAM INFORMA\u00c7\u00d5ES SOBRE A VOTA\u00c7\u00c3O DO PLC 154\/2023\",\"datePublished\":\"2024-01-26T12:00:26+00:00\",\"dateModified\":\"2024-01-27T11:56:43+00:00\",\"mainEntityOfPage\":{\"@id\":\"https:\/\/bahiaeconomica.com.br\/wp\/2024\/01\/26\/defensores-publicos-aguardam-informacoes-sobre-a-votacao-do-plc-154-2023\/\"},\"wordCount\":386,\"publisher\":{\"@id\":\"https:\/\/bahiaeconomica.com.br\/wp\/#organization\"},\"keywords\":[\"defendores\",\"PLC\",\"publicos\"],\"articleSection\":[\"MUNIC\u00cdPIOS\"],\"inLanguage\":\"pt-BR\"},{\"@type\":\"WebPage\",\"@id\":\"https:\/\/bahiaeconomica.com.br\/wp\/2024\/01\/26\/defensores-publicos-aguardam-informacoes-sobre-a-votacao-do-plc-154-2023\/\",\"url\":\"https:\/\/bahiaeconomica.com.br\/wp\/2024\/01\/26\/defensores-publicos-aguardam-informacoes-sobre-a-votacao-do-plc-154-2023\/\",\"name\":\"DEFENSORES P\u00daBLICOS AGUARDAM INFORMA\u00c7\u00d5ES SOBRE A VOTA\u00c7\u00c3O DO PLC 154\/2023 - Bahia Economica\",\"isPartOf\":{\"@id\":\"https:\/\/bahiaeconomica.com.br\/wp\/#website\"},\"datePublished\":\"2024-01-26T12:00:26+00:00\",\"dateModified\":\"2024-01-27T11:56:43+00:00\",\"description\":\"O maior portal de Economia da Bahia MUNIC\u00cdPIOS Bahia Economica tanto atrav\u00e9s de audi\u00eancia p\u00fablica, quanto em reuni\u00f5es bilaterais\",\"breadcrumb\":{\"@id\":\"https:\/\/bahiaeconomica.com.br\/wp\/2024\/01\/26\/defensores-publicos-aguardam-informacoes-sobre-a-votacao-do-plc-154-2023\/#breadcrumb\"},\"inLanguage\":\"pt-BR\",\"potentialAction\":[{\"@type\":\"ReadAction\",\"target\":[\"https:\/\/bahiaeconomica.com.br\/wp\/2024\/01\/26\/defensores-publicos-aguardam-informacoes-sobre-a-votacao-do-plc-154-2023\/\"]}]},{\"@type\":\"BreadcrumbList\",\"@id\":\"https:\/\/bahiaeconomica.com.br\/wp\/2024\/01\/26\/defensores-publicos-aguardam-informacoes-sobre-a-votacao-do-plc-154-2023\/#breadcrumb\",\"itemListElement\":[{\"@type\":\"ListItem\",\"position\":1,\"name\":\"In\u00edcio\",\"item\":\"https:\/\/bahiaeconomica.com.br\/wp\/\"},{\"@type\":\"ListItem\",\"position\":2,\"name\":\"DEFENSORES P\u00daBLICOS AGUARDAM INFORMA\u00c7\u00d5ES SOBRE A VOTA\u00c7\u00c3O DO PLC 154\/2023\"}]},{\"@type\":\"WebSite\",\"@id\":\"https:\/\/bahiaeconomica.com.br\/wp\/#website\",\"url\":\"https:\/\/bahiaeconomica.com.br\/wp\/\",\"name\":\"Bahia Economica\",\"description\":\"O maior portal de Economia da Bahia\",\"publisher\":{\"@id\":\"https:\/\/bahiaeconomica.com.br\/wp\/#organization\"},\"potentialAction\":[{\"@type\":\"SearchAction\",\"target\":{\"@type\":\"EntryPoint\",\"urlTemplate\":\"https:\/\/bahiaeconomica.com.br\/wp\/?s={search_term_string}\"},\"query-input\":\"required name=search_term_string\"}],\"inLanguage\":\"pt-BR\"},{\"@type\":\"Organization\",\"@id\":\"https:\/\/bahiaeconomica.com.br\/wp\/#organization\",\"name\":\"Bahia Econ\u00f4mica\",\"url\":\"https:\/\/bahiaeconomica.com.br\/wp\/\",\"logo\":{\"@type\":\"ImageObject\",\"inLanguage\":\"pt-BR\",\"@id\":\"https:\/\/bahiaeconomica.com.br\/wp\/#\/schema\/logo\/image\/\",\"url\":\"https:\/\/bahiaeconomica.com.br\/wp\/wp-content\/uploads\/2020\/12\/cropped-BE.png\",\"contentUrl\":\"https:\/\/bahiaeconomica.com.br\/wp\/wp-content\/uploads\/2020\/12\/cropped-BE.png\",\"width\":512,\"height\":512,\"caption\":\"Bahia Econ\u00f4mica\"},\"image\":{\"@id\":\"https:\/\/bahiaeconomica.com.br\/wp\/#\/schema\/logo\/image\/\"},\"sameAs\":[\"https:\/\/www.facebook.com\/bahiaeconomica\"]},{\"@type\":\"Person\",\"@id\":\"https:\/\/bahiaeconomica.com.br\/wp\/#\/schema\/person\/c86d3a3f8960425a0f9d0e5245991f4e\",\"name\":\"JP\",\"sameAs\":[\"https:\/\/bahiaeconomica.com.br\/wp\/beta\/\"],\"url\":\"https:\/\/bahiaeconomica.com.br\/wp\/author\/jp\/\"}]}<\/script>\n<!-- \/ Yoast SEO plugin. -->","yoast_head_json":{"title":"DEFENSORES P\u00daBLICOS AGUARDAM INFORMA\u00c7\u00d5ES SOBRE A VOTA\u00c7\u00c3O DO PLC 154\/2023 - Bahia Economica","description":"O maior portal de Economia da Bahia MUNIC\u00cdPIOS Bahia Economica tanto atrav\u00e9s de audi\u00eancia p\u00fablica, quanto em reuni\u00f5es bilaterais","robots":{"index":"index","follow":"follow","max-snippet":"max-snippet:-1","max-image-preview":"max-image-preview:large","max-video-preview":"max-video-preview:-1"},"canonical":"https:\/\/bahiaeconomica.com.br\/wp\/2024\/01\/26\/defensores-publicos-aguardam-informacoes-sobre-a-votacao-do-plc-154-2023\/","og_locale":"pt_BR","og_type":"article","og_title":"DEFENSORES P\u00daBLICOS AGUARDAM INFORMA\u00c7\u00d5ES SOBRE A VOTA\u00c7\u00c3O DO PLC 154\/2023 - Bahia Economica","og_description":"O maior portal de Economia da Bahia MUNIC\u00cdPIOS Bahia Economica tanto atrav\u00e9s de audi\u00eancia p\u00fablica, quanto em reuni\u00f5es bilaterais","og_url":"https:\/\/bahiaeconomica.com.br\/wp\/2024\/01\/26\/defensores-publicos-aguardam-informacoes-sobre-a-votacao-do-plc-154-2023\/","og_site_name":"Bahia Economica","article_publisher":"https:\/\/www.facebook.com\/bahiaeconomica","article_published_time":"2024-01-26T12:00:26+00:00","article_modified_time":"2024-01-27T11:56:43+00:00","og_image":[{"width":600,"height":400,"url":"https:\/\/bahiaeconomica.com.br\/wp\/wp-content\/uploads\/2024\/01\/WhatsApp-Image-2024-01-25-at-18.45.10.jpeg","type":"image\/jpeg"}],"author":"JP","twitter_card":"summary_large_image","twitter_misc":{"Escrito por":"JP","Est. tempo de leitura":"2 minutos"},"schema":{"@context":"https:\/\/schema.org","@graph":[{"@type":"Article","@id":"https:\/\/bahiaeconomica.com.br\/wp\/2024\/01\/26\/defensores-publicos-aguardam-informacoes-sobre-a-votacao-do-plc-154-2023\/#article","isPartOf":{"@id":"https:\/\/bahiaeconomica.com.br\/wp\/2024\/01\/26\/defensores-publicos-aguardam-informacoes-sobre-a-votacao-do-plc-154-2023\/"},"author":{"name":"JP","@id":"https:\/\/bahiaeconomica.com.br\/wp\/#\/schema\/person\/c86d3a3f8960425a0f9d0e5245991f4e"},"headline":"DEFENSORES P\u00daBLICOS AGUARDAM INFORMA\u00c7\u00d5ES SOBRE A VOTA\u00c7\u00c3O DO PLC 154\/2023","datePublished":"2024-01-26T12:00:26+00:00","dateModified":"2024-01-27T11:56:43+00:00","mainEntityOfPage":{"@id":"https:\/\/bahiaeconomica.com.br\/wp\/2024\/01\/26\/defensores-publicos-aguardam-informacoes-sobre-a-votacao-do-plc-154-2023\/"},"wordCount":386,"publisher":{"@id":"https:\/\/bahiaeconomica.com.br\/wp\/#organization"},"keywords":["defendores","PLC","publicos"],"articleSection":["MUNIC\u00cdPIOS"],"inLanguage":"pt-BR"},{"@type":"WebPage","@id":"https:\/\/bahiaeconomica.com.br\/wp\/2024\/01\/26\/defensores-publicos-aguardam-informacoes-sobre-a-votacao-do-plc-154-2023\/","url":"https:\/\/bahiaeconomica.com.br\/wp\/2024\/01\/26\/defensores-publicos-aguardam-informacoes-sobre-a-votacao-do-plc-154-2023\/","name":"DEFENSORES P\u00daBLICOS AGUARDAM INFORMA\u00c7\u00d5ES SOBRE A VOTA\u00c7\u00c3O DO PLC 154\/2023 - Bahia Economica","isPartOf":{"@id":"https:\/\/bahiaeconomica.com.br\/wp\/#website"},"datePublished":"2024-01-26T12:00:26+00:00","dateModified":"2024-01-27T11:56:43+00:00","description":"O maior portal de Economia da Bahia MUNIC\u00cdPIOS Bahia Economica tanto atrav\u00e9s de audi\u00eancia p\u00fablica, quanto em reuni\u00f5es bilaterais","breadcrumb":{"@id":"https:\/\/bahiaeconomica.com.br\/wp\/2024\/01\/26\/defensores-publicos-aguardam-informacoes-sobre-a-votacao-do-plc-154-2023\/#breadcrumb"},"inLanguage":"pt-BR","potentialAction":[{"@type":"ReadAction","target":["https:\/\/bahiaeconomica.com.br\/wp\/2024\/01\/26\/defensores-publicos-aguardam-informacoes-sobre-a-votacao-do-plc-154-2023\/"]}]},{"@type":"BreadcrumbList","@id":"https:\/\/bahiaeconomica.com.br\/wp\/2024\/01\/26\/defensores-publicos-aguardam-informacoes-sobre-a-votacao-do-plc-154-2023\/#breadcrumb","itemListElement":[{"@type":"ListItem","position":1,"name":"In\u00edcio","item":"https:\/\/bahiaeconomica.com.br\/wp\/"},{"@type":"ListItem","position":2,"name":"DEFENSORES P\u00daBLICOS AGUARDAM INFORMA\u00c7\u00d5ES SOBRE A VOTA\u00c7\u00c3O DO PLC 154\/2023"}]},{"@type":"WebSite","@id":"https:\/\/bahiaeconomica.com.br\/wp\/#website","url":"https:\/\/bahiaeconomica.com.br\/wp\/","name":"Bahia Economica","description":"O maior portal de Economia da Bahia","publisher":{"@id":"https:\/\/bahiaeconomica.com.br\/wp\/#organization"},"potentialAction":[{"@type":"SearchAction","target":{"@type":"EntryPoint","urlTemplate":"https:\/\/bahiaeconomica.com.br\/wp\/?s={search_term_string}"},"query-input":"required name=search_term_string"}],"inLanguage":"pt-BR"},{"@type":"Organization","@id":"https:\/\/bahiaeconomica.com.br\/wp\/#organization","name":"Bahia Econ\u00f4mica","url":"https:\/\/bahiaeconomica.com.br\/wp\/","logo":{"@type":"ImageObject","inLanguage":"pt-BR","@id":"https:\/\/bahiaeconomica.com.br\/wp\/#\/schema\/logo\/image\/","url":"https:\/\/bahiaeconomica.com.br\/wp\/wp-content\/uploads\/2020\/12\/cropped-BE.png","contentUrl":"https:\/\/bahiaeconomica.com.br\/wp\/wp-content\/uploads\/2020\/12\/cropped-BE.png","width":512,"height":512,"caption":"Bahia Econ\u00f4mica"},"image":{"@id":"https:\/\/bahiaeconomica.com.br\/wp\/#\/schema\/logo\/image\/"},"sameAs":["https:\/\/www.facebook.com\/bahiaeconomica"]},{"@type":"Person","@id":"https:\/\/bahiaeconomica.com.br\/wp\/#\/schema\/person\/c86d3a3f8960425a0f9d0e5245991f4e","name":"JP","sameAs":["https:\/\/bahiaeconomica.com.br\/wp\/beta\/"],"url":"https:\/\/bahiaeconomica.com.br\/wp\/author\/jp\/"}]}},"views":54,"_links":{"self":[{"href":"https:\/\/bahiaeconomica.com.br\/wp\/wp-json\/wp\/v2\/posts\/793301"}],"collection":[{"href":"https:\/\/bahiaeconomica.com.br\/wp\/wp-json\/wp\/v2\/posts"}],"about":[{"href":"https:\/\/bahiaeconomica.com.br\/wp\/wp-json\/wp\/v2\/types\/post"}],"author":[{"embeddable":true,"href":"https:\/\/bahiaeconomica.com.br\/wp\/wp-json\/wp\/v2\/users\/8"}],"replies":[{"embeddable":true,"href":"https:\/\/bahiaeconomica.com.br\/wp\/wp-json\/wp\/v2\/comments?post=793301"}],"version-history":[{"count":1,"href":"https:\/\/bahiaeconomica.com.br\/wp\/wp-json\/wp\/v2\/posts\/793301\/revisions"}],"predecessor-version":[{"id":793303,"href":"https:\/\/bahiaeconomica.com.br\/wp\/wp-json\/wp\/v2\/posts\/793301\/revisions\/793303"}],"wp:featuredmedia":[{"embeddable":true,"href":"https:\/\/bahiaeconomica.com.br\/wp\/wp-json\/wp\/v2\/media\/793302"}],"wp:attachment":[{"href":"https:\/\/bahiaeconomica.com.br\/wp\/wp-json\/wp\/v2\/media?parent=793301"}],"wp:term":[{"taxonomy":"category","embeddable":true,"href":"https:\/\/bahiaeconomica.com.br\/wp\/wp-json\/wp\/v2\/categories?post=793301"},{"taxonomy":"post_tag","embeddable":true,"href":"https:\/\/bahiaeconomica.com.br\/wp\/wp-json\/wp\/v2\/tags?post=793301"}],"curies":[{"name":"wp","href":"https:\/\/api.w.org\/{rel}","templated":true}]}}