{"id":792734,"date":"2024-01-24T11:43:01","date_gmt":"2024-01-24T14:43:01","guid":{"rendered":"https:\/\/bahiaeconomica.com.br\/wp\/?p=792734"},"modified":"2024-01-24T11:43:01","modified_gmt":"2024-01-24T14:43:01","slug":"semop-anuncia-inovacoes-para-ambulantes-no-carnaval-de-salvador","status":"publish","type":"post","link":"https:\/\/bahiaeconomica.com.br\/wp\/2024\/01\/24\/semop-anuncia-inovacoes-para-ambulantes-no-carnaval-de-salvador\/","title":{"rendered":"SEMOP ANUNCIA INOVA\u00c7\u00d5ES PARA AMBULANTES NO CARNAVAL DE SALVADOR"},"content":{"rendered":"<p>A Secretaria Municipal de Ordem P\u00fablica (Semop) est\u00e1 instalando uma nova estrutura dedicada exclusivamente aos ambulantes que v\u00e3o atuar na Barra (Circuito Dod\u00f4) do Carnaval de Salvador. Constru\u00eddo na areia, o espa\u00e7o funcionar\u00e1 como uma extens\u00e3o do cal\u00e7ad\u00e3o da praia, entre o Farol e o Barravento, onde os trabalhadores informais poder\u00e3o colocar o isopor, garantindo uma seguran\u00e7a a mais para eles e para o material comercializado.<\/p>\n<p>&#8220;Tivemos a oportunidade de discutir este novo projeto do circuito Barra\/Ondina, o mais frequentado por cidad\u00e3os e turistas, trazendo mais conforto e seguran\u00e7a ao ambulante e mais espa\u00e7o para o foli\u00e3o. Os ambulantes v\u00e3o ter um espa\u00e7o exclusivo para eles, com seu isopor, como se fosse um grande balc\u00e3o para atender o p\u00fablico. \u00c9 mais uma iniciativa da gest\u00e3o para que a gente consiga equacionar as for\u00e7as que fazem o Carnaval&#8221;, disse o titular da Semop, Alexandre Tinoco.<\/p>\n<p>O gestor lembra que a ideia \u00e9 n\u00e3o tirar a vis\u00e3o de quem est\u00e1 no mar e nem diminuir a circula\u00e7\u00e3o de ar. &#8220;Os ambulantes estar\u00e3o no tablado com o equipamento de venda e sem prejudicar ningu\u00e9m. N\u00e3o ser\u00e1 permitido colocar outros equipamentos e estruturas. O acesso ser\u00e1 controlado e haver\u00e1 um n\u00famero limitado de pessoas que poder\u00e1 trabalhar ali&#8221;.<\/p>\n<p>S\u00e3o mais de 4,1 mil ambulantes licenciados na lista final, ent\u00e3o esperamos inovar trazendo mais conforto para todo mundo&#8221;, disse o secret\u00e1rio Alexandre Tinoco, refor\u00e7ando o compromisso da administra\u00e7\u00e3o municipal em proporcionar um ambiente mais seguro e confort\u00e1vel para os profissionais informais durante a festividade.<\/p>\n<p>A empres\u00e1ria M\u00f4nica Dias, de 60 anos, mora na Barra h\u00e1 tr\u00eas d\u00e9cadas e meia e elogiou a iniciativa da Semop. &#8220;Fiquei encantad\u00edssima com essa estrutura, estou feliz demais. Eu vejo o que eles passam e, como moradora da Barra, \u00e9 a minha felicidade perceber que os ambulantes est\u00e3o sendo vistos. Vai ser um Carnaval especial para todos&#8221;, ponderou.<\/p>\n<p>Avan\u00e7os \u2013 O titular da Semop ressaltou ainda os avan\u00e7os promovidos pela gest\u00e3o municipal para trazer mais conforto e seguran\u00e7a para os ambulantes que v\u00e3o atuar nas festas populares da cidade. Um dos destaques \u00e9 o sistema de credenciamento, que foi aperfei\u00e7oado e permitiu que os trabalhadores pudessem fazer o cadastro on-line, de forma antecipada, para trabalhar em quaisquer das festas na cidade, evitando filas. Outra medida municipal foi a isen\u00e7\u00e3o das taxas para atua\u00e7\u00e3o nos festejos, em todas as modalidades, a exemplo de isopor, food truck e barraca.<\/p>\n<p>Apelo \u2013 O secret\u00e1rio refor\u00e7a que todos os ambulantes credenciados foram divulgados em uma lista em novembro de 2023 \u2013 para o Carnaval, ser\u00e3o 4,1 mil licenciados. &#8220;Todo o processo de sele\u00e7\u00e3o dos ambulantes foi feito em 2023, encerramos com a lista em novembro e n\u00e3o tem mais espa\u00e7o para novos trabalhadores. Um apelo que fazemos para que as pessoas n\u00e3o se desloquem do interior ou de outros estados se n\u00e3o tiverem a garantia do nome na lista para retirar a licen\u00e7a. N\u00e3o temos mais vagas, e a fiscaliza\u00e7\u00e3o s\u00f3 ir\u00e1 permitir trabalhar no carnaval aqueles que tiverem com a licen\u00e7a&#8221;.<\/p>\n<p>Fotos: Bruno Concha\/Secom PMS<\/p>\n<p>&nbsp;<\/p>\n","protected":false},"excerpt":{"rendered":"<p>A Secretaria Municipal de Ordem P\u00fablica (Semop) est\u00e1 instalando uma nova estrutura dedicada exclusivamente aos ambulantes que v\u00e3o atuar na Barra (Circuito Dod\u00f4) do Carnaval de Salvador. Constru\u00eddo na areia, o espa\u00e7o funcionar\u00e1 como uma extens\u00e3o do cal\u00e7ad\u00e3o da praia, entre o Farol e o Barravento, onde os trabalhadores informais poder\u00e3o colocar o isopor, garantindo [&hellip;]<\/p>\n","protected":false},"author":15,"featured_media":792736,"comment_status":"closed","ping_status":"closed","sticky":false,"template":"","format":"standard","meta":[],"categories":[5],"tags":[273,1020,2482,466],"acf":[],"yoast_head":"<!-- This site is optimized with the Yoast SEO plugin v20.8 - https:\/\/yoast.com\/wordpress\/plugins\/seo\/ -->\n<title>SEMOP ANUNCIA INOVA\u00c7\u00d5ES PARA AMBULANTES NO CARNAVAL DE SALVADOR - Bahia Economica<\/title>\n<meta name=\"description\" content=\"O maior portal de Economia da Bahia MUNIC\u00cdPIOS Bahia Economica A Secretaria Municipal de Ordem P\u00fablica (Semop) est\u00e1 instalando uma nova\" \/>\n<meta name=\"robots\" content=\"index, follow, max-snippet:-1, max-image-preview:large, max-video-preview:-1\" \/>\n<link rel=\"canonical\" href=\"https:\/\/bahiaeconomica.com.br\/wp\/2024\/01\/24\/semop-anuncia-inovacoes-para-ambulantes-no-carnaval-de-salvador\/\" \/>\n<meta property=\"og:locale\" content=\"pt_BR\" \/>\n<meta property=\"og:type\" content=\"article\" \/>\n<meta property=\"og:title\" content=\"SEMOP ANUNCIA INOVA\u00c7\u00d5ES PARA AMBULANTES NO CARNAVAL DE SALVADOR - Bahia Economica\" \/>\n<meta property=\"og:description\" content=\"O maior portal de Economia da Bahia MUNIC\u00cdPIOS Bahia Economica A Secretaria Municipal de Ordem P\u00fablica (Semop) est\u00e1 instalando uma nova\" \/>\n<meta property=\"og:url\" content=\"https:\/\/bahiaeconomica.com.br\/wp\/2024\/01\/24\/semop-anuncia-inovacoes-para-ambulantes-no-carnaval-de-salvador\/\" \/>\n<meta property=\"og:site_name\" content=\"Bahia Economica\" \/>\n<meta property=\"article:publisher\" content=\"https:\/\/www.facebook.com\/bahiaeconomica\" \/>\n<meta property=\"article:published_time\" content=\"2024-01-24T14:43:01+00:00\" \/>\n<meta property=\"og:image\" content=\"https:\/\/bahiaeconomica.com.br\/wp\/wp-content\/uploads\/2024\/01\/24_01_2024_Estrutura-de-Ambulantes-para-Carnaval-2024_Fot-Bruno-Concha_Secom_Pms-2-scaled.jpg\" \/>\n\t<meta property=\"og:image:width\" content=\"2560\" \/>\n\t<meta property=\"og:image:height\" content=\"1707\" \/>\n\t<meta property=\"og:image:type\" content=\"image\/jpeg\" \/>\n<meta name=\"author\" content=\"VICTORIA ISABEL\" \/>\n<meta name=\"twitter:card\" content=\"summary_large_image\" \/>\n<meta name=\"twitter:label1\" content=\"Escrito por\" \/>\n\t<meta name=\"twitter:data1\" content=\"VICTORIA ISABEL\" \/>\n\t<meta name=\"twitter:label2\" content=\"Est. tempo de leitura\" \/>\n\t<meta name=\"twitter:data2\" content=\"3 minutos\" \/>\n<script type=\"application\/ld+json\" class=\"yoast-schema-graph\">{\"@context\":\"https:\/\/schema.org\",\"@graph\":[{\"@type\":\"Article\",\"@id\":\"https:\/\/bahiaeconomica.com.br\/wp\/2024\/01\/24\/semop-anuncia-inovacoes-para-ambulantes-no-carnaval-de-salvador\/#article\",\"isPartOf\":{\"@id\":\"https:\/\/bahiaeconomica.com.br\/wp\/2024\/01\/24\/semop-anuncia-inovacoes-para-ambulantes-no-carnaval-de-salvador\/\"},\"author\":{\"name\":\"VICTORIA ISABEL\",\"@id\":\"https:\/\/bahiaeconomica.com.br\/wp\/#\/schema\/person\/b719ce0fb1c09f3c7a00d9243ced4a6f\"},\"headline\":\"SEMOP ANUNCIA INOVA\u00c7\u00d5ES PARA AMBULANTES NO CARNAVAL DE SALVADOR\",\"datePublished\":\"2024-01-24T14:43:01+00:00\",\"dateModified\":\"2024-01-24T14:43:01+00:00\",\"mainEntityOfPage\":{\"@id\":\"https:\/\/bahiaeconomica.com.br\/wp\/2024\/01\/24\/semop-anuncia-inovacoes-para-ambulantes-no-carnaval-de-salvador\/\"},\"wordCount\":561,\"publisher\":{\"@id\":\"https:\/\/bahiaeconomica.com.br\/wp\/#organization\"},\"keywords\":[\"ambulantes\",\"carnaval\",\"estrutura\",\"Semop\"],\"articleSection\":[\"MUNIC\u00cdPIOS\"],\"inLanguage\":\"pt-BR\"},{\"@type\":\"WebPage\",\"@id\":\"https:\/\/bahiaeconomica.com.br\/wp\/2024\/01\/24\/semop-anuncia-inovacoes-para-ambulantes-no-carnaval-de-salvador\/\",\"url\":\"https:\/\/bahiaeconomica.com.br\/wp\/2024\/01\/24\/semop-anuncia-inovacoes-para-ambulantes-no-carnaval-de-salvador\/\",\"name\":\"SEMOP ANUNCIA INOVA\u00c7\u00d5ES PARA AMBULANTES NO CARNAVAL DE SALVADOR - Bahia Economica\",\"isPartOf\":{\"@id\":\"https:\/\/bahiaeconomica.com.br\/wp\/#website\"},\"datePublished\":\"2024-01-24T14:43:01+00:00\",\"dateModified\":\"2024-01-24T14:43:01+00:00\",\"description\":\"O maior portal de Economia da Bahia MUNIC\u00cdPIOS Bahia Economica A Secretaria Municipal de Ordem P\u00fablica (Semop) est\u00e1 instalando uma nova\",\"breadcrumb\":{\"@id\":\"https:\/\/bahiaeconomica.com.br\/wp\/2024\/01\/24\/semop-anuncia-inovacoes-para-ambulantes-no-carnaval-de-salvador\/#breadcrumb\"},\"inLanguage\":\"pt-BR\",\"potentialAction\":[{\"@type\":\"ReadAction\",\"target\":[\"https:\/\/bahiaeconomica.com.br\/wp\/2024\/01\/24\/semop-anuncia-inovacoes-para-ambulantes-no-carnaval-de-salvador\/\"]}]},{\"@type\":\"BreadcrumbList\",\"@id\":\"https:\/\/bahiaeconomica.com.br\/wp\/2024\/01\/24\/semop-anuncia-inovacoes-para-ambulantes-no-carnaval-de-salvador\/#breadcrumb\",\"itemListElement\":[{\"@type\":\"ListItem\",\"position\":1,\"name\":\"In\u00edcio\",\"item\":\"https:\/\/bahiaeconomica.com.br\/wp\/\"},{\"@type\":\"ListItem\",\"position\":2,\"name\":\"SEMOP ANUNCIA INOVA\u00c7\u00d5ES PARA AMBULANTES NO CARNAVAL DE SALVADOR\"}]},{\"@type\":\"WebSite\",\"@id\":\"https:\/\/bahiaeconomica.com.br\/wp\/#website\",\"url\":\"https:\/\/bahiaeconomica.com.br\/wp\/\",\"name\":\"Bahia Economica\",\"description\":\"O maior portal de Economia da Bahia\",\"publisher\":{\"@id\":\"https:\/\/bahiaeconomica.com.br\/wp\/#organization\"},\"potentialAction\":[{\"@type\":\"SearchAction\",\"target\":{\"@type\":\"EntryPoint\",\"urlTemplate\":\"https:\/\/bahiaeconomica.com.br\/wp\/?s={search_term_string}\"},\"query-input\":\"required name=search_term_string\"}],\"inLanguage\":\"pt-BR\"},{\"@type\":\"Organization\",\"@id\":\"https:\/\/bahiaeconomica.com.br\/wp\/#organization\",\"name\":\"Bahia Econ\u00f4mica\",\"url\":\"https:\/\/bahiaeconomica.com.br\/wp\/\",\"logo\":{\"@type\":\"ImageObject\",\"inLanguage\":\"pt-BR\",\"@id\":\"https:\/\/bahiaeconomica.com.br\/wp\/#\/schema\/logo\/image\/\",\"url\":\"https:\/\/bahiaeconomica.com.br\/wp\/wp-content\/uploads\/2020\/12\/cropped-BE.png\",\"contentUrl\":\"https:\/\/bahiaeconomica.com.br\/wp\/wp-content\/uploads\/2020\/12\/cropped-BE.png\",\"width\":512,\"height\":512,\"caption\":\"Bahia Econ\u00f4mica\"},\"image\":{\"@id\":\"https:\/\/bahiaeconomica.com.br\/wp\/#\/schema\/logo\/image\/\"},\"sameAs\":[\"https:\/\/www.facebook.com\/bahiaeconomica\"]},{\"@type\":\"Person\",\"@id\":\"https:\/\/bahiaeconomica.com.br\/wp\/#\/schema\/person\/b719ce0fb1c09f3c7a00d9243ced4a6f\",\"name\":\"VICTORIA ISABEL\",\"sameAs\":[\"http:\/\/www.bahiaeconomica.com.br\"],\"url\":\"https:\/\/bahiaeconomica.com.br\/wp\/author\/victoria-isabel\/\"}]}<\/script>\n<!-- \/ Yoast SEO plugin. -->","yoast_head_json":{"title":"SEMOP ANUNCIA INOVA\u00c7\u00d5ES PARA AMBULANTES NO CARNAVAL DE SALVADOR - Bahia Economica","description":"O maior portal de Economia da Bahia MUNIC\u00cdPIOS Bahia Economica A Secretaria Municipal de Ordem P\u00fablica (Semop) est\u00e1 instalando uma nova","robots":{"index":"index","follow":"follow","max-snippet":"max-snippet:-1","max-image-preview":"max-image-preview:large","max-video-preview":"max-video-preview:-1"},"canonical":"https:\/\/bahiaeconomica.com.br\/wp\/2024\/01\/24\/semop-anuncia-inovacoes-para-ambulantes-no-carnaval-de-salvador\/","og_locale":"pt_BR","og_type":"article","og_title":"SEMOP ANUNCIA INOVA\u00c7\u00d5ES PARA AMBULANTES NO CARNAVAL DE SALVADOR - Bahia Economica","og_description":"O maior portal de Economia da Bahia MUNIC\u00cdPIOS Bahia Economica A Secretaria Municipal de Ordem P\u00fablica (Semop) est\u00e1 instalando uma nova","og_url":"https:\/\/bahiaeconomica.com.br\/wp\/2024\/01\/24\/semop-anuncia-inovacoes-para-ambulantes-no-carnaval-de-salvador\/","og_site_name":"Bahia Economica","article_publisher":"https:\/\/www.facebook.com\/bahiaeconomica","article_published_time":"2024-01-24T14:43:01+00:00","og_image":[{"width":2560,"height":1707,"url":"https:\/\/bahiaeconomica.com.br\/wp\/wp-content\/uploads\/2024\/01\/24_01_2024_Estrutura-de-Ambulantes-para-Carnaval-2024_Fot-Bruno-Concha_Secom_Pms-2-scaled.jpg","type":"image\/jpeg"}],"author":"VICTORIA ISABEL","twitter_card":"summary_large_image","twitter_misc":{"Escrito por":"VICTORIA ISABEL","Est. tempo de leitura":"3 minutos"},"schema":{"@context":"https:\/\/schema.org","@graph":[{"@type":"Article","@id":"https:\/\/bahiaeconomica.com.br\/wp\/2024\/01\/24\/semop-anuncia-inovacoes-para-ambulantes-no-carnaval-de-salvador\/#article","isPartOf":{"@id":"https:\/\/bahiaeconomica.com.br\/wp\/2024\/01\/24\/semop-anuncia-inovacoes-para-ambulantes-no-carnaval-de-salvador\/"},"author":{"name":"VICTORIA ISABEL","@id":"https:\/\/bahiaeconomica.com.br\/wp\/#\/schema\/person\/b719ce0fb1c09f3c7a00d9243ced4a6f"},"headline":"SEMOP ANUNCIA INOVA\u00c7\u00d5ES PARA AMBULANTES NO CARNAVAL DE SALVADOR","datePublished":"2024-01-24T14:43:01+00:00","dateModified":"2024-01-24T14:43:01+00:00","mainEntityOfPage":{"@id":"https:\/\/bahiaeconomica.com.br\/wp\/2024\/01\/24\/semop-anuncia-inovacoes-para-ambulantes-no-carnaval-de-salvador\/"},"wordCount":561,"publisher":{"@id":"https:\/\/bahiaeconomica.com.br\/wp\/#organization"},"keywords":["ambulantes","carnaval","estrutura","Semop"],"articleSection":["MUNIC\u00cdPIOS"],"inLanguage":"pt-BR"},{"@type":"WebPage","@id":"https:\/\/bahiaeconomica.com.br\/wp\/2024\/01\/24\/semop-anuncia-inovacoes-para-ambulantes-no-carnaval-de-salvador\/","url":"https:\/\/bahiaeconomica.com.br\/wp\/2024\/01\/24\/semop-anuncia-inovacoes-para-ambulantes-no-carnaval-de-salvador\/","name":"SEMOP ANUNCIA INOVA\u00c7\u00d5ES PARA AMBULANTES NO CARNAVAL DE SALVADOR - Bahia Economica","isPartOf":{"@id":"https:\/\/bahiaeconomica.com.br\/wp\/#website"},"datePublished":"2024-01-24T14:43:01+00:00","dateModified":"2024-01-24T14:43:01+00:00","description":"O maior portal de Economia da Bahia MUNIC\u00cdPIOS Bahia Economica A Secretaria Municipal de Ordem P\u00fablica (Semop) est\u00e1 instalando uma nova","breadcrumb":{"@id":"https:\/\/bahiaeconomica.com.br\/wp\/2024\/01\/24\/semop-anuncia-inovacoes-para-ambulantes-no-carnaval-de-salvador\/#breadcrumb"},"inLanguage":"pt-BR","potentialAction":[{"@type":"ReadAction","target":["https:\/\/bahiaeconomica.com.br\/wp\/2024\/01\/24\/semop-anuncia-inovacoes-para-ambulantes-no-carnaval-de-salvador\/"]}]},{"@type":"BreadcrumbList","@id":"https:\/\/bahiaeconomica.com.br\/wp\/2024\/01\/24\/semop-anuncia-inovacoes-para-ambulantes-no-carnaval-de-salvador\/#breadcrumb","itemListElement":[{"@type":"ListItem","position":1,"name":"In\u00edcio","item":"https:\/\/bahiaeconomica.com.br\/wp\/"},{"@type":"ListItem","position":2,"name":"SEMOP ANUNCIA INOVA\u00c7\u00d5ES PARA AMBULANTES NO CARNAVAL DE SALVADOR"}]},{"@type":"WebSite","@id":"https:\/\/bahiaeconomica.com.br\/wp\/#website","url":"https:\/\/bahiaeconomica.com.br\/wp\/","name":"Bahia Economica","description":"O maior portal de Economia da Bahia","publisher":{"@id":"https:\/\/bahiaeconomica.com.br\/wp\/#organization"},"potentialAction":[{"@type":"SearchAction","target":{"@type":"EntryPoint","urlTemplate":"https:\/\/bahiaeconomica.com.br\/wp\/?s={search_term_string}"},"query-input":"required name=search_term_string"}],"inLanguage":"pt-BR"},{"@type":"Organization","@id":"https:\/\/bahiaeconomica.com.br\/wp\/#organization","name":"Bahia Econ\u00f4mica","url":"https:\/\/bahiaeconomica.com.br\/wp\/","logo":{"@type":"ImageObject","inLanguage":"pt-BR","@id":"https:\/\/bahiaeconomica.com.br\/wp\/#\/schema\/logo\/image\/","url":"https:\/\/bahiaeconomica.com.br\/wp\/wp-content\/uploads\/2020\/12\/cropped-BE.png","contentUrl":"https:\/\/bahiaeconomica.com.br\/wp\/wp-content\/uploads\/2020\/12\/cropped-BE.png","width":512,"height":512,"caption":"Bahia Econ\u00f4mica"},"image":{"@id":"https:\/\/bahiaeconomica.com.br\/wp\/#\/schema\/logo\/image\/"},"sameAs":["https:\/\/www.facebook.com\/bahiaeconomica"]},{"@type":"Person","@id":"https:\/\/bahiaeconomica.com.br\/wp\/#\/schema\/person\/b719ce0fb1c09f3c7a00d9243ced4a6f","name":"VICTORIA ISABEL","sameAs":["http:\/\/www.bahiaeconomica.com.br"],"url":"https:\/\/bahiaeconomica.com.br\/wp\/author\/victoria-isabel\/"}]}},"views":49,"_links":{"self":[{"href":"https:\/\/bahiaeconomica.com.br\/wp\/wp-json\/wp\/v2\/posts\/792734"}],"collection":[{"href":"https:\/\/bahiaeconomica.com.br\/wp\/wp-json\/wp\/v2\/posts"}],"about":[{"href":"https:\/\/bahiaeconomica.com.br\/wp\/wp-json\/wp\/v2\/types\/post"}],"author":[{"embeddable":true,"href":"https:\/\/bahiaeconomica.com.br\/wp\/wp-json\/wp\/v2\/users\/15"}],"replies":[{"embeddable":true,"href":"https:\/\/bahiaeconomica.com.br\/wp\/wp-json\/wp\/v2\/comments?post=792734"}],"version-history":[{"count":1,"href":"https:\/\/bahiaeconomica.com.br\/wp\/wp-json\/wp\/v2\/posts\/792734\/revisions"}],"predecessor-version":[{"id":792738,"href":"https:\/\/bahiaeconomica.com.br\/wp\/wp-json\/wp\/v2\/posts\/792734\/revisions\/792738"}],"wp:featuredmedia":[{"embeddable":true,"href":"https:\/\/bahiaeconomica.com.br\/wp\/wp-json\/wp\/v2\/media\/792736"}],"wp:attachment":[{"href":"https:\/\/bahiaeconomica.com.br\/wp\/wp-json\/wp\/v2\/media?parent=792734"}],"wp:term":[{"taxonomy":"category","embeddable":true,"href":"https:\/\/bahiaeconomica.com.br\/wp\/wp-json\/wp\/v2\/categories?post=792734"},{"taxonomy":"post_tag","embeddable":true,"href":"https:\/\/bahiaeconomica.com.br\/wp\/wp-json\/wp\/v2\/tags?post=792734"}],"curies":[{"name":"wp","href":"https:\/\/api.w.org\/{rel}","templated":true}]}}