{"id":792439,"date":"2024-01-23T13:20:55","date_gmt":"2024-01-23T16:20:55","guid":{"rendered":"https:\/\/bahiaeconomica.com.br\/wp\/?p=792439"},"modified":"2024-01-23T12:49:30","modified_gmt":"2024-01-23T15:49:30","slug":"benzema-pede-para-deixar-al-ittihad-de-forma-temporaria-diz-agencia","status":"publish","type":"post","link":"https:\/\/bahiaeconomica.com.br\/wp\/2024\/01\/23\/benzema-pede-para-deixar-al-ittihad-de-forma-temporaria-diz-agencia\/","title":{"rendered":"BENZEMA PEDE PARA DEIXAR AL-ITTIHAD DE FORMA &#8216;TEMPOR\u00c1RIA&#8217;, DIZ AG\u00caNCIA"},"content":{"rendered":"<p>As desventuras de Karim Benzema na Ar\u00e1bia Saudita ganharam mais um epis\u00f3dio nesta ter\u00e7a-feira, pois o atacante franc\u00eas est\u00e1 se dizendo &#8220;pressionado&#8221; e pediu para deixar o Al-Ittihad de forma &#8220;tempor\u00e1ria&#8221;. A informa\u00e7\u00e3o foi trazida pela ag\u00eancia de not\u00edcias AFP, ap\u00f3s ouvir fontes pr\u00f3ximas ao clube. Isso significa que o astro quer ser emprestado pelo clube saudita. Dessa forma, ele pode estar se aproximando de um retorno ao futebol europeu, pois tamb\u00e9m se recusa a ir para outra equipe do pa\u00eds do Oriente M\u00e9dio.<\/p>\n<p>No come\u00e7o deste m\u00eas, Benzema foi exclu\u00eddo pelo treinador Marcelo Gallardo de uma viagem para amistosos em Dubai, nos Emirados \u00c1rabes Unidos. O motivo foi n\u00e3o ter se reapresentado a tempo no CT do clube. O elenco voltou \u00e0s atividades em 12 de janeiro, em meio \u00e0 pausa na Liga Saudita para a Copa da \u00c1sia. Quando reapareceu em Jid\u00e1, no \u00faltimo dia 19, o atleta encontrou dirigentes &#8220;muito bravos com o que aconteceu&#8221;, segundo informado pela AFP. O vencedor da Bola de Ouro de 2022 estava nas Ilhas Maur\u00edcio e teria ficado preso devido a um ciclone que atingiu o local.<\/p>\n<p>O jogador de 36 anos n\u00e3o passa por bom momento na Ar\u00e1bia, para onde se transferiu no meio de 2023. No final do ano, ele tamb\u00e9m se ausentou de treinos, e apagou sua conta pessoal no Instagram, que tem 76 milh\u00f5es de seguidores.<\/p>\n<p>O atacante franc\u00eas at\u00e9 ganhou um apelido jocoso da torcida. A decep\u00e7\u00e3o com o jogador entre os f\u00e3s rendeu um trocadilho com o nome do franc\u00eas: Ben Hazima, que, em portugu\u00eas, significa &#8220;filho da derrota&#8221;. Na temporada, tem 15 gols e seis assist\u00eancias em 24 jogos. Atual campe\u00e3o saudita, o Al-Ittihad est\u00e1 muito aqu\u00e9m do desempenho esperado na temporada. Mesmo com altos investimentos, o time \u00e9 apenas o s\u00e9timo colocado na liga saudita, a 25 pontos do l\u00edder Al-Hilal. Al\u00e9m disso, o clube foi eliminado nas quartas de final do Mundial de Clubes, derrotado por 3 a 1 pelo Al-Ahly (Egito).<\/p>\n<p>Foto: Fayez NURELDINE \/ AFP<\/p>\n","protected":false},"excerpt":{"rendered":"<p>As desventuras de Karim Benzema na Ar\u00e1bia Saudita ganharam mais um epis\u00f3dio nesta ter\u00e7a-feira, pois o atacante franc\u00eas est\u00e1 se dizendo &#8220;pressionado&#8221; e pediu para deixar o Al-Ittihad de forma &#8220;tempor\u00e1ria&#8221;. A informa\u00e7\u00e3o foi trazida pela ag\u00eancia de not\u00edcias AFP, ap\u00f3s ouvir fontes pr\u00f3ximas ao clube. Isso significa que o astro quer ser emprestado pelo [&hellip;]<\/p>\n","protected":false},"author":8,"featured_media":792441,"comment_status":"closed","ping_status":"closed","sticky":false,"template":"","format":"standard","meta":[],"categories":[4486],"tags":[52,1007,100],"acf":[],"yoast_head":"<!-- This site is optimized with the Yoast SEO plugin v20.8 - https:\/\/yoast.com\/wordpress\/plugins\/seo\/ -->\n<title>BENZEMA PEDE PARA DEIXAR AL-ITTIHAD DE FORMA &#039;TEMPOR\u00c1RIA&#039;, DIZ AG\u00caNCIA - Bahia Economica<\/title>\n<meta name=\"description\" content=\"O maior portal de Economia da Bahia Esporte Bahia Economica exclu\u00eddo pelo treinador Marcelo Gallardo de uma viagem para amistosos em\" \/>\n<meta name=\"robots\" content=\"index, follow, max-snippet:-1, max-image-preview:large, max-video-preview:-1\" \/>\n<link rel=\"canonical\" href=\"https:\/\/bahiaeconomica.com.br\/wp\/2024\/01\/23\/benzema-pede-para-deixar-al-ittihad-de-forma-temporaria-diz-agencia\/\" \/>\n<meta property=\"og:locale\" content=\"pt_BR\" \/>\n<meta property=\"og:type\" content=\"article\" \/>\n<meta property=\"og:title\" content=\"BENZEMA PEDE PARA DEIXAR AL-ITTIHAD DE FORMA &#039;TEMPOR\u00c1RIA&#039;, DIZ AG\u00caNCIA - Bahia Economica\" \/>\n<meta property=\"og:description\" content=\"O maior portal de Economia da Bahia Esporte Bahia Economica exclu\u00eddo pelo treinador Marcelo Gallardo de uma viagem para amistosos em\" \/>\n<meta property=\"og:url\" content=\"https:\/\/bahiaeconomica.com.br\/wp\/2024\/01\/23\/benzema-pede-para-deixar-al-ittihad-de-forma-temporaria-diz-agencia\/\" \/>\n<meta property=\"og:site_name\" content=\"Bahia Economica\" \/>\n<meta property=\"article:publisher\" content=\"https:\/\/www.facebook.com\/bahiaeconomica\" \/>\n<meta property=\"article:published_time\" content=\"2024-01-23T16:20:55+00:00\" \/>\n<meta property=\"article:modified_time\" content=\"2024-01-23T15:49:30+00:00\" \/>\n<meta property=\"og:image\" content=\"https:\/\/bahiaeconomica.com.br\/wp\/wp-content\/uploads\/2024\/01\/104731832-files-ittihads-french-forward-09-karim-benzema-reacts-during-the-saudi-pro-league-fo.jpeg\" \/>\n\t<meta property=\"og:image:width\" content=\"1\" \/>\n\t<meta property=\"og:image:height\" content=\"1\" \/>\n\t<meta property=\"og:image:type\" content=\"image\/jpeg\" \/>\n<meta name=\"author\" content=\"JP\" \/>\n<meta name=\"twitter:card\" content=\"summary_large_image\" \/>\n<meta name=\"twitter:label1\" content=\"Escrito por\" \/>\n\t<meta name=\"twitter:data1\" content=\"JP\" \/>\n\t<meta name=\"twitter:label2\" content=\"Est. tempo de leitura\" \/>\n\t<meta name=\"twitter:data2\" content=\"2 minutos\" \/>\n<script type=\"application\/ld+json\" class=\"yoast-schema-graph\">{\"@context\":\"https:\/\/schema.org\",\"@graph\":[{\"@type\":\"Article\",\"@id\":\"https:\/\/bahiaeconomica.com.br\/wp\/2024\/01\/23\/benzema-pede-para-deixar-al-ittihad-de-forma-temporaria-diz-agencia\/#article\",\"isPartOf\":{\"@id\":\"https:\/\/bahiaeconomica.com.br\/wp\/2024\/01\/23\/benzema-pede-para-deixar-al-ittihad-de-forma-temporaria-diz-agencia\/\"},\"author\":{\"name\":\"JP\",\"@id\":\"https:\/\/bahiaeconomica.com.br\/wp\/#\/schema\/person\/c86d3a3f8960425a0f9d0e5245991f4e\"},\"headline\":\"BENZEMA PEDE PARA DEIXAR AL-ITTIHAD DE FORMA &#8216;TEMPOR\u00c1RIA&#8217;, DIZ AG\u00caNCIA\",\"datePublished\":\"2024-01-23T16:20:55+00:00\",\"dateModified\":\"2024-01-23T15:49:30+00:00\",\"mainEntityOfPage\":{\"@id\":\"https:\/\/bahiaeconomica.com.br\/wp\/2024\/01\/23\/benzema-pede-para-deixar-al-ittihad-de-forma-temporaria-diz-agencia\/\"},\"wordCount\":366,\"publisher\":{\"@id\":\"https:\/\/bahiaeconomica.com.br\/wp\/#organization\"},\"keywords\":[\"Brasil\",\"esporte\",\"Pol\u00edtica\"],\"articleSection\":[\"Esporte\"],\"inLanguage\":\"pt-BR\"},{\"@type\":\"WebPage\",\"@id\":\"https:\/\/bahiaeconomica.com.br\/wp\/2024\/01\/23\/benzema-pede-para-deixar-al-ittihad-de-forma-temporaria-diz-agencia\/\",\"url\":\"https:\/\/bahiaeconomica.com.br\/wp\/2024\/01\/23\/benzema-pede-para-deixar-al-ittihad-de-forma-temporaria-diz-agencia\/\",\"name\":\"BENZEMA PEDE PARA DEIXAR AL-ITTIHAD DE FORMA 'TEMPOR\u00c1RIA', DIZ AG\u00caNCIA - Bahia Economica\",\"isPartOf\":{\"@id\":\"https:\/\/bahiaeconomica.com.br\/wp\/#website\"},\"datePublished\":\"2024-01-23T16:20:55+00:00\",\"dateModified\":\"2024-01-23T15:49:30+00:00\",\"description\":\"O maior portal de Economia da Bahia Esporte Bahia Economica exclu\u00eddo pelo treinador Marcelo Gallardo de uma viagem para amistosos em\",\"breadcrumb\":{\"@id\":\"https:\/\/bahiaeconomica.com.br\/wp\/2024\/01\/23\/benzema-pede-para-deixar-al-ittihad-de-forma-temporaria-diz-agencia\/#breadcrumb\"},\"inLanguage\":\"pt-BR\",\"potentialAction\":[{\"@type\":\"ReadAction\",\"target\":[\"https:\/\/bahiaeconomica.com.br\/wp\/2024\/01\/23\/benzema-pede-para-deixar-al-ittihad-de-forma-temporaria-diz-agencia\/\"]}]},{\"@type\":\"BreadcrumbList\",\"@id\":\"https:\/\/bahiaeconomica.com.br\/wp\/2024\/01\/23\/benzema-pede-para-deixar-al-ittihad-de-forma-temporaria-diz-agencia\/#breadcrumb\",\"itemListElement\":[{\"@type\":\"ListItem\",\"position\":1,\"name\":\"In\u00edcio\",\"item\":\"https:\/\/bahiaeconomica.com.br\/wp\/\"},{\"@type\":\"ListItem\",\"position\":2,\"name\":\"BENZEMA PEDE PARA DEIXAR AL-ITTIHAD DE FORMA &#8216;TEMPOR\u00c1RIA&#8217;, DIZ AG\u00caNCIA\"}]},{\"@type\":\"WebSite\",\"@id\":\"https:\/\/bahiaeconomica.com.br\/wp\/#website\",\"url\":\"https:\/\/bahiaeconomica.com.br\/wp\/\",\"name\":\"Bahia Economica\",\"description\":\"O maior portal de Economia da Bahia\",\"publisher\":{\"@id\":\"https:\/\/bahiaeconomica.com.br\/wp\/#organization\"},\"potentialAction\":[{\"@type\":\"SearchAction\",\"target\":{\"@type\":\"EntryPoint\",\"urlTemplate\":\"https:\/\/bahiaeconomica.com.br\/wp\/?s={search_term_string}\"},\"query-input\":\"required name=search_term_string\"}],\"inLanguage\":\"pt-BR\"},{\"@type\":\"Organization\",\"@id\":\"https:\/\/bahiaeconomica.com.br\/wp\/#organization\",\"name\":\"Bahia Econ\u00f4mica\",\"url\":\"https:\/\/bahiaeconomica.com.br\/wp\/\",\"logo\":{\"@type\":\"ImageObject\",\"inLanguage\":\"pt-BR\",\"@id\":\"https:\/\/bahiaeconomica.com.br\/wp\/#\/schema\/logo\/image\/\",\"url\":\"https:\/\/bahiaeconomica.com.br\/wp\/wp-content\/uploads\/2020\/12\/cropped-BE.png\",\"contentUrl\":\"https:\/\/bahiaeconomica.com.br\/wp\/wp-content\/uploads\/2020\/12\/cropped-BE.png\",\"width\":512,\"height\":512,\"caption\":\"Bahia Econ\u00f4mica\"},\"image\":{\"@id\":\"https:\/\/bahiaeconomica.com.br\/wp\/#\/schema\/logo\/image\/\"},\"sameAs\":[\"https:\/\/www.facebook.com\/bahiaeconomica\"]},{\"@type\":\"Person\",\"@id\":\"https:\/\/bahiaeconomica.com.br\/wp\/#\/schema\/person\/c86d3a3f8960425a0f9d0e5245991f4e\",\"name\":\"JP\",\"sameAs\":[\"https:\/\/bahiaeconomica.com.br\/wp\/beta\/\"],\"url\":\"https:\/\/bahiaeconomica.com.br\/wp\/author\/jp\/\"}]}<\/script>\n<!-- \/ Yoast SEO plugin. -->","yoast_head_json":{"title":"BENZEMA PEDE PARA DEIXAR AL-ITTIHAD DE FORMA 'TEMPOR\u00c1RIA', DIZ AG\u00caNCIA - Bahia Economica","description":"O maior portal de Economia da Bahia Esporte Bahia Economica exclu\u00eddo pelo treinador Marcelo Gallardo de uma viagem para amistosos em","robots":{"index":"index","follow":"follow","max-snippet":"max-snippet:-1","max-image-preview":"max-image-preview:large","max-video-preview":"max-video-preview:-1"},"canonical":"https:\/\/bahiaeconomica.com.br\/wp\/2024\/01\/23\/benzema-pede-para-deixar-al-ittihad-de-forma-temporaria-diz-agencia\/","og_locale":"pt_BR","og_type":"article","og_title":"BENZEMA PEDE PARA DEIXAR AL-ITTIHAD DE FORMA 'TEMPOR\u00c1RIA', DIZ AG\u00caNCIA - Bahia Economica","og_description":"O maior portal de Economia da Bahia Esporte Bahia Economica exclu\u00eddo pelo treinador Marcelo Gallardo de uma viagem para amistosos em","og_url":"https:\/\/bahiaeconomica.com.br\/wp\/2024\/01\/23\/benzema-pede-para-deixar-al-ittihad-de-forma-temporaria-diz-agencia\/","og_site_name":"Bahia Economica","article_publisher":"https:\/\/www.facebook.com\/bahiaeconomica","article_published_time":"2024-01-23T16:20:55+00:00","article_modified_time":"2024-01-23T15:49:30+00:00","og_image":[{"url":"https:\/\/bahiaeconomica.com.br\/wp\/wp-content\/uploads\/2024\/01\/104731832-files-ittihads-french-forward-09-karim-benzema-reacts-during-the-saudi-pro-league-fo.jpeg","width":1,"height":1,"type":"image\/jpeg"}],"author":"JP","twitter_card":"summary_large_image","twitter_misc":{"Escrito por":"JP","Est. tempo de leitura":"2 minutos"},"schema":{"@context":"https:\/\/schema.org","@graph":[{"@type":"Article","@id":"https:\/\/bahiaeconomica.com.br\/wp\/2024\/01\/23\/benzema-pede-para-deixar-al-ittihad-de-forma-temporaria-diz-agencia\/#article","isPartOf":{"@id":"https:\/\/bahiaeconomica.com.br\/wp\/2024\/01\/23\/benzema-pede-para-deixar-al-ittihad-de-forma-temporaria-diz-agencia\/"},"author":{"name":"JP","@id":"https:\/\/bahiaeconomica.com.br\/wp\/#\/schema\/person\/c86d3a3f8960425a0f9d0e5245991f4e"},"headline":"BENZEMA PEDE PARA DEIXAR AL-ITTIHAD DE FORMA &#8216;TEMPOR\u00c1RIA&#8217;, DIZ AG\u00caNCIA","datePublished":"2024-01-23T16:20:55+00:00","dateModified":"2024-01-23T15:49:30+00:00","mainEntityOfPage":{"@id":"https:\/\/bahiaeconomica.com.br\/wp\/2024\/01\/23\/benzema-pede-para-deixar-al-ittihad-de-forma-temporaria-diz-agencia\/"},"wordCount":366,"publisher":{"@id":"https:\/\/bahiaeconomica.com.br\/wp\/#organization"},"keywords":["Brasil","esporte","Pol\u00edtica"],"articleSection":["Esporte"],"inLanguage":"pt-BR"},{"@type":"WebPage","@id":"https:\/\/bahiaeconomica.com.br\/wp\/2024\/01\/23\/benzema-pede-para-deixar-al-ittihad-de-forma-temporaria-diz-agencia\/","url":"https:\/\/bahiaeconomica.com.br\/wp\/2024\/01\/23\/benzema-pede-para-deixar-al-ittihad-de-forma-temporaria-diz-agencia\/","name":"BENZEMA PEDE PARA DEIXAR AL-ITTIHAD DE FORMA 'TEMPOR\u00c1RIA', DIZ AG\u00caNCIA - Bahia Economica","isPartOf":{"@id":"https:\/\/bahiaeconomica.com.br\/wp\/#website"},"datePublished":"2024-01-23T16:20:55+00:00","dateModified":"2024-01-23T15:49:30+00:00","description":"O maior portal de Economia da Bahia Esporte Bahia Economica exclu\u00eddo pelo treinador Marcelo Gallardo de uma viagem para amistosos em","breadcrumb":{"@id":"https:\/\/bahiaeconomica.com.br\/wp\/2024\/01\/23\/benzema-pede-para-deixar-al-ittihad-de-forma-temporaria-diz-agencia\/#breadcrumb"},"inLanguage":"pt-BR","potentialAction":[{"@type":"ReadAction","target":["https:\/\/bahiaeconomica.com.br\/wp\/2024\/01\/23\/benzema-pede-para-deixar-al-ittihad-de-forma-temporaria-diz-agencia\/"]}]},{"@type":"BreadcrumbList","@id":"https:\/\/bahiaeconomica.com.br\/wp\/2024\/01\/23\/benzema-pede-para-deixar-al-ittihad-de-forma-temporaria-diz-agencia\/#breadcrumb","itemListElement":[{"@type":"ListItem","position":1,"name":"In\u00edcio","item":"https:\/\/bahiaeconomica.com.br\/wp\/"},{"@type":"ListItem","position":2,"name":"BENZEMA PEDE PARA DEIXAR AL-ITTIHAD DE FORMA &#8216;TEMPOR\u00c1RIA&#8217;, DIZ AG\u00caNCIA"}]},{"@type":"WebSite","@id":"https:\/\/bahiaeconomica.com.br\/wp\/#website","url":"https:\/\/bahiaeconomica.com.br\/wp\/","name":"Bahia Economica","description":"O maior portal de Economia da Bahia","publisher":{"@id":"https:\/\/bahiaeconomica.com.br\/wp\/#organization"},"potentialAction":[{"@type":"SearchAction","target":{"@type":"EntryPoint","urlTemplate":"https:\/\/bahiaeconomica.com.br\/wp\/?s={search_term_string}"},"query-input":"required name=search_term_string"}],"inLanguage":"pt-BR"},{"@type":"Organization","@id":"https:\/\/bahiaeconomica.com.br\/wp\/#organization","name":"Bahia Econ\u00f4mica","url":"https:\/\/bahiaeconomica.com.br\/wp\/","logo":{"@type":"ImageObject","inLanguage":"pt-BR","@id":"https:\/\/bahiaeconomica.com.br\/wp\/#\/schema\/logo\/image\/","url":"https:\/\/bahiaeconomica.com.br\/wp\/wp-content\/uploads\/2020\/12\/cropped-BE.png","contentUrl":"https:\/\/bahiaeconomica.com.br\/wp\/wp-content\/uploads\/2020\/12\/cropped-BE.png","width":512,"height":512,"caption":"Bahia Econ\u00f4mica"},"image":{"@id":"https:\/\/bahiaeconomica.com.br\/wp\/#\/schema\/logo\/image\/"},"sameAs":["https:\/\/www.facebook.com\/bahiaeconomica"]},{"@type":"Person","@id":"https:\/\/bahiaeconomica.com.br\/wp\/#\/schema\/person\/c86d3a3f8960425a0f9d0e5245991f4e","name":"JP","sameAs":["https:\/\/bahiaeconomica.com.br\/wp\/beta\/"],"url":"https:\/\/bahiaeconomica.com.br\/wp\/author\/jp\/"}]}},"views":9,"_links":{"self":[{"href":"https:\/\/bahiaeconomica.com.br\/wp\/wp-json\/wp\/v2\/posts\/792439"}],"collection":[{"href":"https:\/\/bahiaeconomica.com.br\/wp\/wp-json\/wp\/v2\/posts"}],"about":[{"href":"https:\/\/bahiaeconomica.com.br\/wp\/wp-json\/wp\/v2\/types\/post"}],"author":[{"embeddable":true,"href":"https:\/\/bahiaeconomica.com.br\/wp\/wp-json\/wp\/v2\/users\/8"}],"replies":[{"embeddable":true,"href":"https:\/\/bahiaeconomica.com.br\/wp\/wp-json\/wp\/v2\/comments?post=792439"}],"version-history":[{"count":1,"href":"https:\/\/bahiaeconomica.com.br\/wp\/wp-json\/wp\/v2\/posts\/792439\/revisions"}],"predecessor-version":[{"id":792442,"href":"https:\/\/bahiaeconomica.com.br\/wp\/wp-json\/wp\/v2\/posts\/792439\/revisions\/792442"}],"wp:featuredmedia":[{"embeddable":true,"href":"https:\/\/bahiaeconomica.com.br\/wp\/wp-json\/wp\/v2\/media\/792441"}],"wp:attachment":[{"href":"https:\/\/bahiaeconomica.com.br\/wp\/wp-json\/wp\/v2\/media?parent=792439"}],"wp:term":[{"taxonomy":"category","embeddable":true,"href":"https:\/\/bahiaeconomica.com.br\/wp\/wp-json\/wp\/v2\/categories?post=792439"},{"taxonomy":"post_tag","embeddable":true,"href":"https:\/\/bahiaeconomica.com.br\/wp\/wp-json\/wp\/v2\/tags?post=792439"}],"curies":[{"name":"wp","href":"https:\/\/api.w.org\/{rel}","templated":true}]}}