{"id":791630,"date":"2024-01-18T18:30:23","date_gmt":"2024-01-18T21:30:23","guid":{"rendered":"https:\/\/bahiaeconomica.com.br\/wp\/?p=791630"},"modified":"2024-01-18T18:30:23","modified_gmt":"2024-01-18T21:30:23","slug":"brasil-perdeu-area-maior-do-que-o-acre-para-as-queimadas-em-2023","status":"publish","type":"post","link":"https:\/\/bahiaeconomica.com.br\/wp\/2024\/01\/18\/brasil-perdeu-area-maior-do-que-o-acre-para-as-queimadas-em-2023\/","title":{"rendered":"BRASIL PERDEU \u00c1REA MAIOR DO QUE O ACRE PARA AS QUEIMADAS EM 2023"},"content":{"rendered":"<p>De acordo com os dados divulgados pelo Mapbiomas Fogo nesta quinta-feira (18), o Brasil registrou um crescimento de 6% em \u00e1rea queimada no ano de 2023 em rela\u00e7\u00e3o ao ano anterior. Com esse n\u00famero, o pa\u00eds perdeu mais de 17 milh\u00f5es de hectares em um ano, \u00edndice que ultrapassa o territ\u00f3rio do Acre.<\/p>\n<p>O pa\u00eds registrou um pico nas queimadas entre setembro e outubro do ano passado ao atingir o n\u00famero de 4 milh\u00f5es de hectares atingidos pelo fogo em cada m\u00eas, segundo com os dados da MapBiomas.<\/p>\n<p>Al\u00e9m disso, no m\u00eas de dezembro, foi registrado 1,6 milh\u00e3o de hectares que foram atingidos pelo fogo, um recorde em compara\u00e7\u00e3o ao m\u00eas de dezembro dos anos anteriores desde 2019.<\/p>\n<p>No levantamento realizado pelo MapBiomas aponta que a\u00a0Amaz\u00f4nia\u00a0foi o bioma mais atingido pelo fogo, com mais de 1,3 milh\u00e3o de hectares queimados em dezembro de 2023, um aumento de 463% em rela\u00e7\u00e3o ao m\u00eas do ano anterior.<\/p>\n<p>A diretora de Ci\u00eancia do Instituto de Pesquisa Ambiental da Amaz\u00f4nia (Ipam) e coordenadora do MapBiomas Fogo, Ane Alencar, ressalta que o aumento das queimadas em 2023 sofreu influ\u00eancia direta do fen\u00f4meno clim\u00e1tico\u00a0El Ni\u00f1o, que o principal causador pelo aquecimento das \u00e1guas do Oceano Pac\u00edfico.<\/p>\n<p>\u201cEm 2023, o El Ni\u00f1o desempenhou papel crucial no aumento dos inc\u00eandios na Amaz\u00f4nia, uma vez que esse fen\u00f4meno clim\u00e1tico elevou as temperaturas e deixou a regi\u00e3o mais seca, criando condi\u00e7\u00f5es favor\u00e1veis \u00e0 propaga\u00e7\u00e3o do fogo\u201d, explica.<\/p>\n<p>(Portal A Tarde)<\/p>\n<p>&nbsp;<\/p>\n<p>&nbsp;<\/p>\n<p>Foto: Victor Moriyama<\/p>\n","protected":false},"excerpt":{"rendered":"<p>De acordo com os dados divulgados pelo Mapbiomas Fogo nesta quinta-feira (18), o Brasil registrou um crescimento de 6% em \u00e1rea queimada no ano de 2023 em rela\u00e7\u00e3o ao ano anterior. Com esse n\u00famero, o pa\u00eds perdeu mais de 17 milh\u00f5es de hectares em um ano, \u00edndice que ultrapassa o territ\u00f3rio do Acre. O pa\u00eds [&hellip;]<\/p>\n","protected":false},"author":19,"featured_media":791632,"comment_status":"closed","ping_status":"closed","sticky":false,"template":"","format":"standard","meta":[],"categories":[3],"tags":[52,23246,18921,23800],"acf":[],"yoast_head":"<!-- This site is optimized with the Yoast SEO plugin v20.8 - https:\/\/yoast.com\/wordpress\/plugins\/seo\/ -->\n<title>BRASIL PERDEU \u00c1REA MAIOR DO QUE O ACRE PARA AS QUEIMADAS EM 2023 - Bahia Economica<\/title>\n<meta name=\"description\" content=\"O maior portal de Economia da Bahia ECONOMIA \/ POL\u00cdTICA Bahia Economica De acordo com os dados divulgados pelo Mapbiomas\" \/>\n<meta name=\"robots\" content=\"index, follow, max-snippet:-1, max-image-preview:large, max-video-preview:-1\" \/>\n<link rel=\"canonical\" href=\"https:\/\/bahiaeconomica.com.br\/wp\/2024\/01\/18\/brasil-perdeu-area-maior-do-que-o-acre-para-as-queimadas-em-2023\/\" \/>\n<meta property=\"og:locale\" content=\"pt_BR\" \/>\n<meta property=\"og:type\" content=\"article\" \/>\n<meta property=\"og:title\" content=\"BRASIL PERDEU \u00c1REA MAIOR DO QUE O ACRE PARA AS QUEIMADAS EM 2023 - Bahia Economica\" \/>\n<meta property=\"og:description\" content=\"O maior portal de Economia da Bahia ECONOMIA \/ POL\u00cdTICA Bahia Economica De acordo com os dados divulgados pelo Mapbiomas\" \/>\n<meta property=\"og:url\" content=\"https:\/\/bahiaeconomica.com.br\/wp\/2024\/01\/18\/brasil-perdeu-area-maior-do-que-o-acre-para-as-queimadas-em-2023\/\" \/>\n<meta property=\"og:site_name\" content=\"Bahia Economica\" \/>\n<meta property=\"article:publisher\" content=\"https:\/\/www.facebook.com\/bahiaeconomica\" \/>\n<meta property=\"article:published_time\" content=\"2024-01-18T21:30:23+00:00\" \/>\n<meta property=\"og:image\" content=\"https:\/\/bahiaeconomica.com.br\/wp\/wp-content\/uploads\/2024\/01\/Queimadas.webp\" \/>\n\t<meta property=\"og:image:width\" content=\"1200\" \/>\n\t<meta property=\"og:image:height\" content=\"766\" \/>\n\t<meta property=\"og:image:type\" content=\"image\/webp\" \/>\n<meta name=\"author\" content=\"LIZANDRA MUNIZ\" \/>\n<meta name=\"twitter:card\" content=\"summary_large_image\" \/>\n<meta name=\"twitter:label1\" content=\"Escrito por\" \/>\n\t<meta name=\"twitter:data1\" content=\"LIZANDRA MUNIZ\" \/>\n\t<meta name=\"twitter:label2\" content=\"Est. tempo de leitura\" \/>\n\t<meta name=\"twitter:data2\" content=\"2 minutos\" \/>\n<script type=\"application\/ld+json\" class=\"yoast-schema-graph\">{\"@context\":\"https:\/\/schema.org\",\"@graph\":[{\"@type\":\"Article\",\"@id\":\"https:\/\/bahiaeconomica.com.br\/wp\/2024\/01\/18\/brasil-perdeu-area-maior-do-que-o-acre-para-as-queimadas-em-2023\/#article\",\"isPartOf\":{\"@id\":\"https:\/\/bahiaeconomica.com.br\/wp\/2024\/01\/18\/brasil-perdeu-area-maior-do-que-o-acre-para-as-queimadas-em-2023\/\"},\"author\":{\"name\":\"LIZANDRA MUNIZ\",\"@id\":\"https:\/\/bahiaeconomica.com.br\/wp\/#\/schema\/person\/0868b18bbfdd29723e44135140f35148\"},\"headline\":\"BRASIL PERDEU \u00c1REA MAIOR DO QUE O ACRE PARA AS QUEIMADAS EM 2023\",\"datePublished\":\"2024-01-18T21:30:23+00:00\",\"dateModified\":\"2024-01-18T21:30:23+00:00\",\"mainEntityOfPage\":{\"@id\":\"https:\/\/bahiaeconomica.com.br\/wp\/2024\/01\/18\/brasil-perdeu-area-maior-do-que-o-acre-para-as-queimadas-em-2023\/\"},\"wordCount\":281,\"publisher\":{\"@id\":\"https:\/\/bahiaeconomica.com.br\/wp\/#organization\"},\"keywords\":[\"Brasil\",\"El Ni\u00f1o\",\"ipam\",\"MapBiomas\"],\"articleSection\":[\"ECONOMIA \/ POL\u00cdTICA\"],\"inLanguage\":\"pt-BR\"},{\"@type\":\"WebPage\",\"@id\":\"https:\/\/bahiaeconomica.com.br\/wp\/2024\/01\/18\/brasil-perdeu-area-maior-do-que-o-acre-para-as-queimadas-em-2023\/\",\"url\":\"https:\/\/bahiaeconomica.com.br\/wp\/2024\/01\/18\/brasil-perdeu-area-maior-do-que-o-acre-para-as-queimadas-em-2023\/\",\"name\":\"BRASIL PERDEU \u00c1REA MAIOR DO QUE O ACRE PARA AS QUEIMADAS EM 2023 - Bahia Economica\",\"isPartOf\":{\"@id\":\"https:\/\/bahiaeconomica.com.br\/wp\/#website\"},\"datePublished\":\"2024-01-18T21:30:23+00:00\",\"dateModified\":\"2024-01-18T21:30:23+00:00\",\"description\":\"O maior portal de Economia da Bahia ECONOMIA \/ POL\u00cdTICA Bahia Economica De acordo com os dados divulgados pelo Mapbiomas\",\"breadcrumb\":{\"@id\":\"https:\/\/bahiaeconomica.com.br\/wp\/2024\/01\/18\/brasil-perdeu-area-maior-do-que-o-acre-para-as-queimadas-em-2023\/#breadcrumb\"},\"inLanguage\":\"pt-BR\",\"potentialAction\":[{\"@type\":\"ReadAction\",\"target\":[\"https:\/\/bahiaeconomica.com.br\/wp\/2024\/01\/18\/brasil-perdeu-area-maior-do-que-o-acre-para-as-queimadas-em-2023\/\"]}]},{\"@type\":\"BreadcrumbList\",\"@id\":\"https:\/\/bahiaeconomica.com.br\/wp\/2024\/01\/18\/brasil-perdeu-area-maior-do-que-o-acre-para-as-queimadas-em-2023\/#breadcrumb\",\"itemListElement\":[{\"@type\":\"ListItem\",\"position\":1,\"name\":\"In\u00edcio\",\"item\":\"https:\/\/bahiaeconomica.com.br\/wp\/\"},{\"@type\":\"ListItem\",\"position\":2,\"name\":\"BRASIL PERDEU \u00c1REA MAIOR DO QUE O ACRE PARA AS QUEIMADAS EM 2023\"}]},{\"@type\":\"WebSite\",\"@id\":\"https:\/\/bahiaeconomica.com.br\/wp\/#website\",\"url\":\"https:\/\/bahiaeconomica.com.br\/wp\/\",\"name\":\"Bahia Economica\",\"description\":\"O maior portal de Economia da Bahia\",\"publisher\":{\"@id\":\"https:\/\/bahiaeconomica.com.br\/wp\/#organization\"},\"potentialAction\":[{\"@type\":\"SearchAction\",\"target\":{\"@type\":\"EntryPoint\",\"urlTemplate\":\"https:\/\/bahiaeconomica.com.br\/wp\/?s={search_term_string}\"},\"query-input\":\"required name=search_term_string\"}],\"inLanguage\":\"pt-BR\"},{\"@type\":\"Organization\",\"@id\":\"https:\/\/bahiaeconomica.com.br\/wp\/#organization\",\"name\":\"Bahia Econ\u00f4mica\",\"url\":\"https:\/\/bahiaeconomica.com.br\/wp\/\",\"logo\":{\"@type\":\"ImageObject\",\"inLanguage\":\"pt-BR\",\"@id\":\"https:\/\/bahiaeconomica.com.br\/wp\/#\/schema\/logo\/image\/\",\"url\":\"https:\/\/bahiaeconomica.com.br\/wp\/wp-content\/uploads\/2020\/12\/cropped-BE.png\",\"contentUrl\":\"https:\/\/bahiaeconomica.com.br\/wp\/wp-content\/uploads\/2020\/12\/cropped-BE.png\",\"width\":512,\"height\":512,\"caption\":\"Bahia Econ\u00f4mica\"},\"image\":{\"@id\":\"https:\/\/bahiaeconomica.com.br\/wp\/#\/schema\/logo\/image\/\"},\"sameAs\":[\"https:\/\/www.facebook.com\/bahiaeconomica\"]},{\"@type\":\"Person\",\"@id\":\"https:\/\/bahiaeconomica.com.br\/wp\/#\/schema\/person\/0868b18bbfdd29723e44135140f35148\",\"name\":\"LIZANDRA MUNIZ\",\"sameAs\":[\"http:\/\/www.bahiaeconomica.com.br\"],\"url\":\"https:\/\/bahiaeconomica.com.br\/wp\/author\/lizandra-muniz\/\"}]}<\/script>\n<!-- \/ Yoast SEO plugin. -->","yoast_head_json":{"title":"BRASIL PERDEU \u00c1REA MAIOR DO QUE O ACRE PARA AS QUEIMADAS EM 2023 - Bahia Economica","description":"O maior portal de Economia da Bahia ECONOMIA \/ POL\u00cdTICA Bahia Economica De acordo com os dados divulgados pelo Mapbiomas","robots":{"index":"index","follow":"follow","max-snippet":"max-snippet:-1","max-image-preview":"max-image-preview:large","max-video-preview":"max-video-preview:-1"},"canonical":"https:\/\/bahiaeconomica.com.br\/wp\/2024\/01\/18\/brasil-perdeu-area-maior-do-que-o-acre-para-as-queimadas-em-2023\/","og_locale":"pt_BR","og_type":"article","og_title":"BRASIL PERDEU \u00c1REA MAIOR DO QUE O ACRE PARA AS QUEIMADAS EM 2023 - Bahia Economica","og_description":"O maior portal de Economia da Bahia ECONOMIA \/ POL\u00cdTICA Bahia Economica De acordo com os dados divulgados pelo Mapbiomas","og_url":"https:\/\/bahiaeconomica.com.br\/wp\/2024\/01\/18\/brasil-perdeu-area-maior-do-que-o-acre-para-as-queimadas-em-2023\/","og_site_name":"Bahia Economica","article_publisher":"https:\/\/www.facebook.com\/bahiaeconomica","article_published_time":"2024-01-18T21:30:23+00:00","og_image":[{"width":1200,"height":766,"url":"https:\/\/bahiaeconomica.com.br\/wp\/wp-content\/uploads\/2024\/01\/Queimadas.webp","type":"image\/webp"}],"author":"LIZANDRA MUNIZ","twitter_card":"summary_large_image","twitter_misc":{"Escrito por":"LIZANDRA MUNIZ","Est. tempo de leitura":"2 minutos"},"schema":{"@context":"https:\/\/schema.org","@graph":[{"@type":"Article","@id":"https:\/\/bahiaeconomica.com.br\/wp\/2024\/01\/18\/brasil-perdeu-area-maior-do-que-o-acre-para-as-queimadas-em-2023\/#article","isPartOf":{"@id":"https:\/\/bahiaeconomica.com.br\/wp\/2024\/01\/18\/brasil-perdeu-area-maior-do-que-o-acre-para-as-queimadas-em-2023\/"},"author":{"name":"LIZANDRA MUNIZ","@id":"https:\/\/bahiaeconomica.com.br\/wp\/#\/schema\/person\/0868b18bbfdd29723e44135140f35148"},"headline":"BRASIL PERDEU \u00c1REA MAIOR DO QUE O ACRE PARA AS QUEIMADAS EM 2023","datePublished":"2024-01-18T21:30:23+00:00","dateModified":"2024-01-18T21:30:23+00:00","mainEntityOfPage":{"@id":"https:\/\/bahiaeconomica.com.br\/wp\/2024\/01\/18\/brasil-perdeu-area-maior-do-que-o-acre-para-as-queimadas-em-2023\/"},"wordCount":281,"publisher":{"@id":"https:\/\/bahiaeconomica.com.br\/wp\/#organization"},"keywords":["Brasil","El Ni\u00f1o","ipam","MapBiomas"],"articleSection":["ECONOMIA \/ POL\u00cdTICA"],"inLanguage":"pt-BR"},{"@type":"WebPage","@id":"https:\/\/bahiaeconomica.com.br\/wp\/2024\/01\/18\/brasil-perdeu-area-maior-do-que-o-acre-para-as-queimadas-em-2023\/","url":"https:\/\/bahiaeconomica.com.br\/wp\/2024\/01\/18\/brasil-perdeu-area-maior-do-que-o-acre-para-as-queimadas-em-2023\/","name":"BRASIL PERDEU \u00c1REA MAIOR DO QUE O ACRE PARA AS QUEIMADAS EM 2023 - Bahia Economica","isPartOf":{"@id":"https:\/\/bahiaeconomica.com.br\/wp\/#website"},"datePublished":"2024-01-18T21:30:23+00:00","dateModified":"2024-01-18T21:30:23+00:00","description":"O maior portal de Economia da Bahia ECONOMIA \/ POL\u00cdTICA Bahia Economica De acordo com os dados divulgados pelo Mapbiomas","breadcrumb":{"@id":"https:\/\/bahiaeconomica.com.br\/wp\/2024\/01\/18\/brasil-perdeu-area-maior-do-que-o-acre-para-as-queimadas-em-2023\/#breadcrumb"},"inLanguage":"pt-BR","potentialAction":[{"@type":"ReadAction","target":["https:\/\/bahiaeconomica.com.br\/wp\/2024\/01\/18\/brasil-perdeu-area-maior-do-que-o-acre-para-as-queimadas-em-2023\/"]}]},{"@type":"BreadcrumbList","@id":"https:\/\/bahiaeconomica.com.br\/wp\/2024\/01\/18\/brasil-perdeu-area-maior-do-que-o-acre-para-as-queimadas-em-2023\/#breadcrumb","itemListElement":[{"@type":"ListItem","position":1,"name":"In\u00edcio","item":"https:\/\/bahiaeconomica.com.br\/wp\/"},{"@type":"ListItem","position":2,"name":"BRASIL PERDEU \u00c1REA MAIOR DO QUE O ACRE PARA AS QUEIMADAS EM 2023"}]},{"@type":"WebSite","@id":"https:\/\/bahiaeconomica.com.br\/wp\/#website","url":"https:\/\/bahiaeconomica.com.br\/wp\/","name":"Bahia Economica","description":"O maior portal de Economia da Bahia","publisher":{"@id":"https:\/\/bahiaeconomica.com.br\/wp\/#organization"},"potentialAction":[{"@type":"SearchAction","target":{"@type":"EntryPoint","urlTemplate":"https:\/\/bahiaeconomica.com.br\/wp\/?s={search_term_string}"},"query-input":"required name=search_term_string"}],"inLanguage":"pt-BR"},{"@type":"Organization","@id":"https:\/\/bahiaeconomica.com.br\/wp\/#organization","name":"Bahia Econ\u00f4mica","url":"https:\/\/bahiaeconomica.com.br\/wp\/","logo":{"@type":"ImageObject","inLanguage":"pt-BR","@id":"https:\/\/bahiaeconomica.com.br\/wp\/#\/schema\/logo\/image\/","url":"https:\/\/bahiaeconomica.com.br\/wp\/wp-content\/uploads\/2020\/12\/cropped-BE.png","contentUrl":"https:\/\/bahiaeconomica.com.br\/wp\/wp-content\/uploads\/2020\/12\/cropped-BE.png","width":512,"height":512,"caption":"Bahia Econ\u00f4mica"},"image":{"@id":"https:\/\/bahiaeconomica.com.br\/wp\/#\/schema\/logo\/image\/"},"sameAs":["https:\/\/www.facebook.com\/bahiaeconomica"]},{"@type":"Person","@id":"https:\/\/bahiaeconomica.com.br\/wp\/#\/schema\/person\/0868b18bbfdd29723e44135140f35148","name":"LIZANDRA MUNIZ","sameAs":["http:\/\/www.bahiaeconomica.com.br"],"url":"https:\/\/bahiaeconomica.com.br\/wp\/author\/lizandra-muniz\/"}]}},"views":18,"_links":{"self":[{"href":"https:\/\/bahiaeconomica.com.br\/wp\/wp-json\/wp\/v2\/posts\/791630"}],"collection":[{"href":"https:\/\/bahiaeconomica.com.br\/wp\/wp-json\/wp\/v2\/posts"}],"about":[{"href":"https:\/\/bahiaeconomica.com.br\/wp\/wp-json\/wp\/v2\/types\/post"}],"author":[{"embeddable":true,"href":"https:\/\/bahiaeconomica.com.br\/wp\/wp-json\/wp\/v2\/users\/19"}],"replies":[{"embeddable":true,"href":"https:\/\/bahiaeconomica.com.br\/wp\/wp-json\/wp\/v2\/comments?post=791630"}],"version-history":[{"count":1,"href":"https:\/\/bahiaeconomica.com.br\/wp\/wp-json\/wp\/v2\/posts\/791630\/revisions"}],"predecessor-version":[{"id":791633,"href":"https:\/\/bahiaeconomica.com.br\/wp\/wp-json\/wp\/v2\/posts\/791630\/revisions\/791633"}],"wp:featuredmedia":[{"embeddable":true,"href":"https:\/\/bahiaeconomica.com.br\/wp\/wp-json\/wp\/v2\/media\/791632"}],"wp:attachment":[{"href":"https:\/\/bahiaeconomica.com.br\/wp\/wp-json\/wp\/v2\/media?parent=791630"}],"wp:term":[{"taxonomy":"category","embeddable":true,"href":"https:\/\/bahiaeconomica.com.br\/wp\/wp-json\/wp\/v2\/categories?post=791630"},{"taxonomy":"post_tag","embeddable":true,"href":"https:\/\/bahiaeconomica.com.br\/wp\/wp-json\/wp\/v2\/tags?post=791630"}],"curies":[{"name":"wp","href":"https:\/\/api.w.org\/{rel}","templated":true}]}}