{"id":790640,"date":"2024-01-15T13:20:25","date_gmt":"2024-01-15T16:20:25","guid":{"rendered":"https:\/\/bahiaeconomica.com.br\/wp\/?p=790640"},"modified":"2024-01-15T10:53:15","modified_gmt":"2024-01-15T13:53:15","slug":"projetos-selecionados-em-edital-da-braskem-estao-com-inscricoes-abertas","status":"publish","type":"post","link":"https:\/\/bahiaeconomica.com.br\/wp\/2024\/01\/15\/projetos-selecionados-em-edital-da-braskem-estao-com-inscricoes-abertas\/","title":{"rendered":"PROJETOS SELECIONADOS EM EDITAL DA BRASKEM EST\u00c3O COM INSCRI\u00c7\u00d5ES ABERTAS"},"content":{"rendered":"<p>Os projetos de Educa\u00e7\u00e3o Integrada em Literatura, Matem\u00e1tica e Artes, do Grupo de M\u00e3es Nossa Senhora do Amparo, em Cama\u00e7ari, e Nosso Bordado, da Associa\u00e7\u00e3o das Rendeiras de Dias d\u00b4\u00c1vila, est\u00e3o com inscri\u00e7\u00f5es gratuitas abertas at\u00e9 29\/01 e 01\/02, respectivamente. As iniciativas, que foram selecionadas na segunda edi\u00e7\u00e3o do Edital Braskem: Projetos que Transformam para execu\u00e7\u00e3o em 2024, t\u00eam como foco a produ\u00e7\u00e3o de conhecimento para crian\u00e7as e adolescentes e a gera\u00e7\u00e3o de renda para jovens e adultos.<\/p>\n<p>O projeto de Educa\u00e7\u00e3o Integrada \u00e9 voltado para crian\u00e7as e jovens, de 6 a 16 anos, do 1\u00ba ao 9\u00ba ano do Ensino Fundamental. Ser\u00e3o oferecidas oficinas socioeducativas de Leitura e Escrita Criativa, Edi\u00e7\u00e3o de \u00c1udio e V\u00eddeo, Matem\u00e1tica L\u00fadica e M\u00fasica (flauta, canto-coral e viol\u00e3o). S\u00e3o 100 vagas para crian\u00e7as de 4 e 5 anos e 40 vagas para crian\u00e7as e adolescente de 6 a 16 anos. As aulas acontecer\u00e3o na sede da Grupo de M\u00e3es Nossa Senhora do Amparo, no bairro do Gravat\u00e1, em Cama\u00e7ari, \u00e0s quartas e sextas-feiras, no contraturno escolar, das 14h \u00e0s 16h, no per\u00edodo de 7 de fevereiro a 20 de dezembro. As inscri\u00e7\u00f5es podem ser feitas no local at\u00e9 o dia 29 de janeiro.<\/p>\n<p>Gera\u00e7\u00e3o de renda &#8211; Voltado para adolescentes, jovens e adultos das comunidades de Dias d\u2019\u00c1vila, o Projeto Nosso Bordado, da Associa\u00e7\u00e3o das Rendeiras do munic\u00edpio ir\u00e1 promover cursos b\u00e1sicos de renda de Bilros, Costura e Modelagem, Croch\u00ea e Bordado a m\u00e3o. O prop\u00f3sito \u00e9 capacitar os participantes e proporcionar a gera\u00e7\u00e3o de renda por meio da utiliza\u00e7\u00e3o de t\u00e9cnicas artesanais. A iniciativa ser\u00e1 realizada de 5 de fevereiro a 20 de dezembro. S\u00e3o 120 vagas, divididas no primeiro e segundo semestres deste ano. As inscri\u00e7\u00f5es est\u00e3o abertas at\u00e9 o dia 1\u00b0 de fevereiro e podem ser feitas pelo link http:\/\/tinyurl.com\/ProjetoNossoBordado.<\/p>\n<p>&nbsp;<\/p>\n<p>Servi\u00e7o l Inscri\u00e7\u00f5es<\/p>\n<p>Projeto de Educa\u00e7\u00e3o Integrada em Literatura, Matem\u00e1tica e Artes<\/p>\n<p>Grupo de M\u00e3es Nossa Senhora do Amparo<\/p>\n<p>End.: Rua J\u00fapiter, 329, Gravat\u00e1, Cama\u00e7ari-BA<\/p>\n<p>Hor\u00e1rio: das 8h \u00e0s 17h<\/p>\n<p>Inscri\u00e7\u00f5es at\u00e9 29\/01\/2024, no endere\u00e7o acima<\/p>\n<p>&nbsp;<\/p>\n<p>Projeto Nosso Bordado<\/p>\n<p>Associa\u00e7\u00e3o das Rendeiras de Dias d\u00b4\u00c1vila<\/p>\n<p>End.: Rua da Varginha 280, Cristo Rei, Dias d\u2019\u00c1vila<\/p>\n<p>Inscri\u00e7\u00f5es at\u00e9 01\/02\/2024 pelo link: http:\/\/tinyurl.com\/ProjetoNossoBordado<\/p>\n","protected":false},"excerpt":{"rendered":"<p>Os projetos de Educa\u00e7\u00e3o Integrada em Literatura, Matem\u00e1tica e Artes, do Grupo de M\u00e3es Nossa Senhora do Amparo, em Cama\u00e7ari, e Nosso Bordado, da Associa\u00e7\u00e3o das Rendeiras de Dias d\u00b4\u00c1vila, est\u00e3o com inscri\u00e7\u00f5es gratuitas abertas at\u00e9 29\/01 e 01\/02, respectivamente. As iniciativas, que foram selecionadas na segunda edi\u00e7\u00e3o do Edital Braskem: Projetos que Transformam para [&hellip;]<\/p>\n","protected":false},"author":8,"featured_media":790641,"comment_status":"closed","ping_status":"closed","sticky":false,"template":"","format":"standard","meta":[],"categories":[5],"tags":[52,1794,1176,100],"acf":[],"yoast_head":"<!-- This site is optimized with the Yoast SEO plugin v20.8 - https:\/\/yoast.com\/wordpress\/plugins\/seo\/ -->\n<title>PROJETOS SELECIONADOS EM EDITAL DA BRASKEM EST\u00c3O COM INSCRI\u00c7\u00d5ES ABERTAS - Bahia Economica<\/title>\n<meta name=\"description\" content=\"O maior portal de Economia da Bahia MUNIC\u00cdPIOS Bahia Economica Os projetos de Educa\u00e7\u00e3o Integrada em Literatura, Matem\u00e1tica e Artes, do Grupo de M\u00e3es\" \/>\n<meta name=\"robots\" content=\"index, follow, max-snippet:-1, max-image-preview:large, max-video-preview:-1\" \/>\n<link rel=\"canonical\" href=\"https:\/\/bahiaeconomica.com.br\/wp\/2024\/01\/15\/projetos-selecionados-em-edital-da-braskem-estao-com-inscricoes-abertas\/\" \/>\n<meta property=\"og:locale\" content=\"pt_BR\" \/>\n<meta property=\"og:type\" content=\"article\" \/>\n<meta property=\"og:title\" content=\"PROJETOS SELECIONADOS EM EDITAL DA BRASKEM EST\u00c3O COM INSCRI\u00c7\u00d5ES ABERTAS - Bahia Economica\" \/>\n<meta property=\"og:description\" content=\"O maior portal de Economia da Bahia MUNIC\u00cdPIOS Bahia Economica Os projetos de Educa\u00e7\u00e3o Integrada em Literatura, Matem\u00e1tica e Artes, do Grupo de M\u00e3es\" \/>\n<meta property=\"og:url\" content=\"https:\/\/bahiaeconomica.com.br\/wp\/2024\/01\/15\/projetos-selecionados-em-edital-da-braskem-estao-com-inscricoes-abertas\/\" \/>\n<meta property=\"og:site_name\" content=\"Bahia Economica\" \/>\n<meta property=\"article:publisher\" content=\"https:\/\/www.facebook.com\/bahiaeconomica\" \/>\n<meta property=\"article:published_time\" content=\"2024-01-15T16:20:25+00:00\" \/>\n<meta property=\"article:modified_time\" content=\"2024-01-15T13:53:15+00:00\" \/>\n<meta property=\"og:image\" content=\"https:\/\/bahiaeconomica.com.br\/wp\/wp-content\/uploads\/2024\/01\/WhatsApp-Image-2024-01-15-at-10.45.21.jpeg\" \/>\n\t<meta property=\"og:image:width\" content=\"853\" \/>\n\t<meta property=\"og:image:height\" content=\"717\" \/>\n\t<meta property=\"og:image:type\" content=\"image\/jpeg\" \/>\n<meta name=\"author\" content=\"JP\" \/>\n<meta name=\"twitter:card\" content=\"summary_large_image\" \/>\n<meta name=\"twitter:label1\" content=\"Escrito por\" \/>\n\t<meta name=\"twitter:data1\" content=\"JP\" \/>\n\t<meta name=\"twitter:label2\" content=\"Est. tempo de leitura\" \/>\n\t<meta name=\"twitter:data2\" content=\"2 minutos\" \/>\n<script type=\"application\/ld+json\" class=\"yoast-schema-graph\">{\"@context\":\"https:\/\/schema.org\",\"@graph\":[{\"@type\":\"Article\",\"@id\":\"https:\/\/bahiaeconomica.com.br\/wp\/2024\/01\/15\/projetos-selecionados-em-edital-da-braskem-estao-com-inscricoes-abertas\/#article\",\"isPartOf\":{\"@id\":\"https:\/\/bahiaeconomica.com.br\/wp\/2024\/01\/15\/projetos-selecionados-em-edital-da-braskem-estao-com-inscricoes-abertas\/\"},\"author\":{\"name\":\"JP\",\"@id\":\"https:\/\/bahiaeconomica.com.br\/wp\/#\/schema\/person\/c86d3a3f8960425a0f9d0e5245991f4e\"},\"headline\":\"PROJETOS SELECIONADOS EM EDITAL DA BRASKEM EST\u00c3O COM INSCRI\u00c7\u00d5ES ABERTAS\",\"datePublished\":\"2024-01-15T16:20:25+00:00\",\"dateModified\":\"2024-01-15T13:53:15+00:00\",\"mainEntityOfPage\":{\"@id\":\"https:\/\/bahiaeconomica.com.br\/wp\/2024\/01\/15\/projetos-selecionados-em-edital-da-braskem-estao-com-inscricoes-abertas\/\"},\"wordCount\":411,\"publisher\":{\"@id\":\"https:\/\/bahiaeconomica.com.br\/wp\/#organization\"},\"keywords\":[\"Brasil\",\"braskem\",\"mudan\u00e7a\",\"Pol\u00edtica\"],\"articleSection\":[\"MUNIC\u00cdPIOS\"],\"inLanguage\":\"pt-BR\"},{\"@type\":\"WebPage\",\"@id\":\"https:\/\/bahiaeconomica.com.br\/wp\/2024\/01\/15\/projetos-selecionados-em-edital-da-braskem-estao-com-inscricoes-abertas\/\",\"url\":\"https:\/\/bahiaeconomica.com.br\/wp\/2024\/01\/15\/projetos-selecionados-em-edital-da-braskem-estao-com-inscricoes-abertas\/\",\"name\":\"PROJETOS SELECIONADOS EM EDITAL DA BRASKEM EST\u00c3O COM INSCRI\u00c7\u00d5ES ABERTAS - Bahia Economica\",\"isPartOf\":{\"@id\":\"https:\/\/bahiaeconomica.com.br\/wp\/#website\"},\"datePublished\":\"2024-01-15T16:20:25+00:00\",\"dateModified\":\"2024-01-15T13:53:15+00:00\",\"description\":\"O maior portal de Economia da Bahia MUNIC\u00cdPIOS Bahia Economica Os projetos de Educa\u00e7\u00e3o Integrada em Literatura, Matem\u00e1tica e Artes, do Grupo de M\u00e3es\",\"breadcrumb\":{\"@id\":\"https:\/\/bahiaeconomica.com.br\/wp\/2024\/01\/15\/projetos-selecionados-em-edital-da-braskem-estao-com-inscricoes-abertas\/#breadcrumb\"},\"inLanguage\":\"pt-BR\",\"potentialAction\":[{\"@type\":\"ReadAction\",\"target\":[\"https:\/\/bahiaeconomica.com.br\/wp\/2024\/01\/15\/projetos-selecionados-em-edital-da-braskem-estao-com-inscricoes-abertas\/\"]}]},{\"@type\":\"BreadcrumbList\",\"@id\":\"https:\/\/bahiaeconomica.com.br\/wp\/2024\/01\/15\/projetos-selecionados-em-edital-da-braskem-estao-com-inscricoes-abertas\/#breadcrumb\",\"itemListElement\":[{\"@type\":\"ListItem\",\"position\":1,\"name\":\"In\u00edcio\",\"item\":\"https:\/\/bahiaeconomica.com.br\/wp\/\"},{\"@type\":\"ListItem\",\"position\":2,\"name\":\"PROJETOS SELECIONADOS EM EDITAL DA BRASKEM EST\u00c3O COM INSCRI\u00c7\u00d5ES ABERTAS\"}]},{\"@type\":\"WebSite\",\"@id\":\"https:\/\/bahiaeconomica.com.br\/wp\/#website\",\"url\":\"https:\/\/bahiaeconomica.com.br\/wp\/\",\"name\":\"Bahia Economica\",\"description\":\"O maior portal de Economia da Bahia\",\"publisher\":{\"@id\":\"https:\/\/bahiaeconomica.com.br\/wp\/#organization\"},\"potentialAction\":[{\"@type\":\"SearchAction\",\"target\":{\"@type\":\"EntryPoint\",\"urlTemplate\":\"https:\/\/bahiaeconomica.com.br\/wp\/?s={search_term_string}\"},\"query-input\":\"required name=search_term_string\"}],\"inLanguage\":\"pt-BR\"},{\"@type\":\"Organization\",\"@id\":\"https:\/\/bahiaeconomica.com.br\/wp\/#organization\",\"name\":\"Bahia Econ\u00f4mica\",\"url\":\"https:\/\/bahiaeconomica.com.br\/wp\/\",\"logo\":{\"@type\":\"ImageObject\",\"inLanguage\":\"pt-BR\",\"@id\":\"https:\/\/bahiaeconomica.com.br\/wp\/#\/schema\/logo\/image\/\",\"url\":\"https:\/\/bahiaeconomica.com.br\/wp\/wp-content\/uploads\/2020\/12\/cropped-BE.png\",\"contentUrl\":\"https:\/\/bahiaeconomica.com.br\/wp\/wp-content\/uploads\/2020\/12\/cropped-BE.png\",\"width\":512,\"height\":512,\"caption\":\"Bahia Econ\u00f4mica\"},\"image\":{\"@id\":\"https:\/\/bahiaeconomica.com.br\/wp\/#\/schema\/logo\/image\/\"},\"sameAs\":[\"https:\/\/www.facebook.com\/bahiaeconomica\"]},{\"@type\":\"Person\",\"@id\":\"https:\/\/bahiaeconomica.com.br\/wp\/#\/schema\/person\/c86d3a3f8960425a0f9d0e5245991f4e\",\"name\":\"JP\",\"sameAs\":[\"https:\/\/bahiaeconomica.com.br\/wp\/beta\/\"],\"url\":\"https:\/\/bahiaeconomica.com.br\/wp\/author\/jp\/\"}]}<\/script>\n<!-- \/ Yoast SEO plugin. -->","yoast_head_json":{"title":"PROJETOS SELECIONADOS EM EDITAL DA BRASKEM EST\u00c3O COM INSCRI\u00c7\u00d5ES ABERTAS - Bahia Economica","description":"O maior portal de Economia da Bahia MUNIC\u00cdPIOS Bahia Economica Os projetos de Educa\u00e7\u00e3o Integrada em Literatura, Matem\u00e1tica e Artes, do Grupo de M\u00e3es","robots":{"index":"index","follow":"follow","max-snippet":"max-snippet:-1","max-image-preview":"max-image-preview:large","max-video-preview":"max-video-preview:-1"},"canonical":"https:\/\/bahiaeconomica.com.br\/wp\/2024\/01\/15\/projetos-selecionados-em-edital-da-braskem-estao-com-inscricoes-abertas\/","og_locale":"pt_BR","og_type":"article","og_title":"PROJETOS SELECIONADOS EM EDITAL DA BRASKEM EST\u00c3O COM INSCRI\u00c7\u00d5ES ABERTAS - Bahia Economica","og_description":"O maior portal de Economia da Bahia MUNIC\u00cdPIOS Bahia Economica Os projetos de Educa\u00e7\u00e3o Integrada em Literatura, Matem\u00e1tica e Artes, do Grupo de M\u00e3es","og_url":"https:\/\/bahiaeconomica.com.br\/wp\/2024\/01\/15\/projetos-selecionados-em-edital-da-braskem-estao-com-inscricoes-abertas\/","og_site_name":"Bahia Economica","article_publisher":"https:\/\/www.facebook.com\/bahiaeconomica","article_published_time":"2024-01-15T16:20:25+00:00","article_modified_time":"2024-01-15T13:53:15+00:00","og_image":[{"width":853,"height":717,"url":"https:\/\/bahiaeconomica.com.br\/wp\/wp-content\/uploads\/2024\/01\/WhatsApp-Image-2024-01-15-at-10.45.21.jpeg","type":"image\/jpeg"}],"author":"JP","twitter_card":"summary_large_image","twitter_misc":{"Escrito por":"JP","Est. tempo de leitura":"2 minutos"},"schema":{"@context":"https:\/\/schema.org","@graph":[{"@type":"Article","@id":"https:\/\/bahiaeconomica.com.br\/wp\/2024\/01\/15\/projetos-selecionados-em-edital-da-braskem-estao-com-inscricoes-abertas\/#article","isPartOf":{"@id":"https:\/\/bahiaeconomica.com.br\/wp\/2024\/01\/15\/projetos-selecionados-em-edital-da-braskem-estao-com-inscricoes-abertas\/"},"author":{"name":"JP","@id":"https:\/\/bahiaeconomica.com.br\/wp\/#\/schema\/person\/c86d3a3f8960425a0f9d0e5245991f4e"},"headline":"PROJETOS SELECIONADOS EM EDITAL DA BRASKEM EST\u00c3O COM INSCRI\u00c7\u00d5ES ABERTAS","datePublished":"2024-01-15T16:20:25+00:00","dateModified":"2024-01-15T13:53:15+00:00","mainEntityOfPage":{"@id":"https:\/\/bahiaeconomica.com.br\/wp\/2024\/01\/15\/projetos-selecionados-em-edital-da-braskem-estao-com-inscricoes-abertas\/"},"wordCount":411,"publisher":{"@id":"https:\/\/bahiaeconomica.com.br\/wp\/#organization"},"keywords":["Brasil","braskem","mudan\u00e7a","Pol\u00edtica"],"articleSection":["MUNIC\u00cdPIOS"],"inLanguage":"pt-BR"},{"@type":"WebPage","@id":"https:\/\/bahiaeconomica.com.br\/wp\/2024\/01\/15\/projetos-selecionados-em-edital-da-braskem-estao-com-inscricoes-abertas\/","url":"https:\/\/bahiaeconomica.com.br\/wp\/2024\/01\/15\/projetos-selecionados-em-edital-da-braskem-estao-com-inscricoes-abertas\/","name":"PROJETOS SELECIONADOS EM EDITAL DA BRASKEM EST\u00c3O COM INSCRI\u00c7\u00d5ES ABERTAS - Bahia Economica","isPartOf":{"@id":"https:\/\/bahiaeconomica.com.br\/wp\/#website"},"datePublished":"2024-01-15T16:20:25+00:00","dateModified":"2024-01-15T13:53:15+00:00","description":"O maior portal de Economia da Bahia MUNIC\u00cdPIOS Bahia Economica Os projetos de Educa\u00e7\u00e3o Integrada em Literatura, Matem\u00e1tica e Artes, do Grupo de M\u00e3es","breadcrumb":{"@id":"https:\/\/bahiaeconomica.com.br\/wp\/2024\/01\/15\/projetos-selecionados-em-edital-da-braskem-estao-com-inscricoes-abertas\/#breadcrumb"},"inLanguage":"pt-BR","potentialAction":[{"@type":"ReadAction","target":["https:\/\/bahiaeconomica.com.br\/wp\/2024\/01\/15\/projetos-selecionados-em-edital-da-braskem-estao-com-inscricoes-abertas\/"]}]},{"@type":"BreadcrumbList","@id":"https:\/\/bahiaeconomica.com.br\/wp\/2024\/01\/15\/projetos-selecionados-em-edital-da-braskem-estao-com-inscricoes-abertas\/#breadcrumb","itemListElement":[{"@type":"ListItem","position":1,"name":"In\u00edcio","item":"https:\/\/bahiaeconomica.com.br\/wp\/"},{"@type":"ListItem","position":2,"name":"PROJETOS SELECIONADOS EM EDITAL DA BRASKEM EST\u00c3O COM INSCRI\u00c7\u00d5ES ABERTAS"}]},{"@type":"WebSite","@id":"https:\/\/bahiaeconomica.com.br\/wp\/#website","url":"https:\/\/bahiaeconomica.com.br\/wp\/","name":"Bahia Economica","description":"O maior portal de Economia da Bahia","publisher":{"@id":"https:\/\/bahiaeconomica.com.br\/wp\/#organization"},"potentialAction":[{"@type":"SearchAction","target":{"@type":"EntryPoint","urlTemplate":"https:\/\/bahiaeconomica.com.br\/wp\/?s={search_term_string}"},"query-input":"required name=search_term_string"}],"inLanguage":"pt-BR"},{"@type":"Organization","@id":"https:\/\/bahiaeconomica.com.br\/wp\/#organization","name":"Bahia Econ\u00f4mica","url":"https:\/\/bahiaeconomica.com.br\/wp\/","logo":{"@type":"ImageObject","inLanguage":"pt-BR","@id":"https:\/\/bahiaeconomica.com.br\/wp\/#\/schema\/logo\/image\/","url":"https:\/\/bahiaeconomica.com.br\/wp\/wp-content\/uploads\/2020\/12\/cropped-BE.png","contentUrl":"https:\/\/bahiaeconomica.com.br\/wp\/wp-content\/uploads\/2020\/12\/cropped-BE.png","width":512,"height":512,"caption":"Bahia Econ\u00f4mica"},"image":{"@id":"https:\/\/bahiaeconomica.com.br\/wp\/#\/schema\/logo\/image\/"},"sameAs":["https:\/\/www.facebook.com\/bahiaeconomica"]},{"@type":"Person","@id":"https:\/\/bahiaeconomica.com.br\/wp\/#\/schema\/person\/c86d3a3f8960425a0f9d0e5245991f4e","name":"JP","sameAs":["https:\/\/bahiaeconomica.com.br\/wp\/beta\/"],"url":"https:\/\/bahiaeconomica.com.br\/wp\/author\/jp\/"}]}},"views":33,"_links":{"self":[{"href":"https:\/\/bahiaeconomica.com.br\/wp\/wp-json\/wp\/v2\/posts\/790640"}],"collection":[{"href":"https:\/\/bahiaeconomica.com.br\/wp\/wp-json\/wp\/v2\/posts"}],"about":[{"href":"https:\/\/bahiaeconomica.com.br\/wp\/wp-json\/wp\/v2\/types\/post"}],"author":[{"embeddable":true,"href":"https:\/\/bahiaeconomica.com.br\/wp\/wp-json\/wp\/v2\/users\/8"}],"replies":[{"embeddable":true,"href":"https:\/\/bahiaeconomica.com.br\/wp\/wp-json\/wp\/v2\/comments?post=790640"}],"version-history":[{"count":1,"href":"https:\/\/bahiaeconomica.com.br\/wp\/wp-json\/wp\/v2\/posts\/790640\/revisions"}],"predecessor-version":[{"id":790643,"href":"https:\/\/bahiaeconomica.com.br\/wp\/wp-json\/wp\/v2\/posts\/790640\/revisions\/790643"}],"wp:featuredmedia":[{"embeddable":true,"href":"https:\/\/bahiaeconomica.com.br\/wp\/wp-json\/wp\/v2\/media\/790641"}],"wp:attachment":[{"href":"https:\/\/bahiaeconomica.com.br\/wp\/wp-json\/wp\/v2\/media?parent=790640"}],"wp:term":[{"taxonomy":"category","embeddable":true,"href":"https:\/\/bahiaeconomica.com.br\/wp\/wp-json\/wp\/v2\/categories?post=790640"},{"taxonomy":"post_tag","embeddable":true,"href":"https:\/\/bahiaeconomica.com.br\/wp\/wp-json\/wp\/v2\/tags?post=790640"}],"curies":[{"name":"wp","href":"https:\/\/api.w.org\/{rel}","templated":true}]}}