{"id":790507,"date":"2024-01-13T08:00:57","date_gmt":"2024-01-13T11:00:57","guid":{"rendered":"https:\/\/bahiaeconomica.com.br\/wp\/?p=790507"},"modified":"2024-01-13T07:59:42","modified_gmt":"2024-01-13T10:59:42","slug":"salvador-inicia-preparativos-para-o-carnaval-2024-saiba-mais","status":"publish","type":"post","link":"https:\/\/bahiaeconomica.com.br\/wp\/2024\/01\/13\/salvador-inicia-preparativos-para-o-carnaval-2024-saiba-mais\/","title":{"rendered":"SALVADOR INICIA PREPARATIVOS PARA O CARNAVAL 2024; SAIBA MAIS"},"content":{"rendered":"<p>Quem v\u00ea Ivete, BaianaSystem ou o Il\u00ea arrastando uma multid\u00e3o na avenida talvez nem pense na log\u00edstica necess\u00e1ria para tornar o sonho foli\u00e3o realidade. Nem mesmo quando d\u00e3o de cara com a constru\u00e7\u00e3o de estruturas momescas, soteropolitanos e turistas refletem muito sobre o que est\u00e1 acontecendo. Mas \u00e9 agora, faltando menos de um m\u00eas para o maior Carnaval de rua do mundo, que a montagem dos camarotes e prepara\u00e7\u00e3o dos trios el\u00e9tricos ganha celeridade e urg\u00eancia.<\/p>\n<p>N\u00e3o d\u00e1 pra imaginar o Carnaval de Salvador sem trio el\u00e9trico, por isso um dos momentos de bastidores mais importante para a realiza\u00e7\u00e3o da festa \u00e9 a vistoria dos ve\u00edculos. Esse ano o exame dos trios acontece no Parque de Exposi\u00e7\u00f5es e tem in\u00edcio no dia 29 de janeiro e vai at\u00e9 o dia 9 de fevereiro. Alguns trios ou por estarem atrasados ou por n\u00e3o circularem nem na quinta e nem na sexta tem essa possibilidade de serem analisados na \u00faltima data determinada.<\/p>\n<p>Vistoria rigorosa<\/p>\n<p>Nove \u00f3rg\u00e3os s\u00e3o respons\u00e1veis pela inspe\u00e7\u00e3o dos trios, mas apenas cinco deles necessitam da presen\u00e7a dos carros para atuar. S\u00e3o eles: Detran, Departamento de Pol\u00edcia T\u00e9cnica (DPT), Sitelco, Corpo de Bombeiros, Vigil\u00e2ncia Sanit\u00e1ria. As fun\u00e7\u00f5es s\u00e3o as mais variadas poss\u00edveis. A Sitelco, por exemplo, instala os r\u00e1dios respons\u00e1veis pelo rastreamento de todos os trios que participam do Carnaval. O presidente da Associa\u00e7\u00e3o Baiana dos Trios El\u00e9tricos Independentes (ABTI), Ari Andrade, ressalta a import\u00e2ncia de todo esse processo. \u201cA vistoria \u00e9 rigoros\u00edssima, porque a gente est\u00e1 falando de carnaval. A gente est\u00e1 falando desses ve\u00edculos desfilando no meio de multid\u00f5es com um peso significativo. Ent\u00e3o, esses \u00f3rg\u00e3os fazem um pente fino e n\u00e3o passa nada. Se n\u00e3o tiver tudo dentro das especifica\u00e7\u00f5es estabelecidas por cada um desses \u00f3rg\u00e3o n\u00e3o passa na vistoria\u201d. No caso de pequenas pend\u00eancias, como, por exemplo, uma l\u00e2mpada queimada no ve\u00edculo \u00e9 poss\u00edvel corrigir o erro e voltar posteriormente para a vistoria.<\/p>\n<p>Documenta\u00e7\u00e3o<\/p>\n<p>Entretanto, no caso de situa\u00e7\u00f5es mais graves como problemas com a documenta\u00e7\u00e3o e quest\u00f5es judiciais, o carro \u00e9 impedido de participar da festa. Ari afirma que \u00e9 raro acontecer erros como esse. Para garantir o padr\u00e3o de qualidade necess\u00e1rio para a vistoria, pelos artistas e foli\u00f5es, o presidente da ABTI conta que a prepara\u00e7\u00e3o dos carros est\u00e1 com for\u00e7a m\u00e1xima. \u201cA gente est\u00e1 realmente a todo vapor preparando os carros. Porque para atender todas essas exig\u00eancias desses \u00f3rg\u00e3os todos, n\u00f3s temos que trabalhar duro. E mais do que isso: para atender os artistas e suas produtoras, que a cada ano querem coisas melhores, coisas mais avan\u00e7adas, coisas mais atualizadas. E a gente tem que fazer, porque estamos realizando (&#8230;) a maior e a melhor festa do mundo\u201d, afirma Andrade.<\/p>\n<p>Camarotes<\/p>\n<p>O ver\u00e3o dos bairros da Barra e Ondina est\u00e3o naquele momento do ano em que sua paisagem \u00e9 compartilhada por soteropolitanos, turistas e as estruturas da montagem dos camarotes. O que indica que o Carnaval est\u00e1 mais pr\u00f3ximo do que nunca.<\/p>\n<p>O presidente da Saltur Isaac Edington conta que as constru\u00e7\u00f5es nos principais circuitos est\u00e3o bastante avan\u00e7adas e que logo as marca\u00e7\u00f5es para o Carnaval dos bairros e do centro devem come\u00e7ar. Ele explica que o Carnaval de Salvador \u00e9 uma festa gigantesca, mas tamb\u00e9m um gigantesco desafio de log\u00edstica. \u00a0\u201cVai estar tudo pronto numa data bem pr\u00f3xima do Carnaval, que \u00e9 uma festa que se notabiliza, entre outras coisas, pela quantidade de atra\u00e7\u00f5es, quantidade de horas de m\u00fasica, dos sete circuitos que tem; mas tamb\u00e9m por ser uma estrutura muito complexa. Sempre digo que o carnaval \u00e9 tamb\u00e9m um grande desafio log\u00edstico\u201d.<\/p>\n<p>O trabalho de organiza\u00e7\u00e3o come\u00e7ou em abril do ano passado e segue at\u00e9 o momento. Uma das estruturas que gera muita curiosidade \u00e9 o palco do rock, que Isaac garantiu que vai rolar. \u201c\u00c9 uma das coisas em que a gente se orgulha muito para esse Carnaval\u201d.<\/p>\n","protected":false},"excerpt":{"rendered":"<p>Quem v\u00ea Ivete, BaianaSystem ou o Il\u00ea arrastando uma multid\u00e3o na avenida talvez nem pense na log\u00edstica necess\u00e1ria para tornar o sonho foli\u00e3o realidade. Nem mesmo quando d\u00e3o de cara com a constru\u00e7\u00e3o de estruturas momescas, soteropolitanos e turistas refletem muito sobre o que est\u00e1 acontecendo. Mas \u00e9 agora, faltando menos de um m\u00eas para [&hellip;]<\/p>\n","protected":false},"author":8,"featured_media":790508,"comment_status":"closed","ping_status":"closed","sticky":false,"template":"","format":"standard","meta":[],"categories":[14,3],"tags":[12059,1020,1959,73],"acf":[],"yoast_head":"<!-- This site is optimized with the Yoast SEO plugin v20.8 - https:\/\/yoast.com\/wordpress\/plugins\/seo\/ -->\n<title>SALVADOR INICIA PREPARATIVOS PARA O CARNAVAL 2024; SAIBA MAIS - Bahia Economica<\/title>\n<meta name=\"description\" content=\"O maior portal de Economia da Bahia DESTAQUE DO DIA, ECONOMIA \/ POL\u00cdTICA Bahia Economica Quem v\u00ea Ivete, BaianaSystem ou o Il\u00ea arrastando uma multid\u00e3o na avenida talvez\" \/>\n<meta name=\"robots\" content=\"index, follow, max-snippet:-1, max-image-preview:large, max-video-preview:-1\" \/>\n<link rel=\"canonical\" href=\"https:\/\/bahiaeconomica.com.br\/wp\/2024\/01\/13\/salvador-inicia-preparativos-para-o-carnaval-2024-saiba-mais\/\" \/>\n<meta property=\"og:locale\" content=\"pt_BR\" \/>\n<meta property=\"og:type\" content=\"article\" \/>\n<meta property=\"og:title\" content=\"SALVADOR INICIA PREPARATIVOS PARA O CARNAVAL 2024; SAIBA MAIS - Bahia Economica\" \/>\n<meta property=\"og:description\" content=\"O maior portal de Economia da Bahia DESTAQUE DO DIA, ECONOMIA \/ POL\u00cdTICA Bahia Economica Quem v\u00ea Ivete, BaianaSystem ou o Il\u00ea arrastando uma multid\u00e3o na avenida talvez\" \/>\n<meta property=\"og:url\" content=\"https:\/\/bahiaeconomica.com.br\/wp\/2024\/01\/13\/salvador-inicia-preparativos-para-o-carnaval-2024-saiba-mais\/\" \/>\n<meta property=\"og:site_name\" content=\"Bahia Economica\" \/>\n<meta property=\"article:publisher\" content=\"https:\/\/www.facebook.com\/bahiaeconomica\" \/>\n<meta property=\"article:published_time\" content=\"2024-01-13T11:00:57+00:00\" \/>\n<meta property=\"article:modified_time\" content=\"2024-01-13T10:59:42+00:00\" \/>\n<meta property=\"og:image\" content=\"https:\/\/bahiaeconomica.com.br\/wp\/wp-content\/uploads\/2024\/01\/Cidade-se-prepara-para-o-maior-carnaval-de-rua-do-0125523900202401122335-ScaleDownProportional.webp\" \/>\n\t<meta property=\"og:image:width\" content=\"1198\" \/>\n\t<meta property=\"og:image:height\" content=\"799\" \/>\n\t<meta property=\"og:image:type\" content=\"image\/webp\" \/>\n<meta name=\"author\" content=\"JP\" \/>\n<meta name=\"twitter:card\" content=\"summary_large_image\" \/>\n<meta name=\"twitter:label1\" content=\"Escrito por\" \/>\n\t<meta name=\"twitter:data1\" content=\"JP\" \/>\n\t<meta name=\"twitter:label2\" content=\"Est. tempo de leitura\" \/>\n\t<meta name=\"twitter:data2\" content=\"4 minutos\" \/>\n<script type=\"application\/ld+json\" class=\"yoast-schema-graph\">{\"@context\":\"https:\/\/schema.org\",\"@graph\":[{\"@type\":\"Article\",\"@id\":\"https:\/\/bahiaeconomica.com.br\/wp\/2024\/01\/13\/salvador-inicia-preparativos-para-o-carnaval-2024-saiba-mais\/#article\",\"isPartOf\":{\"@id\":\"https:\/\/bahiaeconomica.com.br\/wp\/2024\/01\/13\/salvador-inicia-preparativos-para-o-carnaval-2024-saiba-mais\/\"},\"author\":{\"name\":\"JP\",\"@id\":\"https:\/\/bahiaeconomica.com.br\/wp\/#\/schema\/person\/c86d3a3f8960425a0f9d0e5245991f4e\"},\"headline\":\"SALVADOR INICIA PREPARATIVOS PARA O CARNAVAL 2024; SAIBA MAIS\",\"datePublished\":\"2024-01-13T11:00:57+00:00\",\"dateModified\":\"2024-01-13T10:59:42+00:00\",\"mainEntityOfPage\":{\"@id\":\"https:\/\/bahiaeconomica.com.br\/wp\/2024\/01\/13\/salvador-inicia-preparativos-para-o-carnaval-2024-saiba-mais\/\"},\"wordCount\":712,\"publisher\":{\"@id\":\"https:\/\/bahiaeconomica.com.br\/wp\/#organization\"},\"keywords\":[\"2024\",\"carnaval\",\"m\u00fasica\",\"Salvador\"],\"articleSection\":[\"DESTAQUE DO DIA\",\"ECONOMIA \/ POL\u00cdTICA\"],\"inLanguage\":\"pt-BR\"},{\"@type\":\"WebPage\",\"@id\":\"https:\/\/bahiaeconomica.com.br\/wp\/2024\/01\/13\/salvador-inicia-preparativos-para-o-carnaval-2024-saiba-mais\/\",\"url\":\"https:\/\/bahiaeconomica.com.br\/wp\/2024\/01\/13\/salvador-inicia-preparativos-para-o-carnaval-2024-saiba-mais\/\",\"name\":\"SALVADOR INICIA PREPARATIVOS PARA O CARNAVAL 2024; SAIBA MAIS - Bahia Economica\",\"isPartOf\":{\"@id\":\"https:\/\/bahiaeconomica.com.br\/wp\/#website\"},\"datePublished\":\"2024-01-13T11:00:57+00:00\",\"dateModified\":\"2024-01-13T10:59:42+00:00\",\"description\":\"O maior portal de Economia da Bahia DESTAQUE DO DIA, ECONOMIA \/ POL\u00cdTICA Bahia Economica Quem v\u00ea Ivete, BaianaSystem ou o Il\u00ea arrastando uma multid\u00e3o na avenida talvez\",\"breadcrumb\":{\"@id\":\"https:\/\/bahiaeconomica.com.br\/wp\/2024\/01\/13\/salvador-inicia-preparativos-para-o-carnaval-2024-saiba-mais\/#breadcrumb\"},\"inLanguage\":\"pt-BR\",\"potentialAction\":[{\"@type\":\"ReadAction\",\"target\":[\"https:\/\/bahiaeconomica.com.br\/wp\/2024\/01\/13\/salvador-inicia-preparativos-para-o-carnaval-2024-saiba-mais\/\"]}]},{\"@type\":\"BreadcrumbList\",\"@id\":\"https:\/\/bahiaeconomica.com.br\/wp\/2024\/01\/13\/salvador-inicia-preparativos-para-o-carnaval-2024-saiba-mais\/#breadcrumb\",\"itemListElement\":[{\"@type\":\"ListItem\",\"position\":1,\"name\":\"In\u00edcio\",\"item\":\"https:\/\/bahiaeconomica.com.br\/wp\/\"},{\"@type\":\"ListItem\",\"position\":2,\"name\":\"SALVADOR INICIA PREPARATIVOS PARA O CARNAVAL 2024; SAIBA MAIS\"}]},{\"@type\":\"WebSite\",\"@id\":\"https:\/\/bahiaeconomica.com.br\/wp\/#website\",\"url\":\"https:\/\/bahiaeconomica.com.br\/wp\/\",\"name\":\"Bahia Economica\",\"description\":\"O maior portal de Economia da Bahia\",\"publisher\":{\"@id\":\"https:\/\/bahiaeconomica.com.br\/wp\/#organization\"},\"potentialAction\":[{\"@type\":\"SearchAction\",\"target\":{\"@type\":\"EntryPoint\",\"urlTemplate\":\"https:\/\/bahiaeconomica.com.br\/wp\/?s={search_term_string}\"},\"query-input\":\"required name=search_term_string\"}],\"inLanguage\":\"pt-BR\"},{\"@type\":\"Organization\",\"@id\":\"https:\/\/bahiaeconomica.com.br\/wp\/#organization\",\"name\":\"Bahia Econ\u00f4mica\",\"url\":\"https:\/\/bahiaeconomica.com.br\/wp\/\",\"logo\":{\"@type\":\"ImageObject\",\"inLanguage\":\"pt-BR\",\"@id\":\"https:\/\/bahiaeconomica.com.br\/wp\/#\/schema\/logo\/image\/\",\"url\":\"https:\/\/bahiaeconomica.com.br\/wp\/wp-content\/uploads\/2020\/12\/cropped-BE.png\",\"contentUrl\":\"https:\/\/bahiaeconomica.com.br\/wp\/wp-content\/uploads\/2020\/12\/cropped-BE.png\",\"width\":512,\"height\":512,\"caption\":\"Bahia Econ\u00f4mica\"},\"image\":{\"@id\":\"https:\/\/bahiaeconomica.com.br\/wp\/#\/schema\/logo\/image\/\"},\"sameAs\":[\"https:\/\/www.facebook.com\/bahiaeconomica\"]},{\"@type\":\"Person\",\"@id\":\"https:\/\/bahiaeconomica.com.br\/wp\/#\/schema\/person\/c86d3a3f8960425a0f9d0e5245991f4e\",\"name\":\"JP\",\"sameAs\":[\"https:\/\/bahiaeconomica.com.br\/wp\/beta\/\"],\"url\":\"https:\/\/bahiaeconomica.com.br\/wp\/author\/jp\/\"}]}<\/script>\n<!-- \/ Yoast SEO plugin. -->","yoast_head_json":{"title":"SALVADOR INICIA PREPARATIVOS PARA O CARNAVAL 2024; SAIBA MAIS - Bahia Economica","description":"O maior portal de Economia da Bahia DESTAQUE DO DIA, ECONOMIA \/ POL\u00cdTICA Bahia Economica Quem v\u00ea Ivete, BaianaSystem ou o Il\u00ea arrastando uma multid\u00e3o na avenida talvez","robots":{"index":"index","follow":"follow","max-snippet":"max-snippet:-1","max-image-preview":"max-image-preview:large","max-video-preview":"max-video-preview:-1"},"canonical":"https:\/\/bahiaeconomica.com.br\/wp\/2024\/01\/13\/salvador-inicia-preparativos-para-o-carnaval-2024-saiba-mais\/","og_locale":"pt_BR","og_type":"article","og_title":"SALVADOR INICIA PREPARATIVOS PARA O CARNAVAL 2024; SAIBA MAIS - Bahia Economica","og_description":"O maior portal de Economia da Bahia DESTAQUE DO DIA, ECONOMIA \/ POL\u00cdTICA Bahia Economica Quem v\u00ea Ivete, BaianaSystem ou o Il\u00ea arrastando uma multid\u00e3o na avenida talvez","og_url":"https:\/\/bahiaeconomica.com.br\/wp\/2024\/01\/13\/salvador-inicia-preparativos-para-o-carnaval-2024-saiba-mais\/","og_site_name":"Bahia Economica","article_publisher":"https:\/\/www.facebook.com\/bahiaeconomica","article_published_time":"2024-01-13T11:00:57+00:00","article_modified_time":"2024-01-13T10:59:42+00:00","og_image":[{"width":1198,"height":799,"url":"https:\/\/bahiaeconomica.com.br\/wp\/wp-content\/uploads\/2024\/01\/Cidade-se-prepara-para-o-maior-carnaval-de-rua-do-0125523900202401122335-ScaleDownProportional.webp","type":"image\/webp"}],"author":"JP","twitter_card":"summary_large_image","twitter_misc":{"Escrito por":"JP","Est. tempo de leitura":"4 minutos"},"schema":{"@context":"https:\/\/schema.org","@graph":[{"@type":"Article","@id":"https:\/\/bahiaeconomica.com.br\/wp\/2024\/01\/13\/salvador-inicia-preparativos-para-o-carnaval-2024-saiba-mais\/#article","isPartOf":{"@id":"https:\/\/bahiaeconomica.com.br\/wp\/2024\/01\/13\/salvador-inicia-preparativos-para-o-carnaval-2024-saiba-mais\/"},"author":{"name":"JP","@id":"https:\/\/bahiaeconomica.com.br\/wp\/#\/schema\/person\/c86d3a3f8960425a0f9d0e5245991f4e"},"headline":"SALVADOR INICIA PREPARATIVOS PARA O CARNAVAL 2024; SAIBA MAIS","datePublished":"2024-01-13T11:00:57+00:00","dateModified":"2024-01-13T10:59:42+00:00","mainEntityOfPage":{"@id":"https:\/\/bahiaeconomica.com.br\/wp\/2024\/01\/13\/salvador-inicia-preparativos-para-o-carnaval-2024-saiba-mais\/"},"wordCount":712,"publisher":{"@id":"https:\/\/bahiaeconomica.com.br\/wp\/#organization"},"keywords":["2024","carnaval","m\u00fasica","Salvador"],"articleSection":["DESTAQUE DO DIA","ECONOMIA \/ POL\u00cdTICA"],"inLanguage":"pt-BR"},{"@type":"WebPage","@id":"https:\/\/bahiaeconomica.com.br\/wp\/2024\/01\/13\/salvador-inicia-preparativos-para-o-carnaval-2024-saiba-mais\/","url":"https:\/\/bahiaeconomica.com.br\/wp\/2024\/01\/13\/salvador-inicia-preparativos-para-o-carnaval-2024-saiba-mais\/","name":"SALVADOR INICIA PREPARATIVOS PARA O CARNAVAL 2024; SAIBA MAIS - Bahia Economica","isPartOf":{"@id":"https:\/\/bahiaeconomica.com.br\/wp\/#website"},"datePublished":"2024-01-13T11:00:57+00:00","dateModified":"2024-01-13T10:59:42+00:00","description":"O maior portal de Economia da Bahia DESTAQUE DO DIA, ECONOMIA \/ POL\u00cdTICA Bahia Economica Quem v\u00ea Ivete, BaianaSystem ou o Il\u00ea arrastando uma multid\u00e3o na avenida talvez","breadcrumb":{"@id":"https:\/\/bahiaeconomica.com.br\/wp\/2024\/01\/13\/salvador-inicia-preparativos-para-o-carnaval-2024-saiba-mais\/#breadcrumb"},"inLanguage":"pt-BR","potentialAction":[{"@type":"ReadAction","target":["https:\/\/bahiaeconomica.com.br\/wp\/2024\/01\/13\/salvador-inicia-preparativos-para-o-carnaval-2024-saiba-mais\/"]}]},{"@type":"BreadcrumbList","@id":"https:\/\/bahiaeconomica.com.br\/wp\/2024\/01\/13\/salvador-inicia-preparativos-para-o-carnaval-2024-saiba-mais\/#breadcrumb","itemListElement":[{"@type":"ListItem","position":1,"name":"In\u00edcio","item":"https:\/\/bahiaeconomica.com.br\/wp\/"},{"@type":"ListItem","position":2,"name":"SALVADOR INICIA PREPARATIVOS PARA O CARNAVAL 2024; SAIBA MAIS"}]},{"@type":"WebSite","@id":"https:\/\/bahiaeconomica.com.br\/wp\/#website","url":"https:\/\/bahiaeconomica.com.br\/wp\/","name":"Bahia Economica","description":"O maior portal de Economia da Bahia","publisher":{"@id":"https:\/\/bahiaeconomica.com.br\/wp\/#organization"},"potentialAction":[{"@type":"SearchAction","target":{"@type":"EntryPoint","urlTemplate":"https:\/\/bahiaeconomica.com.br\/wp\/?s={search_term_string}"},"query-input":"required name=search_term_string"}],"inLanguage":"pt-BR"},{"@type":"Organization","@id":"https:\/\/bahiaeconomica.com.br\/wp\/#organization","name":"Bahia Econ\u00f4mica","url":"https:\/\/bahiaeconomica.com.br\/wp\/","logo":{"@type":"ImageObject","inLanguage":"pt-BR","@id":"https:\/\/bahiaeconomica.com.br\/wp\/#\/schema\/logo\/image\/","url":"https:\/\/bahiaeconomica.com.br\/wp\/wp-content\/uploads\/2020\/12\/cropped-BE.png","contentUrl":"https:\/\/bahiaeconomica.com.br\/wp\/wp-content\/uploads\/2020\/12\/cropped-BE.png","width":512,"height":512,"caption":"Bahia Econ\u00f4mica"},"image":{"@id":"https:\/\/bahiaeconomica.com.br\/wp\/#\/schema\/logo\/image\/"},"sameAs":["https:\/\/www.facebook.com\/bahiaeconomica"]},{"@type":"Person","@id":"https:\/\/bahiaeconomica.com.br\/wp\/#\/schema\/person\/c86d3a3f8960425a0f9d0e5245991f4e","name":"JP","sameAs":["https:\/\/bahiaeconomica.com.br\/wp\/beta\/"],"url":"https:\/\/bahiaeconomica.com.br\/wp\/author\/jp\/"}]}},"views":119,"_links":{"self":[{"href":"https:\/\/bahiaeconomica.com.br\/wp\/wp-json\/wp\/v2\/posts\/790507"}],"collection":[{"href":"https:\/\/bahiaeconomica.com.br\/wp\/wp-json\/wp\/v2\/posts"}],"about":[{"href":"https:\/\/bahiaeconomica.com.br\/wp\/wp-json\/wp\/v2\/types\/post"}],"author":[{"embeddable":true,"href":"https:\/\/bahiaeconomica.com.br\/wp\/wp-json\/wp\/v2\/users\/8"}],"replies":[{"embeddable":true,"href":"https:\/\/bahiaeconomica.com.br\/wp\/wp-json\/wp\/v2\/comments?post=790507"}],"version-history":[{"count":1,"href":"https:\/\/bahiaeconomica.com.br\/wp\/wp-json\/wp\/v2\/posts\/790507\/revisions"}],"predecessor-version":[{"id":790509,"href":"https:\/\/bahiaeconomica.com.br\/wp\/wp-json\/wp\/v2\/posts\/790507\/revisions\/790509"}],"wp:featuredmedia":[{"embeddable":true,"href":"https:\/\/bahiaeconomica.com.br\/wp\/wp-json\/wp\/v2\/media\/790508"}],"wp:attachment":[{"href":"https:\/\/bahiaeconomica.com.br\/wp\/wp-json\/wp\/v2\/media?parent=790507"}],"wp:term":[{"taxonomy":"category","embeddable":true,"href":"https:\/\/bahiaeconomica.com.br\/wp\/wp-json\/wp\/v2\/categories?post=790507"},{"taxonomy":"post_tag","embeddable":true,"href":"https:\/\/bahiaeconomica.com.br\/wp\/wp-json\/wp\/v2\/tags?post=790507"}],"curies":[{"name":"wp","href":"https:\/\/api.w.org\/{rel}","templated":true}]}}