{"id":790124,"date":"2024-01-11T17:44:05","date_gmt":"2024-01-11T20:44:05","guid":{"rendered":"https:\/\/bahiaeconomica.com.br\/wp\/?p=790124"},"modified":"2024-01-11T17:44:05","modified_gmt":"2024-01-11T20:44:05","slug":"policia-federal-vai-apurar-possivel-filiacao-falsa-de-lula-ao-pl","status":"publish","type":"post","link":"https:\/\/bahiaeconomica.com.br\/wp\/2024\/01\/11\/policia-federal-vai-apurar-possivel-filiacao-falsa-de-lula-ao-pl\/","title":{"rendered":"POL\u00cdCIA FEDERAL VAI APURAR POSS\u00cdVEL FILIA\u00c7\u00c3O FALSA DE LULA AO PL"},"content":{"rendered":"<p>O presidente do Tribunal Superior Eleitoral (TSE), ministro Alexandre de Moraes, determinou que a Pol\u00edcia Federal (PF) investigue uma suposta fraude na filia\u00e7\u00e3o do presidente Luiz In\u00e1cio Lula da Silva ao PL, partido do ex-presidente Jair Bolsonaro, seu advers\u00e1rio pol\u00edtico.<\/p>\n<p>Na decis\u00e3o, Moraes disse ser \u201cfato not\u00f3rio\u201d que Lula \u00e9 filiado ao PT, partido do qual \u00e9 fundador e presidente honor\u00e1rio. Ao ordenar a apura\u00e7\u00e3o, o ministro disse haver a \u201cexist\u00eancia de ind\u00edcios de crime a partir da inser\u00e7\u00e3o de dados falsos em sistema eleitoral\u201d. Em nota, o TSE disse que \u201ch\u00e1 claros ind\u00edcios de falsidade ideol\u00f3gica\u201d.<\/p>\n<p>Pela regras da Justi\u00e7a Eleitoral, cabe aos pr\u00f3prios partidos registrar a filia\u00e7\u00e3o de seus membros, por meio do acesso ao sistema eletr\u00f4nica Filia. Ap\u00f3s apura\u00e7\u00f5es internas, o TSE disse ter constatado que o registro de Lula no PL foi feito com o uso da senha de uma das advogadas do partido. O acesso dela foi cancelado, informou a corte.<\/p>\n<p>Na certid\u00e3o de filia\u00e7\u00e3o partid\u00e1ria de Lula, primeiro revelada pelo jornal O Globo, consta que o presidente teria se filiado ao PL em julho do ano passado, vinculado ao diret\u00f3rio municipal de S\u00e3o Bernardo do Campo, onde ele mant\u00e9m resid\u00eancia. O cadastro da filia\u00e7\u00e3o foi feito em outubro.<\/p>\n<p>O TSE afirmou que o sistema de filia\u00e7\u00e3o partid\u00e1ria funcionou normalmente e que \u201cn\u00e3o houve ataque ao sistema ou falha em sua programa\u00e7\u00e3o. O que ocorreu foi o uso de credenciais v\u00e1lidas para o registro de uma nova filia\u00e7\u00e3o falsa.\u201d<\/p>\n<p>\u00c0 imprensa, o PL encaminhou nota da empresa Idatha, contratada pela legenda para fazer o gerenciamento de dados junto ao sistema Filia. A companhia disse estar totalmente \u00e0 disposi\u00e7\u00e3o para esclarecer o ocorrido e acrescentou que o acesso ao sistema de filia\u00e7\u00e3o \u00e9 feito por meio de senha nacional fornecida pelo TSE e de posse da delegada nacional do partido.<\/p>\n<p>\u201c\u00c9 crucial ressaltar que todo o fluxo de qualquer eventual filia\u00e7\u00e3o \u00e9 registrado no sistema, o qual mant\u00e9m informa\u00e7\u00f5es e documentos audit\u00e1veis, estando todos os lan\u00e7amentos dispon\u00edveis para averigua\u00e7\u00e3o das autoridades competentes\u201d, complementa a nota.<\/p>\n<p>Fonte: Ag\u00eancia Brasil<br \/>\nFoto: Reprodu\u00e7\u00e3o\/YouTube (Canal PT Brasil)<\/p>\n","protected":false},"excerpt":{"rendered":"<p>O presidente do Tribunal Superior Eleitoral (TSE), ministro Alexandre de Moraes, determinou que a Pol\u00edcia Federal (PF) investigue uma suposta fraude na filia\u00e7\u00e3o do presidente Luiz In\u00e1cio Lula da Silva ao PL, partido do ex-presidente Jair Bolsonaro, seu advers\u00e1rio pol\u00edtico. Na decis\u00e3o, Moraes disse ser \u201cfato not\u00f3rio\u201d que Lula \u00e9 filiado ao PT, partido do [&hellip;]<\/p>\n","protected":false},"author":16,"featured_media":790126,"comment_status":"closed","ping_status":"closed","sticky":false,"template":"","format":"standard","meta":[],"categories":[14601],"tags":[182,158,102,1739],"acf":[],"yoast_head":"<!-- This site is optimized with the Yoast SEO plugin v20.8 - https:\/\/yoast.com\/wordpress\/plugins\/seo\/ -->\n<title>POL\u00cdCIA FEDERAL VAI APURAR POSS\u00cdVEL FILIA\u00c7\u00c3O FALSA DE LULA AO PL - Bahia Economica<\/title>\n<meta name=\"description\" content=\"O maior portal de Economia da Bahia Pol\u00edtica Bahia Economica\" \/>\n<meta name=\"robots\" content=\"index, follow, max-snippet:-1, max-image-preview:large, max-video-preview:-1\" \/>\n<link rel=\"canonical\" href=\"https:\/\/bahiaeconomica.com.br\/wp\/2024\/01\/11\/policia-federal-vai-apurar-possivel-filiacao-falsa-de-lula-ao-pl\/\" \/>\n<meta property=\"og:locale\" content=\"pt_BR\" \/>\n<meta property=\"og:type\" content=\"article\" \/>\n<meta property=\"og:title\" content=\"POL\u00cdCIA FEDERAL VAI APURAR POSS\u00cdVEL FILIA\u00c7\u00c3O FALSA DE LULA AO PL - Bahia Economica\" \/>\n<meta property=\"og:description\" content=\"O maior portal de Economia da Bahia Pol\u00edtica Bahia Economica\" \/>\n<meta property=\"og:url\" content=\"https:\/\/bahiaeconomica.com.br\/wp\/2024\/01\/11\/policia-federal-vai-apurar-possivel-filiacao-falsa-de-lula-ao-pl\/\" \/>\n<meta property=\"og:site_name\" content=\"Bahia Economica\" \/>\n<meta property=\"article:publisher\" content=\"https:\/\/www.facebook.com\/bahiaeconomica\" \/>\n<meta property=\"article:published_time\" content=\"2024-01-11T20:44:05+00:00\" \/>\n<meta property=\"og:image\" content=\"https:\/\/bahiaeconomica.com.br\/wp\/wp-content\/uploads\/2024\/01\/Lula-1-1.webp\" \/>\n\t<meta property=\"og:image:width\" content=\"600\" \/>\n\t<meta property=\"og:image:height\" content=\"420\" \/>\n\t<meta property=\"og:image:type\" content=\"image\/webp\" \/>\n<meta name=\"author\" content=\"LUIZA NASCIMENTO\" \/>\n<meta name=\"twitter:card\" content=\"summary_large_image\" \/>\n<meta name=\"twitter:label1\" content=\"Escrito por\" \/>\n\t<meta name=\"twitter:data1\" content=\"LUIZA NASCIMENTO\" \/>\n\t<meta name=\"twitter:label2\" content=\"Est. tempo de leitura\" \/>\n\t<meta name=\"twitter:data2\" content=\"2 minutos\" \/>\n<script type=\"application\/ld+json\" class=\"yoast-schema-graph\">{\"@context\":\"https:\/\/schema.org\",\"@graph\":[{\"@type\":\"Article\",\"@id\":\"https:\/\/bahiaeconomica.com.br\/wp\/2024\/01\/11\/policia-federal-vai-apurar-possivel-filiacao-falsa-de-lula-ao-pl\/#article\",\"isPartOf\":{\"@id\":\"https:\/\/bahiaeconomica.com.br\/wp\/2024\/01\/11\/policia-federal-vai-apurar-possivel-filiacao-falsa-de-lula-ao-pl\/\"},\"author\":{\"name\":\"LUIZA NASCIMENTO\",\"@id\":\"https:\/\/bahiaeconomica.com.br\/wp\/#\/schema\/person\/18273ac0fe04bfd4e7b101bf17d40152\"},\"headline\":\"POL\u00cdCIA FEDERAL VAI APURAR POSS\u00cdVEL FILIA\u00c7\u00c3O FALSA DE LULA AO PL\",\"datePublished\":\"2024-01-11T20:44:05+00:00\",\"dateModified\":\"2024-01-11T20:44:05+00:00\",\"mainEntityOfPage\":{\"@id\":\"https:\/\/bahiaeconomica.com.br\/wp\/2024\/01\/11\/policia-federal-vai-apurar-possivel-filiacao-falsa-de-lula-ao-pl\/\"},\"wordCount\":400,\"publisher\":{\"@id\":\"https:\/\/bahiaeconomica.com.br\/wp\/#organization\"},\"keywords\":[\"Lula\",\"PL\",\"Policia Federal\",\"tse\"],\"articleSection\":[\"Pol\u00edtica\"],\"inLanguage\":\"pt-BR\"},{\"@type\":\"WebPage\",\"@id\":\"https:\/\/bahiaeconomica.com.br\/wp\/2024\/01\/11\/policia-federal-vai-apurar-possivel-filiacao-falsa-de-lula-ao-pl\/\",\"url\":\"https:\/\/bahiaeconomica.com.br\/wp\/2024\/01\/11\/policia-federal-vai-apurar-possivel-filiacao-falsa-de-lula-ao-pl\/\",\"name\":\"POL\u00cdCIA FEDERAL VAI APURAR POSS\u00cdVEL FILIA\u00c7\u00c3O FALSA DE LULA AO PL - Bahia Economica\",\"isPartOf\":{\"@id\":\"https:\/\/bahiaeconomica.com.br\/wp\/#website\"},\"datePublished\":\"2024-01-11T20:44:05+00:00\",\"dateModified\":\"2024-01-11T20:44:05+00:00\",\"description\":\"O maior portal de Economia da Bahia Pol\u00edtica Bahia Economica\",\"breadcrumb\":{\"@id\":\"https:\/\/bahiaeconomica.com.br\/wp\/2024\/01\/11\/policia-federal-vai-apurar-possivel-filiacao-falsa-de-lula-ao-pl\/#breadcrumb\"},\"inLanguage\":\"pt-BR\",\"potentialAction\":[{\"@type\":\"ReadAction\",\"target\":[\"https:\/\/bahiaeconomica.com.br\/wp\/2024\/01\/11\/policia-federal-vai-apurar-possivel-filiacao-falsa-de-lula-ao-pl\/\"]}]},{\"@type\":\"BreadcrumbList\",\"@id\":\"https:\/\/bahiaeconomica.com.br\/wp\/2024\/01\/11\/policia-federal-vai-apurar-possivel-filiacao-falsa-de-lula-ao-pl\/#breadcrumb\",\"itemListElement\":[{\"@type\":\"ListItem\",\"position\":1,\"name\":\"In\u00edcio\",\"item\":\"https:\/\/bahiaeconomica.com.br\/wp\/\"},{\"@type\":\"ListItem\",\"position\":2,\"name\":\"POL\u00cdCIA FEDERAL VAI APURAR POSS\u00cdVEL FILIA\u00c7\u00c3O FALSA DE LULA AO PL\"}]},{\"@type\":\"WebSite\",\"@id\":\"https:\/\/bahiaeconomica.com.br\/wp\/#website\",\"url\":\"https:\/\/bahiaeconomica.com.br\/wp\/\",\"name\":\"Bahia Economica\",\"description\":\"O maior portal de Economia da Bahia\",\"publisher\":{\"@id\":\"https:\/\/bahiaeconomica.com.br\/wp\/#organization\"},\"potentialAction\":[{\"@type\":\"SearchAction\",\"target\":{\"@type\":\"EntryPoint\",\"urlTemplate\":\"https:\/\/bahiaeconomica.com.br\/wp\/?s={search_term_string}\"},\"query-input\":\"required name=search_term_string\"}],\"inLanguage\":\"pt-BR\"},{\"@type\":\"Organization\",\"@id\":\"https:\/\/bahiaeconomica.com.br\/wp\/#organization\",\"name\":\"Bahia Econ\u00f4mica\",\"url\":\"https:\/\/bahiaeconomica.com.br\/wp\/\",\"logo\":{\"@type\":\"ImageObject\",\"inLanguage\":\"pt-BR\",\"@id\":\"https:\/\/bahiaeconomica.com.br\/wp\/#\/schema\/logo\/image\/\",\"url\":\"https:\/\/bahiaeconomica.com.br\/wp\/wp-content\/uploads\/2020\/12\/cropped-BE.png\",\"contentUrl\":\"https:\/\/bahiaeconomica.com.br\/wp\/wp-content\/uploads\/2020\/12\/cropped-BE.png\",\"width\":512,\"height\":512,\"caption\":\"Bahia Econ\u00f4mica\"},\"image\":{\"@id\":\"https:\/\/bahiaeconomica.com.br\/wp\/#\/schema\/logo\/image\/\"},\"sameAs\":[\"https:\/\/www.facebook.com\/bahiaeconomica\"]},{\"@type\":\"Person\",\"@id\":\"https:\/\/bahiaeconomica.com.br\/wp\/#\/schema\/person\/18273ac0fe04bfd4e7b101bf17d40152\",\"name\":\"LUIZA NASCIMENTO\",\"sameAs\":[\"http:\/\/www.bahiaeconomica.com.br\"],\"url\":\"https:\/\/bahiaeconomica.com.br\/wp\/author\/luiza-nascimento\/\"}]}<\/script>\n<!-- \/ Yoast SEO plugin. -->","yoast_head_json":{"title":"POL\u00cdCIA FEDERAL VAI APURAR POSS\u00cdVEL FILIA\u00c7\u00c3O FALSA DE LULA AO PL - Bahia Economica","description":"O maior portal de Economia da Bahia Pol\u00edtica Bahia Economica","robots":{"index":"index","follow":"follow","max-snippet":"max-snippet:-1","max-image-preview":"max-image-preview:large","max-video-preview":"max-video-preview:-1"},"canonical":"https:\/\/bahiaeconomica.com.br\/wp\/2024\/01\/11\/policia-federal-vai-apurar-possivel-filiacao-falsa-de-lula-ao-pl\/","og_locale":"pt_BR","og_type":"article","og_title":"POL\u00cdCIA FEDERAL VAI APURAR POSS\u00cdVEL FILIA\u00c7\u00c3O FALSA DE LULA AO PL - Bahia Economica","og_description":"O maior portal de Economia da Bahia Pol\u00edtica Bahia Economica","og_url":"https:\/\/bahiaeconomica.com.br\/wp\/2024\/01\/11\/policia-federal-vai-apurar-possivel-filiacao-falsa-de-lula-ao-pl\/","og_site_name":"Bahia Economica","article_publisher":"https:\/\/www.facebook.com\/bahiaeconomica","article_published_time":"2024-01-11T20:44:05+00:00","og_image":[{"width":600,"height":420,"url":"https:\/\/bahiaeconomica.com.br\/wp\/wp-content\/uploads\/2024\/01\/Lula-1-1.webp","type":"image\/webp"}],"author":"LUIZA NASCIMENTO","twitter_card":"summary_large_image","twitter_misc":{"Escrito por":"LUIZA NASCIMENTO","Est. tempo de leitura":"2 minutos"},"schema":{"@context":"https:\/\/schema.org","@graph":[{"@type":"Article","@id":"https:\/\/bahiaeconomica.com.br\/wp\/2024\/01\/11\/policia-federal-vai-apurar-possivel-filiacao-falsa-de-lula-ao-pl\/#article","isPartOf":{"@id":"https:\/\/bahiaeconomica.com.br\/wp\/2024\/01\/11\/policia-federal-vai-apurar-possivel-filiacao-falsa-de-lula-ao-pl\/"},"author":{"name":"LUIZA NASCIMENTO","@id":"https:\/\/bahiaeconomica.com.br\/wp\/#\/schema\/person\/18273ac0fe04bfd4e7b101bf17d40152"},"headline":"POL\u00cdCIA FEDERAL VAI APURAR POSS\u00cdVEL FILIA\u00c7\u00c3O FALSA DE LULA AO PL","datePublished":"2024-01-11T20:44:05+00:00","dateModified":"2024-01-11T20:44:05+00:00","mainEntityOfPage":{"@id":"https:\/\/bahiaeconomica.com.br\/wp\/2024\/01\/11\/policia-federal-vai-apurar-possivel-filiacao-falsa-de-lula-ao-pl\/"},"wordCount":400,"publisher":{"@id":"https:\/\/bahiaeconomica.com.br\/wp\/#organization"},"keywords":["Lula","PL","Policia Federal","tse"],"articleSection":["Pol\u00edtica"],"inLanguage":"pt-BR"},{"@type":"WebPage","@id":"https:\/\/bahiaeconomica.com.br\/wp\/2024\/01\/11\/policia-federal-vai-apurar-possivel-filiacao-falsa-de-lula-ao-pl\/","url":"https:\/\/bahiaeconomica.com.br\/wp\/2024\/01\/11\/policia-federal-vai-apurar-possivel-filiacao-falsa-de-lula-ao-pl\/","name":"POL\u00cdCIA FEDERAL VAI APURAR POSS\u00cdVEL FILIA\u00c7\u00c3O FALSA DE LULA AO PL - Bahia Economica","isPartOf":{"@id":"https:\/\/bahiaeconomica.com.br\/wp\/#website"},"datePublished":"2024-01-11T20:44:05+00:00","dateModified":"2024-01-11T20:44:05+00:00","description":"O maior portal de Economia da Bahia Pol\u00edtica Bahia Economica","breadcrumb":{"@id":"https:\/\/bahiaeconomica.com.br\/wp\/2024\/01\/11\/policia-federal-vai-apurar-possivel-filiacao-falsa-de-lula-ao-pl\/#breadcrumb"},"inLanguage":"pt-BR","potentialAction":[{"@type":"ReadAction","target":["https:\/\/bahiaeconomica.com.br\/wp\/2024\/01\/11\/policia-federal-vai-apurar-possivel-filiacao-falsa-de-lula-ao-pl\/"]}]},{"@type":"BreadcrumbList","@id":"https:\/\/bahiaeconomica.com.br\/wp\/2024\/01\/11\/policia-federal-vai-apurar-possivel-filiacao-falsa-de-lula-ao-pl\/#breadcrumb","itemListElement":[{"@type":"ListItem","position":1,"name":"In\u00edcio","item":"https:\/\/bahiaeconomica.com.br\/wp\/"},{"@type":"ListItem","position":2,"name":"POL\u00cdCIA FEDERAL VAI APURAR POSS\u00cdVEL FILIA\u00c7\u00c3O FALSA DE LULA AO PL"}]},{"@type":"WebSite","@id":"https:\/\/bahiaeconomica.com.br\/wp\/#website","url":"https:\/\/bahiaeconomica.com.br\/wp\/","name":"Bahia Economica","description":"O maior portal de Economia da Bahia","publisher":{"@id":"https:\/\/bahiaeconomica.com.br\/wp\/#organization"},"potentialAction":[{"@type":"SearchAction","target":{"@type":"EntryPoint","urlTemplate":"https:\/\/bahiaeconomica.com.br\/wp\/?s={search_term_string}"},"query-input":"required name=search_term_string"}],"inLanguage":"pt-BR"},{"@type":"Organization","@id":"https:\/\/bahiaeconomica.com.br\/wp\/#organization","name":"Bahia Econ\u00f4mica","url":"https:\/\/bahiaeconomica.com.br\/wp\/","logo":{"@type":"ImageObject","inLanguage":"pt-BR","@id":"https:\/\/bahiaeconomica.com.br\/wp\/#\/schema\/logo\/image\/","url":"https:\/\/bahiaeconomica.com.br\/wp\/wp-content\/uploads\/2020\/12\/cropped-BE.png","contentUrl":"https:\/\/bahiaeconomica.com.br\/wp\/wp-content\/uploads\/2020\/12\/cropped-BE.png","width":512,"height":512,"caption":"Bahia Econ\u00f4mica"},"image":{"@id":"https:\/\/bahiaeconomica.com.br\/wp\/#\/schema\/logo\/image\/"},"sameAs":["https:\/\/www.facebook.com\/bahiaeconomica"]},{"@type":"Person","@id":"https:\/\/bahiaeconomica.com.br\/wp\/#\/schema\/person\/18273ac0fe04bfd4e7b101bf17d40152","name":"LUIZA NASCIMENTO","sameAs":["http:\/\/www.bahiaeconomica.com.br"],"url":"https:\/\/bahiaeconomica.com.br\/wp\/author\/luiza-nascimento\/"}]}},"views":12,"_links":{"self":[{"href":"https:\/\/bahiaeconomica.com.br\/wp\/wp-json\/wp\/v2\/posts\/790124"}],"collection":[{"href":"https:\/\/bahiaeconomica.com.br\/wp\/wp-json\/wp\/v2\/posts"}],"about":[{"href":"https:\/\/bahiaeconomica.com.br\/wp\/wp-json\/wp\/v2\/types\/post"}],"author":[{"embeddable":true,"href":"https:\/\/bahiaeconomica.com.br\/wp\/wp-json\/wp\/v2\/users\/16"}],"replies":[{"embeddable":true,"href":"https:\/\/bahiaeconomica.com.br\/wp\/wp-json\/wp\/v2\/comments?post=790124"}],"version-history":[{"count":1,"href":"https:\/\/bahiaeconomica.com.br\/wp\/wp-json\/wp\/v2\/posts\/790124\/revisions"}],"predecessor-version":[{"id":790127,"href":"https:\/\/bahiaeconomica.com.br\/wp\/wp-json\/wp\/v2\/posts\/790124\/revisions\/790127"}],"wp:featuredmedia":[{"embeddable":true,"href":"https:\/\/bahiaeconomica.com.br\/wp\/wp-json\/wp\/v2\/media\/790126"}],"wp:attachment":[{"href":"https:\/\/bahiaeconomica.com.br\/wp\/wp-json\/wp\/v2\/media?parent=790124"}],"wp:term":[{"taxonomy":"category","embeddable":true,"href":"https:\/\/bahiaeconomica.com.br\/wp\/wp-json\/wp\/v2\/categories?post=790124"},{"taxonomy":"post_tag","embeddable":true,"href":"https:\/\/bahiaeconomica.com.br\/wp\/wp-json\/wp\/v2\/tags?post=790124"}],"curies":[{"name":"wp","href":"https:\/\/api.w.org\/{rel}","templated":true}]}}