{"id":790006,"date":"2024-01-11T12:22:23","date_gmt":"2024-01-11T15:22:23","guid":{"rendered":"https:\/\/bahiaeconomica.com.br\/wp\/?p=790006"},"modified":"2024-01-11T12:22:23","modified_gmt":"2024-01-11T15:22:23","slug":"servidores-do-banco-central-fazem-paralisacao-de-24-horas","status":"publish","type":"post","link":"https:\/\/bahiaeconomica.com.br\/wp\/2024\/01\/11\/servidores-do-banco-central-fazem-paralisacao-de-24-horas\/","title":{"rendered":"SERVIDORES DO BANCO CENTRAL FAZEM PARALISA\u00c7\u00c3O DE 24 HORAS"},"content":{"rendered":"<p>Os servidores do Banco Central (BC) fazem hoje (11) uma greve de 24 horas. Segundo o Sindicato Nacional dos Funcion\u00e1rios do Banco Central (Sinal), mais de 70% dos funcion\u00e1rios devem aderir \u00e0 paralisa\u00e7\u00e3o. Os trabalhadores reivindicam melhorias na carreira, como a equipara\u00e7\u00e3o com outras categorias semelhantes.<\/p>\n<p>O Sinal disse que a paralisa\u00e7\u00e3o pode gerar um &#8220;apag\u00e3o&#8221; em todos os servi\u00e7os do banco, com impactos no atendimento ao mercado e ao p\u00fablico, incluindo cancelamento de reuni\u00f5es, manuten\u00e7\u00e3o em sistemas e atraso na divulga\u00e7\u00e3o de informa\u00e7\u00f5es.<\/p>\n<p>A manuten\u00e7\u00e3o do PIX pode ficar prejudicada, trazendo risco \u00e0 continuidade dos servi\u00e7os. A paralisa\u00e7\u00e3o tamb\u00e9m pode trazer maior impacto na conclus\u00e3o de projetos em curso, como o da moeda digital, o Drex, na supervis\u00e3o de Preven\u00e7\u00e3o \u00e0 Lavagem de Dinheiro e Financiamento do Terrorismo e na regulamenta\u00e7\u00e3o de ativos virtuais.<\/p>\n<p>\u201cA decis\u00e3o de realizar a greve decorre da insatisfa\u00e7\u00e3o dos servidores em rela\u00e7\u00e3o ao tratamento dispensado \u00e0s suas demandas, em meio a concess\u00f5es assim\u00e9tricas oferecidas a outras categorias t\u00edpicas de Estado. Ressalta-se a preocupa\u00e7\u00e3o com a falta de di\u00e1logo e o alegado a\u00e7odamento autorit\u00e1rio do presidente do BC [Roberto Campos Neto] na abordagem de quest\u00f5es relevantes, como a Proposta de Emenda Constitucional (PEC) da Independ\u00eancia do Banco Central\u201d, diz nota do sindicato.<\/p>\n<p>Os servidores reivindicam, entre outros pontos, reajuste nas tabelas remunerat\u00f3rias, retribui\u00e7\u00e3o por produtividade, exig\u00eancia de n\u00edvel superior para o cargo de t\u00e9cnico, mudan\u00e7a no cargo de analista para auditor.<\/p>\n<p>A pr\u00f3xima etapa da paralisa\u00e7\u00e3o ser\u00e1 a entrega dos cargos comissionados de chefia, caso as negocia\u00e7\u00f5es com o governo n\u00e3o avancem. A entrega efetiva \u00e9 prevista para a primeira quinzena de fevereiro.<\/p>\n<p>O Sinal destaca a import\u00e2ncia do Banco Central para a estabilidade econ\u00f4mica do pa\u00eds e apela ao governo para considerar equitativamente todas as carreiras estrat\u00e9gicas, diz outro trecho da nota.<\/p>\n<p>A Ag\u00eancia Brasil procurou o BC para saber o posicionamento da institui\u00e7\u00e3o em rela\u00e7\u00e3o \u00e0 greve e \u00e0s negocia\u00e7\u00f5es. Como resposta, a assessoria disse que o banco n\u00e3o vai se pronunciar a respeito.<\/p>\n<p>Foto: Marcello Casal JrAg\u00eancia Brasil<\/p>\n","protected":false},"excerpt":{"rendered":"<p>Os servidores do Banco Central (BC) fazem hoje (11) uma greve de 24 horas. Segundo o Sindicato Nacional dos Funcion\u00e1rios do Banco Central (Sinal), mais de 70% dos funcion\u00e1rios devem aderir \u00e0 paralisa\u00e7\u00e3o. Os trabalhadores reivindicam melhorias na carreira, como a equipara\u00e7\u00e3o com outras categorias semelhantes. O Sinal disse que a paralisa\u00e7\u00e3o pode gerar um [&hellip;]<\/p>\n","protected":false},"author":15,"featured_media":790007,"comment_status":"closed","ping_status":"closed","sticky":false,"template":"","format":"standard","meta":[],"categories":[3],"tags":[25296,25295,2602,535],"acf":[],"yoast_head":"<!-- This site is optimized with the Yoast SEO plugin v20.8 - https:\/\/yoast.com\/wordpress\/plugins\/seo\/ -->\n<title>SERVIDORES DO BANCO CENTRAL FAZEM PARALISA\u00c7\u00c3O DE 24 HORAS - Bahia Economica<\/title>\n<meta name=\"description\" content=\"O maior portal de Economia da Bahia ECONOMIA \/ POL\u00cdTICA Bahia Economica Os servidores do Banco Central (BC) fazem hoje (11) uma greve\" \/>\n<meta name=\"robots\" content=\"index, follow, max-snippet:-1, max-image-preview:large, max-video-preview:-1\" \/>\n<link rel=\"canonical\" href=\"https:\/\/bahiaeconomica.com.br\/wp\/2024\/01\/11\/servidores-do-banco-central-fazem-paralisacao-de-24-horas\/\" \/>\n<meta property=\"og:locale\" content=\"pt_BR\" \/>\n<meta property=\"og:type\" content=\"article\" \/>\n<meta property=\"og:title\" content=\"SERVIDORES DO BANCO CENTRAL FAZEM PARALISA\u00c7\u00c3O DE 24 HORAS - Bahia Economica\" \/>\n<meta property=\"og:description\" content=\"O maior portal de Economia da Bahia ECONOMIA \/ POL\u00cdTICA Bahia Economica Os servidores do Banco Central (BC) fazem hoje (11) uma greve\" \/>\n<meta property=\"og:url\" content=\"https:\/\/bahiaeconomica.com.br\/wp\/2024\/01\/11\/servidores-do-banco-central-fazem-paralisacao-de-24-horas\/\" \/>\n<meta property=\"og:site_name\" content=\"Bahia Economica\" \/>\n<meta property=\"article:publisher\" content=\"https:\/\/www.facebook.com\/bahiaeconomica\" \/>\n<meta property=\"article:published_time\" content=\"2024-01-11T15:22:23+00:00\" \/>\n<meta property=\"og:image\" content=\"https:\/\/bahiaeconomica.com.br\/wp\/wp-content\/uploads\/2024\/01\/banco_central_mcajr_abr_0104222273_0.webp\" \/>\n\t<meta property=\"og:image:width\" content=\"1170\" \/>\n\t<meta property=\"og:image:height\" content=\"700\" \/>\n\t<meta property=\"og:image:type\" content=\"image\/webp\" \/>\n<meta name=\"author\" content=\"VICTORIA ISABEL\" \/>\n<meta name=\"twitter:card\" content=\"summary_large_image\" \/>\n<meta name=\"twitter:label1\" content=\"Escrito por\" \/>\n\t<meta name=\"twitter:data1\" content=\"VICTORIA ISABEL\" \/>\n\t<meta name=\"twitter:label2\" content=\"Est. tempo de leitura\" \/>\n\t<meta name=\"twitter:data2\" content=\"2 minutos\" \/>\n<script type=\"application\/ld+json\" class=\"yoast-schema-graph\">{\"@context\":\"https:\/\/schema.org\",\"@graph\":[{\"@type\":\"Article\",\"@id\":\"https:\/\/bahiaeconomica.com.br\/wp\/2024\/01\/11\/servidores-do-banco-central-fazem-paralisacao-de-24-horas\/#article\",\"isPartOf\":{\"@id\":\"https:\/\/bahiaeconomica.com.br\/wp\/2024\/01\/11\/servidores-do-banco-central-fazem-paralisacao-de-24-horas\/\"},\"author\":{\"name\":\"VICTORIA ISABEL\",\"@id\":\"https:\/\/bahiaeconomica.com.br\/wp\/#\/schema\/person\/b719ce0fb1c09f3c7a00d9243ced4a6f\"},\"headline\":\"SERVIDORES DO BANCO CENTRAL FAZEM PARALISA\u00c7\u00c3O DE 24 HORAS\",\"datePublished\":\"2024-01-11T15:22:23+00:00\",\"dateModified\":\"2024-01-11T15:22:23+00:00\",\"mainEntityOfPage\":{\"@id\":\"https:\/\/bahiaeconomica.com.br\/wp\/2024\/01\/11\/servidores-do-banco-central-fazem-paralisacao-de-24-horas\/\"},\"wordCount\":389,\"publisher\":{\"@id\":\"https:\/\/bahiaeconomica.com.br\/wp\/#organization\"},\"keywords\":[\"24 horas\",\"Banco Central (BC)\",\"greve\",\"Servidores\"],\"articleSection\":[\"ECONOMIA \/ POL\u00cdTICA\"],\"inLanguage\":\"pt-BR\"},{\"@type\":\"WebPage\",\"@id\":\"https:\/\/bahiaeconomica.com.br\/wp\/2024\/01\/11\/servidores-do-banco-central-fazem-paralisacao-de-24-horas\/\",\"url\":\"https:\/\/bahiaeconomica.com.br\/wp\/2024\/01\/11\/servidores-do-banco-central-fazem-paralisacao-de-24-horas\/\",\"name\":\"SERVIDORES DO BANCO CENTRAL FAZEM PARALISA\u00c7\u00c3O DE 24 HORAS - Bahia Economica\",\"isPartOf\":{\"@id\":\"https:\/\/bahiaeconomica.com.br\/wp\/#website\"},\"datePublished\":\"2024-01-11T15:22:23+00:00\",\"dateModified\":\"2024-01-11T15:22:23+00:00\",\"description\":\"O maior portal de Economia da Bahia ECONOMIA \/ POL\u00cdTICA Bahia Economica Os servidores do Banco Central (BC) fazem hoje (11) uma greve\",\"breadcrumb\":{\"@id\":\"https:\/\/bahiaeconomica.com.br\/wp\/2024\/01\/11\/servidores-do-banco-central-fazem-paralisacao-de-24-horas\/#breadcrumb\"},\"inLanguage\":\"pt-BR\",\"potentialAction\":[{\"@type\":\"ReadAction\",\"target\":[\"https:\/\/bahiaeconomica.com.br\/wp\/2024\/01\/11\/servidores-do-banco-central-fazem-paralisacao-de-24-horas\/\"]}]},{\"@type\":\"BreadcrumbList\",\"@id\":\"https:\/\/bahiaeconomica.com.br\/wp\/2024\/01\/11\/servidores-do-banco-central-fazem-paralisacao-de-24-horas\/#breadcrumb\",\"itemListElement\":[{\"@type\":\"ListItem\",\"position\":1,\"name\":\"In\u00edcio\",\"item\":\"https:\/\/bahiaeconomica.com.br\/wp\/\"},{\"@type\":\"ListItem\",\"position\":2,\"name\":\"SERVIDORES DO BANCO CENTRAL FAZEM PARALISA\u00c7\u00c3O DE 24 HORAS\"}]},{\"@type\":\"WebSite\",\"@id\":\"https:\/\/bahiaeconomica.com.br\/wp\/#website\",\"url\":\"https:\/\/bahiaeconomica.com.br\/wp\/\",\"name\":\"Bahia Economica\",\"description\":\"O maior portal de Economia da Bahia\",\"publisher\":{\"@id\":\"https:\/\/bahiaeconomica.com.br\/wp\/#organization\"},\"potentialAction\":[{\"@type\":\"SearchAction\",\"target\":{\"@type\":\"EntryPoint\",\"urlTemplate\":\"https:\/\/bahiaeconomica.com.br\/wp\/?s={search_term_string}\"},\"query-input\":\"required name=search_term_string\"}],\"inLanguage\":\"pt-BR\"},{\"@type\":\"Organization\",\"@id\":\"https:\/\/bahiaeconomica.com.br\/wp\/#organization\",\"name\":\"Bahia Econ\u00f4mica\",\"url\":\"https:\/\/bahiaeconomica.com.br\/wp\/\",\"logo\":{\"@type\":\"ImageObject\",\"inLanguage\":\"pt-BR\",\"@id\":\"https:\/\/bahiaeconomica.com.br\/wp\/#\/schema\/logo\/image\/\",\"url\":\"https:\/\/bahiaeconomica.com.br\/wp\/wp-content\/uploads\/2020\/12\/cropped-BE.png\",\"contentUrl\":\"https:\/\/bahiaeconomica.com.br\/wp\/wp-content\/uploads\/2020\/12\/cropped-BE.png\",\"width\":512,\"height\":512,\"caption\":\"Bahia Econ\u00f4mica\"},\"image\":{\"@id\":\"https:\/\/bahiaeconomica.com.br\/wp\/#\/schema\/logo\/image\/\"},\"sameAs\":[\"https:\/\/www.facebook.com\/bahiaeconomica\"]},{\"@type\":\"Person\",\"@id\":\"https:\/\/bahiaeconomica.com.br\/wp\/#\/schema\/person\/b719ce0fb1c09f3c7a00d9243ced4a6f\",\"name\":\"VICTORIA ISABEL\",\"sameAs\":[\"http:\/\/www.bahiaeconomica.com.br\"],\"url\":\"https:\/\/bahiaeconomica.com.br\/wp\/author\/victoria-isabel\/\"}]}<\/script>\n<!-- \/ Yoast SEO plugin. -->","yoast_head_json":{"title":"SERVIDORES DO BANCO CENTRAL FAZEM PARALISA\u00c7\u00c3O DE 24 HORAS - Bahia Economica","description":"O maior portal de Economia da Bahia ECONOMIA \/ POL\u00cdTICA Bahia Economica Os servidores do Banco Central (BC) fazem hoje (11) uma greve","robots":{"index":"index","follow":"follow","max-snippet":"max-snippet:-1","max-image-preview":"max-image-preview:large","max-video-preview":"max-video-preview:-1"},"canonical":"https:\/\/bahiaeconomica.com.br\/wp\/2024\/01\/11\/servidores-do-banco-central-fazem-paralisacao-de-24-horas\/","og_locale":"pt_BR","og_type":"article","og_title":"SERVIDORES DO BANCO CENTRAL FAZEM PARALISA\u00c7\u00c3O DE 24 HORAS - Bahia Economica","og_description":"O maior portal de Economia da Bahia ECONOMIA \/ POL\u00cdTICA Bahia Economica Os servidores do Banco Central (BC) fazem hoje (11) uma greve","og_url":"https:\/\/bahiaeconomica.com.br\/wp\/2024\/01\/11\/servidores-do-banco-central-fazem-paralisacao-de-24-horas\/","og_site_name":"Bahia Economica","article_publisher":"https:\/\/www.facebook.com\/bahiaeconomica","article_published_time":"2024-01-11T15:22:23+00:00","og_image":[{"width":1170,"height":700,"url":"https:\/\/bahiaeconomica.com.br\/wp\/wp-content\/uploads\/2024\/01\/banco_central_mcajr_abr_0104222273_0.webp","type":"image\/webp"}],"author":"VICTORIA ISABEL","twitter_card":"summary_large_image","twitter_misc":{"Escrito por":"VICTORIA ISABEL","Est. tempo de leitura":"2 minutos"},"schema":{"@context":"https:\/\/schema.org","@graph":[{"@type":"Article","@id":"https:\/\/bahiaeconomica.com.br\/wp\/2024\/01\/11\/servidores-do-banco-central-fazem-paralisacao-de-24-horas\/#article","isPartOf":{"@id":"https:\/\/bahiaeconomica.com.br\/wp\/2024\/01\/11\/servidores-do-banco-central-fazem-paralisacao-de-24-horas\/"},"author":{"name":"VICTORIA ISABEL","@id":"https:\/\/bahiaeconomica.com.br\/wp\/#\/schema\/person\/b719ce0fb1c09f3c7a00d9243ced4a6f"},"headline":"SERVIDORES DO BANCO CENTRAL FAZEM PARALISA\u00c7\u00c3O DE 24 HORAS","datePublished":"2024-01-11T15:22:23+00:00","dateModified":"2024-01-11T15:22:23+00:00","mainEntityOfPage":{"@id":"https:\/\/bahiaeconomica.com.br\/wp\/2024\/01\/11\/servidores-do-banco-central-fazem-paralisacao-de-24-horas\/"},"wordCount":389,"publisher":{"@id":"https:\/\/bahiaeconomica.com.br\/wp\/#organization"},"keywords":["24 horas","Banco Central (BC)","greve","Servidores"],"articleSection":["ECONOMIA \/ POL\u00cdTICA"],"inLanguage":"pt-BR"},{"@type":"WebPage","@id":"https:\/\/bahiaeconomica.com.br\/wp\/2024\/01\/11\/servidores-do-banco-central-fazem-paralisacao-de-24-horas\/","url":"https:\/\/bahiaeconomica.com.br\/wp\/2024\/01\/11\/servidores-do-banco-central-fazem-paralisacao-de-24-horas\/","name":"SERVIDORES DO BANCO CENTRAL FAZEM PARALISA\u00c7\u00c3O DE 24 HORAS - Bahia Economica","isPartOf":{"@id":"https:\/\/bahiaeconomica.com.br\/wp\/#website"},"datePublished":"2024-01-11T15:22:23+00:00","dateModified":"2024-01-11T15:22:23+00:00","description":"O maior portal de Economia da Bahia ECONOMIA \/ POL\u00cdTICA Bahia Economica Os servidores do Banco Central (BC) fazem hoje (11) uma greve","breadcrumb":{"@id":"https:\/\/bahiaeconomica.com.br\/wp\/2024\/01\/11\/servidores-do-banco-central-fazem-paralisacao-de-24-horas\/#breadcrumb"},"inLanguage":"pt-BR","potentialAction":[{"@type":"ReadAction","target":["https:\/\/bahiaeconomica.com.br\/wp\/2024\/01\/11\/servidores-do-banco-central-fazem-paralisacao-de-24-horas\/"]}]},{"@type":"BreadcrumbList","@id":"https:\/\/bahiaeconomica.com.br\/wp\/2024\/01\/11\/servidores-do-banco-central-fazem-paralisacao-de-24-horas\/#breadcrumb","itemListElement":[{"@type":"ListItem","position":1,"name":"In\u00edcio","item":"https:\/\/bahiaeconomica.com.br\/wp\/"},{"@type":"ListItem","position":2,"name":"SERVIDORES DO BANCO CENTRAL FAZEM PARALISA\u00c7\u00c3O DE 24 HORAS"}]},{"@type":"WebSite","@id":"https:\/\/bahiaeconomica.com.br\/wp\/#website","url":"https:\/\/bahiaeconomica.com.br\/wp\/","name":"Bahia Economica","description":"O maior portal de Economia da Bahia","publisher":{"@id":"https:\/\/bahiaeconomica.com.br\/wp\/#organization"},"potentialAction":[{"@type":"SearchAction","target":{"@type":"EntryPoint","urlTemplate":"https:\/\/bahiaeconomica.com.br\/wp\/?s={search_term_string}"},"query-input":"required name=search_term_string"}],"inLanguage":"pt-BR"},{"@type":"Organization","@id":"https:\/\/bahiaeconomica.com.br\/wp\/#organization","name":"Bahia Econ\u00f4mica","url":"https:\/\/bahiaeconomica.com.br\/wp\/","logo":{"@type":"ImageObject","inLanguage":"pt-BR","@id":"https:\/\/bahiaeconomica.com.br\/wp\/#\/schema\/logo\/image\/","url":"https:\/\/bahiaeconomica.com.br\/wp\/wp-content\/uploads\/2020\/12\/cropped-BE.png","contentUrl":"https:\/\/bahiaeconomica.com.br\/wp\/wp-content\/uploads\/2020\/12\/cropped-BE.png","width":512,"height":512,"caption":"Bahia Econ\u00f4mica"},"image":{"@id":"https:\/\/bahiaeconomica.com.br\/wp\/#\/schema\/logo\/image\/"},"sameAs":["https:\/\/www.facebook.com\/bahiaeconomica"]},{"@type":"Person","@id":"https:\/\/bahiaeconomica.com.br\/wp\/#\/schema\/person\/b719ce0fb1c09f3c7a00d9243ced4a6f","name":"VICTORIA ISABEL","sameAs":["http:\/\/www.bahiaeconomica.com.br"],"url":"https:\/\/bahiaeconomica.com.br\/wp\/author\/victoria-isabel\/"}]}},"views":4,"_links":{"self":[{"href":"https:\/\/bahiaeconomica.com.br\/wp\/wp-json\/wp\/v2\/posts\/790006"}],"collection":[{"href":"https:\/\/bahiaeconomica.com.br\/wp\/wp-json\/wp\/v2\/posts"}],"about":[{"href":"https:\/\/bahiaeconomica.com.br\/wp\/wp-json\/wp\/v2\/types\/post"}],"author":[{"embeddable":true,"href":"https:\/\/bahiaeconomica.com.br\/wp\/wp-json\/wp\/v2\/users\/15"}],"replies":[{"embeddable":true,"href":"https:\/\/bahiaeconomica.com.br\/wp\/wp-json\/wp\/v2\/comments?post=790006"}],"version-history":[{"count":1,"href":"https:\/\/bahiaeconomica.com.br\/wp\/wp-json\/wp\/v2\/posts\/790006\/revisions"}],"predecessor-version":[{"id":790008,"href":"https:\/\/bahiaeconomica.com.br\/wp\/wp-json\/wp\/v2\/posts\/790006\/revisions\/790008"}],"wp:featuredmedia":[{"embeddable":true,"href":"https:\/\/bahiaeconomica.com.br\/wp\/wp-json\/wp\/v2\/media\/790007"}],"wp:attachment":[{"href":"https:\/\/bahiaeconomica.com.br\/wp\/wp-json\/wp\/v2\/media?parent=790006"}],"wp:term":[{"taxonomy":"category","embeddable":true,"href":"https:\/\/bahiaeconomica.com.br\/wp\/wp-json\/wp\/v2\/categories?post=790006"},{"taxonomy":"post_tag","embeddable":true,"href":"https:\/\/bahiaeconomica.com.br\/wp\/wp-json\/wp\/v2\/tags?post=790006"}],"curies":[{"name":"wp","href":"https:\/\/api.w.org\/{rel}","templated":true}]}}