{"id":789845,"date":"2024-01-10T18:28:38","date_gmt":"2024-01-10T21:28:38","guid":{"rendered":"https:\/\/bahiaeconomica.com.br\/wp\/?p=789845"},"modified":"2024-01-10T18:28:38","modified_gmt":"2024-01-10T21:28:38","slug":"governo-vai-nacionalizar-a-producao-de-biocombustiveis","status":"publish","type":"post","link":"https:\/\/bahiaeconomica.com.br\/wp\/2024\/01\/10\/governo-vai-nacionalizar-a-producao-de-biocombustiveis\/","title":{"rendered":"GOVERNO VAI NACIONALIZAR A PRODU\u00c7\u00c3O DE BIOCOMBUST\u00cdVEIS"},"content":{"rendered":"<p>O governo federal ir\u00e1 atualizar as regras do Selo Biocombust\u00edvel Social, para assegurar que metade das compras desse produto sejam provenientes da agricultura familiar. Uma das principais mudan\u00e7as \u00e9 na nacionaliza\u00e7\u00e3o da produ\u00e7\u00e3o, especialmente para os estados das Regi\u00f5es Norte e Nordeste, bem como para \u00e1reas do semi\u00e1rido, como o Vale do Jequitinhonha, em Minas Gerais.<\/p>\n<p>A reestrutura\u00e7\u00e3o do selo ser\u00e1 divulgada em decreto presidencial, depois a vers\u00e3o final do texto a ser apresentado ao presidente Luiz In\u00e1cio Lula da Silva.<\/p>\n<p>De acordo com o Minist\u00e9rio de Minas e Energia (MME), o novo texto oferece mais clareza e refor\u00e7a os requisitos essenciais para a concess\u00e3o e manuten\u00e7\u00e3o do instrumento pelos produtores do biocombust\u00edvel, al\u00e9m de aproveitar a voca\u00e7\u00e3o das agriculturas locais, \u201cmelhorando a renda e a qualidade de vida do agricultor familiar em regi\u00f5es vulner\u00e1veis.\u201d<\/p>\n<p>Uma das medidas de est\u00edmulo \u00e0 produ\u00e7\u00e3o nacional \u00e9 a antecipa\u00e7\u00e3o da mistura de biodiesel aos combust\u00edveis f\u00f3sseis para 14% a partir de abril, e 15% entre 2025 e 2026. O ministro de Minas e Energia, Alexandre Silveira, disse nesta quarta-feira (10), durante um evento no qual apresentou alguns detalhes do decreto, que a expectativa \u00e9 chegar a 25%, nos anos subsequentes<\/p>\n<p>Com o aumento de 14% na mistura, o minist\u00e9rio prev\u00ea um aumento de 3,05 milh\u00f5es de toneladas no processamento de soja para a produ\u00e7\u00e3o de biodiesel, o que ter\u00e1 um impacto direto para os pequenos agricultores. H\u00e1 tamb\u00e9m incentivos fiscais para aqueles que produzem biocombust\u00edvel.<\/p>\n<p>(Correios)<\/p>\n<p>&nbsp;<\/p>\n<p>&nbsp;<\/p>\n<p>Foto: Ag\u00eancia Brasil<\/p>\n","protected":false},"excerpt":{"rendered":"<p>O governo federal ir\u00e1 atualizar as regras do Selo Biocombust\u00edvel Social, para assegurar que metade das compras desse produto sejam provenientes da agricultura familiar. Uma das principais mudan\u00e7as \u00e9 na nacionaliza\u00e7\u00e3o da produ\u00e7\u00e3o, especialmente para os estados das Regi\u00f5es Norte e Nordeste, bem como para \u00e1reas do semi\u00e1rido, como o Vale do Jequitinhonha, em Minas [&hellip;]<\/p>\n","protected":false},"author":19,"featured_media":789856,"comment_status":"closed","ping_status":"closed","sticky":false,"template":"","format":"standard","meta":[],"categories":[3],"tags":[11819,52,213,233,2303,25271],"acf":[],"yoast_head":"<!-- This site is optimized with the Yoast SEO plugin v20.8 - https:\/\/yoast.com\/wordpress\/plugins\/seo\/ -->\n<title>GOVERNO VAI NACIONALIZAR A PRODU\u00c7\u00c3O DE BIOCOMBUST\u00cdVEIS - Bahia Economica<\/title>\n<meta name=\"description\" content=\"O maior portal de Economia da Bahia ECONOMIA \/ POL\u00cdTICA Bahia Economica\" \/>\n<meta name=\"robots\" content=\"index, follow, max-snippet:-1, max-image-preview:large, max-video-preview:-1\" \/>\n<link rel=\"canonical\" href=\"https:\/\/bahiaeconomica.com.br\/wp\/2024\/01\/10\/governo-vai-nacionalizar-a-producao-de-biocombustiveis\/\" \/>\n<meta property=\"og:locale\" content=\"pt_BR\" \/>\n<meta property=\"og:type\" content=\"article\" \/>\n<meta property=\"og:title\" content=\"GOVERNO VAI NACIONALIZAR A PRODU\u00c7\u00c3O DE BIOCOMBUST\u00cdVEIS - Bahia Economica\" \/>\n<meta property=\"og:description\" content=\"O maior portal de Economia da Bahia ECONOMIA \/ POL\u00cdTICA Bahia Economica\" \/>\n<meta property=\"og:url\" content=\"https:\/\/bahiaeconomica.com.br\/wp\/2024\/01\/10\/governo-vai-nacionalizar-a-producao-de-biocombustiveis\/\" \/>\n<meta property=\"og:site_name\" content=\"Bahia Economica\" \/>\n<meta property=\"article:publisher\" content=\"https:\/\/www.facebook.com\/bahiaeconomica\" \/>\n<meta property=\"article:published_time\" content=\"2024-01-10T21:28:38+00:00\" \/>\n<meta property=\"og:image\" content=\"https:\/\/bahiaeconomica.com.br\/wp\/wp-content\/uploads\/2024\/01\/governo.png\" \/>\n\t<meta property=\"og:image:width\" content=\"1170\" \/>\n\t<meta property=\"og:image:height\" content=\"700\" \/>\n\t<meta property=\"og:image:type\" content=\"image\/png\" \/>\n<meta name=\"author\" content=\"LIZANDRA MUNIZ\" \/>\n<meta name=\"twitter:card\" content=\"summary_large_image\" \/>\n<meta name=\"twitter:label1\" content=\"Escrito por\" \/>\n\t<meta name=\"twitter:data1\" content=\"LIZANDRA MUNIZ\" \/>\n\t<meta name=\"twitter:label2\" content=\"Est. tempo de leitura\" \/>\n\t<meta name=\"twitter:data2\" content=\"2 minutos\" \/>\n<script type=\"application\/ld+json\" class=\"yoast-schema-graph\">{\"@context\":\"https:\/\/schema.org\",\"@graph\":[{\"@type\":\"Article\",\"@id\":\"https:\/\/bahiaeconomica.com.br\/wp\/2024\/01\/10\/governo-vai-nacionalizar-a-producao-de-biocombustiveis\/#article\",\"isPartOf\":{\"@id\":\"https:\/\/bahiaeconomica.com.br\/wp\/2024\/01\/10\/governo-vai-nacionalizar-a-producao-de-biocombustiveis\/\"},\"author\":{\"name\":\"LIZANDRA MUNIZ\",\"@id\":\"https:\/\/bahiaeconomica.com.br\/wp\/#\/schema\/person\/0868b18bbfdd29723e44135140f35148\"},\"headline\":\"GOVERNO VAI NACIONALIZAR A PRODU\u00c7\u00c3O DE BIOCOMBUST\u00cdVEIS\",\"datePublished\":\"2024-01-10T21:28:38+00:00\",\"dateModified\":\"2024-01-10T21:28:38+00:00\",\"mainEntityOfPage\":{\"@id\":\"https:\/\/bahiaeconomica.com.br\/wp\/2024\/01\/10\/governo-vai-nacionalizar-a-producao-de-biocombustiveis\/\"},\"wordCount\":274,\"publisher\":{\"@id\":\"https:\/\/bahiaeconomica.com.br\/wp\/#organization\"},\"keywords\":[\"BIODIESEL\",\"Brasil\",\"Economia\",\"Governo\",\"MME\",\"Selo Biocombust\u00edvel Social\"],\"articleSection\":[\"ECONOMIA \/ POL\u00cdTICA\"],\"inLanguage\":\"pt-BR\"},{\"@type\":\"WebPage\",\"@id\":\"https:\/\/bahiaeconomica.com.br\/wp\/2024\/01\/10\/governo-vai-nacionalizar-a-producao-de-biocombustiveis\/\",\"url\":\"https:\/\/bahiaeconomica.com.br\/wp\/2024\/01\/10\/governo-vai-nacionalizar-a-producao-de-biocombustiveis\/\",\"name\":\"GOVERNO VAI NACIONALIZAR A PRODU\u00c7\u00c3O DE BIOCOMBUST\u00cdVEIS - Bahia Economica\",\"isPartOf\":{\"@id\":\"https:\/\/bahiaeconomica.com.br\/wp\/#website\"},\"datePublished\":\"2024-01-10T21:28:38+00:00\",\"dateModified\":\"2024-01-10T21:28:38+00:00\",\"description\":\"O maior portal de Economia da Bahia ECONOMIA \/ POL\u00cdTICA Bahia Economica\",\"breadcrumb\":{\"@id\":\"https:\/\/bahiaeconomica.com.br\/wp\/2024\/01\/10\/governo-vai-nacionalizar-a-producao-de-biocombustiveis\/#breadcrumb\"},\"inLanguage\":\"pt-BR\",\"potentialAction\":[{\"@type\":\"ReadAction\",\"target\":[\"https:\/\/bahiaeconomica.com.br\/wp\/2024\/01\/10\/governo-vai-nacionalizar-a-producao-de-biocombustiveis\/\"]}]},{\"@type\":\"BreadcrumbList\",\"@id\":\"https:\/\/bahiaeconomica.com.br\/wp\/2024\/01\/10\/governo-vai-nacionalizar-a-producao-de-biocombustiveis\/#breadcrumb\",\"itemListElement\":[{\"@type\":\"ListItem\",\"position\":1,\"name\":\"In\u00edcio\",\"item\":\"https:\/\/bahiaeconomica.com.br\/wp\/\"},{\"@type\":\"ListItem\",\"position\":2,\"name\":\"GOVERNO VAI NACIONALIZAR A PRODU\u00c7\u00c3O DE BIOCOMBUST\u00cdVEIS\"}]},{\"@type\":\"WebSite\",\"@id\":\"https:\/\/bahiaeconomica.com.br\/wp\/#website\",\"url\":\"https:\/\/bahiaeconomica.com.br\/wp\/\",\"name\":\"Bahia Economica\",\"description\":\"O maior portal de Economia da Bahia\",\"publisher\":{\"@id\":\"https:\/\/bahiaeconomica.com.br\/wp\/#organization\"},\"potentialAction\":[{\"@type\":\"SearchAction\",\"target\":{\"@type\":\"EntryPoint\",\"urlTemplate\":\"https:\/\/bahiaeconomica.com.br\/wp\/?s={search_term_string}\"},\"query-input\":\"required name=search_term_string\"}],\"inLanguage\":\"pt-BR\"},{\"@type\":\"Organization\",\"@id\":\"https:\/\/bahiaeconomica.com.br\/wp\/#organization\",\"name\":\"Bahia Econ\u00f4mica\",\"url\":\"https:\/\/bahiaeconomica.com.br\/wp\/\",\"logo\":{\"@type\":\"ImageObject\",\"inLanguage\":\"pt-BR\",\"@id\":\"https:\/\/bahiaeconomica.com.br\/wp\/#\/schema\/logo\/image\/\",\"url\":\"https:\/\/bahiaeconomica.com.br\/wp\/wp-content\/uploads\/2020\/12\/cropped-BE.png\",\"contentUrl\":\"https:\/\/bahiaeconomica.com.br\/wp\/wp-content\/uploads\/2020\/12\/cropped-BE.png\",\"width\":512,\"height\":512,\"caption\":\"Bahia Econ\u00f4mica\"},\"image\":{\"@id\":\"https:\/\/bahiaeconomica.com.br\/wp\/#\/schema\/logo\/image\/\"},\"sameAs\":[\"https:\/\/www.facebook.com\/bahiaeconomica\"]},{\"@type\":\"Person\",\"@id\":\"https:\/\/bahiaeconomica.com.br\/wp\/#\/schema\/person\/0868b18bbfdd29723e44135140f35148\",\"name\":\"LIZANDRA MUNIZ\",\"sameAs\":[\"http:\/\/www.bahiaeconomica.com.br\"],\"url\":\"https:\/\/bahiaeconomica.com.br\/wp\/author\/lizandra-muniz\/\"}]}<\/script>\n<!-- \/ Yoast SEO plugin. -->","yoast_head_json":{"title":"GOVERNO VAI NACIONALIZAR A PRODU\u00c7\u00c3O DE BIOCOMBUST\u00cdVEIS - Bahia Economica","description":"O maior portal de Economia da Bahia ECONOMIA \/ POL\u00cdTICA Bahia Economica","robots":{"index":"index","follow":"follow","max-snippet":"max-snippet:-1","max-image-preview":"max-image-preview:large","max-video-preview":"max-video-preview:-1"},"canonical":"https:\/\/bahiaeconomica.com.br\/wp\/2024\/01\/10\/governo-vai-nacionalizar-a-producao-de-biocombustiveis\/","og_locale":"pt_BR","og_type":"article","og_title":"GOVERNO VAI NACIONALIZAR A PRODU\u00c7\u00c3O DE BIOCOMBUST\u00cdVEIS - Bahia Economica","og_description":"O maior portal de Economia da Bahia ECONOMIA \/ POL\u00cdTICA Bahia Economica","og_url":"https:\/\/bahiaeconomica.com.br\/wp\/2024\/01\/10\/governo-vai-nacionalizar-a-producao-de-biocombustiveis\/","og_site_name":"Bahia Economica","article_publisher":"https:\/\/www.facebook.com\/bahiaeconomica","article_published_time":"2024-01-10T21:28:38+00:00","og_image":[{"width":1170,"height":700,"url":"https:\/\/bahiaeconomica.com.br\/wp\/wp-content\/uploads\/2024\/01\/governo.png","type":"image\/png"}],"author":"LIZANDRA MUNIZ","twitter_card":"summary_large_image","twitter_misc":{"Escrito por":"LIZANDRA MUNIZ","Est. tempo de leitura":"2 minutos"},"schema":{"@context":"https:\/\/schema.org","@graph":[{"@type":"Article","@id":"https:\/\/bahiaeconomica.com.br\/wp\/2024\/01\/10\/governo-vai-nacionalizar-a-producao-de-biocombustiveis\/#article","isPartOf":{"@id":"https:\/\/bahiaeconomica.com.br\/wp\/2024\/01\/10\/governo-vai-nacionalizar-a-producao-de-biocombustiveis\/"},"author":{"name":"LIZANDRA MUNIZ","@id":"https:\/\/bahiaeconomica.com.br\/wp\/#\/schema\/person\/0868b18bbfdd29723e44135140f35148"},"headline":"GOVERNO VAI NACIONALIZAR A PRODU\u00c7\u00c3O DE BIOCOMBUST\u00cdVEIS","datePublished":"2024-01-10T21:28:38+00:00","dateModified":"2024-01-10T21:28:38+00:00","mainEntityOfPage":{"@id":"https:\/\/bahiaeconomica.com.br\/wp\/2024\/01\/10\/governo-vai-nacionalizar-a-producao-de-biocombustiveis\/"},"wordCount":274,"publisher":{"@id":"https:\/\/bahiaeconomica.com.br\/wp\/#organization"},"keywords":["BIODIESEL","Brasil","Economia","Governo","MME","Selo Biocombust\u00edvel Social"],"articleSection":["ECONOMIA \/ POL\u00cdTICA"],"inLanguage":"pt-BR"},{"@type":"WebPage","@id":"https:\/\/bahiaeconomica.com.br\/wp\/2024\/01\/10\/governo-vai-nacionalizar-a-producao-de-biocombustiveis\/","url":"https:\/\/bahiaeconomica.com.br\/wp\/2024\/01\/10\/governo-vai-nacionalizar-a-producao-de-biocombustiveis\/","name":"GOVERNO VAI NACIONALIZAR A PRODU\u00c7\u00c3O DE BIOCOMBUST\u00cdVEIS - Bahia Economica","isPartOf":{"@id":"https:\/\/bahiaeconomica.com.br\/wp\/#website"},"datePublished":"2024-01-10T21:28:38+00:00","dateModified":"2024-01-10T21:28:38+00:00","description":"O maior portal de Economia da Bahia ECONOMIA \/ POL\u00cdTICA Bahia Economica","breadcrumb":{"@id":"https:\/\/bahiaeconomica.com.br\/wp\/2024\/01\/10\/governo-vai-nacionalizar-a-producao-de-biocombustiveis\/#breadcrumb"},"inLanguage":"pt-BR","potentialAction":[{"@type":"ReadAction","target":["https:\/\/bahiaeconomica.com.br\/wp\/2024\/01\/10\/governo-vai-nacionalizar-a-producao-de-biocombustiveis\/"]}]},{"@type":"BreadcrumbList","@id":"https:\/\/bahiaeconomica.com.br\/wp\/2024\/01\/10\/governo-vai-nacionalizar-a-producao-de-biocombustiveis\/#breadcrumb","itemListElement":[{"@type":"ListItem","position":1,"name":"In\u00edcio","item":"https:\/\/bahiaeconomica.com.br\/wp\/"},{"@type":"ListItem","position":2,"name":"GOVERNO VAI NACIONALIZAR A PRODU\u00c7\u00c3O DE BIOCOMBUST\u00cdVEIS"}]},{"@type":"WebSite","@id":"https:\/\/bahiaeconomica.com.br\/wp\/#website","url":"https:\/\/bahiaeconomica.com.br\/wp\/","name":"Bahia Economica","description":"O maior portal de Economia da Bahia","publisher":{"@id":"https:\/\/bahiaeconomica.com.br\/wp\/#organization"},"potentialAction":[{"@type":"SearchAction","target":{"@type":"EntryPoint","urlTemplate":"https:\/\/bahiaeconomica.com.br\/wp\/?s={search_term_string}"},"query-input":"required name=search_term_string"}],"inLanguage":"pt-BR"},{"@type":"Organization","@id":"https:\/\/bahiaeconomica.com.br\/wp\/#organization","name":"Bahia Econ\u00f4mica","url":"https:\/\/bahiaeconomica.com.br\/wp\/","logo":{"@type":"ImageObject","inLanguage":"pt-BR","@id":"https:\/\/bahiaeconomica.com.br\/wp\/#\/schema\/logo\/image\/","url":"https:\/\/bahiaeconomica.com.br\/wp\/wp-content\/uploads\/2020\/12\/cropped-BE.png","contentUrl":"https:\/\/bahiaeconomica.com.br\/wp\/wp-content\/uploads\/2020\/12\/cropped-BE.png","width":512,"height":512,"caption":"Bahia Econ\u00f4mica"},"image":{"@id":"https:\/\/bahiaeconomica.com.br\/wp\/#\/schema\/logo\/image\/"},"sameAs":["https:\/\/www.facebook.com\/bahiaeconomica"]},{"@type":"Person","@id":"https:\/\/bahiaeconomica.com.br\/wp\/#\/schema\/person\/0868b18bbfdd29723e44135140f35148","name":"LIZANDRA MUNIZ","sameAs":["http:\/\/www.bahiaeconomica.com.br"],"url":"https:\/\/bahiaeconomica.com.br\/wp\/author\/lizandra-muniz\/"}]}},"views":16,"_links":{"self":[{"href":"https:\/\/bahiaeconomica.com.br\/wp\/wp-json\/wp\/v2\/posts\/789845"}],"collection":[{"href":"https:\/\/bahiaeconomica.com.br\/wp\/wp-json\/wp\/v2\/posts"}],"about":[{"href":"https:\/\/bahiaeconomica.com.br\/wp\/wp-json\/wp\/v2\/types\/post"}],"author":[{"embeddable":true,"href":"https:\/\/bahiaeconomica.com.br\/wp\/wp-json\/wp\/v2\/users\/19"}],"replies":[{"embeddable":true,"href":"https:\/\/bahiaeconomica.com.br\/wp\/wp-json\/wp\/v2\/comments?post=789845"}],"version-history":[{"count":1,"href":"https:\/\/bahiaeconomica.com.br\/wp\/wp-json\/wp\/v2\/posts\/789845\/revisions"}],"predecessor-version":[{"id":789857,"href":"https:\/\/bahiaeconomica.com.br\/wp\/wp-json\/wp\/v2\/posts\/789845\/revisions\/789857"}],"wp:featuredmedia":[{"embeddable":true,"href":"https:\/\/bahiaeconomica.com.br\/wp\/wp-json\/wp\/v2\/media\/789856"}],"wp:attachment":[{"href":"https:\/\/bahiaeconomica.com.br\/wp\/wp-json\/wp\/v2\/media?parent=789845"}],"wp:term":[{"taxonomy":"category","embeddable":true,"href":"https:\/\/bahiaeconomica.com.br\/wp\/wp-json\/wp\/v2\/categories?post=789845"},{"taxonomy":"post_tag","embeddable":true,"href":"https:\/\/bahiaeconomica.com.br\/wp\/wp-json\/wp\/v2\/tags?post=789845"}],"curies":[{"name":"wp","href":"https:\/\/api.w.org\/{rel}","templated":true}]}}